{"id":103197,"date":"2019-10-25T07:54:59","date_gmt":"2019-10-25T05:54:59","guid":{"rendered":"https:\/\/batijournal.com\/?p=103197"},"modified":"2019-10-25T07:54:59","modified_gmt":"2019-10-25T05:54:59","slug":"22-entrepreneurs-sappuient-sur-laccelerateur-pme-eti-bois","status":"publish","type":"post","link":"https:\/\/batijournal.com\/index.php\/22-entrepreneurs-sappuient-sur-laccelerateur-pme-eti-bois\/103197\/","title":{"rendered":"22 Entrepreneurs s&rsquo;appuient sur l\u2019Acc\u00e9l\u00e9rateur PME \/ ETI Bois"},"content":{"rendered":"<p>Les march\u00e9s de la fili\u00e8re for\u00eat-bois r\u00e9pondent \u00e0 des enjeux \u00e9conomique et sociaux majeurs. La fili\u00e8re for\u00eat-bois est un fondement de la transition vers une \u00e9conomie d\u00e9carbon\u00e9e. Elle g\u00e9n\u00e8re pr\u00e8s de 400 000 emplois directs et indirects au sein des PME et ETI qui constituent un maillage \u00e9conomique remarquable au sein de l\u2019hexagone. Les industriels et les pouvoirs publics ont construit une offre d\u2019acc\u00e9l\u00e9ration r\u00e9pondant aux enjeux de la fili\u00e8re. 22 Entrepreneurs int\u00e8grent la premi\u00e8re promotion d\u2019Acc\u00e9l\u00e9rateur PME \/ ETI Bois.<\/p>\n<p>L\u2019Acc\u00e9l\u00e9rateur Bois r\u00e9pond aux enjeux sp\u00e9cifiques de croissance et de structuration des petites et moyennes entreprises et leur apportent ainsi les solutions adapt\u00e9es afin d\u2019acc\u00e9l\u00e9rer leur d\u00e9veloppement. Il est articul\u00e9 autour de trois leviers qui seront activ\u00e9s tout au long des vingt-quatre mois d\u2019accompagnement :<br \/>\n&#8211; Conseil : r\u00e9alisation par un consultant d\u2019un diagnostic 360\u00b0 pour identifier les axes prioritaires de croissance et acc\u00e8s \u00e0 des modules de conseil d\u00e9di\u00e9s ;<br \/>\n&#8211; Formation : participation \u00e0 huit s\u00e9minaires d\u2019une journ\u00e9e sur des th\u00e9matiques cibl\u00e9es, \u00e0 des ateliers permettant aux entreprises de renforcer leurs comp\u00e9tences et nourrir leurs r\u00e9flexions strat\u00e9giques ainsi que des formations en e-learning et des autodiagnostics ;<br \/>\n&#8211; Mise en relation : acc\u00e8s privil\u00e9gi\u00e9 aux r\u00e9seaux d\u2019entrepreneurs et de partenaires de Bpifrance.<\/p>\n","protected":false},"excerpt":{"rendered":"<p>Les march\u00e9s de la fili\u00e8re for\u00eat-bois r\u00e9pondent \u00e0 des enjeux \u00e9conomique et sociaux majeurs. La fili\u00e8re for\u00eat-bois est un fondement de la transition vers une \u00e9conomie d\u00e9carbon\u00e9e. Elle g\u00e9n\u00e8re pr\u00e8s de 400 000 emplois directs et indirects au sein des PME et ETI qui constituent un maillage \u00e9conomique remarquable au sein de l\u2019hexagone. Les industriels [&hellip;]<\/p>\n","protected":false},"author":17,"featured_media":103198,"comment_status":"closed","ping_status":"closed","sticky":false,"template":"","format":"standard","meta":{"_et_pb_use_builder":"","_et_pb_old_content":"","_et_gb_content_width":"","footnotes":""},"categories":[10530,6345,10769,10764],"tags":[1017],"class_list":["post-103197","post","type-post","status-publish","format-standard","has-post-thumbnail","hentry","category-actualites","category-economie-marches","category-publications","category-woodsurfer","tag-filiere-bois"],"yoast_head":"<!-- This site is optimized with the Yoast SEO plugin v27.4 - https:\/\/yoast.com\/product\/yoast-seo-wordpress\/ -->\n<title>22 Entrepreneurs s&#039;appuient sur l\u2019Acc\u00e9l\u00e9rateur PME \/ ETI Bois<\/title>\n<meta name=\"description\" content=\"Les industriels et les pouvoirs publics ont construit une offre d\u2019acc\u00e9l\u00e9ration pour les enjeux de la fili\u00e8re bois, 22 Entrepreneurs en premi\u00e8re promotion\" \/>\n<meta name=\"robots\" content=\"index, follow, max-snippet:-1, max-image-preview:large, max-video-preview:-1\" \/>\n<link rel=\"canonical\" href=\"https:\/\/batijournal.com\/index.php\/22-entrepreneurs-sappuient-sur-laccelerateur-pme-eti-bois\/103197\/\" \/>\n<meta property=\"og:locale\" content=\"fr_FR\" \/>\n<meta property=\"og:type\" content=\"article\" \/>\n<meta property=\"og:title\" content=\"22 Entrepreneurs s&#039;appuient sur l\u2019Acc\u00e9l\u00e9rateur PME \/ ETI Bois\" \/>\n<meta property=\"og:description\" content=\"Les industriels et les pouvoirs publics ont construit une offre d\u2019acc\u00e9l\u00e9ration pour les enjeux de la fili\u00e8re bois, 22 Entrepreneurs en premi\u00e8re promotion\" \/>\n<meta property=\"og:url\" content=\"https:\/\/batijournal.com\/index.php\/22-entrepreneurs-sappuient-sur-laccelerateur-pme-eti-bois\/103197\/\" \/>\n<meta property=\"og:site_name\" content=\"Batijournal\" \/>\n<meta property=\"article:published_time\" content=\"2019-10-25T05:54:59+00:00\" \/>\n<meta property=\"og:image\" content=\"https:\/\/batijournal.com\/wp-content\/uploads\/2019\/10\/accelerateur-PME-ETI-filiere-bois-programme-accompagnement-sur-mesure-.png\" \/>\n\t<meta property=\"og:image:width\" content=\"700\" \/>\n\t<meta property=\"og:image:height\" content=\"400\" \/>\n\t<meta property=\"og:image:type\" content=\"image\/png\" \/>\n<meta name=\"author\" content=\"St\u00e9phane Miget\" \/>\n<meta name=\"twitter:card\" content=\"summary_large_image\" \/>\n<meta name=\"twitter:creator\" content=\"@bati_journal\" \/>\n<meta name=\"twitter:site\" content=\"@bati_journal\" \/>\n<meta name=\"twitter:label1\" content=\"\u00c9crit par\" \/>\n\t<meta name=\"twitter:data1\" content=\"St\u00e9phane Miget\" \/>\n\t<meta name=\"twitter:label2\" content=\"Dur\u00e9e de lecture estim\u00e9e\" \/>\n\t<meta name=\"twitter:data2\" content=\"1 minute\" \/>\n<script type=\"application\/ld+json\" class=\"yoast-schema-graph\">{\"@context\":\"https:\\\/\\\/schema.org\",\"@graph\":[{\"@type\":\"Article\",\"@id\":\"https:\\\/\\\/batijournal.com\\\/index.php\\\/22-entrepreneurs-sappuient-sur-laccelerateur-pme-eti-bois\\\/103197\\\/#article\",\"isPartOf\":{\"@id\":\"https:\\\/\\\/batijournal.com\\\/index.php\\\/22-entrepreneurs-sappuient-sur-laccelerateur-pme-eti-bois\\\/103197\\\/\"},\"author\":{\"name\":\"St\u00e9phane Miget\",\"@id\":\"https:\\\/\\\/batijournal.com\\\/#\\\/schema\\\/person\\\/1dc96ec6957aa1ccb25ebe78bb19f100\"},\"headline\":\"22 Entrepreneurs s&rsquo;appuient sur l\u2019Acc\u00e9l\u00e9rateur PME \\\/ ETI Bois\",\"datePublished\":\"2019-10-25T05:54:59+00:00\",\"mainEntityOfPage\":{\"@id\":\"https:\\\/\\\/batijournal.com\\\/index.php\\\/22-entrepreneurs-sappuient-sur-laccelerateur-pme-eti-bois\\\/103197\\\/\"},\"wordCount\":252,\"image\":{\"@id\":\"https:\\\/\\\/batijournal.com\\\/index.php\\\/22-entrepreneurs-sappuient-sur-laccelerateur-pme-eti-bois\\\/103197\\\/#primaryimage\"},\"thumbnailUrl\":\"https:\\\/\\\/batijournal.com\\\/wp-content\\\/uploads\\\/2019\\\/10\\\/accelerateur-PME-ETI-filiere-bois-programme-accompagnement-sur-mesure-.png\",\"keywords\":[\"fili\u00e8re bois\"],\"articleSection\":[\"Actualit\u00e9s\",\"\u00c9conomie &amp; March\u00e9s\",\"zz_Actualit\u00e9s - Woodsurfer\",\"zz_Woodsurfer\"],\"inLanguage\":\"fr-FR\"},{\"@type\":\"WebPage\",\"@id\":\"https:\\\/\\\/batijournal.com\\\/index.php\\\/22-entrepreneurs-sappuient-sur-laccelerateur-pme-eti-bois\\\/103197\\\/\",\"url\":\"https:\\\/\\\/batijournal.com\\\/index.php\\\/22-entrepreneurs-sappuient-sur-laccelerateur-pme-eti-bois\\\/103197\\\/\",\"name\":\"22 Entrepreneurs s'appuient sur l\u2019Acc\u00e9l\u00e9rateur PME \\\/ ETI Bois\",\"isPartOf\":{\"@id\":\"https:\\\/\\\/batijournal.com\\\/#website\"},\"primaryImageOfPage\":{\"@id\":\"https:\\\/\\\/batijournal.com\\\/index.php\\\/22-entrepreneurs-sappuient-sur-laccelerateur-pme-eti-bois\\\/103197\\\/#primaryimage\"},\"image\":{\"@id\":\"https:\\\/\\\/batijournal.com\\\/index.php\\\/22-entrepreneurs-sappuient-sur-laccelerateur-pme-eti-bois\\\/103197\\\/#primaryimage\"},\"thumbnailUrl\":\"https:\\\/\\\/batijournal.com\\\/wp-content\\\/uploads\\\/2019\\\/10\\\/accelerateur-PME-ETI-filiere-bois-programme-accompagnement-sur-mesure-.png\",\"datePublished\":\"2019-10-25T05:54:59+00:00\",\"author\":{\"@id\":\"https:\\\/\\\/batijournal.com\\\/#\\\/schema\\\/person\\\/1dc96ec6957aa1ccb25ebe78bb19f100\"},\"description\":\"Les industriels et les pouvoirs publics ont construit une offre d\u2019acc\u00e9l\u00e9ration pour les enjeux de la fili\u00e8re bois, 22 Entrepreneurs en premi\u00e8re promotion\",\"breadcrumb\":{\"@id\":\"https:\\\/\\\/batijournal.com\\\/index.php\\\/22-entrepreneurs-sappuient-sur-laccelerateur-pme-eti-bois\\\/103197\\\/#breadcrumb\"},\"inLanguage\":\"fr-FR\",\"potentialAction\":[{\"@type\":\"ReadAction\",\"target\":[\"https:\\\/\\\/batijournal.com\\\/index.php\\\/22-entrepreneurs-sappuient-sur-laccelerateur-pme-eti-bois\\\/103197\\\/\"]}]},{\"@type\":\"ImageObject\",\"inLanguage\":\"fr-FR\",\"@id\":\"https:\\\/\\\/batijournal.com\\\/index.php\\\/22-entrepreneurs-sappuient-sur-laccelerateur-pme-eti-bois\\\/103197\\\/#primaryimage\",\"url\":\"https:\\\/\\\/batijournal.com\\\/wp-content\\\/uploads\\\/2019\\\/10\\\/accelerateur-PME-ETI-filiere-bois-programme-accompagnement-sur-mesure-.png\",\"contentUrl\":\"https:\\\/\\\/batijournal.com\\\/wp-content\\\/uploads\\\/2019\\\/10\\\/accelerateur-PME-ETI-filiere-bois-programme-accompagnement-sur-mesure-.png\",\"width\":700,\"height\":400},{\"@type\":\"BreadcrumbList\",\"@id\":\"https:\\\/\\\/batijournal.com\\\/index.php\\\/22-entrepreneurs-sappuient-sur-laccelerateur-pme-eti-bois\\\/103197\\\/#breadcrumb\",\"itemListElement\":[{\"@type\":\"ListItem\",\"position\":1,\"name\":\"Accueil\",\"item\":\"https:\\\/\\\/batijournal.com\\\/\"},{\"@type\":\"ListItem\",\"position\":2,\"name\":\"Actualit\u00e9s\",\"item\":\"https:\\\/\\\/batijournal.com\\\/index.php\\\/category\\\/actualites\\\/\"},{\"@type\":\"ListItem\",\"position\":3,\"name\":\"22 Entrepreneurs s&rsquo;appuient sur l\u2019Acc\u00e9l\u00e9rateur PME \\\/ ETI Bois\"}]},{\"@type\":\"WebSite\",\"@id\":\"https:\\\/\\\/batijournal.com\\\/#website\",\"url\":\"https:\\\/\\\/batijournal.com\\\/\",\"name\":\"Batijournal\",\"description\":\"L&#039;actualit\u00e9 du b\u00e2timent\",\"potentialAction\":[{\"@type\":\"SearchAction\",\"target\":{\"@type\":\"EntryPoint\",\"urlTemplate\":\"https:\\\/\\\/batijournal.com\\\/?s={search_term_string}\"},\"query-input\":{\"@type\":\"PropertyValueSpecification\",\"valueRequired\":true,\"valueName\":\"search_term_string\"}}],\"inLanguage\":\"fr-FR\"},{\"@type\":\"Person\",\"@id\":\"https:\\\/\\\/batijournal.com\\\/#\\\/schema\\\/person\\\/1dc96ec6957aa1ccb25ebe78bb19f100\",\"name\":\"St\u00e9phane Miget\",\"image\":{\"@type\":\"ImageObject\",\"inLanguage\":\"fr-FR\",\"@id\":\"https:\\\/\\\/secure.gravatar.com\\\/avatar\\\/89915563d925342126b8ef0281b93d9d7fc337043e8df017f780908eb9644451?s=96&d=mm&r=g\",\"url\":\"https:\\\/\\\/secure.gravatar.com\\\/avatar\\\/89915563d925342126b8ef0281b93d9d7fc337043e8df017f780908eb9644451?s=96&d=mm&r=g\",\"contentUrl\":\"https:\\\/\\\/secure.gravatar.com\\\/avatar\\\/89915563d925342126b8ef0281b93d9d7fc337043e8df017f780908eb9644451?s=96&d=mm&r=g\",\"caption\":\"St\u00e9phane Miget\"},\"url\":\"https:\\\/\\\/batijournal.com\\\/index.php\\\/author\\\/stephane\\\/\"}]}<\/script>\n<!-- \/ Yoast SEO plugin. -->","yoast_head_json":{"title":"22 Entrepreneurs s'appuient sur l\u2019Acc\u00e9l\u00e9rateur PME \/ ETI Bois","description":"Les industriels et les pouvoirs publics ont construit une offre d\u2019acc\u00e9l\u00e9ration pour les enjeux de la fili\u00e8re bois, 22 Entrepreneurs en premi\u00e8re promotion","robots":{"index":"index","follow":"follow","max-snippet":"max-snippet:-1","max-image-preview":"max-image-preview:large","max-video-preview":"max-video-preview:-1"},"canonical":"https:\/\/batijournal.com\/index.php\/22-entrepreneurs-sappuient-sur-laccelerateur-pme-eti-bois\/103197\/","og_locale":"fr_FR","og_type":"article","og_title":"22 Entrepreneurs s'appuient sur l\u2019Acc\u00e9l\u00e9rateur PME \/ ETI Bois","og_description":"Les industriels et les pouvoirs publics ont construit une offre d\u2019acc\u00e9l\u00e9ration pour les enjeux de la fili\u00e8re bois, 22 Entrepreneurs en premi\u00e8re promotion","og_url":"https:\/\/batijournal.com\/index.php\/22-entrepreneurs-sappuient-sur-laccelerateur-pme-eti-bois\/103197\/","og_site_name":"Batijournal","article_published_time":"2019-10-25T05:54:59+00:00","og_image":[{"width":700,"height":400,"url":"https:\/\/batijournal.com\/wp-content\/uploads\/2019\/10\/accelerateur-PME-ETI-filiere-bois-programme-accompagnement-sur-mesure-.png","type":"image\/png"}],"author":"St\u00e9phane Miget","twitter_card":"summary_large_image","twitter_creator":"@bati_journal","twitter_site":"@bati_journal","twitter_misc":{"\u00c9crit par":"St\u00e9phane Miget","Dur\u00e9e de lecture estim\u00e9e":"1 minute"},"schema":{"@context":"https:\/\/schema.org","@graph":[{"@type":"Article","@id":"https:\/\/batijournal.com\/index.php\/22-entrepreneurs-sappuient-sur-laccelerateur-pme-eti-bois\/103197\/#article","isPartOf":{"@id":"https:\/\/batijournal.com\/index.php\/22-entrepreneurs-sappuient-sur-laccelerateur-pme-eti-bois\/103197\/"},"author":{"name":"St\u00e9phane Miget","@id":"https:\/\/batijournal.com\/#\/schema\/person\/1dc96ec6957aa1ccb25ebe78bb19f100"},"headline":"22 Entrepreneurs s&rsquo;appuient sur l\u2019Acc\u00e9l\u00e9rateur PME \/ ETI Bois","datePublished":"2019-10-25T05:54:59+00:00","mainEntityOfPage":{"@id":"https:\/\/batijournal.com\/index.php\/22-entrepreneurs-sappuient-sur-laccelerateur-pme-eti-bois\/103197\/"},"wordCount":252,"image":{"@id":"https:\/\/batijournal.com\/index.php\/22-entrepreneurs-sappuient-sur-laccelerateur-pme-eti-bois\/103197\/#primaryimage"},"thumbnailUrl":"https:\/\/batijournal.com\/wp-content\/uploads\/2019\/10\/accelerateur-PME-ETI-filiere-bois-programme-accompagnement-sur-mesure-.png","keywords":["fili\u00e8re bois"],"articleSection":["Actualit\u00e9s","\u00c9conomie &amp; March\u00e9s","zz_Actualit\u00e9s - Woodsurfer","zz_Woodsurfer"],"inLanguage":"fr-FR"},{"@type":"WebPage","@id":"https:\/\/batijournal.com\/index.php\/22-entrepreneurs-sappuient-sur-laccelerateur-pme-eti-bois\/103197\/","url":"https:\/\/batijournal.com\/index.php\/22-entrepreneurs-sappuient-sur-laccelerateur-pme-eti-bois\/103197\/","name":"22 Entrepreneurs s'appuient sur l\u2019Acc\u00e9l\u00e9rateur PME \/ ETI Bois","isPartOf":{"@id":"https:\/\/batijournal.com\/#website"},"primaryImageOfPage":{"@id":"https:\/\/batijournal.com\/index.php\/22-entrepreneurs-sappuient-sur-laccelerateur-pme-eti-bois\/103197\/#primaryimage"},"image":{"@id":"https:\/\/batijournal.com\/index.php\/22-entrepreneurs-sappuient-sur-laccelerateur-pme-eti-bois\/103197\/#primaryimage"},"thumbnailUrl":"https:\/\/batijournal.com\/wp-content\/uploads\/2019\/10\/accelerateur-PME-ETI-filiere-bois-programme-accompagnement-sur-mesure-.png","datePublished":"2019-10-25T05:54:59+00:00","author":{"@id":"https:\/\/batijournal.com\/#\/schema\/person\/1dc96ec6957aa1ccb25ebe78bb19f100"},"description":"Les industriels et les pouvoirs publics ont construit une offre d\u2019acc\u00e9l\u00e9ration pour les enjeux de la fili\u00e8re bois, 22 Entrepreneurs en premi\u00e8re promotion","breadcrumb":{"@id":"https:\/\/batijournal.com\/index.php\/22-entrepreneurs-sappuient-sur-laccelerateur-pme-eti-bois\/103197\/#breadcrumb"},"inLanguage":"fr-FR","potentialAction":[{"@type":"ReadAction","target":["https:\/\/batijournal.com\/index.php\/22-entrepreneurs-sappuient-sur-laccelerateur-pme-eti-bois\/103197\/"]}]},{"@type":"ImageObject","inLanguage":"fr-FR","@id":"https:\/\/batijournal.com\/index.php\/22-entrepreneurs-sappuient-sur-laccelerateur-pme-eti-bois\/103197\/#primaryimage","url":"https:\/\/batijournal.com\/wp-content\/uploads\/2019\/10\/accelerateur-PME-ETI-filiere-bois-programme-accompagnement-sur-mesure-.png","contentUrl":"https:\/\/batijournal.com\/wp-content\/uploads\/2019\/10\/accelerateur-PME-ETI-filiere-bois-programme-accompagnement-sur-mesure-.png","width":700,"height":400},{"@type":"BreadcrumbList","@id":"https:\/\/batijournal.com\/index.php\/22-entrepreneurs-sappuient-sur-laccelerateur-pme-eti-bois\/103197\/#breadcrumb","itemListElement":[{"@type":"ListItem","position":1,"name":"Accueil","item":"https:\/\/batijournal.com\/"},{"@type":"ListItem","position":2,"name":"Actualit\u00e9s","item":"https:\/\/batijournal.com\/index.php\/category\/actualites\/"},{"@type":"ListItem","position":3,"name":"22 Entrepreneurs s&rsquo;appuient sur l\u2019Acc\u00e9l\u00e9rateur PME \/ ETI Bois"}]},{"@type":"WebSite","@id":"https:\/\/batijournal.com\/#website","url":"https:\/\/batijournal.com\/","name":"Batijournal","description":"L&#039;actualit\u00e9 du b\u00e2timent","potentialAction":[{"@type":"SearchAction","target":{"@type":"EntryPoint","urlTemplate":"https:\/\/batijournal.com\/?s={search_term_string}"},"query-input":{"@type":"PropertyValueSpecification","valueRequired":true,"valueName":"search_term_string"}}],"inLanguage":"fr-FR"},{"@type":"Person","@id":"https:\/\/batijournal.com\/#\/schema\/person\/1dc96ec6957aa1ccb25ebe78bb19f100","name":"St\u00e9phane Miget","image":{"@type":"ImageObject","inLanguage":"fr-FR","@id":"https:\/\/secure.gravatar.com\/avatar\/89915563d925342126b8ef0281b93d9d7fc337043e8df017f780908eb9644451?s=96&d=mm&r=g","url":"https:\/\/secure.gravatar.com\/avatar\/89915563d925342126b8ef0281b93d9d7fc337043e8df017f780908eb9644451?s=96&d=mm&r=g","contentUrl":"https:\/\/secure.gravatar.com\/avatar\/89915563d925342126b8ef0281b93d9d7fc337043e8df017f780908eb9644451?s=96&d=mm&r=g","caption":"St\u00e9phane Miget"},"url":"https:\/\/batijournal.com\/index.php\/author\/stephane\/"}]}},"_links":{"self":[{"href":"https:\/\/batijournal.com\/index.php\/wp-json\/wp\/v2\/posts\/103197","targetHints":{"allow":["GET"]}}],"collection":[{"href":"https:\/\/batijournal.com\/index.php\/wp-json\/wp\/v2\/posts"}],"about":[{"href":"https:\/\/batijournal.com\/index.php\/wp-json\/wp\/v2\/types\/post"}],"author":[{"embeddable":true,"href":"https:\/\/batijournal.com\/index.php\/wp-json\/wp\/v2\/users\/17"}],"replies":[{"embeddable":true,"href":"https:\/\/batijournal.com\/index.php\/wp-json\/wp\/v2\/comments?post=103197"}],"version-history":[{"count":0,"href":"https:\/\/batijournal.com\/index.php\/wp-json\/wp\/v2\/posts\/103197\/revisions"}],"wp:featuredmedia":[{"embeddable":true,"href":"https:\/\/batijournal.com\/index.php\/wp-json\/wp\/v2\/media\/103198"}],"wp:attachment":[{"href":"https:\/\/batijournal.com\/index.php\/wp-json\/wp\/v2\/media?parent=103197"}],"wp:term":[{"taxonomy":"category","embeddable":true,"href":"https:\/\/batijournal.com\/index.php\/wp-json\/wp\/v2\/categories?post=103197"},{"taxonomy":"post_tag","embeddable":true,"href":"https:\/\/batijournal.com\/index.php\/wp-json\/wp\/v2\/tags?post=103197"}],"curies":[{"name":"wp","href":"https:\/\/api.w.org\/{rel}","templated":true}]}}