{"id":103226,"date":"2019-10-31T15:24:31","date_gmt":"2019-10-31T14:24:31","guid":{"rendered":"https:\/\/batijournal.com\/?p=103226"},"modified":"2020-10-16T11:54:36","modified_gmt":"2020-10-16T09:54:36","slug":"la-nouvelle-dalle-osb-swiss-krono","status":"publish","type":"post","link":"https:\/\/batijournal.com\/index.php\/la-nouvelle-dalle-osb-swiss-krono\/103226\/","title":{"rendered":"La nouvelle dalle OSB SWISS KRONO"},"content":{"rendered":"<p>[vc_row][vc_column][vc_column_text]<\/p>\n<h5 style=\"text-align: right;\"><em>Publi-information<\/em><\/h5>\n<p class=\"p1\"><span class=\"s1\"><b>LA NOUVELLE DALLE OSB SWISS KRONO<br \/>\n<\/b><\/span><span class=\"s1\"><b>Dalle de plancher 2 rives : une pose dans les r\u00e8gles de l\u2019art<\/b><\/span><span class=\"s1\"><b>\u00a0<\/b><\/span><\/p>\n<p class=\"p1\"><span class=\"s1\">SWISS KRONO pr\u00e9sente le dernier produit de la gamme OSB : une dalle de plancher 2 rives, qui a l\u2019avantage d\u2019\u00eatre \u00e0 la fois facile \u00e0 mettre en \u0153uvre et en conformit\u00e9 avec la r\u00e9glementation : <\/span><\/p>\n<ul>\n<li class=\"p1\"><span class=\"s1\">Pose 2 fois plus rapide<\/span><\/li>\n<li class=\"p1\"><span class=\"s1\">Plus d\u2019erreurs de pose, ou de malfa\u00e7ons<\/span><\/li>\n<li class=\"p1\"><span class=\"s1\">Conformit\u00e9 au NF DTU 51.3<\/span><span class=\"s1\">\u00a0<\/span><\/li>\n<\/ul>\n<p>[\/vc_column_text][\/vc_column][\/vc_row][vc_row][vc_column][vc_column_text]<\/p>\n<p class=\"p1\"><strong><span class=\"s1\">DE LA MAISON INDIVIDUELLE AUX B\u00c2TIMENTS D&rsquo;ACTIVIT\u00c9S COMMERCIALES<\/span><\/strong><\/p>\n<p class=\"p4\"><span class=\"s1\">Gr\u00e2ce \u00e0 ses caract\u00e9ristiques m\u00e9caniques et une fabrication respectueuse de l\u2019environnement (utilisation de liants sans formald\u00e9hyde et classement E1), cette dalle 2 rives peut \u00eatre utilis\u00e9e pour diverses applications : de la maison individuelle aux b\u00e2timents d\u2019activit\u00e9s commerciales, ateliers, entrep\u00f4ts\u2026 Swiss Krono pr\u00e9sentera le dernier n\u00e9 de sa gamme lors du prochain salon BATIMAT (Hall 4-D091), qui se tiendra du 4 au 8 novembre 2019. A cette occasion, l\u2019unique fabricant de panneau OSB en France, proposera \u00e9galement un programme de formation \u00e0 destination des professionnels de la construction \u00e0 ossature bois, afin de les accompagner dans la certifi\u00adcation OSB. Plusieurs sessions seront dispens\u00e9es par Christian FANGUIN, charpentier de m\u00e9tier et responsable technique et p\u00e9dago\u00adgique du centre de formation BHPE (Bois Habitat P\u00f4le Egletons).<\/span><span class=\"s1\">\u00a0<\/span><\/p>\n<p>[\/vc_column_text][vc_single_image image=\u00a0\u00bb103227&Prime; img_size=\u00a0\u00bb600&#215;154&Prime; alignment=\u00a0\u00bbcenter\u00a0\u00bb][vc_column_text]<\/p>\n<p class=\"p6\"><span class=\"s1\"><b>Pour plus de renseignements, rendez-vous sur : <\/b><a href=\"http:\/\/www.swisskrono.fr\/produits\/materiaux-de-construction\/certification-osb\/\" target=\"_blank\" rel=\"noopener noreferrer\"><span class=\"s2\"><b>www.swisskrono.fr\/produits\/materiaux-de-construction\/certification-osb\/\u00a0<\/b><\/span><\/a><\/span><\/p>\n<p>[\/vc_column_text][\/vc_column][\/vc_row][vc_row][vc_column width=\u00a0\u00bb1\/2&Prime;][\/vc_column][vc_column width=\u00a0\u00bb1\/2&Prime;][vc_single_image image=\u00a0\u00bb103229&Prime; img_size=\u00a0\u00bbmedium\u00a0\u00bb][\/vc_column][\/vc_row]<\/p>\n","protected":false},"excerpt":{"rendered":"<p>[vc_row][vc_column][vc_column_text] Publi-information LA NOUVELLE DALLE OSB SWISS KRONO Dalle de plancher 2 rives : une pose dans les r\u00e8gles de l\u2019art\u00a0 SWISS KRONO pr\u00e9sente le dernier produit de la gamme OSB : une dalle de plancher 2 rives, qui a l\u2019avantage d\u2019\u00eatre \u00e0 la fois facile \u00e0 mettre en \u0153uvre et en conformit\u00e9 avec la [&hellip;]<\/p>\n","protected":false},"author":1,"featured_media":103228,"comment_status":"closed","ping_status":"closed","sticky":false,"template":"","format":"standard","meta":{"_et_pb_use_builder":"","_et_pb_old_content":"","_et_gb_content_width":"","footnotes":""},"categories":[10530,12813,6356,10903,10767,10764],"tags":[12872,12873,12912],"class_list":["post-103226","post","type-post","status-publish","format-standard","has-post-thumbnail","hentry","category-actualites","category-bois-de-structure","category-produits-solutions-techniques","category-publi-info","category-produits-woodsurfer","category-woodsurfer","tag-osb","tag-swiss-krono","tag-swisskrono"],"yoast_head":"<!-- This site is optimized with the Yoast SEO plugin v27.4 - https:\/\/yoast.com\/product\/yoast-seo-wordpress\/ -->\n<title>La nouvelle dalle OSB SWISS KRONO<\/title>\n<meta name=\"description\" content=\"La nouvelle dalle OSB SWISS KRONO. Une Dalle de plancher 2 rives : une pose dans les r\u00e8gles de l\u2019art \u00e0 d\u00e9couvrir durant le salon BATIMAT 2019\" \/>\n<meta name=\"robots\" content=\"index, follow, max-snippet:-1, max-image-preview:large, max-video-preview:-1\" \/>\n<link rel=\"canonical\" href=\"https:\/\/batijournal.com\/index.php\/la-nouvelle-dalle-osb-swiss-krono\/103226\/\" \/>\n<meta property=\"og:locale\" content=\"fr_FR\" \/>\n<meta property=\"og:type\" content=\"article\" \/>\n<meta property=\"og:title\" content=\"La nouvelle dalle OSB SWISS KRONO\" \/>\n<meta property=\"og:description\" content=\"La nouvelle dalle OSB SWISS KRONO. Une Dalle de plancher 2 rives : une pose dans les r\u00e8gles de l\u2019art \u00e0 d\u00e9couvrir durant le salon BATIMAT 2019\" \/>\n<meta property=\"og:url\" content=\"https:\/\/batijournal.com\/index.php\/la-nouvelle-dalle-osb-swiss-krono\/103226\/\" \/>\n<meta property=\"og:site_name\" content=\"Batijournal\" \/>\n<meta property=\"article:published_time\" content=\"2019-10-31T14:24:31+00:00\" \/>\n<meta property=\"article:modified_time\" content=\"2020-10-16T09:54:36+00:00\" \/>\n<meta property=\"og:image\" content=\"https:\/\/batijournal.com\/wp-content\/uploads\/2019\/10\/Photo.png\" \/>\n\t<meta property=\"og:image:width\" content=\"654\" \/>\n\t<meta property=\"og:image:height\" content=\"716\" \/>\n\t<meta property=\"og:image:type\" content=\"image\/png\" \/>\n<meta name=\"author\" content=\"Bati-journal\" \/>\n<meta name=\"twitter:card\" content=\"summary_large_image\" \/>\n<meta name=\"twitter:creator\" content=\"@bati_journal\" \/>\n<meta name=\"twitter:site\" content=\"@bati_journal\" \/>\n<meta name=\"twitter:label1\" content=\"\u00c9crit par\" \/>\n\t<meta name=\"twitter:data1\" content=\"Bati-journal\" \/>\n\t<meta name=\"twitter:label2\" content=\"Dur\u00e9e de lecture estim\u00e9e\" \/>\n\t<meta name=\"twitter:data2\" content=\"1 minute\" \/>\n<script type=\"application\/ld+json\" class=\"yoast-schema-graph\">{\"@context\":\"https:\\\/\\\/schema.org\",\"@graph\":[{\"@type\":\"Article\",\"@id\":\"https:\\\/\\\/batijournal.com\\\/index.php\\\/la-nouvelle-dalle-osb-swiss-krono\\\/103226\\\/#article\",\"isPartOf\":{\"@id\":\"https:\\\/\\\/batijournal.com\\\/index.php\\\/la-nouvelle-dalle-osb-swiss-krono\\\/103226\\\/\"},\"author\":{\"name\":\"Bati-journal\",\"@id\":\"https:\\\/\\\/batijournal.com\\\/#\\\/schema\\\/person\\\/6a657e8967569e1b299972574848aa76\"},\"headline\":\"La nouvelle dalle OSB SWISS KRONO\",\"datePublished\":\"2019-10-31T14:24:31+00:00\",\"dateModified\":\"2020-10-16T09:54:36+00:00\",\"mainEntityOfPage\":{\"@id\":\"https:\\\/\\\/batijournal.com\\\/index.php\\\/la-nouvelle-dalle-osb-swiss-krono\\\/103226\\\/\"},\"wordCount\":298,\"image\":{\"@id\":\"https:\\\/\\\/batijournal.com\\\/index.php\\\/la-nouvelle-dalle-osb-swiss-krono\\\/103226\\\/#primaryimage\"},\"thumbnailUrl\":\"https:\\\/\\\/batijournal.com\\\/wp-content\\\/uploads\\\/2019\\\/10\\\/Photo.png\",\"keywords\":[\"OSB\",\"Swiss Krono\",\"swisskrono\"],\"articleSection\":[\"Actualit\u00e9s\",\"Bois de structure\",\"Produits &amp; Solutions techniques\",\"Publi-info\",\"zz_Produits - Woodsurfer\",\"zz_Woodsurfer\"],\"inLanguage\":\"fr-FR\"},{\"@type\":\"WebPage\",\"@id\":\"https:\\\/\\\/batijournal.com\\\/index.php\\\/la-nouvelle-dalle-osb-swiss-krono\\\/103226\\\/\",\"url\":\"https:\\\/\\\/batijournal.com\\\/index.php\\\/la-nouvelle-dalle-osb-swiss-krono\\\/103226\\\/\",\"name\":\"La nouvelle dalle OSB SWISS KRONO\",\"isPartOf\":{\"@id\":\"https:\\\/\\\/batijournal.com\\\/#website\"},\"primaryImageOfPage\":{\"@id\":\"https:\\\/\\\/batijournal.com\\\/index.php\\\/la-nouvelle-dalle-osb-swiss-krono\\\/103226\\\/#primaryimage\"},\"image\":{\"@id\":\"https:\\\/\\\/batijournal.com\\\/index.php\\\/la-nouvelle-dalle-osb-swiss-krono\\\/103226\\\/#primaryimage\"},\"thumbnailUrl\":\"https:\\\/\\\/batijournal.com\\\/wp-content\\\/uploads\\\/2019\\\/10\\\/Photo.png\",\"datePublished\":\"2019-10-31T14:24:31+00:00\",\"dateModified\":\"2020-10-16T09:54:36+00:00\",\"author\":{\"@id\":\"https:\\\/\\\/batijournal.com\\\/#\\\/schema\\\/person\\\/6a657e8967569e1b299972574848aa76\"},\"description\":\"La nouvelle dalle OSB SWISS KRONO. Une Dalle de plancher 2 rives : une pose dans les r\u00e8gles de l\u2019art \u00e0 d\u00e9couvrir durant le salon BATIMAT 2019\",\"breadcrumb\":{\"@id\":\"https:\\\/\\\/batijournal.com\\\/index.php\\\/la-nouvelle-dalle-osb-swiss-krono\\\/103226\\\/#breadcrumb\"},\"inLanguage\":\"fr-FR\",\"potentialAction\":[{\"@type\":\"ReadAction\",\"target\":[\"https:\\\/\\\/batijournal.com\\\/index.php\\\/la-nouvelle-dalle-osb-swiss-krono\\\/103226\\\/\"]}]},{\"@type\":\"ImageObject\",\"inLanguage\":\"fr-FR\",\"@id\":\"https:\\\/\\\/batijournal.com\\\/index.php\\\/la-nouvelle-dalle-osb-swiss-krono\\\/103226\\\/#primaryimage\",\"url\":\"https:\\\/\\\/batijournal.com\\\/wp-content\\\/uploads\\\/2019\\\/10\\\/Photo.png\",\"contentUrl\":\"https:\\\/\\\/batijournal.com\\\/wp-content\\\/uploads\\\/2019\\\/10\\\/Photo.png\",\"width\":654,\"height\":716},{\"@type\":\"BreadcrumbList\",\"@id\":\"https:\\\/\\\/batijournal.com\\\/index.php\\\/la-nouvelle-dalle-osb-swiss-krono\\\/103226\\\/#breadcrumb\",\"itemListElement\":[{\"@type\":\"ListItem\",\"position\":1,\"name\":\"Accueil\",\"item\":\"https:\\\/\\\/batijournal.com\\\/\"},{\"@type\":\"ListItem\",\"position\":2,\"name\":\"Actualit\u00e9s\",\"item\":\"https:\\\/\\\/batijournal.com\\\/index.php\\\/category\\\/actualites\\\/\"},{\"@type\":\"ListItem\",\"position\":3,\"name\":\"La nouvelle dalle OSB SWISS KRONO\"}]},{\"@type\":\"WebSite\",\"@id\":\"https:\\\/\\\/batijournal.com\\\/#website\",\"url\":\"https:\\\/\\\/batijournal.com\\\/\",\"name\":\"Batijournal\",\"description\":\"L&#039;actualit\u00e9 du b\u00e2timent\",\"potentialAction\":[{\"@type\":\"SearchAction\",\"target\":{\"@type\":\"EntryPoint\",\"urlTemplate\":\"https:\\\/\\\/batijournal.com\\\/?s={search_term_string}\"},\"query-input\":{\"@type\":\"PropertyValueSpecification\",\"valueRequired\":true,\"valueName\":\"search_term_string\"}}],\"inLanguage\":\"fr-FR\"},{\"@type\":\"Person\",\"@id\":\"https:\\\/\\\/batijournal.com\\\/#\\\/schema\\\/person\\\/6a657e8967569e1b299972574848aa76\",\"name\":\"Bati-journal\",\"image\":{\"@type\":\"ImageObject\",\"inLanguage\":\"fr-FR\",\"@id\":\"https:\\\/\\\/secure.gravatar.com\\\/avatar\\\/a64364ea26392f9b4dd47e017ddaec74ff03aefc073b49e492e847201258f777?s=96&d=mm&r=g\",\"url\":\"https:\\\/\\\/secure.gravatar.com\\\/avatar\\\/a64364ea26392f9b4dd47e017ddaec74ff03aefc073b49e492e847201258f777?s=96&d=mm&r=g\",\"contentUrl\":\"https:\\\/\\\/secure.gravatar.com\\\/avatar\\\/a64364ea26392f9b4dd47e017ddaec74ff03aefc073b49e492e847201258f777?s=96&d=mm&r=g\",\"caption\":\"Bati-journal\"},\"url\":\"https:\\\/\\\/batijournal.com\\\/index.php\\\/author\\\/elodie\\\/\"}]}<\/script>\n<!-- \/ Yoast SEO plugin. -->","yoast_head_json":{"title":"La nouvelle dalle OSB SWISS KRONO","description":"La nouvelle dalle OSB SWISS KRONO. Une Dalle de plancher 2 rives : une pose dans les r\u00e8gles de l\u2019art \u00e0 d\u00e9couvrir durant le salon BATIMAT 2019","robots":{"index":"index","follow":"follow","max-snippet":"max-snippet:-1","max-image-preview":"max-image-preview:large","max-video-preview":"max-video-preview:-1"},"canonical":"https:\/\/batijournal.com\/index.php\/la-nouvelle-dalle-osb-swiss-krono\/103226\/","og_locale":"fr_FR","og_type":"article","og_title":"La nouvelle dalle OSB SWISS KRONO","og_description":"La nouvelle dalle OSB SWISS KRONO. Une Dalle de plancher 2 rives : une pose dans les r\u00e8gles de l\u2019art \u00e0 d\u00e9couvrir durant le salon BATIMAT 2019","og_url":"https:\/\/batijournal.com\/index.php\/la-nouvelle-dalle-osb-swiss-krono\/103226\/","og_site_name":"Batijournal","article_published_time":"2019-10-31T14:24:31+00:00","article_modified_time":"2020-10-16T09:54:36+00:00","og_image":[{"width":654,"height":716,"url":"https:\/\/batijournal.com\/wp-content\/uploads\/2019\/10\/Photo.png","type":"image\/png"}],"author":"Bati-journal","twitter_card":"summary_large_image","twitter_creator":"@bati_journal","twitter_site":"@bati_journal","twitter_misc":{"\u00c9crit par":"Bati-journal","Dur\u00e9e de lecture estim\u00e9e":"1 minute"},"schema":{"@context":"https:\/\/schema.org","@graph":[{"@type":"Article","@id":"https:\/\/batijournal.com\/index.php\/la-nouvelle-dalle-osb-swiss-krono\/103226\/#article","isPartOf":{"@id":"https:\/\/batijournal.com\/index.php\/la-nouvelle-dalle-osb-swiss-krono\/103226\/"},"author":{"name":"Bati-journal","@id":"https:\/\/batijournal.com\/#\/schema\/person\/6a657e8967569e1b299972574848aa76"},"headline":"La nouvelle dalle OSB SWISS KRONO","datePublished":"2019-10-31T14:24:31+00:00","dateModified":"2020-10-16T09:54:36+00:00","mainEntityOfPage":{"@id":"https:\/\/batijournal.com\/index.php\/la-nouvelle-dalle-osb-swiss-krono\/103226\/"},"wordCount":298,"image":{"@id":"https:\/\/batijournal.com\/index.php\/la-nouvelle-dalle-osb-swiss-krono\/103226\/#primaryimage"},"thumbnailUrl":"https:\/\/batijournal.com\/wp-content\/uploads\/2019\/10\/Photo.png","keywords":["OSB","Swiss Krono","swisskrono"],"articleSection":["Actualit\u00e9s","Bois de structure","Produits &amp; Solutions techniques","Publi-info","zz_Produits - Woodsurfer","zz_Woodsurfer"],"inLanguage":"fr-FR"},{"@type":"WebPage","@id":"https:\/\/batijournal.com\/index.php\/la-nouvelle-dalle-osb-swiss-krono\/103226\/","url":"https:\/\/batijournal.com\/index.php\/la-nouvelle-dalle-osb-swiss-krono\/103226\/","name":"La nouvelle dalle OSB SWISS KRONO","isPartOf":{"@id":"https:\/\/batijournal.com\/#website"},"primaryImageOfPage":{"@id":"https:\/\/batijournal.com\/index.php\/la-nouvelle-dalle-osb-swiss-krono\/103226\/#primaryimage"},"image":{"@id":"https:\/\/batijournal.com\/index.php\/la-nouvelle-dalle-osb-swiss-krono\/103226\/#primaryimage"},"thumbnailUrl":"https:\/\/batijournal.com\/wp-content\/uploads\/2019\/10\/Photo.png","datePublished":"2019-10-31T14:24:31+00:00","dateModified":"2020-10-16T09:54:36+00:00","author":{"@id":"https:\/\/batijournal.com\/#\/schema\/person\/6a657e8967569e1b299972574848aa76"},"description":"La nouvelle dalle OSB SWISS KRONO. Une Dalle de plancher 2 rives : une pose dans les r\u00e8gles de l\u2019art \u00e0 d\u00e9couvrir durant le salon BATIMAT 2019","breadcrumb":{"@id":"https:\/\/batijournal.com\/index.php\/la-nouvelle-dalle-osb-swiss-krono\/103226\/#breadcrumb"},"inLanguage":"fr-FR","potentialAction":[{"@type":"ReadAction","target":["https:\/\/batijournal.com\/index.php\/la-nouvelle-dalle-osb-swiss-krono\/103226\/"]}]},{"@type":"ImageObject","inLanguage":"fr-FR","@id":"https:\/\/batijournal.com\/index.php\/la-nouvelle-dalle-osb-swiss-krono\/103226\/#primaryimage","url":"https:\/\/batijournal.com\/wp-content\/uploads\/2019\/10\/Photo.png","contentUrl":"https:\/\/batijournal.com\/wp-content\/uploads\/2019\/10\/Photo.png","width":654,"height":716},{"@type":"BreadcrumbList","@id":"https:\/\/batijournal.com\/index.php\/la-nouvelle-dalle-osb-swiss-krono\/103226\/#breadcrumb","itemListElement":[{"@type":"ListItem","position":1,"name":"Accueil","item":"https:\/\/batijournal.com\/"},{"@type":"ListItem","position":2,"name":"Actualit\u00e9s","item":"https:\/\/batijournal.com\/index.php\/category\/actualites\/"},{"@type":"ListItem","position":3,"name":"La nouvelle dalle OSB SWISS KRONO"}]},{"@type":"WebSite","@id":"https:\/\/batijournal.com\/#website","url":"https:\/\/batijournal.com\/","name":"Batijournal","description":"L&#039;actualit\u00e9 du b\u00e2timent","potentialAction":[{"@type":"SearchAction","target":{"@type":"EntryPoint","urlTemplate":"https:\/\/batijournal.com\/?s={search_term_string}"},"query-input":{"@type":"PropertyValueSpecification","valueRequired":true,"valueName":"search_term_string"}}],"inLanguage":"fr-FR"},{"@type":"Person","@id":"https:\/\/batijournal.com\/#\/schema\/person\/6a657e8967569e1b299972574848aa76","name":"Bati-journal","image":{"@type":"ImageObject","inLanguage":"fr-FR","@id":"https:\/\/secure.gravatar.com\/avatar\/a64364ea26392f9b4dd47e017ddaec74ff03aefc073b49e492e847201258f777?s=96&d=mm&r=g","url":"https:\/\/secure.gravatar.com\/avatar\/a64364ea26392f9b4dd47e017ddaec74ff03aefc073b49e492e847201258f777?s=96&d=mm&r=g","contentUrl":"https:\/\/secure.gravatar.com\/avatar\/a64364ea26392f9b4dd47e017ddaec74ff03aefc073b49e492e847201258f777?s=96&d=mm&r=g","caption":"Bati-journal"},"url":"https:\/\/batijournal.com\/index.php\/author\/elodie\/"}]}},"_links":{"self":[{"href":"https:\/\/batijournal.com\/index.php\/wp-json\/wp\/v2\/posts\/103226","targetHints":{"allow":["GET"]}}],"collection":[{"href":"https:\/\/batijournal.com\/index.php\/wp-json\/wp\/v2\/posts"}],"about":[{"href":"https:\/\/batijournal.com\/index.php\/wp-json\/wp\/v2\/types\/post"}],"author":[{"embeddable":true,"href":"https:\/\/batijournal.com\/index.php\/wp-json\/wp\/v2\/users\/1"}],"replies":[{"embeddable":true,"href":"https:\/\/batijournal.com\/index.php\/wp-json\/wp\/v2\/comments?post=103226"}],"version-history":[{"count":0,"href":"https:\/\/batijournal.com\/index.php\/wp-json\/wp\/v2\/posts\/103226\/revisions"}],"wp:featuredmedia":[{"embeddable":true,"href":"https:\/\/batijournal.com\/index.php\/wp-json\/wp\/v2\/media\/103228"}],"wp:attachment":[{"href":"https:\/\/batijournal.com\/index.php\/wp-json\/wp\/v2\/media?parent=103226"}],"wp:term":[{"taxonomy":"category","embeddable":true,"href":"https:\/\/batijournal.com\/index.php\/wp-json\/wp\/v2\/categories?post=103226"},{"taxonomy":"post_tag","embeddable":true,"href":"https:\/\/batijournal.com\/index.php\/wp-json\/wp\/v2\/tags?post=103226"}],"curies":[{"name":"wp","href":"https:\/\/api.w.org\/{rel}","templated":true}]}}