{"id":103337,"date":"2019-11-18T16:38:26","date_gmt":"2019-11-18T15:38:26","guid":{"rendered":"https:\/\/batijournal.com\/?p=103337"},"modified":"2019-11-18T16:38:26","modified_gmt":"2019-11-18T15:38:26","slug":"lafpa-va-developper-des-tiers-lieux-de-linsertion-professionnelle","status":"publish","type":"post","link":"https:\/\/batijournal.com\/index.php\/lafpa-va-developper-des-tiers-lieux-de-linsertion-professionnelle\/103337\/","title":{"rendered":"L\u2019Afpa va d\u00e9velopper des tiers-lieux de l\u2019insertion professionnelle"},"content":{"rendered":"<p>L\u2019Afpa engage une phase de transformation qui repositionne son offre de services, l\u2019usage de ses infrastructures et son implantation. L\u2019agence s\u2019ouvre radicalement sur son environnement \u00e0 la recherche de coop\u00e9rations nouvelles pour mieux accompagner les personnes les plus \u00e9loign\u00e9es de l\u2019emploi et soutenir les projets de d\u00e9veloppement des entreprises et des territoires. \u00ab Le Village de l\u2019Afpa \u00bb est un programme strat\u00e9gique qui vise \u00e0 contribuer \u00e0 une meilleure efficacit\u00e9 de l\u2019\u00e9cosyst\u00e8me de l\u2019insertion sociale et professionnelle au profit de la coh\u00e9sion sociale et territoriale et du d\u00e9veloppement durable. Il repose sur deux principes fondateurs : transformer les centres en tiers-lieux de l\u2019insertion professionnelle et de l\u2019\u00e9mancipation citoyenne pour une offre plus int\u00e9gr\u00e9e, par l\u2019accueil en r\u00e9sidence de partenaires et d\u2019innovateurs et d\u00e9cloisonner pour innover ensemble : travailler en r\u00e9seau en valorisant les offres publiques et priv\u00e9es existantes sur le territoire et faciliter le recours aux dispositifs de droit commun.<\/p>\n<p>Ce programme s\u2019appuie sur l\u2019accueil de structures op\u00e9rant sur la s\u00e9curisation des parcours de vie ; l\u2019\u00e9mancipation citoyenne et les comp\u00e9tences douces ; l\u2019incubation et l\u2019accompagnement d\u2019entreprises (notamment ESS et IAE) ; le d\u00e9veloppement des tiers-lieux et l\u2019am\u00e9nagement du territoire.<\/p>\n<p>Durant trois ans, la Banque des Territoires s\u2019engage \u00e0 mobiliser des capacit\u00e9s d\u2019ing\u00e9nierie et de financement pour accompagner progressivement la transformation des centres de formation en tiers-lieux. Une ing\u00e9nierie pour \u00e9tudier la faisabilit\u00e9 des projets de tiers-lieux (\u00e9tudes de planification, pr\u00e9figuration et assistance \u00e0 la ma\u00eetrise d\u2019ouvrage), et le montage juridique et financier de projets d\u2019investissements identifi\u00e9s, en co-financement avec les collectivit\u00e9s et\/ les partenaires locaux. Un investissement en fonds propres ou quasi fonds propres dans des structures d\u2019exploitation de ces tiers-lieux, viables \u00e9conomiquement pour permettre un effet levier sur les investisseurs priv\u00e9s. Une mise en relation entre les centres de l\u2019Afpa et les acteurs de l\u2019\u00e9conomie sociale et solidaire int\u00e9ress\u00e9s pour devenir de futurs exploitants, clients ou partenaires de tiers-lieux, ainsi que les directions r\u00e9gionales de la Banque des Territoires afin de favoriser l\u2019\u00e9mergence de ces projets.<\/p>\n","protected":false},"excerpt":{"rendered":"<p>L\u2019Afpa engage une phase de transformation qui repositionne son offre de services, l\u2019usage de ses infrastructures et son implantation. L\u2019agence s\u2019ouvre radicalement sur son environnement \u00e0 la recherche de coop\u00e9rations nouvelles pour mieux accompagner les personnes les plus \u00e9loign\u00e9es de l\u2019emploi et soutenir les projets de d\u00e9veloppement des entreprises et des territoires. \u00ab Le Village [&hellip;]<\/p>\n","protected":false},"author":17,"featured_media":103339,"comment_status":"closed","ping_status":"closed","sticky":false,"template":"","format":"standard","meta":{"_et_pb_use_builder":"","_et_pb_old_content":"","_et_gb_content_width":"","footnotes":""},"categories":[10530,6345],"tags":[12877,517,12878],"class_list":["post-103337","post","type-post","status-publish","format-standard","has-post-thumbnail","hentry","category-actualites","category-economie-marches","tag-afpa","tag-formation","tag-insertion"],"yoast_head":"<!-- This site is optimized with the Yoast SEO plugin v27.4 - https:\/\/yoast.com\/product\/yoast-seo-wordpress\/ -->\n<title>L\u2019Afpa va d\u00e9velopper des tiers-lieux de l\u2019insertion professionnelle<\/title>\n<meta name=\"description\" content=\"L\u2019Afpa engage une phase de transformation qui repositionne son offre de services, l\u2019usage de ses infrastructures et son implantation\" \/>\n<meta name=\"robots\" content=\"index, follow, max-snippet:-1, max-image-preview:large, max-video-preview:-1\" \/>\n<link rel=\"canonical\" href=\"https:\/\/batijournal.com\/index.php\/lafpa-va-developper-des-tiers-lieux-de-linsertion-professionnelle\/103337\/\" \/>\n<meta property=\"og:locale\" content=\"fr_FR\" \/>\n<meta property=\"og:type\" content=\"article\" \/>\n<meta property=\"og:title\" content=\"L\u2019Afpa va d\u00e9velopper des tiers-lieux de l\u2019insertion professionnelle\" \/>\n<meta property=\"og:description\" content=\"L\u2019Afpa engage une phase de transformation qui repositionne son offre de services, l\u2019usage de ses infrastructures et son implantation\" \/>\n<meta property=\"og:url\" content=\"https:\/\/batijournal.com\/index.php\/lafpa-va-developper-des-tiers-lieux-de-linsertion-professionnelle\/103337\/\" \/>\n<meta property=\"og:site_name\" content=\"Batijournal\" \/>\n<meta property=\"article:published_time\" content=\"2019-11-18T15:38:26+00:00\" \/>\n<meta property=\"og:image\" content=\"https:\/\/batijournal.com\/wp-content\/uploads\/2019\/11\/logo-afpa.jpeg\" \/>\n\t<meta property=\"og:image:width\" content=\"206\" \/>\n\t<meta property=\"og:image:height\" content=\"107\" \/>\n\t<meta property=\"og:image:type\" content=\"image\/jpeg\" \/>\n<meta name=\"author\" content=\"St\u00e9phane Miget\" \/>\n<meta name=\"twitter:card\" content=\"summary_large_image\" \/>\n<meta name=\"twitter:creator\" content=\"@bati_journal\" \/>\n<meta name=\"twitter:site\" content=\"@bati_journal\" \/>\n<meta name=\"twitter:label1\" content=\"\u00c9crit par\" \/>\n\t<meta name=\"twitter:data1\" content=\"St\u00e9phane Miget\" \/>\n\t<meta name=\"twitter:label2\" content=\"Dur\u00e9e de lecture estim\u00e9e\" \/>\n\t<meta name=\"twitter:data2\" content=\"2 minutes\" \/>\n<script type=\"application\/ld+json\" class=\"yoast-schema-graph\">{\"@context\":\"https:\\\/\\\/schema.org\",\"@graph\":[{\"@type\":\"Article\",\"@id\":\"https:\\\/\\\/batijournal.com\\\/index.php\\\/lafpa-va-developper-des-tiers-lieux-de-linsertion-professionnelle\\\/103337\\\/#article\",\"isPartOf\":{\"@id\":\"https:\\\/\\\/batijournal.com\\\/index.php\\\/lafpa-va-developper-des-tiers-lieux-de-linsertion-professionnelle\\\/103337\\\/\"},\"author\":{\"name\":\"St\u00e9phane Miget\",\"@id\":\"https:\\\/\\\/batijournal.com\\\/#\\\/schema\\\/person\\\/1dc96ec6957aa1ccb25ebe78bb19f100\"},\"headline\":\"L\u2019Afpa va d\u00e9velopper des tiers-lieux de l\u2019insertion professionnelle\",\"datePublished\":\"2019-11-18T15:38:26+00:00\",\"mainEntityOfPage\":{\"@id\":\"https:\\\/\\\/batijournal.com\\\/index.php\\\/lafpa-va-developper-des-tiers-lieux-de-linsertion-professionnelle\\\/103337\\\/\"},\"wordCount\":383,\"image\":{\"@id\":\"https:\\\/\\\/batijournal.com\\\/index.php\\\/lafpa-va-developper-des-tiers-lieux-de-linsertion-professionnelle\\\/103337\\\/#primaryimage\"},\"thumbnailUrl\":\"https:\\\/\\\/batijournal.com\\\/wp-content\\\/uploads\\\/2019\\\/11\\\/logo-afpa.jpeg\",\"keywords\":[\"afpa\",\"formation\",\"insertion\"],\"articleSection\":[\"Actualit\u00e9s\",\"\u00c9conomie &amp; March\u00e9s\"],\"inLanguage\":\"fr-FR\"},{\"@type\":\"WebPage\",\"@id\":\"https:\\\/\\\/batijournal.com\\\/index.php\\\/lafpa-va-developper-des-tiers-lieux-de-linsertion-professionnelle\\\/103337\\\/\",\"url\":\"https:\\\/\\\/batijournal.com\\\/index.php\\\/lafpa-va-developper-des-tiers-lieux-de-linsertion-professionnelle\\\/103337\\\/\",\"name\":\"L\u2019Afpa va d\u00e9velopper des tiers-lieux de l\u2019insertion professionnelle\",\"isPartOf\":{\"@id\":\"https:\\\/\\\/batijournal.com\\\/#website\"},\"primaryImageOfPage\":{\"@id\":\"https:\\\/\\\/batijournal.com\\\/index.php\\\/lafpa-va-developper-des-tiers-lieux-de-linsertion-professionnelle\\\/103337\\\/#primaryimage\"},\"image\":{\"@id\":\"https:\\\/\\\/batijournal.com\\\/index.php\\\/lafpa-va-developper-des-tiers-lieux-de-linsertion-professionnelle\\\/103337\\\/#primaryimage\"},\"thumbnailUrl\":\"https:\\\/\\\/batijournal.com\\\/wp-content\\\/uploads\\\/2019\\\/11\\\/logo-afpa.jpeg\",\"datePublished\":\"2019-11-18T15:38:26+00:00\",\"author\":{\"@id\":\"https:\\\/\\\/batijournal.com\\\/#\\\/schema\\\/person\\\/1dc96ec6957aa1ccb25ebe78bb19f100\"},\"description\":\"L\u2019Afpa engage une phase de transformation qui repositionne son offre de services, l\u2019usage de ses infrastructures et son implantation\",\"breadcrumb\":{\"@id\":\"https:\\\/\\\/batijournal.com\\\/index.php\\\/lafpa-va-developper-des-tiers-lieux-de-linsertion-professionnelle\\\/103337\\\/#breadcrumb\"},\"inLanguage\":\"fr-FR\",\"potentialAction\":[{\"@type\":\"ReadAction\",\"target\":[\"https:\\\/\\\/batijournal.com\\\/index.php\\\/lafpa-va-developper-des-tiers-lieux-de-linsertion-professionnelle\\\/103337\\\/\"]}]},{\"@type\":\"ImageObject\",\"inLanguage\":\"fr-FR\",\"@id\":\"https:\\\/\\\/batijournal.com\\\/index.php\\\/lafpa-va-developper-des-tiers-lieux-de-linsertion-professionnelle\\\/103337\\\/#primaryimage\",\"url\":\"https:\\\/\\\/batijournal.com\\\/wp-content\\\/uploads\\\/2019\\\/11\\\/logo-afpa.jpeg\",\"contentUrl\":\"https:\\\/\\\/batijournal.com\\\/wp-content\\\/uploads\\\/2019\\\/11\\\/logo-afpa.jpeg\",\"width\":206,\"height\":107},{\"@type\":\"BreadcrumbList\",\"@id\":\"https:\\\/\\\/batijournal.com\\\/index.php\\\/lafpa-va-developper-des-tiers-lieux-de-linsertion-professionnelle\\\/103337\\\/#breadcrumb\",\"itemListElement\":[{\"@type\":\"ListItem\",\"position\":1,\"name\":\"Accueil\",\"item\":\"https:\\\/\\\/batijournal.com\\\/\"},{\"@type\":\"ListItem\",\"position\":2,\"name\":\"Actualit\u00e9s\",\"item\":\"https:\\\/\\\/batijournal.com\\\/index.php\\\/category\\\/actualites\\\/\"},{\"@type\":\"ListItem\",\"position\":3,\"name\":\"L\u2019Afpa va d\u00e9velopper des tiers-lieux de l\u2019insertion professionnelle\"}]},{\"@type\":\"WebSite\",\"@id\":\"https:\\\/\\\/batijournal.com\\\/#website\",\"url\":\"https:\\\/\\\/batijournal.com\\\/\",\"name\":\"Batijournal\",\"description\":\"L&#039;actualit\u00e9 du b\u00e2timent\",\"potentialAction\":[{\"@type\":\"SearchAction\",\"target\":{\"@type\":\"EntryPoint\",\"urlTemplate\":\"https:\\\/\\\/batijournal.com\\\/?s={search_term_string}\"},\"query-input\":{\"@type\":\"PropertyValueSpecification\",\"valueRequired\":true,\"valueName\":\"search_term_string\"}}],\"inLanguage\":\"fr-FR\"},{\"@type\":\"Person\",\"@id\":\"https:\\\/\\\/batijournal.com\\\/#\\\/schema\\\/person\\\/1dc96ec6957aa1ccb25ebe78bb19f100\",\"name\":\"St\u00e9phane Miget\",\"image\":{\"@type\":\"ImageObject\",\"inLanguage\":\"fr-FR\",\"@id\":\"https:\\\/\\\/secure.gravatar.com\\\/avatar\\\/89915563d925342126b8ef0281b93d9d7fc337043e8df017f780908eb9644451?s=96&d=mm&r=g\",\"url\":\"https:\\\/\\\/secure.gravatar.com\\\/avatar\\\/89915563d925342126b8ef0281b93d9d7fc337043e8df017f780908eb9644451?s=96&d=mm&r=g\",\"contentUrl\":\"https:\\\/\\\/secure.gravatar.com\\\/avatar\\\/89915563d925342126b8ef0281b93d9d7fc337043e8df017f780908eb9644451?s=96&d=mm&r=g\",\"caption\":\"St\u00e9phane Miget\"},\"url\":\"https:\\\/\\\/batijournal.com\\\/index.php\\\/author\\\/stephane\\\/\"}]}<\/script>\n<!-- \/ Yoast SEO plugin. -->","yoast_head_json":{"title":"L\u2019Afpa va d\u00e9velopper des tiers-lieux de l\u2019insertion professionnelle","description":"L\u2019Afpa engage une phase de transformation qui repositionne son offre de services, l\u2019usage de ses infrastructures et son implantation","robots":{"index":"index","follow":"follow","max-snippet":"max-snippet:-1","max-image-preview":"max-image-preview:large","max-video-preview":"max-video-preview:-1"},"canonical":"https:\/\/batijournal.com\/index.php\/lafpa-va-developper-des-tiers-lieux-de-linsertion-professionnelle\/103337\/","og_locale":"fr_FR","og_type":"article","og_title":"L\u2019Afpa va d\u00e9velopper des tiers-lieux de l\u2019insertion professionnelle","og_description":"L\u2019Afpa engage une phase de transformation qui repositionne son offre de services, l\u2019usage de ses infrastructures et son implantation","og_url":"https:\/\/batijournal.com\/index.php\/lafpa-va-developper-des-tiers-lieux-de-linsertion-professionnelle\/103337\/","og_site_name":"Batijournal","article_published_time":"2019-11-18T15:38:26+00:00","og_image":[{"width":206,"height":107,"url":"https:\/\/batijournal.com\/wp-content\/uploads\/2019\/11\/logo-afpa.jpeg","type":"image\/jpeg"}],"author":"St\u00e9phane Miget","twitter_card":"summary_large_image","twitter_creator":"@bati_journal","twitter_site":"@bati_journal","twitter_misc":{"\u00c9crit par":"St\u00e9phane Miget","Dur\u00e9e de lecture estim\u00e9e":"2 minutes"},"schema":{"@context":"https:\/\/schema.org","@graph":[{"@type":"Article","@id":"https:\/\/batijournal.com\/index.php\/lafpa-va-developper-des-tiers-lieux-de-linsertion-professionnelle\/103337\/#article","isPartOf":{"@id":"https:\/\/batijournal.com\/index.php\/lafpa-va-developper-des-tiers-lieux-de-linsertion-professionnelle\/103337\/"},"author":{"name":"St\u00e9phane Miget","@id":"https:\/\/batijournal.com\/#\/schema\/person\/1dc96ec6957aa1ccb25ebe78bb19f100"},"headline":"L\u2019Afpa va d\u00e9velopper des tiers-lieux de l\u2019insertion professionnelle","datePublished":"2019-11-18T15:38:26+00:00","mainEntityOfPage":{"@id":"https:\/\/batijournal.com\/index.php\/lafpa-va-developper-des-tiers-lieux-de-linsertion-professionnelle\/103337\/"},"wordCount":383,"image":{"@id":"https:\/\/batijournal.com\/index.php\/lafpa-va-developper-des-tiers-lieux-de-linsertion-professionnelle\/103337\/#primaryimage"},"thumbnailUrl":"https:\/\/batijournal.com\/wp-content\/uploads\/2019\/11\/logo-afpa.jpeg","keywords":["afpa","formation","insertion"],"articleSection":["Actualit\u00e9s","\u00c9conomie &amp; March\u00e9s"],"inLanguage":"fr-FR"},{"@type":"WebPage","@id":"https:\/\/batijournal.com\/index.php\/lafpa-va-developper-des-tiers-lieux-de-linsertion-professionnelle\/103337\/","url":"https:\/\/batijournal.com\/index.php\/lafpa-va-developper-des-tiers-lieux-de-linsertion-professionnelle\/103337\/","name":"L\u2019Afpa va d\u00e9velopper des tiers-lieux de l\u2019insertion professionnelle","isPartOf":{"@id":"https:\/\/batijournal.com\/#website"},"primaryImageOfPage":{"@id":"https:\/\/batijournal.com\/index.php\/lafpa-va-developper-des-tiers-lieux-de-linsertion-professionnelle\/103337\/#primaryimage"},"image":{"@id":"https:\/\/batijournal.com\/index.php\/lafpa-va-developper-des-tiers-lieux-de-linsertion-professionnelle\/103337\/#primaryimage"},"thumbnailUrl":"https:\/\/batijournal.com\/wp-content\/uploads\/2019\/11\/logo-afpa.jpeg","datePublished":"2019-11-18T15:38:26+00:00","author":{"@id":"https:\/\/batijournal.com\/#\/schema\/person\/1dc96ec6957aa1ccb25ebe78bb19f100"},"description":"L\u2019Afpa engage une phase de transformation qui repositionne son offre de services, l\u2019usage de ses infrastructures et son implantation","breadcrumb":{"@id":"https:\/\/batijournal.com\/index.php\/lafpa-va-developper-des-tiers-lieux-de-linsertion-professionnelle\/103337\/#breadcrumb"},"inLanguage":"fr-FR","potentialAction":[{"@type":"ReadAction","target":["https:\/\/batijournal.com\/index.php\/lafpa-va-developper-des-tiers-lieux-de-linsertion-professionnelle\/103337\/"]}]},{"@type":"ImageObject","inLanguage":"fr-FR","@id":"https:\/\/batijournal.com\/index.php\/lafpa-va-developper-des-tiers-lieux-de-linsertion-professionnelle\/103337\/#primaryimage","url":"https:\/\/batijournal.com\/wp-content\/uploads\/2019\/11\/logo-afpa.jpeg","contentUrl":"https:\/\/batijournal.com\/wp-content\/uploads\/2019\/11\/logo-afpa.jpeg","width":206,"height":107},{"@type":"BreadcrumbList","@id":"https:\/\/batijournal.com\/index.php\/lafpa-va-developper-des-tiers-lieux-de-linsertion-professionnelle\/103337\/#breadcrumb","itemListElement":[{"@type":"ListItem","position":1,"name":"Accueil","item":"https:\/\/batijournal.com\/"},{"@type":"ListItem","position":2,"name":"Actualit\u00e9s","item":"https:\/\/batijournal.com\/index.php\/category\/actualites\/"},{"@type":"ListItem","position":3,"name":"L\u2019Afpa va d\u00e9velopper des tiers-lieux de l\u2019insertion professionnelle"}]},{"@type":"WebSite","@id":"https:\/\/batijournal.com\/#website","url":"https:\/\/batijournal.com\/","name":"Batijournal","description":"L&#039;actualit\u00e9 du b\u00e2timent","potentialAction":[{"@type":"SearchAction","target":{"@type":"EntryPoint","urlTemplate":"https:\/\/batijournal.com\/?s={search_term_string}"},"query-input":{"@type":"PropertyValueSpecification","valueRequired":true,"valueName":"search_term_string"}}],"inLanguage":"fr-FR"},{"@type":"Person","@id":"https:\/\/batijournal.com\/#\/schema\/person\/1dc96ec6957aa1ccb25ebe78bb19f100","name":"St\u00e9phane Miget","image":{"@type":"ImageObject","inLanguage":"fr-FR","@id":"https:\/\/secure.gravatar.com\/avatar\/89915563d925342126b8ef0281b93d9d7fc337043e8df017f780908eb9644451?s=96&d=mm&r=g","url":"https:\/\/secure.gravatar.com\/avatar\/89915563d925342126b8ef0281b93d9d7fc337043e8df017f780908eb9644451?s=96&d=mm&r=g","contentUrl":"https:\/\/secure.gravatar.com\/avatar\/89915563d925342126b8ef0281b93d9d7fc337043e8df017f780908eb9644451?s=96&d=mm&r=g","caption":"St\u00e9phane Miget"},"url":"https:\/\/batijournal.com\/index.php\/author\/stephane\/"}]}},"_links":{"self":[{"href":"https:\/\/batijournal.com\/index.php\/wp-json\/wp\/v2\/posts\/103337","targetHints":{"allow":["GET"]}}],"collection":[{"href":"https:\/\/batijournal.com\/index.php\/wp-json\/wp\/v2\/posts"}],"about":[{"href":"https:\/\/batijournal.com\/index.php\/wp-json\/wp\/v2\/types\/post"}],"author":[{"embeddable":true,"href":"https:\/\/batijournal.com\/index.php\/wp-json\/wp\/v2\/users\/17"}],"replies":[{"embeddable":true,"href":"https:\/\/batijournal.com\/index.php\/wp-json\/wp\/v2\/comments?post=103337"}],"version-history":[{"count":0,"href":"https:\/\/batijournal.com\/index.php\/wp-json\/wp\/v2\/posts\/103337\/revisions"}],"wp:featuredmedia":[{"embeddable":true,"href":"https:\/\/batijournal.com\/index.php\/wp-json\/wp\/v2\/media\/103339"}],"wp:attachment":[{"href":"https:\/\/batijournal.com\/index.php\/wp-json\/wp\/v2\/media?parent=103337"}],"wp:term":[{"taxonomy":"category","embeddable":true,"href":"https:\/\/batijournal.com\/index.php\/wp-json\/wp\/v2\/categories?post=103337"},{"taxonomy":"post_tag","embeddable":true,"href":"https:\/\/batijournal.com\/index.php\/wp-json\/wp\/v2\/tags?post=103337"}],"curies":[{"name":"wp","href":"https:\/\/api.w.org\/{rel}","templated":true}]}}