{"id":103344,"date":"2019-11-19T09:27:04","date_gmt":"2019-11-19T08:27:04","guid":{"rendered":"https:\/\/batijournal.com\/?p=103344"},"modified":"2019-11-19T09:27:04","modified_gmt":"2019-11-19T08:27:04","slug":"renovation-energetique-julien-denormandie-et-emmanuelle-wargon-font-le-point-sur-la-politique-engagee-par-le-gouvernement","status":"publish","type":"post","link":"https:\/\/batijournal.com\/index.php\/renovation-energetique-julien-denormandie-et-emmanuelle-wargon-font-le-point-sur-la-politique-engagee-par-le-gouvernement\/103344\/","title":{"rendered":"R\u00e9novation \u00e9nerg\u00e9tique : Julien Denormandie et Emmanuelle Wargon font le point sur la politique engag\u00e9e par le gouvernement"},"content":{"rendered":"<p><strong>Ces derni\u00e8res semaines, dans le cadre d\u2019un Tour de France de la r\u00e9novation \u00e9nerg\u00e9tique, Julien Denormandie et Emmanuelle Wargon sont all\u00e9s \u00e0 la rencontre des collectivit\u00e9s locales, des conseillers FAIRE et des professionnels, pour faire le point sur le d\u00e9ploiement de la politique de r\u00e9novation \u00e9nerg\u00e9tique des b\u00e2timents.<\/strong><\/p>\n<h2>Un meilleur accompagnement des m\u00e9nages \u00e0 la r\u00e9novation \u00e9nerg\u00e9tique de leur logement<\/h2>\n<p>En 1er lieu, chaque Fran\u00e7ais doit pouvoir b\u00e9n\u00e9ficier, o\u00f9 qu\u2019il soit, d\u2019informations et de conseils sur la r\u00e9novation de son logement. C\u2019est le sens du programme d\u2019Accompagnement \u00e0 la R\u00e9novation \u00c9nerg\u00e9tique (SARE) dot\u00e9 de 200 millions d\u2019euros, via les certificats d\u2019\u00e9conomies d\u2019\u00e9nergie (CEE), lanc\u00e9 par le Gouvernement en septembre et port\u00e9 par l\u2019Agence de l\u2019Environnement et de la Ma\u00eetrise de l\u2019Energie (ADEME). Le d\u00e9ploiement de ce programme sur tout le territoire repose sur une implication forte des collectivit\u00e9s territoriales volontaires, \u00e0 l\u2019\u00e9chelle de chacune des r\u00e9gions. De premi\u00e8res conventions seront sign\u00e9es avec des collectivit\u00e9s locales d\u2019ici la fin de l\u2019ann\u00e9e.<\/p>\n<h2>Des dispositifs d\u2019aides modernis\u00e9s et renforc\u00e9s<\/h2>\n<p>Parall\u00e8lement, les aides \u00e0 la r\u00e9novation \u00e9nerg\u00e9tique sont repens\u00e9es pour am\u00e9liorer leur articulation et simplifier l\u2019acc\u00e8s aux aides. Le CITE sera transform\u00e9 en une prime, \u00ab Ma Prime R\u00e9nov\u2019 \u00bb, d\u00e8s le 1er janvier 2020 pour les m\u00e9nages modestes, qui sera fusionn\u00e9e avec l\u2019aide ANAH Agilit\u00e9 et vers\u00e9e d\u00e8s l\u2019envoi des factures des travaux, au lieu du d\u00e9calage d\u2019un an aujourd\u2019hui avec le CITE.<\/p>\n<p>Le programme Habiter Mieux S\u00e9r\u00e9nit\u00e9 de l\u2019Anah sera parall\u00e8lement renforc\u00e9 et revaloris\u00e9 d\u00e8s l\u2019ann\u00e9e 2020 pour financer des r\u00e9novations d\u2019ensemble en accompagnant plusieurs milliers de m\u00e9nages modestes chaque ann\u00e9e.<\/p>\n<p>Cette ann\u00e9e, l\u2019Anah a d\u00e9j\u00e0 aid\u00e9 \u00e0 la r\u00e9novation de 84 000 logements. Par ailleurs, le succ\u00e8s des op\u00e9rations \u00ab Coup de pouce \u00bb a permis de financer le remplacement de pr\u00e8s de 200 000 chauffages (dont plus de 72 000 chaudi\u00e8res au fioul) et de 265 000 isolations de combles depuis le 1er janvier 2019. Plus d\u2019une vingtaine de programmes de Certificats d\u2019\u00c9conomies d\u2019\u00c9nergie (CEE) viennent actuellement soutenir la formation, l&rsquo;information, l&rsquo;innovation et la massification dans le secteur de la r\u00e9novation.<\/p>\n<p>Le Gouvernement soutient plus largement les r\u00e9novations d\u2019ensemble des centres-villes dans les 222 villes Action C\u0153ur de Ville et dans les op\u00e9rations de revitalisation des territoires avec un objectif de 500 op\u00e9rations en 2020. Sur ces territoires, le dispositif d\u2019investissement locatif dans l\u2019ancien, dit \u00ab Denormandie ancien \u00bb, permet de remettre sur le march\u00e9 des logements r\u00e9nov\u00e9s dans leur ensemble. Ces dispositifs seront compl\u00e9t\u00e9s dans le courant de l\u2019ann\u00e9e 2020 par des dispositifs adapt\u00e9s \u00e0 la r\u00e9novation des copropri\u00e9t\u00e9s et aux propri\u00e9taires bailleurs.<\/p>\n<p>Les ministres ont rappel\u00e9 les annonces relatives \u00e0 la lutte contre les pratiques frauduleuses et au renforcement de la confiance des m\u00e9nages, condition essentielle de l\u2019acc\u00e9l\u00e9ration des r\u00e9novations.<\/p>\n<h2>R\u00e9novation des b\u00e2timents tertiaires : obligation progressive pour tous les b\u00e2timents et attention renforc\u00e9e pour les b\u00e2timents publics<\/h2>\n<p>Avec plus de 950 millions de m\u00b2, la r\u00e9novation \u00e0 grande \u00e9chelle du tertiaire public et priv\u00e9 est essentielle \u00e0 l\u2019atteinte d\u2019un parc basse consommation en 2050. Conform\u00e9ment \u00e0 la loi ELAN, les b\u00e2timents de plus de 1000 m\u00b2 devront diminuer leur consommation de 40 % d\u2019ici 2030, 50 % en 2040 et 60 % en 2050. Le d\u00e9cret d\u2019application, dit d\u00e9cret \u201ctertiaire\u201d, a \u00e9t\u00e9 publi\u00e9 cet \u00e9t\u00e9 apr\u00e8s une large concertation. Sur ce segment du parc, la priorit\u00e9 est aussi donn\u00e9e \u00e0 l\u2019exemplarit\u00e9 du parc public de l\u2019\u00c9tat et des collectivit\u00e9s locales avec une volont\u00e9 r\u00e9affirm\u00e9e d\u2019accompagner les collectivit\u00e9s territoriales dans la r\u00e9novation des b\u00e2timents scolaires.<\/p>\n<h2>Un pilotage et une conduite de l\u2019action resserr\u00e9e<\/h2>\n<p>Enfin, pour assurer un pilotage plus efficace de la politique publique, une \u00e9quipe projet d\u00e9di\u00e9e a \u00e9t\u00e9 mise en place au sein des deux minist\u00e8res et un observatoire de la r\u00e9novation \u00e9nerg\u00e9tique des b\u00e2timents se met en place pour mieux suivre le rythme et la qualit\u00e9 des r\u00e9novations.<\/p>\n","protected":false},"excerpt":{"rendered":"<p>Ces derni\u00e8res semaines, dans le cadre d\u2019un Tour de France de la r\u00e9novation \u00e9nerg\u00e9tique, Julien Denormandie et Emmanuelle Wargon sont all\u00e9s \u00e0 la rencontre des collectivit\u00e9s locales, des conseillers FAIRE et des professionnels, pour faire le point sur le d\u00e9ploiement de la politique de r\u00e9novation \u00e9nerg\u00e9tique des b\u00e2timents. Un meilleur accompagnement des m\u00e9nages \u00e0 la [&hellip;]<\/p>\n","protected":false},"author":17,"featured_media":87319,"comment_status":"closed","ping_status":"closed","sticky":false,"template":"","format":"standard","meta":{"_et_pb_use_builder":"","_et_pb_old_content":"","_et_gb_content_width":"","footnotes":""},"categories":[10736,10530,6351,10781,10778],"tags":[1683],"class_list":["post-103344","post","type-post","status-publish","format-standard","has-post-thumbnail","hentry","category-a-la-une","category-actualites","category-energie-environnement","category-publications-planete","category-planete","tag-renovation-energetique"],"yoast_head":"<!-- This site is optimized with the Yoast SEO plugin v27.4 - https:\/\/yoast.com\/product\/yoast-seo-wordpress\/ -->\n<title>R\u00e9novation \u00e9nerg\u00e9tique : Julien Denormandie et Emmanuelle Wargon font le point sur la politique engag\u00e9e par le gouvernement<\/title>\n<meta name=\"description\" content=\"Julien Denormandie et Emmanuelle Wargon font le point sur le d\u00e9ploiement de la politique de r\u00e9novation \u00e9nerg\u00e9tique des b\u00e2timents\" \/>\n<meta name=\"robots\" content=\"index, follow, max-snippet:-1, max-image-preview:large, max-video-preview:-1\" \/>\n<link rel=\"canonical\" href=\"https:\/\/batijournal.com\/index.php\/renovation-energetique-julien-denormandie-et-emmanuelle-wargon-font-le-point-sur-la-politique-engagee-par-le-gouvernement\/103344\/\" \/>\n<meta property=\"og:locale\" content=\"fr_FR\" \/>\n<meta property=\"og:type\" content=\"article\" \/>\n<meta property=\"og:title\" content=\"R\u00e9novation \u00e9nerg\u00e9tique : Julien Denormandie et Emmanuelle Wargon font le point sur la politique engag\u00e9e par le gouvernement\" \/>\n<meta property=\"og:description\" content=\"Julien Denormandie et Emmanuelle Wargon font le point sur le d\u00e9ploiement de la politique de r\u00e9novation \u00e9nerg\u00e9tique des b\u00e2timents\" \/>\n<meta property=\"og:url\" content=\"https:\/\/batijournal.com\/index.php\/renovation-energetique-julien-denormandie-et-emmanuelle-wargon-font-le-point-sur-la-politique-engagee-par-le-gouvernement\/103344\/\" \/>\n<meta property=\"og:site_name\" content=\"Batijournal\" \/>\n<meta property=\"article:published_time\" content=\"2019-11-19T08:27:04+00:00\" \/>\n<meta property=\"og:image\" content=\"https:\/\/batijournal.com\/wp-content\/uploads\/2015\/05\/99857158.jpg\" \/>\n\t<meta property=\"og:image:width\" content=\"600\" \/>\n\t<meta property=\"og:image:height\" content=\"450\" \/>\n\t<meta property=\"og:image:type\" content=\"image\/jpeg\" \/>\n<meta name=\"author\" content=\"St\u00e9phane Miget\" \/>\n<meta name=\"twitter:card\" content=\"summary_large_image\" \/>\n<meta name=\"twitter:creator\" content=\"@bati_journal\" \/>\n<meta name=\"twitter:site\" content=\"@bati_journal\" \/>\n<meta name=\"twitter:label1\" content=\"\u00c9crit par\" \/>\n\t<meta name=\"twitter:data1\" content=\"St\u00e9phane Miget\" \/>\n\t<meta name=\"twitter:label2\" content=\"Dur\u00e9e de lecture estim\u00e9e\" \/>\n\t<meta name=\"twitter:data2\" content=\"4 minutes\" \/>\n<script type=\"application\/ld+json\" class=\"yoast-schema-graph\">{\"@context\":\"https:\\\/\\\/schema.org\",\"@graph\":[{\"@type\":\"Article\",\"@id\":\"https:\\\/\\\/batijournal.com\\\/index.php\\\/renovation-energetique-julien-denormandie-et-emmanuelle-wargon-font-le-point-sur-la-politique-engagee-par-le-gouvernement\\\/103344\\\/#article\",\"isPartOf\":{\"@id\":\"https:\\\/\\\/batijournal.com\\\/index.php\\\/renovation-energetique-julien-denormandie-et-emmanuelle-wargon-font-le-point-sur-la-politique-engagee-par-le-gouvernement\\\/103344\\\/\"},\"author\":{\"name\":\"St\u00e9phane Miget\",\"@id\":\"https:\\\/\\\/batijournal.com\\\/#\\\/schema\\\/person\\\/1dc96ec6957aa1ccb25ebe78bb19f100\"},\"headline\":\"R\u00e9novation \u00e9nerg\u00e9tique : Julien Denormandie et Emmanuelle Wargon font le point sur la politique engag\u00e9e par le gouvernement\",\"datePublished\":\"2019-11-19T08:27:04+00:00\",\"mainEntityOfPage\":{\"@id\":\"https:\\\/\\\/batijournal.com\\\/index.php\\\/renovation-energetique-julien-denormandie-et-emmanuelle-wargon-font-le-point-sur-la-politique-engagee-par-le-gouvernement\\\/103344\\\/\"},\"wordCount\":749,\"image\":{\"@id\":\"https:\\\/\\\/batijournal.com\\\/index.php\\\/renovation-energetique-julien-denormandie-et-emmanuelle-wargon-font-le-point-sur-la-politique-engagee-par-le-gouvernement\\\/103344\\\/#primaryimage\"},\"thumbnailUrl\":\"https:\\\/\\\/batijournal.com\\\/wp-content\\\/uploads\\\/2015\\\/05\\\/99857158.jpg\",\"keywords\":[\"renovation energetique\"],\"articleSection\":[\"A la Une\",\"Actualit\u00e9s\",\"\u00c9nergie &amp; Environnement\",\"zz_Actualit\u00e9s - Plan\u00e8te\",\"zz_Plan\u00e8te B\u00e2timent\"],\"inLanguage\":\"fr-FR\"},{\"@type\":\"WebPage\",\"@id\":\"https:\\\/\\\/batijournal.com\\\/index.php\\\/renovation-energetique-julien-denormandie-et-emmanuelle-wargon-font-le-point-sur-la-politique-engagee-par-le-gouvernement\\\/103344\\\/\",\"url\":\"https:\\\/\\\/batijournal.com\\\/index.php\\\/renovation-energetique-julien-denormandie-et-emmanuelle-wargon-font-le-point-sur-la-politique-engagee-par-le-gouvernement\\\/103344\\\/\",\"name\":\"R\u00e9novation \u00e9nerg\u00e9tique : Julien Denormandie et Emmanuelle Wargon font le point sur la politique engag\u00e9e par le gouvernement\",\"isPartOf\":{\"@id\":\"https:\\\/\\\/batijournal.com\\\/#website\"},\"primaryImageOfPage\":{\"@id\":\"https:\\\/\\\/batijournal.com\\\/index.php\\\/renovation-energetique-julien-denormandie-et-emmanuelle-wargon-font-le-point-sur-la-politique-engagee-par-le-gouvernement\\\/103344\\\/#primaryimage\"},\"image\":{\"@id\":\"https:\\\/\\\/batijournal.com\\\/index.php\\\/renovation-energetique-julien-denormandie-et-emmanuelle-wargon-font-le-point-sur-la-politique-engagee-par-le-gouvernement\\\/103344\\\/#primaryimage\"},\"thumbnailUrl\":\"https:\\\/\\\/batijournal.com\\\/wp-content\\\/uploads\\\/2015\\\/05\\\/99857158.jpg\",\"datePublished\":\"2019-11-19T08:27:04+00:00\",\"author\":{\"@id\":\"https:\\\/\\\/batijournal.com\\\/#\\\/schema\\\/person\\\/1dc96ec6957aa1ccb25ebe78bb19f100\"},\"description\":\"Julien Denormandie et Emmanuelle Wargon font le point sur le d\u00e9ploiement de la politique de r\u00e9novation \u00e9nerg\u00e9tique des b\u00e2timents\",\"breadcrumb\":{\"@id\":\"https:\\\/\\\/batijournal.com\\\/index.php\\\/renovation-energetique-julien-denormandie-et-emmanuelle-wargon-font-le-point-sur-la-politique-engagee-par-le-gouvernement\\\/103344\\\/#breadcrumb\"},\"inLanguage\":\"fr-FR\",\"potentialAction\":[{\"@type\":\"ReadAction\",\"target\":[\"https:\\\/\\\/batijournal.com\\\/index.php\\\/renovation-energetique-julien-denormandie-et-emmanuelle-wargon-font-le-point-sur-la-politique-engagee-par-le-gouvernement\\\/103344\\\/\"]}]},{\"@type\":\"ImageObject\",\"inLanguage\":\"fr-FR\",\"@id\":\"https:\\\/\\\/batijournal.com\\\/index.php\\\/renovation-energetique-julien-denormandie-et-emmanuelle-wargon-font-le-point-sur-la-politique-engagee-par-le-gouvernement\\\/103344\\\/#primaryimage\",\"url\":\"https:\\\/\\\/batijournal.com\\\/wp-content\\\/uploads\\\/2015\\\/05\\\/99857158.jpg\",\"contentUrl\":\"https:\\\/\\\/batijournal.com\\\/wp-content\\\/uploads\\\/2015\\\/05\\\/99857158.jpg\",\"width\":600,\"height\":450,\"caption\":\"r\u00e9novation logements\"},{\"@type\":\"BreadcrumbList\",\"@id\":\"https:\\\/\\\/batijournal.com\\\/index.php\\\/renovation-energetique-julien-denormandie-et-emmanuelle-wargon-font-le-point-sur-la-politique-engagee-par-le-gouvernement\\\/103344\\\/#breadcrumb\",\"itemListElement\":[{\"@type\":\"ListItem\",\"position\":1,\"name\":\"Accueil\",\"item\":\"https:\\\/\\\/batijournal.com\\\/\"},{\"@type\":\"ListItem\",\"position\":2,\"name\":\"A la Une\",\"item\":\"https:\\\/\\\/batijournal.com\\\/index.php\\\/category\\\/a-la-une\\\/\"},{\"@type\":\"ListItem\",\"position\":3,\"name\":\"R\u00e9novation \u00e9nerg\u00e9tique : Julien Denormandie et Emmanuelle Wargon font le point sur la politique engag\u00e9e par le gouvernement\"}]},{\"@type\":\"WebSite\",\"@id\":\"https:\\\/\\\/batijournal.com\\\/#website\",\"url\":\"https:\\\/\\\/batijournal.com\\\/\",\"name\":\"Batijournal\",\"description\":\"L&#039;actualit\u00e9 du b\u00e2timent\",\"potentialAction\":[{\"@type\":\"SearchAction\",\"target\":{\"@type\":\"EntryPoint\",\"urlTemplate\":\"https:\\\/\\\/batijournal.com\\\/?s={search_term_string}\"},\"query-input\":{\"@type\":\"PropertyValueSpecification\",\"valueRequired\":true,\"valueName\":\"search_term_string\"}}],\"inLanguage\":\"fr-FR\"},{\"@type\":\"Person\",\"@id\":\"https:\\\/\\\/batijournal.com\\\/#\\\/schema\\\/person\\\/1dc96ec6957aa1ccb25ebe78bb19f100\",\"name\":\"St\u00e9phane Miget\",\"image\":{\"@type\":\"ImageObject\",\"inLanguage\":\"fr-FR\",\"@id\":\"https:\\\/\\\/secure.gravatar.com\\\/avatar\\\/89915563d925342126b8ef0281b93d9d7fc337043e8df017f780908eb9644451?s=96&d=mm&r=g\",\"url\":\"https:\\\/\\\/secure.gravatar.com\\\/avatar\\\/89915563d925342126b8ef0281b93d9d7fc337043e8df017f780908eb9644451?s=96&d=mm&r=g\",\"contentUrl\":\"https:\\\/\\\/secure.gravatar.com\\\/avatar\\\/89915563d925342126b8ef0281b93d9d7fc337043e8df017f780908eb9644451?s=96&d=mm&r=g\",\"caption\":\"St\u00e9phane Miget\"},\"url\":\"https:\\\/\\\/batijournal.com\\\/index.php\\\/author\\\/stephane\\\/\"}]}<\/script>\n<!-- \/ Yoast SEO plugin. -->","yoast_head_json":{"title":"R\u00e9novation \u00e9nerg\u00e9tique : Julien Denormandie et Emmanuelle Wargon font le point sur la politique engag\u00e9e par le gouvernement","description":"Julien Denormandie et Emmanuelle Wargon font le point sur le d\u00e9ploiement de la politique de r\u00e9novation \u00e9nerg\u00e9tique des b\u00e2timents","robots":{"index":"index","follow":"follow","max-snippet":"max-snippet:-1","max-image-preview":"max-image-preview:large","max-video-preview":"max-video-preview:-1"},"canonical":"https:\/\/batijournal.com\/index.php\/renovation-energetique-julien-denormandie-et-emmanuelle-wargon-font-le-point-sur-la-politique-engagee-par-le-gouvernement\/103344\/","og_locale":"fr_FR","og_type":"article","og_title":"R\u00e9novation \u00e9nerg\u00e9tique : Julien Denormandie et Emmanuelle Wargon font le point sur la politique engag\u00e9e par le gouvernement","og_description":"Julien Denormandie et Emmanuelle Wargon font le point sur le d\u00e9ploiement de la politique de r\u00e9novation \u00e9nerg\u00e9tique des b\u00e2timents","og_url":"https:\/\/batijournal.com\/index.php\/renovation-energetique-julien-denormandie-et-emmanuelle-wargon-font-le-point-sur-la-politique-engagee-par-le-gouvernement\/103344\/","og_site_name":"Batijournal","article_published_time":"2019-11-19T08:27:04+00:00","og_image":[{"width":600,"height":450,"url":"https:\/\/batijournal.com\/wp-content\/uploads\/2015\/05\/99857158.jpg","type":"image\/jpeg"}],"author":"St\u00e9phane Miget","twitter_card":"summary_large_image","twitter_creator":"@bati_journal","twitter_site":"@bati_journal","twitter_misc":{"\u00c9crit par":"St\u00e9phane Miget","Dur\u00e9e de lecture estim\u00e9e":"4 minutes"},"schema":{"@context":"https:\/\/schema.org","@graph":[{"@type":"Article","@id":"https:\/\/batijournal.com\/index.php\/renovation-energetique-julien-denormandie-et-emmanuelle-wargon-font-le-point-sur-la-politique-engagee-par-le-gouvernement\/103344\/#article","isPartOf":{"@id":"https:\/\/batijournal.com\/index.php\/renovation-energetique-julien-denormandie-et-emmanuelle-wargon-font-le-point-sur-la-politique-engagee-par-le-gouvernement\/103344\/"},"author":{"name":"St\u00e9phane Miget","@id":"https:\/\/batijournal.com\/#\/schema\/person\/1dc96ec6957aa1ccb25ebe78bb19f100"},"headline":"R\u00e9novation \u00e9nerg\u00e9tique : Julien Denormandie et Emmanuelle Wargon font le point sur la politique engag\u00e9e par le gouvernement","datePublished":"2019-11-19T08:27:04+00:00","mainEntityOfPage":{"@id":"https:\/\/batijournal.com\/index.php\/renovation-energetique-julien-denormandie-et-emmanuelle-wargon-font-le-point-sur-la-politique-engagee-par-le-gouvernement\/103344\/"},"wordCount":749,"image":{"@id":"https:\/\/batijournal.com\/index.php\/renovation-energetique-julien-denormandie-et-emmanuelle-wargon-font-le-point-sur-la-politique-engagee-par-le-gouvernement\/103344\/#primaryimage"},"thumbnailUrl":"https:\/\/batijournal.com\/wp-content\/uploads\/2015\/05\/99857158.jpg","keywords":["renovation energetique"],"articleSection":["A la Une","Actualit\u00e9s","\u00c9nergie &amp; Environnement","zz_Actualit\u00e9s - Plan\u00e8te","zz_Plan\u00e8te B\u00e2timent"],"inLanguage":"fr-FR"},{"@type":"WebPage","@id":"https:\/\/batijournal.com\/index.php\/renovation-energetique-julien-denormandie-et-emmanuelle-wargon-font-le-point-sur-la-politique-engagee-par-le-gouvernement\/103344\/","url":"https:\/\/batijournal.com\/index.php\/renovation-energetique-julien-denormandie-et-emmanuelle-wargon-font-le-point-sur-la-politique-engagee-par-le-gouvernement\/103344\/","name":"R\u00e9novation \u00e9nerg\u00e9tique : Julien Denormandie et Emmanuelle Wargon font le point sur la politique engag\u00e9e par le gouvernement","isPartOf":{"@id":"https:\/\/batijournal.com\/#website"},"primaryImageOfPage":{"@id":"https:\/\/batijournal.com\/index.php\/renovation-energetique-julien-denormandie-et-emmanuelle-wargon-font-le-point-sur-la-politique-engagee-par-le-gouvernement\/103344\/#primaryimage"},"image":{"@id":"https:\/\/batijournal.com\/index.php\/renovation-energetique-julien-denormandie-et-emmanuelle-wargon-font-le-point-sur-la-politique-engagee-par-le-gouvernement\/103344\/#primaryimage"},"thumbnailUrl":"https:\/\/batijournal.com\/wp-content\/uploads\/2015\/05\/99857158.jpg","datePublished":"2019-11-19T08:27:04+00:00","author":{"@id":"https:\/\/batijournal.com\/#\/schema\/person\/1dc96ec6957aa1ccb25ebe78bb19f100"},"description":"Julien Denormandie et Emmanuelle Wargon font le point sur le d\u00e9ploiement de la politique de r\u00e9novation \u00e9nerg\u00e9tique des b\u00e2timents","breadcrumb":{"@id":"https:\/\/batijournal.com\/index.php\/renovation-energetique-julien-denormandie-et-emmanuelle-wargon-font-le-point-sur-la-politique-engagee-par-le-gouvernement\/103344\/#breadcrumb"},"inLanguage":"fr-FR","potentialAction":[{"@type":"ReadAction","target":["https:\/\/batijournal.com\/index.php\/renovation-energetique-julien-denormandie-et-emmanuelle-wargon-font-le-point-sur-la-politique-engagee-par-le-gouvernement\/103344\/"]}]},{"@type":"ImageObject","inLanguage":"fr-FR","@id":"https:\/\/batijournal.com\/index.php\/renovation-energetique-julien-denormandie-et-emmanuelle-wargon-font-le-point-sur-la-politique-engagee-par-le-gouvernement\/103344\/#primaryimage","url":"https:\/\/batijournal.com\/wp-content\/uploads\/2015\/05\/99857158.jpg","contentUrl":"https:\/\/batijournal.com\/wp-content\/uploads\/2015\/05\/99857158.jpg","width":600,"height":450,"caption":"r\u00e9novation logements"},{"@type":"BreadcrumbList","@id":"https:\/\/batijournal.com\/index.php\/renovation-energetique-julien-denormandie-et-emmanuelle-wargon-font-le-point-sur-la-politique-engagee-par-le-gouvernement\/103344\/#breadcrumb","itemListElement":[{"@type":"ListItem","position":1,"name":"Accueil","item":"https:\/\/batijournal.com\/"},{"@type":"ListItem","position":2,"name":"A la Une","item":"https:\/\/batijournal.com\/index.php\/category\/a-la-une\/"},{"@type":"ListItem","position":3,"name":"R\u00e9novation \u00e9nerg\u00e9tique : Julien Denormandie et Emmanuelle Wargon font le point sur la politique engag\u00e9e par le gouvernement"}]},{"@type":"WebSite","@id":"https:\/\/batijournal.com\/#website","url":"https:\/\/batijournal.com\/","name":"Batijournal","description":"L&#039;actualit\u00e9 du b\u00e2timent","potentialAction":[{"@type":"SearchAction","target":{"@type":"EntryPoint","urlTemplate":"https:\/\/batijournal.com\/?s={search_term_string}"},"query-input":{"@type":"PropertyValueSpecification","valueRequired":true,"valueName":"search_term_string"}}],"inLanguage":"fr-FR"},{"@type":"Person","@id":"https:\/\/batijournal.com\/#\/schema\/person\/1dc96ec6957aa1ccb25ebe78bb19f100","name":"St\u00e9phane Miget","image":{"@type":"ImageObject","inLanguage":"fr-FR","@id":"https:\/\/secure.gravatar.com\/avatar\/89915563d925342126b8ef0281b93d9d7fc337043e8df017f780908eb9644451?s=96&d=mm&r=g","url":"https:\/\/secure.gravatar.com\/avatar\/89915563d925342126b8ef0281b93d9d7fc337043e8df017f780908eb9644451?s=96&d=mm&r=g","contentUrl":"https:\/\/secure.gravatar.com\/avatar\/89915563d925342126b8ef0281b93d9d7fc337043e8df017f780908eb9644451?s=96&d=mm&r=g","caption":"St\u00e9phane Miget"},"url":"https:\/\/batijournal.com\/index.php\/author\/stephane\/"}]}},"_links":{"self":[{"href":"https:\/\/batijournal.com\/index.php\/wp-json\/wp\/v2\/posts\/103344","targetHints":{"allow":["GET"]}}],"collection":[{"href":"https:\/\/batijournal.com\/index.php\/wp-json\/wp\/v2\/posts"}],"about":[{"href":"https:\/\/batijournal.com\/index.php\/wp-json\/wp\/v2\/types\/post"}],"author":[{"embeddable":true,"href":"https:\/\/batijournal.com\/index.php\/wp-json\/wp\/v2\/users\/17"}],"replies":[{"embeddable":true,"href":"https:\/\/batijournal.com\/index.php\/wp-json\/wp\/v2\/comments?post=103344"}],"version-history":[{"count":0,"href":"https:\/\/batijournal.com\/index.php\/wp-json\/wp\/v2\/posts\/103344\/revisions"}],"wp:featuredmedia":[{"embeddable":true,"href":"https:\/\/batijournal.com\/index.php\/wp-json\/wp\/v2\/media\/87319"}],"wp:attachment":[{"href":"https:\/\/batijournal.com\/index.php\/wp-json\/wp\/v2\/media?parent=103344"}],"wp:term":[{"taxonomy":"category","embeddable":true,"href":"https:\/\/batijournal.com\/index.php\/wp-json\/wp\/v2\/categories?post=103344"},{"taxonomy":"post_tag","embeddable":true,"href":"https:\/\/batijournal.com\/index.php\/wp-json\/wp\/v2\/tags?post=103344"}],"curies":[{"name":"wp","href":"https:\/\/api.w.org\/{rel}","templated":true}]}}