{"id":103354,"date":"2019-11-21T06:08:14","date_gmt":"2019-11-21T05:08:14","guid":{"rendered":"https:\/\/batijournal.com\/?p=103354"},"modified":"2019-11-21T06:08:14","modified_gmt":"2019-11-21T05:08:14","slug":"brise-soleil-en-bois-composite","status":"publish","type":"post","link":"https:\/\/batijournal.com\/index.php\/brise-soleil-en-bois-composite\/103354\/","title":{"rendered":"Brise-soleil en bois composite"},"content":{"rendered":"<p>Fiberdeck a con\u00e7u un \u00e9l\u00e9ment d\u2019architecture contemporain et d\u00e9coratif qui r\u00e9duit l\u2019inconfort li\u00e9 au rayonnement direct du soleil : le brise-soleil en bois composite coextrud\u00e9 WEO. Il se compose de 2 \u00e9l\u00e9ments distincts : un profil\u00e9 en bois composite coextrud\u00e9 alv\u00e9olaire de section rectangulaire et un renfort en aluminium de 2 mm d\u2019\u00e9paisseur. Ce renfort permet de reprendre les efforts de flexion entre 2 supports et de limiter la fl\u00e8che de d\u00e9formation du profil\u00e9 \u00e0 moins de 1,5 mm. Solide, imputrescible et 100 % r\u00e9sistant aux termites, sans reprise d\u2019humidit\u00e9, ce brise-soleil b\u00e9n\u00e9ficie d\u2019une tr\u00e8s bonne stabilit\u00e9 dimensionnelle avec 1,15 mm\/ml pour une amplitude thermique de 30\u00b0C. Chaque profil est recouvert d\u2019un film protecteur en poly\u00e9thyl\u00e8ne, insensible aux UV, qui garantit l\u2019\u00e9clat du mat\u00e9riau pendant plus de 20 ans. Il ne n\u00e9cessite pas d\u2019entretien particulier. Faciles \u00e0 mettre en \u0153uvre, les profils alv\u00e9olaires peuvent \u00eatre fix\u00e9s de plusieurs mani\u00e8res et selon diff\u00e9rentes orientations.<\/p>\n","protected":false},"excerpt":{"rendered":"<p>Fiberdeck a con\u00e7u un \u00e9l\u00e9ment d\u2019architecture contemporain et d\u00e9coratif qui r\u00e9duit l\u2019inconfort li\u00e9 au rayonnement direct du soleil : le brise-soleil en bois composite coextrud\u00e9 WEO. Il se compose de 2 \u00e9l\u00e9ments distincts : un profil\u00e9 en bois composite coextrud\u00e9 alv\u00e9olaire de section rectangulaire et un renfort en aluminium de 2 mm d\u2019\u00e9paisseur. Ce renfort [&hellip;]<\/p>\n","protected":false},"author":17,"featured_media":103351,"comment_status":"closed","ping_status":"closed","sticky":false,"template":"","format":"standard","meta":{"_et_pb_use_builder":"","_et_pb_old_content":"","_et_gb_content_width":"","footnotes":""},"categories":[6356,10771,10774],"tags":[1741],"class_list":["post-103354","post","type-post","status-publish","format-standard","has-post-thumbnail","hentry","category-produits-solutions-techniques","category-5facades","category-produits-5facades","tag-brise-soleil"],"yoast_head":"<!-- This site is optimized with the Yoast SEO plugin v27.4 - https:\/\/yoast.com\/product\/yoast-seo-wordpress\/ -->\n<title>Brise-soleil en bois composite<\/title>\n<meta name=\"description\" content=\"Fiberdeck a con\u00e7u un \u00e9l\u00e9ment d\u2019architecture contemporain et d\u00e9coratif, brise-soleil en bois composite, qui r\u00e9duit l\u2019inconfort li\u00e9 au rayonnement du soleil\" \/>\n<meta name=\"robots\" content=\"index, follow, max-snippet:-1, max-image-preview:large, max-video-preview:-1\" \/>\n<link rel=\"canonical\" href=\"https:\/\/batijournal.com\/index.php\/brise-soleil-en-bois-composite\/103354\/\" \/>\n<meta property=\"og:locale\" content=\"fr_FR\" \/>\n<meta property=\"og:type\" content=\"article\" \/>\n<meta property=\"og:title\" content=\"Brise-soleil en bois composite\" \/>\n<meta property=\"og:description\" content=\"Fiberdeck a con\u00e7u un \u00e9l\u00e9ment d\u2019architecture contemporain et d\u00e9coratif, brise-soleil en bois composite, qui r\u00e9duit l\u2019inconfort li\u00e9 au rayonnement du soleil\" \/>\n<meta property=\"og:url\" content=\"https:\/\/batijournal.com\/index.php\/brise-soleil-en-bois-composite\/103354\/\" \/>\n<meta property=\"og:site_name\" content=\"Batijournal\" \/>\n<meta property=\"article:published_time\" content=\"2019-11-21T05:08:14+00:00\" \/>\n<meta property=\"og:image\" content=\"https:\/\/batijournal.com\/wp-content\/uploads\/2019\/11\/Fiberdeck-Brise-soleil-WEO.jpg\" \/>\n\t<meta property=\"og:image:width\" content=\"1200\" \/>\n\t<meta property=\"og:image:height\" content=\"655\" \/>\n\t<meta property=\"og:image:type\" content=\"image\/jpeg\" \/>\n<meta name=\"author\" content=\"St\u00e9phane Miget\" \/>\n<meta name=\"twitter:card\" content=\"summary_large_image\" \/>\n<meta name=\"twitter:creator\" content=\"@bati_journal\" \/>\n<meta name=\"twitter:site\" content=\"@bati_journal\" \/>\n<meta name=\"twitter:label1\" content=\"\u00c9crit par\" \/>\n\t<meta name=\"twitter:data1\" content=\"St\u00e9phane Miget\" \/>\n\t<meta name=\"twitter:label2\" content=\"Dur\u00e9e de lecture estim\u00e9e\" \/>\n\t<meta name=\"twitter:data2\" content=\"1 minute\" \/>\n<script type=\"application\/ld+json\" class=\"yoast-schema-graph\">{\"@context\":\"https:\\\/\\\/schema.org\",\"@graph\":[{\"@type\":\"Article\",\"@id\":\"https:\\\/\\\/batijournal.com\\\/index.php\\\/brise-soleil-en-bois-composite\\\/103354\\\/#article\",\"isPartOf\":{\"@id\":\"https:\\\/\\\/batijournal.com\\\/index.php\\\/brise-soleil-en-bois-composite\\\/103354\\\/\"},\"author\":{\"name\":\"St\u00e9phane Miget\",\"@id\":\"https:\\\/\\\/batijournal.com\\\/#\\\/schema\\\/person\\\/1dc96ec6957aa1ccb25ebe78bb19f100\"},\"headline\":\"Brise-soleil en bois composite\",\"datePublished\":\"2019-11-21T05:08:14+00:00\",\"mainEntityOfPage\":{\"@id\":\"https:\\\/\\\/batijournal.com\\\/index.php\\\/brise-soleil-en-bois-composite\\\/103354\\\/\"},\"wordCount\":174,\"image\":{\"@id\":\"https:\\\/\\\/batijournal.com\\\/index.php\\\/brise-soleil-en-bois-composite\\\/103354\\\/#primaryimage\"},\"thumbnailUrl\":\"https:\\\/\\\/batijournal.com\\\/wp-content\\\/uploads\\\/2019\\\/11\\\/Fiberdeck-Brise-soleil-WEO.jpg\",\"keywords\":[\"brise-soleil\"],\"articleSection\":[\"Produits &amp; Solutions techniques\",\"zz_5fa\u00e7ades\",\"zz_Nouveaut\u00e9s Produits - 5fa\u00e7ades\"],\"inLanguage\":\"fr-FR\"},{\"@type\":\"WebPage\",\"@id\":\"https:\\\/\\\/batijournal.com\\\/index.php\\\/brise-soleil-en-bois-composite\\\/103354\\\/\",\"url\":\"https:\\\/\\\/batijournal.com\\\/index.php\\\/brise-soleil-en-bois-composite\\\/103354\\\/\",\"name\":\"Brise-soleil en bois composite\",\"isPartOf\":{\"@id\":\"https:\\\/\\\/batijournal.com\\\/#website\"},\"primaryImageOfPage\":{\"@id\":\"https:\\\/\\\/batijournal.com\\\/index.php\\\/brise-soleil-en-bois-composite\\\/103354\\\/#primaryimage\"},\"image\":{\"@id\":\"https:\\\/\\\/batijournal.com\\\/index.php\\\/brise-soleil-en-bois-composite\\\/103354\\\/#primaryimage\"},\"thumbnailUrl\":\"https:\\\/\\\/batijournal.com\\\/wp-content\\\/uploads\\\/2019\\\/11\\\/Fiberdeck-Brise-soleil-WEO.jpg\",\"datePublished\":\"2019-11-21T05:08:14+00:00\",\"author\":{\"@id\":\"https:\\\/\\\/batijournal.com\\\/#\\\/schema\\\/person\\\/1dc96ec6957aa1ccb25ebe78bb19f100\"},\"description\":\"Fiberdeck a con\u00e7u un \u00e9l\u00e9ment d\u2019architecture contemporain et d\u00e9coratif, brise-soleil en bois composite, qui r\u00e9duit l\u2019inconfort li\u00e9 au rayonnement du soleil\",\"breadcrumb\":{\"@id\":\"https:\\\/\\\/batijournal.com\\\/index.php\\\/brise-soleil-en-bois-composite\\\/103354\\\/#breadcrumb\"},\"inLanguage\":\"fr-FR\",\"potentialAction\":[{\"@type\":\"ReadAction\",\"target\":[\"https:\\\/\\\/batijournal.com\\\/index.php\\\/brise-soleil-en-bois-composite\\\/103354\\\/\"]}]},{\"@type\":\"ImageObject\",\"inLanguage\":\"fr-FR\",\"@id\":\"https:\\\/\\\/batijournal.com\\\/index.php\\\/brise-soleil-en-bois-composite\\\/103354\\\/#primaryimage\",\"url\":\"https:\\\/\\\/batijournal.com\\\/wp-content\\\/uploads\\\/2019\\\/11\\\/Fiberdeck-Brise-soleil-WEO.jpg\",\"contentUrl\":\"https:\\\/\\\/batijournal.com\\\/wp-content\\\/uploads\\\/2019\\\/11\\\/Fiberdeck-Brise-soleil-WEO.jpg\",\"width\":1200,\"height\":655},{\"@type\":\"BreadcrumbList\",\"@id\":\"https:\\\/\\\/batijournal.com\\\/index.php\\\/brise-soleil-en-bois-composite\\\/103354\\\/#breadcrumb\",\"itemListElement\":[{\"@type\":\"ListItem\",\"position\":1,\"name\":\"Accueil\",\"item\":\"https:\\\/\\\/batijournal.com\\\/\"},{\"@type\":\"ListItem\",\"position\":2,\"name\":\"Produits &amp; Solutions techniques\",\"item\":\"https:\\\/\\\/batijournal.com\\\/index.php\\\/category\\\/produits-solutions-techniques\\\/\"},{\"@type\":\"ListItem\",\"position\":3,\"name\":\"Brise-soleil en bois composite\"}]},{\"@type\":\"WebSite\",\"@id\":\"https:\\\/\\\/batijournal.com\\\/#website\",\"url\":\"https:\\\/\\\/batijournal.com\\\/\",\"name\":\"Batijournal\",\"description\":\"L&#039;actualit\u00e9 du b\u00e2timent\",\"potentialAction\":[{\"@type\":\"SearchAction\",\"target\":{\"@type\":\"EntryPoint\",\"urlTemplate\":\"https:\\\/\\\/batijournal.com\\\/?s={search_term_string}\"},\"query-input\":{\"@type\":\"PropertyValueSpecification\",\"valueRequired\":true,\"valueName\":\"search_term_string\"}}],\"inLanguage\":\"fr-FR\"},{\"@type\":\"Person\",\"@id\":\"https:\\\/\\\/batijournal.com\\\/#\\\/schema\\\/person\\\/1dc96ec6957aa1ccb25ebe78bb19f100\",\"name\":\"St\u00e9phane Miget\",\"image\":{\"@type\":\"ImageObject\",\"inLanguage\":\"fr-FR\",\"@id\":\"https:\\\/\\\/secure.gravatar.com\\\/avatar\\\/89915563d925342126b8ef0281b93d9d7fc337043e8df017f780908eb9644451?s=96&d=mm&r=g\",\"url\":\"https:\\\/\\\/secure.gravatar.com\\\/avatar\\\/89915563d925342126b8ef0281b93d9d7fc337043e8df017f780908eb9644451?s=96&d=mm&r=g\",\"contentUrl\":\"https:\\\/\\\/secure.gravatar.com\\\/avatar\\\/89915563d925342126b8ef0281b93d9d7fc337043e8df017f780908eb9644451?s=96&d=mm&r=g\",\"caption\":\"St\u00e9phane Miget\"},\"url\":\"https:\\\/\\\/batijournal.com\\\/index.php\\\/author\\\/stephane\\\/\"}]}<\/script>\n<!-- \/ Yoast SEO plugin. -->","yoast_head_json":{"title":"Brise-soleil en bois composite","description":"Fiberdeck a con\u00e7u un \u00e9l\u00e9ment d\u2019architecture contemporain et d\u00e9coratif, brise-soleil en bois composite, qui r\u00e9duit l\u2019inconfort li\u00e9 au rayonnement du soleil","robots":{"index":"index","follow":"follow","max-snippet":"max-snippet:-1","max-image-preview":"max-image-preview:large","max-video-preview":"max-video-preview:-1"},"canonical":"https:\/\/batijournal.com\/index.php\/brise-soleil-en-bois-composite\/103354\/","og_locale":"fr_FR","og_type":"article","og_title":"Brise-soleil en bois composite","og_description":"Fiberdeck a con\u00e7u un \u00e9l\u00e9ment d\u2019architecture contemporain et d\u00e9coratif, brise-soleil en bois composite, qui r\u00e9duit l\u2019inconfort li\u00e9 au rayonnement du soleil","og_url":"https:\/\/batijournal.com\/index.php\/brise-soleil-en-bois-composite\/103354\/","og_site_name":"Batijournal","article_published_time":"2019-11-21T05:08:14+00:00","og_image":[{"width":1200,"height":655,"url":"https:\/\/batijournal.com\/wp-content\/uploads\/2019\/11\/Fiberdeck-Brise-soleil-WEO.jpg","type":"image\/jpeg"}],"author":"St\u00e9phane Miget","twitter_card":"summary_large_image","twitter_creator":"@bati_journal","twitter_site":"@bati_journal","twitter_misc":{"\u00c9crit par":"St\u00e9phane Miget","Dur\u00e9e de lecture estim\u00e9e":"1 minute"},"schema":{"@context":"https:\/\/schema.org","@graph":[{"@type":"Article","@id":"https:\/\/batijournal.com\/index.php\/brise-soleil-en-bois-composite\/103354\/#article","isPartOf":{"@id":"https:\/\/batijournal.com\/index.php\/brise-soleil-en-bois-composite\/103354\/"},"author":{"name":"St\u00e9phane Miget","@id":"https:\/\/batijournal.com\/#\/schema\/person\/1dc96ec6957aa1ccb25ebe78bb19f100"},"headline":"Brise-soleil en bois composite","datePublished":"2019-11-21T05:08:14+00:00","mainEntityOfPage":{"@id":"https:\/\/batijournal.com\/index.php\/brise-soleil-en-bois-composite\/103354\/"},"wordCount":174,"image":{"@id":"https:\/\/batijournal.com\/index.php\/brise-soleil-en-bois-composite\/103354\/#primaryimage"},"thumbnailUrl":"https:\/\/batijournal.com\/wp-content\/uploads\/2019\/11\/Fiberdeck-Brise-soleil-WEO.jpg","keywords":["brise-soleil"],"articleSection":["Produits &amp; Solutions techniques","zz_5fa\u00e7ades","zz_Nouveaut\u00e9s Produits - 5fa\u00e7ades"],"inLanguage":"fr-FR"},{"@type":"WebPage","@id":"https:\/\/batijournal.com\/index.php\/brise-soleil-en-bois-composite\/103354\/","url":"https:\/\/batijournal.com\/index.php\/brise-soleil-en-bois-composite\/103354\/","name":"Brise-soleil en bois composite","isPartOf":{"@id":"https:\/\/batijournal.com\/#website"},"primaryImageOfPage":{"@id":"https:\/\/batijournal.com\/index.php\/brise-soleil-en-bois-composite\/103354\/#primaryimage"},"image":{"@id":"https:\/\/batijournal.com\/index.php\/brise-soleil-en-bois-composite\/103354\/#primaryimage"},"thumbnailUrl":"https:\/\/batijournal.com\/wp-content\/uploads\/2019\/11\/Fiberdeck-Brise-soleil-WEO.jpg","datePublished":"2019-11-21T05:08:14+00:00","author":{"@id":"https:\/\/batijournal.com\/#\/schema\/person\/1dc96ec6957aa1ccb25ebe78bb19f100"},"description":"Fiberdeck a con\u00e7u un \u00e9l\u00e9ment d\u2019architecture contemporain et d\u00e9coratif, brise-soleil en bois composite, qui r\u00e9duit l\u2019inconfort li\u00e9 au rayonnement du soleil","breadcrumb":{"@id":"https:\/\/batijournal.com\/index.php\/brise-soleil-en-bois-composite\/103354\/#breadcrumb"},"inLanguage":"fr-FR","potentialAction":[{"@type":"ReadAction","target":["https:\/\/batijournal.com\/index.php\/brise-soleil-en-bois-composite\/103354\/"]}]},{"@type":"ImageObject","inLanguage":"fr-FR","@id":"https:\/\/batijournal.com\/index.php\/brise-soleil-en-bois-composite\/103354\/#primaryimage","url":"https:\/\/batijournal.com\/wp-content\/uploads\/2019\/11\/Fiberdeck-Brise-soleil-WEO.jpg","contentUrl":"https:\/\/batijournal.com\/wp-content\/uploads\/2019\/11\/Fiberdeck-Brise-soleil-WEO.jpg","width":1200,"height":655},{"@type":"BreadcrumbList","@id":"https:\/\/batijournal.com\/index.php\/brise-soleil-en-bois-composite\/103354\/#breadcrumb","itemListElement":[{"@type":"ListItem","position":1,"name":"Accueil","item":"https:\/\/batijournal.com\/"},{"@type":"ListItem","position":2,"name":"Produits &amp; Solutions techniques","item":"https:\/\/batijournal.com\/index.php\/category\/produits-solutions-techniques\/"},{"@type":"ListItem","position":3,"name":"Brise-soleil en bois composite"}]},{"@type":"WebSite","@id":"https:\/\/batijournal.com\/#website","url":"https:\/\/batijournal.com\/","name":"Batijournal","description":"L&#039;actualit\u00e9 du b\u00e2timent","potentialAction":[{"@type":"SearchAction","target":{"@type":"EntryPoint","urlTemplate":"https:\/\/batijournal.com\/?s={search_term_string}"},"query-input":{"@type":"PropertyValueSpecification","valueRequired":true,"valueName":"search_term_string"}}],"inLanguage":"fr-FR"},{"@type":"Person","@id":"https:\/\/batijournal.com\/#\/schema\/person\/1dc96ec6957aa1ccb25ebe78bb19f100","name":"St\u00e9phane Miget","image":{"@type":"ImageObject","inLanguage":"fr-FR","@id":"https:\/\/secure.gravatar.com\/avatar\/89915563d925342126b8ef0281b93d9d7fc337043e8df017f780908eb9644451?s=96&d=mm&r=g","url":"https:\/\/secure.gravatar.com\/avatar\/89915563d925342126b8ef0281b93d9d7fc337043e8df017f780908eb9644451?s=96&d=mm&r=g","contentUrl":"https:\/\/secure.gravatar.com\/avatar\/89915563d925342126b8ef0281b93d9d7fc337043e8df017f780908eb9644451?s=96&d=mm&r=g","caption":"St\u00e9phane Miget"},"url":"https:\/\/batijournal.com\/index.php\/author\/stephane\/"}]}},"_links":{"self":[{"href":"https:\/\/batijournal.com\/index.php\/wp-json\/wp\/v2\/posts\/103354","targetHints":{"allow":["GET"]}}],"collection":[{"href":"https:\/\/batijournal.com\/index.php\/wp-json\/wp\/v2\/posts"}],"about":[{"href":"https:\/\/batijournal.com\/index.php\/wp-json\/wp\/v2\/types\/post"}],"author":[{"embeddable":true,"href":"https:\/\/batijournal.com\/index.php\/wp-json\/wp\/v2\/users\/17"}],"replies":[{"embeddable":true,"href":"https:\/\/batijournal.com\/index.php\/wp-json\/wp\/v2\/comments?post=103354"}],"version-history":[{"count":0,"href":"https:\/\/batijournal.com\/index.php\/wp-json\/wp\/v2\/posts\/103354\/revisions"}],"wp:featuredmedia":[{"embeddable":true,"href":"https:\/\/batijournal.com\/index.php\/wp-json\/wp\/v2\/media\/103351"}],"wp:attachment":[{"href":"https:\/\/batijournal.com\/index.php\/wp-json\/wp\/v2\/media?parent=103354"}],"wp:term":[{"taxonomy":"category","embeddable":true,"href":"https:\/\/batijournal.com\/index.php\/wp-json\/wp\/v2\/categories?post=103354"},{"taxonomy":"post_tag","embeddable":true,"href":"https:\/\/batijournal.com\/index.php\/wp-json\/wp\/v2\/tags?post=103354"}],"curies":[{"name":"wp","href":"https:\/\/api.w.org\/{rel}","templated":true}]}}