{"id":103365,"date":"2019-11-25T07:00:42","date_gmt":"2019-11-25T06:00:42","guid":{"rendered":"https:\/\/batijournal.com\/?p=103365"},"modified":"2019-11-25T07:00:42","modified_gmt":"2019-11-25T06:00:42","slug":"une-nouvelle-chaire-denseignement-et-de-recherche-associe-vinci-construction-et-lesitc-caen","status":"publish","type":"post","link":"https:\/\/batijournal.com\/index.php\/une-nouvelle-chaire-denseignement-et-de-recherche-associe-vinci-construction-et-lesitc-caen\/103365\/","title":{"rendered":"Une nouvelle chaire d&rsquo;enseignement et de recherche associe VINCI Construction et l&rsquo;ESITC Caen"},"content":{"rendered":"<p>VINCI Construction et l&rsquo;\u00e9cole d&rsquo;ing\u00e9nieur ESITC Caen signent une nouvelle chaire d&rsquo;enseignement et de recherche : \u00ab M\u00e9thodes, Production et Excellence Op\u00e9rationnelle de la Construction \u00bb. La convention sign\u00e9e par Herv\u00e9 Meller, Directeur des Ressources Humaines de VINCI Construction, et Philippe Gruat, Pr\u00e9sident de l&rsquo;ESITC Caen, marque une nouvelle \u00e9tape dans le partenariat de longue date qui lie l&rsquo;\u00e9cole et le premier groupe fran\u00e7ais, acteur mondial de la construction. La chaire a pour objectif de faire b\u00e9n\u00e9ficier les futurs ing\u00e9nieurs en g\u00e9nie civil de l&rsquo;expertise mondialement reconnue de VINCI Construction. La transmission des savoirs en mati\u00e8re d&rsquo;\u00ab excellence op\u00e9rationnelle \u00bb des \u00e9quipes de VINCI Construction vers les \u00e9l\u00e8ves ing\u00e9nieurs de l&rsquo;ESITC Caen, devient une partie int\u00e9grante de la formation. En combinant expertise op\u00e9rationnelle, innovation technologique et ma\u00eetrise des nouveaux mat\u00e9riaux, les futurs ing\u00e9nieurs devraient contribuer \u00e0 une construction de b\u00e2timents et d&rsquo;ouvrages plus s\u00fbrs, apportant plus de confort aux usagers, et plus respectueuse de l&rsquo;environnement.<\/p>\n","protected":false},"excerpt":{"rendered":"<p>VINCI Construction et l&rsquo;\u00e9cole d&rsquo;ing\u00e9nieur ESITC Caen signent une nouvelle chaire d&rsquo;enseignement et de recherche : \u00ab M\u00e9thodes, Production et Excellence Op\u00e9rationnelle de la Construction \u00bb. La convention sign\u00e9e par Herv\u00e9 Meller, Directeur des Ressources Humaines de VINCI Construction, et Philippe Gruat, Pr\u00e9sident de l&rsquo;ESITC Caen, marque une nouvelle \u00e9tape dans le partenariat de longue [&hellip;]<\/p>\n","protected":false},"author":17,"featured_media":103366,"comment_status":"closed","ping_status":"closed","sticky":false,"template":"","format":"standard","meta":{"_et_pb_use_builder":"","_et_pb_old_content":"","_et_gb_content_width":"","footnotes":""},"categories":[10530,6362],"tags":[517],"class_list":["post-103365","post","type-post","status-publish","format-standard","has-post-thumbnail","hentry","category-actualites","category-services-equipements","tag-formation"],"yoast_head":"<!-- This site is optimized with the Yoast SEO plugin v27.4 - https:\/\/yoast.com\/product\/yoast-seo-wordpress\/ -->\n<title>Une nouvelle chaire d&#039;enseignement et de recherche associe VINCI Construction et l&#039;ESITC Caen<\/title>\n<meta name=\"description\" content=\"VINCI Construction et l&#039;\u00e9cole ESITC Caen pour une nouvelle chaire d&#039;enseignement : \u00ab M\u00e9thodes, Production et Excellence Op\u00e9rationnelle de la Construction \u00bb\" \/>\n<meta name=\"robots\" content=\"index, follow, max-snippet:-1, max-image-preview:large, max-video-preview:-1\" \/>\n<link rel=\"canonical\" href=\"https:\/\/batijournal.com\/index.php\/une-nouvelle-chaire-denseignement-et-de-recherche-associe-vinci-construction-et-lesitc-caen\/103365\/\" \/>\n<meta property=\"og:locale\" content=\"fr_FR\" \/>\n<meta property=\"og:type\" content=\"article\" \/>\n<meta property=\"og:title\" content=\"Une nouvelle chaire d&#039;enseignement et de recherche associe VINCI Construction et l&#039;ESITC Caen\" \/>\n<meta property=\"og:description\" content=\"VINCI Construction et l&#039;\u00e9cole ESITC Caen pour une nouvelle chaire d&#039;enseignement : \u00ab M\u00e9thodes, Production et Excellence Op\u00e9rationnelle de la Construction \u00bb\" \/>\n<meta property=\"og:url\" content=\"https:\/\/batijournal.com\/index.php\/une-nouvelle-chaire-denseignement-et-de-recherche-associe-vinci-construction-et-lesitc-caen\/103365\/\" \/>\n<meta property=\"og:site_name\" content=\"Batijournal\" \/>\n<meta property=\"article:published_time\" content=\"2019-11-25T06:00:42+00:00\" \/>\n<meta property=\"og:image\" content=\"https:\/\/batijournal.com\/wp-content\/uploads\/2019\/11\/chaire-esitc-caen-vinci-construction-21-11-2019.png\" \/>\n\t<meta property=\"og:image:width\" content=\"800\" \/>\n\t<meta property=\"og:image:height\" content=\"533\" \/>\n\t<meta property=\"og:image:type\" content=\"image\/png\" \/>\n<meta name=\"author\" content=\"St\u00e9phane Miget\" \/>\n<meta name=\"twitter:card\" content=\"summary_large_image\" \/>\n<meta name=\"twitter:creator\" content=\"@bati_journal\" \/>\n<meta name=\"twitter:site\" content=\"@bati_journal\" \/>\n<meta name=\"twitter:label1\" content=\"\u00c9crit par\" \/>\n\t<meta name=\"twitter:data1\" content=\"St\u00e9phane Miget\" \/>\n\t<meta name=\"twitter:label2\" content=\"Dur\u00e9e de lecture estim\u00e9e\" \/>\n\t<meta name=\"twitter:data2\" content=\"1 minute\" \/>\n<script type=\"application\/ld+json\" class=\"yoast-schema-graph\">{\"@context\":\"https:\\\/\\\/schema.org\",\"@graph\":[{\"@type\":\"Article\",\"@id\":\"https:\\\/\\\/batijournal.com\\\/index.php\\\/une-nouvelle-chaire-denseignement-et-de-recherche-associe-vinci-construction-et-lesitc-caen\\\/103365\\\/#article\",\"isPartOf\":{\"@id\":\"https:\\\/\\\/batijournal.com\\\/index.php\\\/une-nouvelle-chaire-denseignement-et-de-recherche-associe-vinci-construction-et-lesitc-caen\\\/103365\\\/\"},\"author\":{\"name\":\"St\u00e9phane Miget\",\"@id\":\"https:\\\/\\\/batijournal.com\\\/#\\\/schema\\\/person\\\/1dc96ec6957aa1ccb25ebe78bb19f100\"},\"headline\":\"Une nouvelle chaire d&rsquo;enseignement et de recherche associe VINCI Construction et l&rsquo;ESITC Caen\",\"datePublished\":\"2019-11-25T06:00:42+00:00\",\"mainEntityOfPage\":{\"@id\":\"https:\\\/\\\/batijournal.com\\\/index.php\\\/une-nouvelle-chaire-denseignement-et-de-recherche-associe-vinci-construction-et-lesitc-caen\\\/103365\\\/\"},\"wordCount\":195,\"image\":{\"@id\":\"https:\\\/\\\/batijournal.com\\\/index.php\\\/une-nouvelle-chaire-denseignement-et-de-recherche-associe-vinci-construction-et-lesitc-caen\\\/103365\\\/#primaryimage\"},\"thumbnailUrl\":\"https:\\\/\\\/batijournal.com\\\/wp-content\\\/uploads\\\/2019\\\/11\\\/chaire-esitc-caen-vinci-construction-21-11-2019.png\",\"keywords\":[\"formation\"],\"articleSection\":[\"Actualit\u00e9s\",\"Divers\"],\"inLanguage\":\"fr-FR\"},{\"@type\":\"WebPage\",\"@id\":\"https:\\\/\\\/batijournal.com\\\/index.php\\\/une-nouvelle-chaire-denseignement-et-de-recherche-associe-vinci-construction-et-lesitc-caen\\\/103365\\\/\",\"url\":\"https:\\\/\\\/batijournal.com\\\/index.php\\\/une-nouvelle-chaire-denseignement-et-de-recherche-associe-vinci-construction-et-lesitc-caen\\\/103365\\\/\",\"name\":\"Une nouvelle chaire d'enseignement et de recherche associe VINCI Construction et l'ESITC Caen\",\"isPartOf\":{\"@id\":\"https:\\\/\\\/batijournal.com\\\/#website\"},\"primaryImageOfPage\":{\"@id\":\"https:\\\/\\\/batijournal.com\\\/index.php\\\/une-nouvelle-chaire-denseignement-et-de-recherche-associe-vinci-construction-et-lesitc-caen\\\/103365\\\/#primaryimage\"},\"image\":{\"@id\":\"https:\\\/\\\/batijournal.com\\\/index.php\\\/une-nouvelle-chaire-denseignement-et-de-recherche-associe-vinci-construction-et-lesitc-caen\\\/103365\\\/#primaryimage\"},\"thumbnailUrl\":\"https:\\\/\\\/batijournal.com\\\/wp-content\\\/uploads\\\/2019\\\/11\\\/chaire-esitc-caen-vinci-construction-21-11-2019.png\",\"datePublished\":\"2019-11-25T06:00:42+00:00\",\"author\":{\"@id\":\"https:\\\/\\\/batijournal.com\\\/#\\\/schema\\\/person\\\/1dc96ec6957aa1ccb25ebe78bb19f100\"},\"description\":\"VINCI Construction et l'\u00e9cole ESITC Caen pour une nouvelle chaire d'enseignement : \u00ab M\u00e9thodes, Production et Excellence Op\u00e9rationnelle de la Construction \u00bb\",\"breadcrumb\":{\"@id\":\"https:\\\/\\\/batijournal.com\\\/index.php\\\/une-nouvelle-chaire-denseignement-et-de-recherche-associe-vinci-construction-et-lesitc-caen\\\/103365\\\/#breadcrumb\"},\"inLanguage\":\"fr-FR\",\"potentialAction\":[{\"@type\":\"ReadAction\",\"target\":[\"https:\\\/\\\/batijournal.com\\\/index.php\\\/une-nouvelle-chaire-denseignement-et-de-recherche-associe-vinci-construction-et-lesitc-caen\\\/103365\\\/\"]}]},{\"@type\":\"ImageObject\",\"inLanguage\":\"fr-FR\",\"@id\":\"https:\\\/\\\/batijournal.com\\\/index.php\\\/une-nouvelle-chaire-denseignement-et-de-recherche-associe-vinci-construction-et-lesitc-caen\\\/103365\\\/#primaryimage\",\"url\":\"https:\\\/\\\/batijournal.com\\\/wp-content\\\/uploads\\\/2019\\\/11\\\/chaire-esitc-caen-vinci-construction-21-11-2019.png\",\"contentUrl\":\"https:\\\/\\\/batijournal.com\\\/wp-content\\\/uploads\\\/2019\\\/11\\\/chaire-esitc-caen-vinci-construction-21-11-2019.png\",\"width\":800,\"height\":533},{\"@type\":\"BreadcrumbList\",\"@id\":\"https:\\\/\\\/batijournal.com\\\/index.php\\\/une-nouvelle-chaire-denseignement-et-de-recherche-associe-vinci-construction-et-lesitc-caen\\\/103365\\\/#breadcrumb\",\"itemListElement\":[{\"@type\":\"ListItem\",\"position\":1,\"name\":\"Accueil\",\"item\":\"https:\\\/\\\/batijournal.com\\\/\"},{\"@type\":\"ListItem\",\"position\":2,\"name\":\"Actualit\u00e9s\",\"item\":\"https:\\\/\\\/batijournal.com\\\/index.php\\\/category\\\/actualites\\\/\"},{\"@type\":\"ListItem\",\"position\":3,\"name\":\"Une nouvelle chaire d&rsquo;enseignement et de recherche associe VINCI Construction et l&rsquo;ESITC Caen\"}]},{\"@type\":\"WebSite\",\"@id\":\"https:\\\/\\\/batijournal.com\\\/#website\",\"url\":\"https:\\\/\\\/batijournal.com\\\/\",\"name\":\"Batijournal\",\"description\":\"L&#039;actualit\u00e9 du b\u00e2timent\",\"potentialAction\":[{\"@type\":\"SearchAction\",\"target\":{\"@type\":\"EntryPoint\",\"urlTemplate\":\"https:\\\/\\\/batijournal.com\\\/?s={search_term_string}\"},\"query-input\":{\"@type\":\"PropertyValueSpecification\",\"valueRequired\":true,\"valueName\":\"search_term_string\"}}],\"inLanguage\":\"fr-FR\"},{\"@type\":\"Person\",\"@id\":\"https:\\\/\\\/batijournal.com\\\/#\\\/schema\\\/person\\\/1dc96ec6957aa1ccb25ebe78bb19f100\",\"name\":\"St\u00e9phane Miget\",\"image\":{\"@type\":\"ImageObject\",\"inLanguage\":\"fr-FR\",\"@id\":\"https:\\\/\\\/secure.gravatar.com\\\/avatar\\\/89915563d925342126b8ef0281b93d9d7fc337043e8df017f780908eb9644451?s=96&d=mm&r=g\",\"url\":\"https:\\\/\\\/secure.gravatar.com\\\/avatar\\\/89915563d925342126b8ef0281b93d9d7fc337043e8df017f780908eb9644451?s=96&d=mm&r=g\",\"contentUrl\":\"https:\\\/\\\/secure.gravatar.com\\\/avatar\\\/89915563d925342126b8ef0281b93d9d7fc337043e8df017f780908eb9644451?s=96&d=mm&r=g\",\"caption\":\"St\u00e9phane Miget\"},\"url\":\"https:\\\/\\\/batijournal.com\\\/index.php\\\/author\\\/stephane\\\/\"}]}<\/script>\n<!-- \/ Yoast SEO plugin. -->","yoast_head_json":{"title":"Une nouvelle chaire d'enseignement et de recherche associe VINCI Construction et l'ESITC Caen","description":"VINCI Construction et l'\u00e9cole ESITC Caen pour une nouvelle chaire d'enseignement : \u00ab M\u00e9thodes, Production et Excellence Op\u00e9rationnelle de la Construction \u00bb","robots":{"index":"index","follow":"follow","max-snippet":"max-snippet:-1","max-image-preview":"max-image-preview:large","max-video-preview":"max-video-preview:-1"},"canonical":"https:\/\/batijournal.com\/index.php\/une-nouvelle-chaire-denseignement-et-de-recherche-associe-vinci-construction-et-lesitc-caen\/103365\/","og_locale":"fr_FR","og_type":"article","og_title":"Une nouvelle chaire d'enseignement et de recherche associe VINCI Construction et l'ESITC Caen","og_description":"VINCI Construction et l'\u00e9cole ESITC Caen pour une nouvelle chaire d'enseignement : \u00ab M\u00e9thodes, Production et Excellence Op\u00e9rationnelle de la Construction \u00bb","og_url":"https:\/\/batijournal.com\/index.php\/une-nouvelle-chaire-denseignement-et-de-recherche-associe-vinci-construction-et-lesitc-caen\/103365\/","og_site_name":"Batijournal","article_published_time":"2019-11-25T06:00:42+00:00","og_image":[{"width":800,"height":533,"url":"https:\/\/batijournal.com\/wp-content\/uploads\/2019\/11\/chaire-esitc-caen-vinci-construction-21-11-2019.png","type":"image\/png"}],"author":"St\u00e9phane Miget","twitter_card":"summary_large_image","twitter_creator":"@bati_journal","twitter_site":"@bati_journal","twitter_misc":{"\u00c9crit par":"St\u00e9phane Miget","Dur\u00e9e de lecture estim\u00e9e":"1 minute"},"schema":{"@context":"https:\/\/schema.org","@graph":[{"@type":"Article","@id":"https:\/\/batijournal.com\/index.php\/une-nouvelle-chaire-denseignement-et-de-recherche-associe-vinci-construction-et-lesitc-caen\/103365\/#article","isPartOf":{"@id":"https:\/\/batijournal.com\/index.php\/une-nouvelle-chaire-denseignement-et-de-recherche-associe-vinci-construction-et-lesitc-caen\/103365\/"},"author":{"name":"St\u00e9phane Miget","@id":"https:\/\/batijournal.com\/#\/schema\/person\/1dc96ec6957aa1ccb25ebe78bb19f100"},"headline":"Une nouvelle chaire d&rsquo;enseignement et de recherche associe VINCI Construction et l&rsquo;ESITC Caen","datePublished":"2019-11-25T06:00:42+00:00","mainEntityOfPage":{"@id":"https:\/\/batijournal.com\/index.php\/une-nouvelle-chaire-denseignement-et-de-recherche-associe-vinci-construction-et-lesitc-caen\/103365\/"},"wordCount":195,"image":{"@id":"https:\/\/batijournal.com\/index.php\/une-nouvelle-chaire-denseignement-et-de-recherche-associe-vinci-construction-et-lesitc-caen\/103365\/#primaryimage"},"thumbnailUrl":"https:\/\/batijournal.com\/wp-content\/uploads\/2019\/11\/chaire-esitc-caen-vinci-construction-21-11-2019.png","keywords":["formation"],"articleSection":["Actualit\u00e9s","Divers"],"inLanguage":"fr-FR"},{"@type":"WebPage","@id":"https:\/\/batijournal.com\/index.php\/une-nouvelle-chaire-denseignement-et-de-recherche-associe-vinci-construction-et-lesitc-caen\/103365\/","url":"https:\/\/batijournal.com\/index.php\/une-nouvelle-chaire-denseignement-et-de-recherche-associe-vinci-construction-et-lesitc-caen\/103365\/","name":"Une nouvelle chaire d'enseignement et de recherche associe VINCI Construction et l'ESITC Caen","isPartOf":{"@id":"https:\/\/batijournal.com\/#website"},"primaryImageOfPage":{"@id":"https:\/\/batijournal.com\/index.php\/une-nouvelle-chaire-denseignement-et-de-recherche-associe-vinci-construction-et-lesitc-caen\/103365\/#primaryimage"},"image":{"@id":"https:\/\/batijournal.com\/index.php\/une-nouvelle-chaire-denseignement-et-de-recherche-associe-vinci-construction-et-lesitc-caen\/103365\/#primaryimage"},"thumbnailUrl":"https:\/\/batijournal.com\/wp-content\/uploads\/2019\/11\/chaire-esitc-caen-vinci-construction-21-11-2019.png","datePublished":"2019-11-25T06:00:42+00:00","author":{"@id":"https:\/\/batijournal.com\/#\/schema\/person\/1dc96ec6957aa1ccb25ebe78bb19f100"},"description":"VINCI Construction et l'\u00e9cole ESITC Caen pour une nouvelle chaire d'enseignement : \u00ab M\u00e9thodes, Production et Excellence Op\u00e9rationnelle de la Construction \u00bb","breadcrumb":{"@id":"https:\/\/batijournal.com\/index.php\/une-nouvelle-chaire-denseignement-et-de-recherche-associe-vinci-construction-et-lesitc-caen\/103365\/#breadcrumb"},"inLanguage":"fr-FR","potentialAction":[{"@type":"ReadAction","target":["https:\/\/batijournal.com\/index.php\/une-nouvelle-chaire-denseignement-et-de-recherche-associe-vinci-construction-et-lesitc-caen\/103365\/"]}]},{"@type":"ImageObject","inLanguage":"fr-FR","@id":"https:\/\/batijournal.com\/index.php\/une-nouvelle-chaire-denseignement-et-de-recherche-associe-vinci-construction-et-lesitc-caen\/103365\/#primaryimage","url":"https:\/\/batijournal.com\/wp-content\/uploads\/2019\/11\/chaire-esitc-caen-vinci-construction-21-11-2019.png","contentUrl":"https:\/\/batijournal.com\/wp-content\/uploads\/2019\/11\/chaire-esitc-caen-vinci-construction-21-11-2019.png","width":800,"height":533},{"@type":"BreadcrumbList","@id":"https:\/\/batijournal.com\/index.php\/une-nouvelle-chaire-denseignement-et-de-recherche-associe-vinci-construction-et-lesitc-caen\/103365\/#breadcrumb","itemListElement":[{"@type":"ListItem","position":1,"name":"Accueil","item":"https:\/\/batijournal.com\/"},{"@type":"ListItem","position":2,"name":"Actualit\u00e9s","item":"https:\/\/batijournal.com\/index.php\/category\/actualites\/"},{"@type":"ListItem","position":3,"name":"Une nouvelle chaire d&rsquo;enseignement et de recherche associe VINCI Construction et l&rsquo;ESITC Caen"}]},{"@type":"WebSite","@id":"https:\/\/batijournal.com\/#website","url":"https:\/\/batijournal.com\/","name":"Batijournal","description":"L&#039;actualit\u00e9 du b\u00e2timent","potentialAction":[{"@type":"SearchAction","target":{"@type":"EntryPoint","urlTemplate":"https:\/\/batijournal.com\/?s={search_term_string}"},"query-input":{"@type":"PropertyValueSpecification","valueRequired":true,"valueName":"search_term_string"}}],"inLanguage":"fr-FR"},{"@type":"Person","@id":"https:\/\/batijournal.com\/#\/schema\/person\/1dc96ec6957aa1ccb25ebe78bb19f100","name":"St\u00e9phane Miget","image":{"@type":"ImageObject","inLanguage":"fr-FR","@id":"https:\/\/secure.gravatar.com\/avatar\/89915563d925342126b8ef0281b93d9d7fc337043e8df017f780908eb9644451?s=96&d=mm&r=g","url":"https:\/\/secure.gravatar.com\/avatar\/89915563d925342126b8ef0281b93d9d7fc337043e8df017f780908eb9644451?s=96&d=mm&r=g","contentUrl":"https:\/\/secure.gravatar.com\/avatar\/89915563d925342126b8ef0281b93d9d7fc337043e8df017f780908eb9644451?s=96&d=mm&r=g","caption":"St\u00e9phane Miget"},"url":"https:\/\/batijournal.com\/index.php\/author\/stephane\/"}]}},"_links":{"self":[{"href":"https:\/\/batijournal.com\/index.php\/wp-json\/wp\/v2\/posts\/103365","targetHints":{"allow":["GET"]}}],"collection":[{"href":"https:\/\/batijournal.com\/index.php\/wp-json\/wp\/v2\/posts"}],"about":[{"href":"https:\/\/batijournal.com\/index.php\/wp-json\/wp\/v2\/types\/post"}],"author":[{"embeddable":true,"href":"https:\/\/batijournal.com\/index.php\/wp-json\/wp\/v2\/users\/17"}],"replies":[{"embeddable":true,"href":"https:\/\/batijournal.com\/index.php\/wp-json\/wp\/v2\/comments?post=103365"}],"version-history":[{"count":0,"href":"https:\/\/batijournal.com\/index.php\/wp-json\/wp\/v2\/posts\/103365\/revisions"}],"wp:featuredmedia":[{"embeddable":true,"href":"https:\/\/batijournal.com\/index.php\/wp-json\/wp\/v2\/media\/103366"}],"wp:attachment":[{"href":"https:\/\/batijournal.com\/index.php\/wp-json\/wp\/v2\/media?parent=103365"}],"wp:term":[{"taxonomy":"category","embeddable":true,"href":"https:\/\/batijournal.com\/index.php\/wp-json\/wp\/v2\/categories?post=103365"},{"taxonomy":"post_tag","embeddable":true,"href":"https:\/\/batijournal.com\/index.php\/wp-json\/wp\/v2\/tags?post=103365"}],"curies":[{"name":"wp","href":"https:\/\/api.w.org\/{rel}","templated":true}]}}