{"id":103387,"date":"2019-12-02T09:23:52","date_gmt":"2019-12-02T08:23:52","guid":{"rendered":"https:\/\/batijournal.com\/?p=103387"},"modified":"2019-12-02T09:23:52","modified_gmt":"2019-12-02T08:23:52","slug":"bois-colombes-agrandit-et-passe-une-ecole-primaire-en-hqe","status":"publish","type":"post","link":"https:\/\/batijournal.com\/index.php\/bois-colombes-agrandit-et-passe-une-ecole-primaire-en-hqe\/103387\/","title":{"rendered":"Bois-Colombes agrandit et passe une \u00e9cole primaire en HQE"},"content":{"rendered":"<p><strong>Le maire de Bois-Colombes, Yves R\u00e9villon a lanc\u00e9, en 2012, le projet de r\u00e9nover l\u2019\u00e9cole Saint-Exup\u00e9ry, dans le cadre du renouvellement urbain du quartier nord de la ville. C\u2019est l\u2019agence des architectes Renaud de La Noue et Ricardo Porro qui a \u00e9t\u00e9 s\u00e9lectionn\u00e9e en 2013. Suite au d\u00e9c\u00e8s de Ricardo Porro, en 2014, l\u2019architecte Renaud de La Noue a poursuivi seul le travail.<\/strong><\/p>\n<p>L\u2019ancienne \u00e9cole (6 classes) a \u00e9t\u00e9 r\u00e9habilit\u00e9e et agrandie en vue de cr\u00e9er une \u00e9cole de 16 classes. Pendant toute la dur\u00e9e des travaux, de septembre 2016 \u00e0 septembre 2019, l\u2019\u00e9cole a toujours accueilli les \u00e9l\u00e8ves. L\u2019\u00e9cole \u00e9l\u00e9mentaire a \u00e9t\u00e9 agrandie horizontalement et convertie en \u00e9cole maternelle. Son architecture d\u2019origine reste lisible, les extensions apparaissant volontairement en tant que telles. Sur le reste du terrain, ouvert sur une autre rue, a \u00e9t\u00e9 construite la nouvelle \u00e9cole \u00e9l\u00e9mentaire. Sa fa\u00e7ade devient la nouvelle image de l\u2019\u00e9cole : dynamique, puissante et color\u00e9e. Jouant entre retrait et alignement, respectant un certain \u00e9quilibre plein\/vide, sa ligne de cr\u00eate s\u2019int\u00e8gre sans heurts \u00e0 celle des pavillons et des cl\u00f4tures de la rue. Les deux entit\u00e9s semblent pouvoir vivre en ind\u00e9pendance, mais restent li\u00e9es organiquement, comme attach\u00e9es l\u2019une \u00e0 l\u2019autre, formant un ensemble riche, fonctionnel et coh\u00e9rent selon les architectes. Les deux parties poss\u00e8dent maintenant une toiture v\u00e9g\u00e9talis\u00e9e. Pour le chauffage, la Ville a investi dans un syst\u00e8me par g\u00e9othermie qui utilise la chaleur de l\u2019eau souterraine. L\u2019eau \u00e0 14\u00b0 de la nappe phr\u00e9atique est pomp\u00e9e \u00e0 50 m de profondeur. Une pompe \u00e0 chaleur utilise ses calories pour porter l\u2019eau du circuit de chauffage \u00e0 45\u00b0C. Cela permet d\u2019assurer une temp\u00e9rature des locaux entre 18\u00b0 \u00e0 20\u00b0C, compl\u00e9t\u00e9e si besoin par une chaudi\u00e8re \u00e0 gaz. Apr\u00e8s avoir \u00e9t\u00e9 refroidie, l\u2019eau est revers\u00e9e dans son milieu naturel (elle est alors \u00e0 9\u00b0C en moyenne). Ce syst\u00e8me permet de chauffer un complexe sportif et l\u2019\u00e9cole, soit une surface de 10 000 m2.<\/p>\n<p>Cette op\u00e9ration s\u2019inscrit dans une d\u00e9marche volontariste de d\u00e9veloppement durable avec la certification HQE et des objectifs de haute performance \u00e9nerg\u00e9tique (H.P.E) et haute qualit\u00e9 d\u2019usage (H.Q.U).<\/p>\n<p>Ma\u00eetrise d\u2019\u0153uvre :<br \/>\nArchitectes : Renaud de la Noue et Ricardo Poro<br \/>\nFACEA, BET structure et fluide, \u00e9conomiste TERAO, Sp\u00e9cialiste HQE<br \/>\nPHUSIS, Paysagiste<br \/>\nACV, Acousticien<br \/>\nERGO ZEN, Ergonomiste<\/p>\n","protected":false},"excerpt":{"rendered":"<p>Le maire de Bois-Colombes, Yves R\u00e9villon a lanc\u00e9, en 2012, le projet de r\u00e9nover l\u2019\u00e9cole Saint-Exup\u00e9ry, dans le cadre du renouvellement urbain du quartier nord de la ville. C\u2019est l\u2019agence des architectes Renaud de La Noue et Ricardo Porro qui a \u00e9t\u00e9 s\u00e9lectionn\u00e9e en 2013. Suite au d\u00e9c\u00e8s de Ricardo Porro, en 2014, l\u2019architecte Renaud [&hellip;]<\/p>\n","protected":false},"author":17,"featured_media":103388,"comment_status":"closed","ping_status":"closed","sticky":false,"template":"","format":"standard","meta":{"_et_pb_use_builder":"","_et_pb_old_content":"","_et_gb_content_width":"","footnotes":""},"categories":[10530,6340,10781,10778],"tags":[1180],"class_list":["post-103387","post","type-post","status-publish","format-standard","has-post-thumbnail","hentry","category-actualites","category-architecture-conception","category-publications-planete","category-planete","tag-hqe"],"yoast_head":"<!-- This site is optimized with the Yoast SEO plugin v27.4 - https:\/\/yoast.com\/product\/yoast-seo-wordpress\/ -->\n<title>Bois-Colombes agrandit et passe une \u00e9cole primaire en HQE<\/title>\n<meta name=\"description\" content=\"Le maire de Bois-Colombes, Yves R\u00e9villon a lanc\u00e9, en 2012, le projet de r\u00e9nover l\u2019\u00e9cole Saint-Exup\u00e9ry, dans le cadre du renouvellement urbain\" \/>\n<meta name=\"robots\" content=\"index, follow, max-snippet:-1, max-image-preview:large, max-video-preview:-1\" \/>\n<link rel=\"canonical\" href=\"https:\/\/batijournal.com\/index.php\/bois-colombes-agrandit-et-passe-une-ecole-primaire-en-hqe\/103387\/\" \/>\n<meta property=\"og:locale\" content=\"fr_FR\" \/>\n<meta property=\"og:type\" content=\"article\" \/>\n<meta property=\"og:title\" content=\"Bois-Colombes agrandit et passe une \u00e9cole primaire en HQE\" \/>\n<meta property=\"og:description\" content=\"Le maire de Bois-Colombes, Yves R\u00e9villon a lanc\u00e9, en 2012, le projet de r\u00e9nover l\u2019\u00e9cole Saint-Exup\u00e9ry, dans le cadre du renouvellement urbain\" \/>\n<meta property=\"og:url\" content=\"https:\/\/batijournal.com\/index.php\/bois-colombes-agrandit-et-passe-une-ecole-primaire-en-hqe\/103387\/\" \/>\n<meta property=\"og:site_name\" content=\"Batijournal\" \/>\n<meta property=\"article:published_time\" content=\"2019-12-02T08:23:52+00:00\" \/>\n<meta property=\"og:image\" content=\"https:\/\/batijournal.com\/wp-content\/uploads\/2019\/12\/Ecole-Saint-Exupery-a-Bois-Colombes-une-cathedrale-de-lumiere-signee-Renaud-de-La-Noue-et-Ricardo-Porro_.jpg\" \/>\n\t<meta property=\"og:image:width\" content=\"642\" \/>\n\t<meta property=\"og:image:height\" content=\"979\" \/>\n\t<meta property=\"og:image:type\" content=\"image\/jpeg\" \/>\n<meta name=\"author\" content=\"St\u00e9phane Miget\" \/>\n<meta name=\"twitter:card\" content=\"summary_large_image\" \/>\n<meta name=\"twitter:creator\" content=\"@bati_journal\" \/>\n<meta name=\"twitter:site\" content=\"@bati_journal\" \/>\n<meta name=\"twitter:label1\" content=\"\u00c9crit par\" \/>\n\t<meta name=\"twitter:data1\" content=\"St\u00e9phane Miget\" \/>\n\t<meta name=\"twitter:label2\" content=\"Dur\u00e9e de lecture estim\u00e9e\" \/>\n\t<meta name=\"twitter:data2\" content=\"2 minutes\" \/>\n<script type=\"application\/ld+json\" class=\"yoast-schema-graph\">{\"@context\":\"https:\\\/\\\/schema.org\",\"@graph\":[{\"@type\":\"Article\",\"@id\":\"https:\\\/\\\/batijournal.com\\\/index.php\\\/bois-colombes-agrandit-et-passe-une-ecole-primaire-en-hqe\\\/103387\\\/#article\",\"isPartOf\":{\"@id\":\"https:\\\/\\\/batijournal.com\\\/index.php\\\/bois-colombes-agrandit-et-passe-une-ecole-primaire-en-hqe\\\/103387\\\/\"},\"author\":{\"name\":\"St\u00e9phane Miget\",\"@id\":\"https:\\\/\\\/batijournal.com\\\/#\\\/schema\\\/person\\\/1dc96ec6957aa1ccb25ebe78bb19f100\"},\"headline\":\"Bois-Colombes agrandit et passe une \u00e9cole primaire en HQE\",\"datePublished\":\"2019-12-02T08:23:52+00:00\",\"mainEntityOfPage\":{\"@id\":\"https:\\\/\\\/batijournal.com\\\/index.php\\\/bois-colombes-agrandit-et-passe-une-ecole-primaire-en-hqe\\\/103387\\\/\"},\"wordCount\":428,\"image\":{\"@id\":\"https:\\\/\\\/batijournal.com\\\/index.php\\\/bois-colombes-agrandit-et-passe-une-ecole-primaire-en-hqe\\\/103387\\\/#primaryimage\"},\"thumbnailUrl\":\"https:\\\/\\\/batijournal.com\\\/wp-content\\\/uploads\\\/2019\\\/12\\\/Ecole-Saint-Exupery-a-Bois-Colombes-une-cathedrale-de-lumiere-signee-Renaud-de-La-Noue-et-Ricardo-Porro_.jpg\",\"keywords\":[\"HQE\"],\"articleSection\":[\"Actualit\u00e9s\",\"Architecture &amp; Conception\",\"zz_Actualit\u00e9s - Plan\u00e8te\",\"zz_Plan\u00e8te B\u00e2timent\"],\"inLanguage\":\"fr-FR\"},{\"@type\":\"WebPage\",\"@id\":\"https:\\\/\\\/batijournal.com\\\/index.php\\\/bois-colombes-agrandit-et-passe-une-ecole-primaire-en-hqe\\\/103387\\\/\",\"url\":\"https:\\\/\\\/batijournal.com\\\/index.php\\\/bois-colombes-agrandit-et-passe-une-ecole-primaire-en-hqe\\\/103387\\\/\",\"name\":\"Bois-Colombes agrandit et passe une \u00e9cole primaire en HQE\",\"isPartOf\":{\"@id\":\"https:\\\/\\\/batijournal.com\\\/#website\"},\"primaryImageOfPage\":{\"@id\":\"https:\\\/\\\/batijournal.com\\\/index.php\\\/bois-colombes-agrandit-et-passe-une-ecole-primaire-en-hqe\\\/103387\\\/#primaryimage\"},\"image\":{\"@id\":\"https:\\\/\\\/batijournal.com\\\/index.php\\\/bois-colombes-agrandit-et-passe-une-ecole-primaire-en-hqe\\\/103387\\\/#primaryimage\"},\"thumbnailUrl\":\"https:\\\/\\\/batijournal.com\\\/wp-content\\\/uploads\\\/2019\\\/12\\\/Ecole-Saint-Exupery-a-Bois-Colombes-une-cathedrale-de-lumiere-signee-Renaud-de-La-Noue-et-Ricardo-Porro_.jpg\",\"datePublished\":\"2019-12-02T08:23:52+00:00\",\"author\":{\"@id\":\"https:\\\/\\\/batijournal.com\\\/#\\\/schema\\\/person\\\/1dc96ec6957aa1ccb25ebe78bb19f100\"},\"description\":\"Le maire de Bois-Colombes, Yves R\u00e9villon a lanc\u00e9, en 2012, le projet de r\u00e9nover l\u2019\u00e9cole Saint-Exup\u00e9ry, dans le cadre du renouvellement urbain\",\"breadcrumb\":{\"@id\":\"https:\\\/\\\/batijournal.com\\\/index.php\\\/bois-colombes-agrandit-et-passe-une-ecole-primaire-en-hqe\\\/103387\\\/#breadcrumb\"},\"inLanguage\":\"fr-FR\",\"potentialAction\":[{\"@type\":\"ReadAction\",\"target\":[\"https:\\\/\\\/batijournal.com\\\/index.php\\\/bois-colombes-agrandit-et-passe-une-ecole-primaire-en-hqe\\\/103387\\\/\"]}]},{\"@type\":\"ImageObject\",\"inLanguage\":\"fr-FR\",\"@id\":\"https:\\\/\\\/batijournal.com\\\/index.php\\\/bois-colombes-agrandit-et-passe-une-ecole-primaire-en-hqe\\\/103387\\\/#primaryimage\",\"url\":\"https:\\\/\\\/batijournal.com\\\/wp-content\\\/uploads\\\/2019\\\/12\\\/Ecole-Saint-Exupery-a-Bois-Colombes-une-cathedrale-de-lumiere-signee-Renaud-de-La-Noue-et-Ricardo-Porro_.jpg\",\"contentUrl\":\"https:\\\/\\\/batijournal.com\\\/wp-content\\\/uploads\\\/2019\\\/12\\\/Ecole-Saint-Exupery-a-Bois-Colombes-une-cathedrale-de-lumiere-signee-Renaud-de-La-Noue-et-Ricardo-Porro_.jpg\",\"width\":642,\"height\":979},{\"@type\":\"BreadcrumbList\",\"@id\":\"https:\\\/\\\/batijournal.com\\\/index.php\\\/bois-colombes-agrandit-et-passe-une-ecole-primaire-en-hqe\\\/103387\\\/#breadcrumb\",\"itemListElement\":[{\"@type\":\"ListItem\",\"position\":1,\"name\":\"Accueil\",\"item\":\"https:\\\/\\\/batijournal.com\\\/\"},{\"@type\":\"ListItem\",\"position\":2,\"name\":\"Actualit\u00e9s\",\"item\":\"https:\\\/\\\/batijournal.com\\\/index.php\\\/category\\\/actualites\\\/\"},{\"@type\":\"ListItem\",\"position\":3,\"name\":\"Bois-Colombes agrandit et passe une \u00e9cole primaire en HQE\"}]},{\"@type\":\"WebSite\",\"@id\":\"https:\\\/\\\/batijournal.com\\\/#website\",\"url\":\"https:\\\/\\\/batijournal.com\\\/\",\"name\":\"Batijournal\",\"description\":\"L&#039;actualit\u00e9 du b\u00e2timent\",\"potentialAction\":[{\"@type\":\"SearchAction\",\"target\":{\"@type\":\"EntryPoint\",\"urlTemplate\":\"https:\\\/\\\/batijournal.com\\\/?s={search_term_string}\"},\"query-input\":{\"@type\":\"PropertyValueSpecification\",\"valueRequired\":true,\"valueName\":\"search_term_string\"}}],\"inLanguage\":\"fr-FR\"},{\"@type\":\"Person\",\"@id\":\"https:\\\/\\\/batijournal.com\\\/#\\\/schema\\\/person\\\/1dc96ec6957aa1ccb25ebe78bb19f100\",\"name\":\"St\u00e9phane Miget\",\"image\":{\"@type\":\"ImageObject\",\"inLanguage\":\"fr-FR\",\"@id\":\"https:\\\/\\\/secure.gravatar.com\\\/avatar\\\/89915563d925342126b8ef0281b93d9d7fc337043e8df017f780908eb9644451?s=96&d=mm&r=g\",\"url\":\"https:\\\/\\\/secure.gravatar.com\\\/avatar\\\/89915563d925342126b8ef0281b93d9d7fc337043e8df017f780908eb9644451?s=96&d=mm&r=g\",\"contentUrl\":\"https:\\\/\\\/secure.gravatar.com\\\/avatar\\\/89915563d925342126b8ef0281b93d9d7fc337043e8df017f780908eb9644451?s=96&d=mm&r=g\",\"caption\":\"St\u00e9phane Miget\"},\"url\":\"https:\\\/\\\/batijournal.com\\\/index.php\\\/author\\\/stephane\\\/\"}]}<\/script>\n<!-- \/ Yoast SEO plugin. -->","yoast_head_json":{"title":"Bois-Colombes agrandit et passe une \u00e9cole primaire en HQE","description":"Le maire de Bois-Colombes, Yves R\u00e9villon a lanc\u00e9, en 2012, le projet de r\u00e9nover l\u2019\u00e9cole Saint-Exup\u00e9ry, dans le cadre du renouvellement urbain","robots":{"index":"index","follow":"follow","max-snippet":"max-snippet:-1","max-image-preview":"max-image-preview:large","max-video-preview":"max-video-preview:-1"},"canonical":"https:\/\/batijournal.com\/index.php\/bois-colombes-agrandit-et-passe-une-ecole-primaire-en-hqe\/103387\/","og_locale":"fr_FR","og_type":"article","og_title":"Bois-Colombes agrandit et passe une \u00e9cole primaire en HQE","og_description":"Le maire de Bois-Colombes, Yves R\u00e9villon a lanc\u00e9, en 2012, le projet de r\u00e9nover l\u2019\u00e9cole Saint-Exup\u00e9ry, dans le cadre du renouvellement urbain","og_url":"https:\/\/batijournal.com\/index.php\/bois-colombes-agrandit-et-passe-une-ecole-primaire-en-hqe\/103387\/","og_site_name":"Batijournal","article_published_time":"2019-12-02T08:23:52+00:00","og_image":[{"width":642,"height":979,"url":"https:\/\/batijournal.com\/wp-content\/uploads\/2019\/12\/Ecole-Saint-Exupery-a-Bois-Colombes-une-cathedrale-de-lumiere-signee-Renaud-de-La-Noue-et-Ricardo-Porro_.jpg","type":"image\/jpeg"}],"author":"St\u00e9phane Miget","twitter_card":"summary_large_image","twitter_creator":"@bati_journal","twitter_site":"@bati_journal","twitter_misc":{"\u00c9crit par":"St\u00e9phane Miget","Dur\u00e9e de lecture estim\u00e9e":"2 minutes"},"schema":{"@context":"https:\/\/schema.org","@graph":[{"@type":"Article","@id":"https:\/\/batijournal.com\/index.php\/bois-colombes-agrandit-et-passe-une-ecole-primaire-en-hqe\/103387\/#article","isPartOf":{"@id":"https:\/\/batijournal.com\/index.php\/bois-colombes-agrandit-et-passe-une-ecole-primaire-en-hqe\/103387\/"},"author":{"name":"St\u00e9phane Miget","@id":"https:\/\/batijournal.com\/#\/schema\/person\/1dc96ec6957aa1ccb25ebe78bb19f100"},"headline":"Bois-Colombes agrandit et passe une \u00e9cole primaire en HQE","datePublished":"2019-12-02T08:23:52+00:00","mainEntityOfPage":{"@id":"https:\/\/batijournal.com\/index.php\/bois-colombes-agrandit-et-passe-une-ecole-primaire-en-hqe\/103387\/"},"wordCount":428,"image":{"@id":"https:\/\/batijournal.com\/index.php\/bois-colombes-agrandit-et-passe-une-ecole-primaire-en-hqe\/103387\/#primaryimage"},"thumbnailUrl":"https:\/\/batijournal.com\/wp-content\/uploads\/2019\/12\/Ecole-Saint-Exupery-a-Bois-Colombes-une-cathedrale-de-lumiere-signee-Renaud-de-La-Noue-et-Ricardo-Porro_.jpg","keywords":["HQE"],"articleSection":["Actualit\u00e9s","Architecture &amp; Conception","zz_Actualit\u00e9s - Plan\u00e8te","zz_Plan\u00e8te B\u00e2timent"],"inLanguage":"fr-FR"},{"@type":"WebPage","@id":"https:\/\/batijournal.com\/index.php\/bois-colombes-agrandit-et-passe-une-ecole-primaire-en-hqe\/103387\/","url":"https:\/\/batijournal.com\/index.php\/bois-colombes-agrandit-et-passe-une-ecole-primaire-en-hqe\/103387\/","name":"Bois-Colombes agrandit et passe une \u00e9cole primaire en HQE","isPartOf":{"@id":"https:\/\/batijournal.com\/#website"},"primaryImageOfPage":{"@id":"https:\/\/batijournal.com\/index.php\/bois-colombes-agrandit-et-passe-une-ecole-primaire-en-hqe\/103387\/#primaryimage"},"image":{"@id":"https:\/\/batijournal.com\/index.php\/bois-colombes-agrandit-et-passe-une-ecole-primaire-en-hqe\/103387\/#primaryimage"},"thumbnailUrl":"https:\/\/batijournal.com\/wp-content\/uploads\/2019\/12\/Ecole-Saint-Exupery-a-Bois-Colombes-une-cathedrale-de-lumiere-signee-Renaud-de-La-Noue-et-Ricardo-Porro_.jpg","datePublished":"2019-12-02T08:23:52+00:00","author":{"@id":"https:\/\/batijournal.com\/#\/schema\/person\/1dc96ec6957aa1ccb25ebe78bb19f100"},"description":"Le maire de Bois-Colombes, Yves R\u00e9villon a lanc\u00e9, en 2012, le projet de r\u00e9nover l\u2019\u00e9cole Saint-Exup\u00e9ry, dans le cadre du renouvellement urbain","breadcrumb":{"@id":"https:\/\/batijournal.com\/index.php\/bois-colombes-agrandit-et-passe-une-ecole-primaire-en-hqe\/103387\/#breadcrumb"},"inLanguage":"fr-FR","potentialAction":[{"@type":"ReadAction","target":["https:\/\/batijournal.com\/index.php\/bois-colombes-agrandit-et-passe-une-ecole-primaire-en-hqe\/103387\/"]}]},{"@type":"ImageObject","inLanguage":"fr-FR","@id":"https:\/\/batijournal.com\/index.php\/bois-colombes-agrandit-et-passe-une-ecole-primaire-en-hqe\/103387\/#primaryimage","url":"https:\/\/batijournal.com\/wp-content\/uploads\/2019\/12\/Ecole-Saint-Exupery-a-Bois-Colombes-une-cathedrale-de-lumiere-signee-Renaud-de-La-Noue-et-Ricardo-Porro_.jpg","contentUrl":"https:\/\/batijournal.com\/wp-content\/uploads\/2019\/12\/Ecole-Saint-Exupery-a-Bois-Colombes-une-cathedrale-de-lumiere-signee-Renaud-de-La-Noue-et-Ricardo-Porro_.jpg","width":642,"height":979},{"@type":"BreadcrumbList","@id":"https:\/\/batijournal.com\/index.php\/bois-colombes-agrandit-et-passe-une-ecole-primaire-en-hqe\/103387\/#breadcrumb","itemListElement":[{"@type":"ListItem","position":1,"name":"Accueil","item":"https:\/\/batijournal.com\/"},{"@type":"ListItem","position":2,"name":"Actualit\u00e9s","item":"https:\/\/batijournal.com\/index.php\/category\/actualites\/"},{"@type":"ListItem","position":3,"name":"Bois-Colombes agrandit et passe une \u00e9cole primaire en HQE"}]},{"@type":"WebSite","@id":"https:\/\/batijournal.com\/#website","url":"https:\/\/batijournal.com\/","name":"Batijournal","description":"L&#039;actualit\u00e9 du b\u00e2timent","potentialAction":[{"@type":"SearchAction","target":{"@type":"EntryPoint","urlTemplate":"https:\/\/batijournal.com\/?s={search_term_string}"},"query-input":{"@type":"PropertyValueSpecification","valueRequired":true,"valueName":"search_term_string"}}],"inLanguage":"fr-FR"},{"@type":"Person","@id":"https:\/\/batijournal.com\/#\/schema\/person\/1dc96ec6957aa1ccb25ebe78bb19f100","name":"St\u00e9phane Miget","image":{"@type":"ImageObject","inLanguage":"fr-FR","@id":"https:\/\/secure.gravatar.com\/avatar\/89915563d925342126b8ef0281b93d9d7fc337043e8df017f780908eb9644451?s=96&d=mm&r=g","url":"https:\/\/secure.gravatar.com\/avatar\/89915563d925342126b8ef0281b93d9d7fc337043e8df017f780908eb9644451?s=96&d=mm&r=g","contentUrl":"https:\/\/secure.gravatar.com\/avatar\/89915563d925342126b8ef0281b93d9d7fc337043e8df017f780908eb9644451?s=96&d=mm&r=g","caption":"St\u00e9phane Miget"},"url":"https:\/\/batijournal.com\/index.php\/author\/stephane\/"}]}},"_links":{"self":[{"href":"https:\/\/batijournal.com\/index.php\/wp-json\/wp\/v2\/posts\/103387","targetHints":{"allow":["GET"]}}],"collection":[{"href":"https:\/\/batijournal.com\/index.php\/wp-json\/wp\/v2\/posts"}],"about":[{"href":"https:\/\/batijournal.com\/index.php\/wp-json\/wp\/v2\/types\/post"}],"author":[{"embeddable":true,"href":"https:\/\/batijournal.com\/index.php\/wp-json\/wp\/v2\/users\/17"}],"replies":[{"embeddable":true,"href":"https:\/\/batijournal.com\/index.php\/wp-json\/wp\/v2\/comments?post=103387"}],"version-history":[{"count":0,"href":"https:\/\/batijournal.com\/index.php\/wp-json\/wp\/v2\/posts\/103387\/revisions"}],"wp:featuredmedia":[{"embeddable":true,"href":"https:\/\/batijournal.com\/index.php\/wp-json\/wp\/v2\/media\/103388"}],"wp:attachment":[{"href":"https:\/\/batijournal.com\/index.php\/wp-json\/wp\/v2\/media?parent=103387"}],"wp:term":[{"taxonomy":"category","embeddable":true,"href":"https:\/\/batijournal.com\/index.php\/wp-json\/wp\/v2\/categories?post=103387"},{"taxonomy":"post_tag","embeddable":true,"href":"https:\/\/batijournal.com\/index.php\/wp-json\/wp\/v2\/tags?post=103387"}],"curies":[{"name":"wp","href":"https:\/\/api.w.org\/{rel}","templated":true}]}}