{"id":103389,"date":"2019-12-02T09:49:36","date_gmt":"2019-12-02T08:49:36","guid":{"rendered":"https:\/\/batijournal.com\/?p=103389"},"modified":"2019-12-02T09:49:36","modified_gmt":"2019-12-02T08:49:36","slug":"la-muraille-de-chine-va-etre-detruite","status":"publish","type":"post","link":"https:\/\/batijournal.com\/index.php\/la-muraille-de-chine-va-etre-detruite\/103389\/","title":{"rendered":"La \u00ab Muraille de Chine \u00bb va \u00eatre d\u00e9truite"},"content":{"rendered":"<p>Construite sur les hauteurs du quartier Saint-Jacques \u00e0 Clermont-Ferrand, l\u2019embl\u00e9matique \u00ab Muraille de Chine \u00bb se rep\u00e8re \u00e0 plusieurs kilom\u00e8tres. La v\u00e9tust\u00e9 des logements, mal isol\u00e9s et ne r\u00e9pondant plus aux normes, a eu raison de cette cit\u00e9 HLM inscrite au Nouveau Plan National de R\u00e9novation Urbaine (NPNRU). Dans ce cadre, Logid\u00f4me, bailleur social public, a opt\u00e9 pour la d\u00e9construction. Une d\u00e9molition de 2 b\u00e2timents comprenant 522 logements sociaux r\u00e9partis sur 11 \u00e9tages pour une surface de 30 000 m2 pour l\u2019un et sur 17 \u00e9tages pour une surface de 18 000 m2 pour l\u2019autre. Les habitants sont relog\u00e9s au fil des mois alors que le projet de d\u00e9construction d\u00e9butera au printemps 2020, et se r\u00e9alisera en site partiellement occup\u00e9 et abords habit\u00e9s.<\/p>\n<p>Ing\u00e9rop, acteur majeur de l\u2019ing\u00e9nierie et du conseil en mobilit\u00e9 durable, a \u00e9t\u00e9 retenu comme mandataire du groupement de la ma\u00eetrise d\u2019\u0153uvre pour la derni\u00e8re phase d\u2019\u00e9tude et de d\u00e9construction. Ing\u00e9rop, fortement impliqu\u00e9 dans le programme de d\u00e9molition au travers de son management, assure \u00e9galement une mission de coordination des diff\u00e9rents partenaires et de conseil aupr\u00e8s de Logid\u00f4me. Plusieurs contraintes \u00e9taient \u00e0 prendre en compte : le terrain en pente, proche d\u2019un viaduc sur lequel circulent tramway et v\u00e9hicules, la proximit\u00e9 du CHU de Clermont-Ferrand ainsi que d\u2019une cr\u00e8che de quartier et le maintien en service de la chaufferie de secteur. La d\u00e9molition, 100 % m\u00e9canique, sera, par cons\u00e9quent, effectu\u00e9e par \u00e9cr\u00eatage et par pelle \u00e0 grand bras. Un mode op\u00e9ratoire propos\u00e9 afin de minimiser les risques compte tenu de l\u2019environnement. Les mati\u00e8res dangereuses auront \u00e9t\u00e9 \u00e9limin\u00e9es au pr\u00e9alable (amiante, plomb, radon&#8230;) et le chantier sera brumis\u00e9 pour limiter les poussi\u00e8res.<\/p>\n","protected":false},"excerpt":{"rendered":"<p>Construite sur les hauteurs du quartier Saint-Jacques \u00e0 Clermont-Ferrand, l\u2019embl\u00e9matique \u00ab Muraille de Chine \u00bb se rep\u00e8re \u00e0 plusieurs kilom\u00e8tres. La v\u00e9tust\u00e9 des logements, mal isol\u00e9s et ne r\u00e9pondant plus aux normes, a eu raison de cette cit\u00e9 HLM inscrite au Nouveau Plan National de R\u00e9novation Urbaine (NPNRU). Dans ce cadre, Logid\u00f4me, bailleur social public, [&hellip;]<\/p>\n","protected":false},"author":17,"featured_media":103390,"comment_status":"closed","ping_status":"closed","sticky":false,"template":"","format":"standard","meta":{"_et_pb_use_builder":"","_et_pb_old_content":"","_et_gb_content_width":"","footnotes":""},"categories":[10530,6340],"tags":[12882],"class_list":["post-103389","post","type-post","status-publish","format-standard","has-post-thumbnail","hentry","category-actualites","category-architecture-conception","tag-renouvellement-urbain"],"yoast_head":"<!-- This site is optimized with the Yoast SEO plugin v27.4 - https:\/\/yoast.com\/product\/yoast-seo-wordpress\/ -->\n<title>La \u00ab Muraille de Chine \u00bb va \u00eatre d\u00e9truite<\/title>\n<meta name=\"description\" content=\"Construite sur les hauteurs du quartier Saint-Jacques \u00e0 Clermont-Ferrand, l\u2019embl\u00e9matique \u00ab Muraille de Chine \u00bb se rep\u00e8re \u00e0 plusieurs kilom\u00e8tres\" \/>\n<meta name=\"robots\" content=\"index, follow, max-snippet:-1, max-image-preview:large, max-video-preview:-1\" \/>\n<link rel=\"canonical\" href=\"https:\/\/batijournal.com\/index.php\/la-muraille-de-chine-va-etre-detruite\/103389\/\" \/>\n<meta property=\"og:locale\" content=\"fr_FR\" \/>\n<meta property=\"og:type\" content=\"article\" \/>\n<meta property=\"og:title\" content=\"La \u00ab Muraille de Chine \u00bb va \u00eatre d\u00e9truite\" \/>\n<meta property=\"og:description\" content=\"Construite sur les hauteurs du quartier Saint-Jacques \u00e0 Clermont-Ferrand, l\u2019embl\u00e9matique \u00ab Muraille de Chine \u00bb se rep\u00e8re \u00e0 plusieurs kilom\u00e8tres\" \/>\n<meta property=\"og:url\" content=\"https:\/\/batijournal.com\/index.php\/la-muraille-de-chine-va-etre-detruite\/103389\/\" \/>\n<meta property=\"og:site_name\" content=\"Batijournal\" \/>\n<meta property=\"article:published_time\" content=\"2019-12-02T08:49:36+00:00\" \/>\n<meta property=\"og:image\" content=\"https:\/\/batijournal.com\/wp-content\/uploads\/2019\/12\/Ingerop-Muraille-de-Chine-clermont-ferrand.jpg\" \/>\n\t<meta property=\"og:image:width\" content=\"1200\" \/>\n\t<meta property=\"og:image:height\" content=\"795\" \/>\n\t<meta property=\"og:image:type\" content=\"image\/jpeg\" \/>\n<meta name=\"author\" content=\"St\u00e9phane Miget\" \/>\n<meta name=\"twitter:card\" content=\"summary_large_image\" \/>\n<meta name=\"twitter:creator\" content=\"@bati_journal\" \/>\n<meta name=\"twitter:site\" content=\"@bati_journal\" \/>\n<meta name=\"twitter:label1\" content=\"\u00c9crit par\" \/>\n\t<meta name=\"twitter:data1\" content=\"St\u00e9phane Miget\" \/>\n\t<meta name=\"twitter:label2\" content=\"Dur\u00e9e de lecture estim\u00e9e\" \/>\n\t<meta name=\"twitter:data2\" content=\"2 minutes\" \/>\n<script type=\"application\/ld+json\" class=\"yoast-schema-graph\">{\"@context\":\"https:\\\/\\\/schema.org\",\"@graph\":[{\"@type\":\"Article\",\"@id\":\"https:\\\/\\\/batijournal.com\\\/index.php\\\/la-muraille-de-chine-va-etre-detruite\\\/103389\\\/#article\",\"isPartOf\":{\"@id\":\"https:\\\/\\\/batijournal.com\\\/index.php\\\/la-muraille-de-chine-va-etre-detruite\\\/103389\\\/\"},\"author\":{\"name\":\"St\u00e9phane Miget\",\"@id\":\"https:\\\/\\\/batijournal.com\\\/#\\\/schema\\\/person\\\/1dc96ec6957aa1ccb25ebe78bb19f100\"},\"headline\":\"La \u00ab Muraille de Chine \u00bb va \u00eatre d\u00e9truite\",\"datePublished\":\"2019-12-02T08:49:36+00:00\",\"mainEntityOfPage\":{\"@id\":\"https:\\\/\\\/batijournal.com\\\/index.php\\\/la-muraille-de-chine-va-etre-detruite\\\/103389\\\/\"},\"wordCount\":312,\"image\":{\"@id\":\"https:\\\/\\\/batijournal.com\\\/index.php\\\/la-muraille-de-chine-va-etre-detruite\\\/103389\\\/#primaryimage\"},\"thumbnailUrl\":\"https:\\\/\\\/batijournal.com\\\/wp-content\\\/uploads\\\/2019\\\/12\\\/Ingerop-Muraille-de-Chine-clermont-ferrand.jpg\",\"keywords\":[\"renouvellement urbain\"],\"articleSection\":[\"Actualit\u00e9s\",\"Architecture &amp; Conception\"],\"inLanguage\":\"fr-FR\"},{\"@type\":\"WebPage\",\"@id\":\"https:\\\/\\\/batijournal.com\\\/index.php\\\/la-muraille-de-chine-va-etre-detruite\\\/103389\\\/\",\"url\":\"https:\\\/\\\/batijournal.com\\\/index.php\\\/la-muraille-de-chine-va-etre-detruite\\\/103389\\\/\",\"name\":\"La \u00ab Muraille de Chine \u00bb va \u00eatre d\u00e9truite\",\"isPartOf\":{\"@id\":\"https:\\\/\\\/batijournal.com\\\/#website\"},\"primaryImageOfPage\":{\"@id\":\"https:\\\/\\\/batijournal.com\\\/index.php\\\/la-muraille-de-chine-va-etre-detruite\\\/103389\\\/#primaryimage\"},\"image\":{\"@id\":\"https:\\\/\\\/batijournal.com\\\/index.php\\\/la-muraille-de-chine-va-etre-detruite\\\/103389\\\/#primaryimage\"},\"thumbnailUrl\":\"https:\\\/\\\/batijournal.com\\\/wp-content\\\/uploads\\\/2019\\\/12\\\/Ingerop-Muraille-de-Chine-clermont-ferrand.jpg\",\"datePublished\":\"2019-12-02T08:49:36+00:00\",\"author\":{\"@id\":\"https:\\\/\\\/batijournal.com\\\/#\\\/schema\\\/person\\\/1dc96ec6957aa1ccb25ebe78bb19f100\"},\"description\":\"Construite sur les hauteurs du quartier Saint-Jacques \u00e0 Clermont-Ferrand, l\u2019embl\u00e9matique \u00ab Muraille de Chine \u00bb se rep\u00e8re \u00e0 plusieurs kilom\u00e8tres\",\"breadcrumb\":{\"@id\":\"https:\\\/\\\/batijournal.com\\\/index.php\\\/la-muraille-de-chine-va-etre-detruite\\\/103389\\\/#breadcrumb\"},\"inLanguage\":\"fr-FR\",\"potentialAction\":[{\"@type\":\"ReadAction\",\"target\":[\"https:\\\/\\\/batijournal.com\\\/index.php\\\/la-muraille-de-chine-va-etre-detruite\\\/103389\\\/\"]}]},{\"@type\":\"ImageObject\",\"inLanguage\":\"fr-FR\",\"@id\":\"https:\\\/\\\/batijournal.com\\\/index.php\\\/la-muraille-de-chine-va-etre-detruite\\\/103389\\\/#primaryimage\",\"url\":\"https:\\\/\\\/batijournal.com\\\/wp-content\\\/uploads\\\/2019\\\/12\\\/Ingerop-Muraille-de-Chine-clermont-ferrand.jpg\",\"contentUrl\":\"https:\\\/\\\/batijournal.com\\\/wp-content\\\/uploads\\\/2019\\\/12\\\/Ingerop-Muraille-de-Chine-clermont-ferrand.jpg\",\"width\":1200,\"height\":795},{\"@type\":\"BreadcrumbList\",\"@id\":\"https:\\\/\\\/batijournal.com\\\/index.php\\\/la-muraille-de-chine-va-etre-detruite\\\/103389\\\/#breadcrumb\",\"itemListElement\":[{\"@type\":\"ListItem\",\"position\":1,\"name\":\"Accueil\",\"item\":\"https:\\\/\\\/batijournal.com\\\/\"},{\"@type\":\"ListItem\",\"position\":2,\"name\":\"Actualit\u00e9s\",\"item\":\"https:\\\/\\\/batijournal.com\\\/index.php\\\/category\\\/actualites\\\/\"},{\"@type\":\"ListItem\",\"position\":3,\"name\":\"La \u00ab Muraille de Chine \u00bb va \u00eatre d\u00e9truite\"}]},{\"@type\":\"WebSite\",\"@id\":\"https:\\\/\\\/batijournal.com\\\/#website\",\"url\":\"https:\\\/\\\/batijournal.com\\\/\",\"name\":\"Batijournal\",\"description\":\"L&#039;actualit\u00e9 du b\u00e2timent\",\"potentialAction\":[{\"@type\":\"SearchAction\",\"target\":{\"@type\":\"EntryPoint\",\"urlTemplate\":\"https:\\\/\\\/batijournal.com\\\/?s={search_term_string}\"},\"query-input\":{\"@type\":\"PropertyValueSpecification\",\"valueRequired\":true,\"valueName\":\"search_term_string\"}}],\"inLanguage\":\"fr-FR\"},{\"@type\":\"Person\",\"@id\":\"https:\\\/\\\/batijournal.com\\\/#\\\/schema\\\/person\\\/1dc96ec6957aa1ccb25ebe78bb19f100\",\"name\":\"St\u00e9phane Miget\",\"image\":{\"@type\":\"ImageObject\",\"inLanguage\":\"fr-FR\",\"@id\":\"https:\\\/\\\/secure.gravatar.com\\\/avatar\\\/89915563d925342126b8ef0281b93d9d7fc337043e8df017f780908eb9644451?s=96&d=mm&r=g\",\"url\":\"https:\\\/\\\/secure.gravatar.com\\\/avatar\\\/89915563d925342126b8ef0281b93d9d7fc337043e8df017f780908eb9644451?s=96&d=mm&r=g\",\"contentUrl\":\"https:\\\/\\\/secure.gravatar.com\\\/avatar\\\/89915563d925342126b8ef0281b93d9d7fc337043e8df017f780908eb9644451?s=96&d=mm&r=g\",\"caption\":\"St\u00e9phane Miget\"},\"url\":\"https:\\\/\\\/batijournal.com\\\/index.php\\\/author\\\/stephane\\\/\"}]}<\/script>\n<!-- \/ Yoast SEO plugin. -->","yoast_head_json":{"title":"La \u00ab Muraille de Chine \u00bb va \u00eatre d\u00e9truite","description":"Construite sur les hauteurs du quartier Saint-Jacques \u00e0 Clermont-Ferrand, l\u2019embl\u00e9matique \u00ab Muraille de Chine \u00bb se rep\u00e8re \u00e0 plusieurs kilom\u00e8tres","robots":{"index":"index","follow":"follow","max-snippet":"max-snippet:-1","max-image-preview":"max-image-preview:large","max-video-preview":"max-video-preview:-1"},"canonical":"https:\/\/batijournal.com\/index.php\/la-muraille-de-chine-va-etre-detruite\/103389\/","og_locale":"fr_FR","og_type":"article","og_title":"La \u00ab Muraille de Chine \u00bb va \u00eatre d\u00e9truite","og_description":"Construite sur les hauteurs du quartier Saint-Jacques \u00e0 Clermont-Ferrand, l\u2019embl\u00e9matique \u00ab Muraille de Chine \u00bb se rep\u00e8re \u00e0 plusieurs kilom\u00e8tres","og_url":"https:\/\/batijournal.com\/index.php\/la-muraille-de-chine-va-etre-detruite\/103389\/","og_site_name":"Batijournal","article_published_time":"2019-12-02T08:49:36+00:00","og_image":[{"width":1200,"height":795,"url":"https:\/\/batijournal.com\/wp-content\/uploads\/2019\/12\/Ingerop-Muraille-de-Chine-clermont-ferrand.jpg","type":"image\/jpeg"}],"author":"St\u00e9phane Miget","twitter_card":"summary_large_image","twitter_creator":"@bati_journal","twitter_site":"@bati_journal","twitter_misc":{"\u00c9crit par":"St\u00e9phane Miget","Dur\u00e9e de lecture estim\u00e9e":"2 minutes"},"schema":{"@context":"https:\/\/schema.org","@graph":[{"@type":"Article","@id":"https:\/\/batijournal.com\/index.php\/la-muraille-de-chine-va-etre-detruite\/103389\/#article","isPartOf":{"@id":"https:\/\/batijournal.com\/index.php\/la-muraille-de-chine-va-etre-detruite\/103389\/"},"author":{"name":"St\u00e9phane Miget","@id":"https:\/\/batijournal.com\/#\/schema\/person\/1dc96ec6957aa1ccb25ebe78bb19f100"},"headline":"La \u00ab Muraille de Chine \u00bb va \u00eatre d\u00e9truite","datePublished":"2019-12-02T08:49:36+00:00","mainEntityOfPage":{"@id":"https:\/\/batijournal.com\/index.php\/la-muraille-de-chine-va-etre-detruite\/103389\/"},"wordCount":312,"image":{"@id":"https:\/\/batijournal.com\/index.php\/la-muraille-de-chine-va-etre-detruite\/103389\/#primaryimage"},"thumbnailUrl":"https:\/\/batijournal.com\/wp-content\/uploads\/2019\/12\/Ingerop-Muraille-de-Chine-clermont-ferrand.jpg","keywords":["renouvellement urbain"],"articleSection":["Actualit\u00e9s","Architecture &amp; Conception"],"inLanguage":"fr-FR"},{"@type":"WebPage","@id":"https:\/\/batijournal.com\/index.php\/la-muraille-de-chine-va-etre-detruite\/103389\/","url":"https:\/\/batijournal.com\/index.php\/la-muraille-de-chine-va-etre-detruite\/103389\/","name":"La \u00ab Muraille de Chine \u00bb va \u00eatre d\u00e9truite","isPartOf":{"@id":"https:\/\/batijournal.com\/#website"},"primaryImageOfPage":{"@id":"https:\/\/batijournal.com\/index.php\/la-muraille-de-chine-va-etre-detruite\/103389\/#primaryimage"},"image":{"@id":"https:\/\/batijournal.com\/index.php\/la-muraille-de-chine-va-etre-detruite\/103389\/#primaryimage"},"thumbnailUrl":"https:\/\/batijournal.com\/wp-content\/uploads\/2019\/12\/Ingerop-Muraille-de-Chine-clermont-ferrand.jpg","datePublished":"2019-12-02T08:49:36+00:00","author":{"@id":"https:\/\/batijournal.com\/#\/schema\/person\/1dc96ec6957aa1ccb25ebe78bb19f100"},"description":"Construite sur les hauteurs du quartier Saint-Jacques \u00e0 Clermont-Ferrand, l\u2019embl\u00e9matique \u00ab Muraille de Chine \u00bb se rep\u00e8re \u00e0 plusieurs kilom\u00e8tres","breadcrumb":{"@id":"https:\/\/batijournal.com\/index.php\/la-muraille-de-chine-va-etre-detruite\/103389\/#breadcrumb"},"inLanguage":"fr-FR","potentialAction":[{"@type":"ReadAction","target":["https:\/\/batijournal.com\/index.php\/la-muraille-de-chine-va-etre-detruite\/103389\/"]}]},{"@type":"ImageObject","inLanguage":"fr-FR","@id":"https:\/\/batijournal.com\/index.php\/la-muraille-de-chine-va-etre-detruite\/103389\/#primaryimage","url":"https:\/\/batijournal.com\/wp-content\/uploads\/2019\/12\/Ingerop-Muraille-de-Chine-clermont-ferrand.jpg","contentUrl":"https:\/\/batijournal.com\/wp-content\/uploads\/2019\/12\/Ingerop-Muraille-de-Chine-clermont-ferrand.jpg","width":1200,"height":795},{"@type":"BreadcrumbList","@id":"https:\/\/batijournal.com\/index.php\/la-muraille-de-chine-va-etre-detruite\/103389\/#breadcrumb","itemListElement":[{"@type":"ListItem","position":1,"name":"Accueil","item":"https:\/\/batijournal.com\/"},{"@type":"ListItem","position":2,"name":"Actualit\u00e9s","item":"https:\/\/batijournal.com\/index.php\/category\/actualites\/"},{"@type":"ListItem","position":3,"name":"La \u00ab Muraille de Chine \u00bb va \u00eatre d\u00e9truite"}]},{"@type":"WebSite","@id":"https:\/\/batijournal.com\/#website","url":"https:\/\/batijournal.com\/","name":"Batijournal","description":"L&#039;actualit\u00e9 du b\u00e2timent","potentialAction":[{"@type":"SearchAction","target":{"@type":"EntryPoint","urlTemplate":"https:\/\/batijournal.com\/?s={search_term_string}"},"query-input":{"@type":"PropertyValueSpecification","valueRequired":true,"valueName":"search_term_string"}}],"inLanguage":"fr-FR"},{"@type":"Person","@id":"https:\/\/batijournal.com\/#\/schema\/person\/1dc96ec6957aa1ccb25ebe78bb19f100","name":"St\u00e9phane Miget","image":{"@type":"ImageObject","inLanguage":"fr-FR","@id":"https:\/\/secure.gravatar.com\/avatar\/89915563d925342126b8ef0281b93d9d7fc337043e8df017f780908eb9644451?s=96&d=mm&r=g","url":"https:\/\/secure.gravatar.com\/avatar\/89915563d925342126b8ef0281b93d9d7fc337043e8df017f780908eb9644451?s=96&d=mm&r=g","contentUrl":"https:\/\/secure.gravatar.com\/avatar\/89915563d925342126b8ef0281b93d9d7fc337043e8df017f780908eb9644451?s=96&d=mm&r=g","caption":"St\u00e9phane Miget"},"url":"https:\/\/batijournal.com\/index.php\/author\/stephane\/"}]}},"_links":{"self":[{"href":"https:\/\/batijournal.com\/index.php\/wp-json\/wp\/v2\/posts\/103389","targetHints":{"allow":["GET"]}}],"collection":[{"href":"https:\/\/batijournal.com\/index.php\/wp-json\/wp\/v2\/posts"}],"about":[{"href":"https:\/\/batijournal.com\/index.php\/wp-json\/wp\/v2\/types\/post"}],"author":[{"embeddable":true,"href":"https:\/\/batijournal.com\/index.php\/wp-json\/wp\/v2\/users\/17"}],"replies":[{"embeddable":true,"href":"https:\/\/batijournal.com\/index.php\/wp-json\/wp\/v2\/comments?post=103389"}],"version-history":[{"count":0,"href":"https:\/\/batijournal.com\/index.php\/wp-json\/wp\/v2\/posts\/103389\/revisions"}],"wp:featuredmedia":[{"embeddable":true,"href":"https:\/\/batijournal.com\/index.php\/wp-json\/wp\/v2\/media\/103390"}],"wp:attachment":[{"href":"https:\/\/batijournal.com\/index.php\/wp-json\/wp\/v2\/media?parent=103389"}],"wp:term":[{"taxonomy":"category","embeddable":true,"href":"https:\/\/batijournal.com\/index.php\/wp-json\/wp\/v2\/categories?post=103389"},{"taxonomy":"post_tag","embeddable":true,"href":"https:\/\/batijournal.com\/index.php\/wp-json\/wp\/v2\/tags?post=103389"}],"curies":[{"name":"wp","href":"https:\/\/api.w.org\/{rel}","templated":true}]}}