{"id":103417,"date":"2019-12-09T10:27:54","date_gmt":"2019-12-09T09:27:54","guid":{"rendered":"https:\/\/batijournal.com\/?p=103417"},"modified":"2019-12-09T10:31:35","modified_gmt":"2019-12-09T09:31:35","slug":"dechets-du-batiment-les-propositions-de-la-profession-evincees-par-letat","status":"publish","type":"post","link":"https:\/\/batijournal.com\/index.php\/dechets-du-batiment-les-propositions-de-la-profession-evincees-par-letat\/103417\/","title":{"rendered":"D\u00e9chets du b\u00e2timent : les propositions de la profession \u00e9vinc\u00e9es par l\u2019Etat"},"content":{"rendered":"<p><strong>Les professionnels saluent la d\u00e9cision du gouvernement et de l\u2019Assembl\u00e9e nationale de repousser la d\u00e9finition du p\u00e9rim\u00e8tre de la REP B\u00e2timent (responsabilit\u00e9 \u00e9largie du producteur) \u00e0 la remise de l\u2019\u00e9tude de pr\u00e9figuration confi\u00e9e \u00e0 l\u2019ADEME. En revanche, ils ne s\u2019expliquent pas la d\u00e9cision de fermer la porte \u00e0 tout syst\u00e8me alternatif pour le secteur du B\u00e2timent. En effet, il avait \u00e9t\u00e9 convenu, en l\u2019absence d\u2019\u00e9valuation de l\u2019impact \u00e9conomique et de r\u00e9ponse aux questions juridiques pos\u00e9es, que les professionnels pourraient proposer un tel sch\u00e9ma dont ils \u00e9tudieraient la faisabilit\u00e9 en lien avec l\u2019\u00e9tude ADEME.<\/strong><\/p>\n<p>Le gouvernement, apr\u00e8s avoir remerci\u00e9 les acteurs pour les \u00ab r\u00e9ponses concr\u00e8tes et d\u2019envergure \u00bb apport\u00e9es sur ce sujet, avait toujours rassur\u00e9 la fili\u00e8re sur ce point. Il s\u2019\u00e9tait d\u2019ailleurs engag\u00e9 d\u00e9but septembre \u00e0 ce que le futur syst\u00e8me bas\u00e9 sur le principe pollueur\/payeur soit port\u00e9 par un \u00e9co-organisme ou par un syst\u00e8me \u00e9quivalent. Si la reprise gratuite devait concerner tous les d\u00e9chets du b\u00e2timent, la fili\u00e8re a estim\u00e9 que cela conduirait \u00e0 une augmentation du prix des mat\u00e9riaux de construction comprise entre 8 et 10 %.<\/p>\n<p>Les acteurs de la fili\u00e8re r\u00e9affirment leurs engagements et proposent de consacrer une enveloppe financi\u00e8re \u00e0 ce syst\u00e8me alternatif permettant de soutenir des actions communes comme la mise en place d\u2019un syst\u00e8me de tra\u00e7abilit\u00e9, le renforcement du maillage en points de reprise, la participation \u00e0 la lutte contre les d\u00e9charges sauvages et des actions d\u00e9di\u00e9es \u00e0 certaines fili\u00e8res de recyclage comme la reprise gratuite de d\u00e9chets tri\u00e9s.<\/p>\n<p>Conform\u00e9ment aux engagements du gouvernement, la fili\u00e8re a entam\u00e9 les travaux n\u00e9cessaires \u00e0 la d\u00e9finition de ses contours et souhaite les poursuivre en lien avec l\u2019\u00e9tude de l\u2019ADEME. Or, la possibilit\u00e9 de proposer un syst\u00e8me \u00e9quivalent qui serait ensuite approuv\u00e9 ou non par l\u2019Etat a \u00e9t\u00e9 retir\u00e9e du projet de loi. La fili\u00e8re demande donc sa r\u00e9int\u00e9gration.<\/p>\n","protected":false},"excerpt":{"rendered":"<p>Les professionnels saluent la d\u00e9cision du gouvernement et de l\u2019Assembl\u00e9e nationale de repousser la d\u00e9finition du p\u00e9rim\u00e8tre de la REP B\u00e2timent (responsabilit\u00e9 \u00e9largie du producteur) \u00e0 la remise de l\u2019\u00e9tude de pr\u00e9figuration confi\u00e9e \u00e0 l\u2019ADEME. En revanche, ils ne s\u2019expliquent pas la d\u00e9cision de fermer la porte \u00e0 tout syst\u00e8me alternatif pour le secteur du [&hellip;]<\/p>\n","protected":false},"author":17,"featured_media":89600,"comment_status":"closed","ping_status":"closed","sticky":false,"template":"","format":"standard","meta":{"_et_pb_use_builder":"","_et_pb_old_content":"","_et_gb_content_width":"","footnotes":""},"categories":[10530,6345],"tags":[1211,11430],"class_list":["post-103417","post","type-post","status-publish","format-standard","has-post-thumbnail","hentry","category-actualites","category-economie-marches","tag-dechets","tag-economie-circulaire"],"yoast_head":"<!-- This site is optimized with the Yoast SEO plugin v27.4 - https:\/\/yoast.com\/product\/yoast-seo-wordpress\/ -->\n<title>D\u00e9chets du b\u00e2timent : les propositions de la profession \u00e9vinc\u00e9es par l\u2019Etat<\/title>\n<meta name=\"robots\" content=\"index, follow, max-snippet:-1, max-image-preview:large, max-video-preview:-1\" \/>\n<link rel=\"canonical\" href=\"https:\/\/batijournal.com\/index.php\/dechets-du-batiment-les-propositions-de-la-profession-evincees-par-letat\/103417\/\" \/>\n<meta property=\"og:locale\" content=\"fr_FR\" \/>\n<meta property=\"og:type\" content=\"article\" \/>\n<meta property=\"og:title\" content=\"D\u00e9chets du b\u00e2timent : les propositions de la profession \u00e9vinc\u00e9es par l\u2019Etat\" \/>\n<meta property=\"og:description\" content=\"Les professionnels saluent la d\u00e9cision du gouvernement et de l\u2019Assembl\u00e9e nationale de repousser la d\u00e9finition du p\u00e9rim\u00e8tre de la REP B\u00e2timent (responsabilit\u00e9 \u00e9largie du producteur) \u00e0 la remise de l\u2019\u00e9tude de pr\u00e9figuration confi\u00e9e \u00e0 l\u2019ADEME. En revanche, ils ne s\u2019expliquent pas la d\u00e9cision de fermer la porte \u00e0 tout syst\u00e8me alternatif pour le secteur du [&hellip;]\" \/>\n<meta property=\"og:url\" content=\"https:\/\/batijournal.com\/index.php\/dechets-du-batiment-les-propositions-de-la-profession-evincees-par-letat\/103417\/\" \/>\n<meta property=\"og:site_name\" content=\"Batijournal\" \/>\n<meta property=\"article:published_time\" content=\"2019-12-09T09:27:54+00:00\" \/>\n<meta property=\"article:modified_time\" content=\"2019-12-09T09:31:35+00:00\" \/>\n<meta property=\"og:image\" content=\"https:\/\/batijournal.com\/wp-content\/uploads\/2015\/10\/dechets-batiment.jpg\" \/>\n\t<meta property=\"og:image:width\" content=\"1024\" \/>\n\t<meta property=\"og:image:height\" content=\"724\" \/>\n\t<meta property=\"og:image:type\" content=\"image\/jpeg\" \/>\n<meta name=\"author\" content=\"St\u00e9phane Miget\" \/>\n<meta name=\"twitter:card\" content=\"summary_large_image\" \/>\n<meta name=\"twitter:creator\" content=\"@bati_journal\" \/>\n<meta name=\"twitter:site\" content=\"@bati_journal\" \/>\n<meta name=\"twitter:label1\" content=\"\u00c9crit par\" \/>\n\t<meta name=\"twitter:data1\" content=\"St\u00e9phane Miget\" \/>\n\t<meta name=\"twitter:label2\" content=\"Dur\u00e9e de lecture estim\u00e9e\" \/>\n\t<meta name=\"twitter:data2\" content=\"2 minutes\" \/>\n<script type=\"application\/ld+json\" class=\"yoast-schema-graph\">{\"@context\":\"https:\\\/\\\/schema.org\",\"@graph\":[{\"@type\":\"Article\",\"@id\":\"https:\\\/\\\/batijournal.com\\\/index.php\\\/dechets-du-batiment-les-propositions-de-la-profession-evincees-par-letat\\\/103417\\\/#article\",\"isPartOf\":{\"@id\":\"https:\\\/\\\/batijournal.com\\\/index.php\\\/dechets-du-batiment-les-propositions-de-la-profession-evincees-par-letat\\\/103417\\\/\"},\"author\":{\"name\":\"St\u00e9phane Miget\",\"@id\":\"https:\\\/\\\/batijournal.com\\\/#\\\/schema\\\/person\\\/1dc96ec6957aa1ccb25ebe78bb19f100\"},\"headline\":\"D\u00e9chets du b\u00e2timent : les propositions de la profession \u00e9vinc\u00e9es par l\u2019Etat\",\"datePublished\":\"2019-12-09T09:27:54+00:00\",\"dateModified\":\"2019-12-09T09:31:35+00:00\",\"mainEntityOfPage\":{\"@id\":\"https:\\\/\\\/batijournal.com\\\/index.php\\\/dechets-du-batiment-les-propositions-de-la-profession-evincees-par-letat\\\/103417\\\/\"},\"wordCount\":368,\"image\":{\"@id\":\"https:\\\/\\\/batijournal.com\\\/index.php\\\/dechets-du-batiment-les-propositions-de-la-profession-evincees-par-letat\\\/103417\\\/#primaryimage\"},\"thumbnailUrl\":\"https:\\\/\\\/batijournal.com\\\/wp-content\\\/uploads\\\/2015\\\/10\\\/dechets-batiment.jpg\",\"keywords\":[\"d\u00e9chets\",\"\u00e9conomie circulaire\"],\"articleSection\":[\"Actualit\u00e9s\",\"\u00c9conomie &amp; March\u00e9s\"],\"inLanguage\":\"fr-FR\"},{\"@type\":\"WebPage\",\"@id\":\"https:\\\/\\\/batijournal.com\\\/index.php\\\/dechets-du-batiment-les-propositions-de-la-profession-evincees-par-letat\\\/103417\\\/\",\"url\":\"https:\\\/\\\/batijournal.com\\\/index.php\\\/dechets-du-batiment-les-propositions-de-la-profession-evincees-par-letat\\\/103417\\\/\",\"name\":\"D\u00e9chets du b\u00e2timent : les propositions de la profession \u00e9vinc\u00e9es par l\u2019Etat\",\"isPartOf\":{\"@id\":\"https:\\\/\\\/batijournal.com\\\/#website\"},\"primaryImageOfPage\":{\"@id\":\"https:\\\/\\\/batijournal.com\\\/index.php\\\/dechets-du-batiment-les-propositions-de-la-profession-evincees-par-letat\\\/103417\\\/#primaryimage\"},\"image\":{\"@id\":\"https:\\\/\\\/batijournal.com\\\/index.php\\\/dechets-du-batiment-les-propositions-de-la-profession-evincees-par-letat\\\/103417\\\/#primaryimage\"},\"thumbnailUrl\":\"https:\\\/\\\/batijournal.com\\\/wp-content\\\/uploads\\\/2015\\\/10\\\/dechets-batiment.jpg\",\"datePublished\":\"2019-12-09T09:27:54+00:00\",\"dateModified\":\"2019-12-09T09:31:35+00:00\",\"author\":{\"@id\":\"https:\\\/\\\/batijournal.com\\\/#\\\/schema\\\/person\\\/1dc96ec6957aa1ccb25ebe78bb19f100\"},\"breadcrumb\":{\"@id\":\"https:\\\/\\\/batijournal.com\\\/index.php\\\/dechets-du-batiment-les-propositions-de-la-profession-evincees-par-letat\\\/103417\\\/#breadcrumb\"},\"inLanguage\":\"fr-FR\",\"potentialAction\":[{\"@type\":\"ReadAction\",\"target\":[\"https:\\\/\\\/batijournal.com\\\/index.php\\\/dechets-du-batiment-les-propositions-de-la-profession-evincees-par-letat\\\/103417\\\/\"]}]},{\"@type\":\"ImageObject\",\"inLanguage\":\"fr-FR\",\"@id\":\"https:\\\/\\\/batijournal.com\\\/index.php\\\/dechets-du-batiment-les-propositions-de-la-profession-evincees-par-letat\\\/103417\\\/#primaryimage\",\"url\":\"https:\\\/\\\/batijournal.com\\\/wp-content\\\/uploads\\\/2015\\\/10\\\/dechets-batiment.jpg\",\"contentUrl\":\"https:\\\/\\\/batijournal.com\\\/wp-content\\\/uploads\\\/2015\\\/10\\\/dechets-batiment.jpg\",\"width\":1024,\"height\":724},{\"@type\":\"BreadcrumbList\",\"@id\":\"https:\\\/\\\/batijournal.com\\\/index.php\\\/dechets-du-batiment-les-propositions-de-la-profession-evincees-par-letat\\\/103417\\\/#breadcrumb\",\"itemListElement\":[{\"@type\":\"ListItem\",\"position\":1,\"name\":\"Accueil\",\"item\":\"https:\\\/\\\/batijournal.com\\\/\"},{\"@type\":\"ListItem\",\"position\":2,\"name\":\"Actualit\u00e9s\",\"item\":\"https:\\\/\\\/batijournal.com\\\/index.php\\\/category\\\/actualites\\\/\"},{\"@type\":\"ListItem\",\"position\":3,\"name\":\"D\u00e9chets du b\u00e2timent : les propositions de la profession \u00e9vinc\u00e9es par l\u2019Etat\"}]},{\"@type\":\"WebSite\",\"@id\":\"https:\\\/\\\/batijournal.com\\\/#website\",\"url\":\"https:\\\/\\\/batijournal.com\\\/\",\"name\":\"Batijournal\",\"description\":\"L&#039;actualit\u00e9 du b\u00e2timent\",\"potentialAction\":[{\"@type\":\"SearchAction\",\"target\":{\"@type\":\"EntryPoint\",\"urlTemplate\":\"https:\\\/\\\/batijournal.com\\\/?s={search_term_string}\"},\"query-input\":{\"@type\":\"PropertyValueSpecification\",\"valueRequired\":true,\"valueName\":\"search_term_string\"}}],\"inLanguage\":\"fr-FR\"},{\"@type\":\"Person\",\"@id\":\"https:\\\/\\\/batijournal.com\\\/#\\\/schema\\\/person\\\/1dc96ec6957aa1ccb25ebe78bb19f100\",\"name\":\"St\u00e9phane Miget\",\"image\":{\"@type\":\"ImageObject\",\"inLanguage\":\"fr-FR\",\"@id\":\"https:\\\/\\\/secure.gravatar.com\\\/avatar\\\/89915563d925342126b8ef0281b93d9d7fc337043e8df017f780908eb9644451?s=96&d=mm&r=g\",\"url\":\"https:\\\/\\\/secure.gravatar.com\\\/avatar\\\/89915563d925342126b8ef0281b93d9d7fc337043e8df017f780908eb9644451?s=96&d=mm&r=g\",\"contentUrl\":\"https:\\\/\\\/secure.gravatar.com\\\/avatar\\\/89915563d925342126b8ef0281b93d9d7fc337043e8df017f780908eb9644451?s=96&d=mm&r=g\",\"caption\":\"St\u00e9phane Miget\"},\"url\":\"https:\\\/\\\/batijournal.com\\\/index.php\\\/author\\\/stephane\\\/\"}]}<\/script>\n<!-- \/ Yoast SEO plugin. -->","yoast_head_json":{"title":"D\u00e9chets du b\u00e2timent : les propositions de la profession \u00e9vinc\u00e9es par l\u2019Etat","robots":{"index":"index","follow":"follow","max-snippet":"max-snippet:-1","max-image-preview":"max-image-preview:large","max-video-preview":"max-video-preview:-1"},"canonical":"https:\/\/batijournal.com\/index.php\/dechets-du-batiment-les-propositions-de-la-profession-evincees-par-letat\/103417\/","og_locale":"fr_FR","og_type":"article","og_title":"D\u00e9chets du b\u00e2timent : les propositions de la profession \u00e9vinc\u00e9es par l\u2019Etat","og_description":"Les professionnels saluent la d\u00e9cision du gouvernement et de l\u2019Assembl\u00e9e nationale de repousser la d\u00e9finition du p\u00e9rim\u00e8tre de la REP B\u00e2timent (responsabilit\u00e9 \u00e9largie du producteur) \u00e0 la remise de l\u2019\u00e9tude de pr\u00e9figuration confi\u00e9e \u00e0 l\u2019ADEME. En revanche, ils ne s\u2019expliquent pas la d\u00e9cision de fermer la porte \u00e0 tout syst\u00e8me alternatif pour le secteur du [&hellip;]","og_url":"https:\/\/batijournal.com\/index.php\/dechets-du-batiment-les-propositions-de-la-profession-evincees-par-letat\/103417\/","og_site_name":"Batijournal","article_published_time":"2019-12-09T09:27:54+00:00","article_modified_time":"2019-12-09T09:31:35+00:00","og_image":[{"width":1024,"height":724,"url":"https:\/\/batijournal.com\/wp-content\/uploads\/2015\/10\/dechets-batiment.jpg","type":"image\/jpeg"}],"author":"St\u00e9phane Miget","twitter_card":"summary_large_image","twitter_creator":"@bati_journal","twitter_site":"@bati_journal","twitter_misc":{"\u00c9crit par":"St\u00e9phane Miget","Dur\u00e9e de lecture estim\u00e9e":"2 minutes"},"schema":{"@context":"https:\/\/schema.org","@graph":[{"@type":"Article","@id":"https:\/\/batijournal.com\/index.php\/dechets-du-batiment-les-propositions-de-la-profession-evincees-par-letat\/103417\/#article","isPartOf":{"@id":"https:\/\/batijournal.com\/index.php\/dechets-du-batiment-les-propositions-de-la-profession-evincees-par-letat\/103417\/"},"author":{"name":"St\u00e9phane Miget","@id":"https:\/\/batijournal.com\/#\/schema\/person\/1dc96ec6957aa1ccb25ebe78bb19f100"},"headline":"D\u00e9chets du b\u00e2timent : les propositions de la profession \u00e9vinc\u00e9es par l\u2019Etat","datePublished":"2019-12-09T09:27:54+00:00","dateModified":"2019-12-09T09:31:35+00:00","mainEntityOfPage":{"@id":"https:\/\/batijournal.com\/index.php\/dechets-du-batiment-les-propositions-de-la-profession-evincees-par-letat\/103417\/"},"wordCount":368,"image":{"@id":"https:\/\/batijournal.com\/index.php\/dechets-du-batiment-les-propositions-de-la-profession-evincees-par-letat\/103417\/#primaryimage"},"thumbnailUrl":"https:\/\/batijournal.com\/wp-content\/uploads\/2015\/10\/dechets-batiment.jpg","keywords":["d\u00e9chets","\u00e9conomie circulaire"],"articleSection":["Actualit\u00e9s","\u00c9conomie &amp; March\u00e9s"],"inLanguage":"fr-FR"},{"@type":"WebPage","@id":"https:\/\/batijournal.com\/index.php\/dechets-du-batiment-les-propositions-de-la-profession-evincees-par-letat\/103417\/","url":"https:\/\/batijournal.com\/index.php\/dechets-du-batiment-les-propositions-de-la-profession-evincees-par-letat\/103417\/","name":"D\u00e9chets du b\u00e2timent : les propositions de la profession \u00e9vinc\u00e9es par l\u2019Etat","isPartOf":{"@id":"https:\/\/batijournal.com\/#website"},"primaryImageOfPage":{"@id":"https:\/\/batijournal.com\/index.php\/dechets-du-batiment-les-propositions-de-la-profession-evincees-par-letat\/103417\/#primaryimage"},"image":{"@id":"https:\/\/batijournal.com\/index.php\/dechets-du-batiment-les-propositions-de-la-profession-evincees-par-letat\/103417\/#primaryimage"},"thumbnailUrl":"https:\/\/batijournal.com\/wp-content\/uploads\/2015\/10\/dechets-batiment.jpg","datePublished":"2019-12-09T09:27:54+00:00","dateModified":"2019-12-09T09:31:35+00:00","author":{"@id":"https:\/\/batijournal.com\/#\/schema\/person\/1dc96ec6957aa1ccb25ebe78bb19f100"},"breadcrumb":{"@id":"https:\/\/batijournal.com\/index.php\/dechets-du-batiment-les-propositions-de-la-profession-evincees-par-letat\/103417\/#breadcrumb"},"inLanguage":"fr-FR","potentialAction":[{"@type":"ReadAction","target":["https:\/\/batijournal.com\/index.php\/dechets-du-batiment-les-propositions-de-la-profession-evincees-par-letat\/103417\/"]}]},{"@type":"ImageObject","inLanguage":"fr-FR","@id":"https:\/\/batijournal.com\/index.php\/dechets-du-batiment-les-propositions-de-la-profession-evincees-par-letat\/103417\/#primaryimage","url":"https:\/\/batijournal.com\/wp-content\/uploads\/2015\/10\/dechets-batiment.jpg","contentUrl":"https:\/\/batijournal.com\/wp-content\/uploads\/2015\/10\/dechets-batiment.jpg","width":1024,"height":724},{"@type":"BreadcrumbList","@id":"https:\/\/batijournal.com\/index.php\/dechets-du-batiment-les-propositions-de-la-profession-evincees-par-letat\/103417\/#breadcrumb","itemListElement":[{"@type":"ListItem","position":1,"name":"Accueil","item":"https:\/\/batijournal.com\/"},{"@type":"ListItem","position":2,"name":"Actualit\u00e9s","item":"https:\/\/batijournal.com\/index.php\/category\/actualites\/"},{"@type":"ListItem","position":3,"name":"D\u00e9chets du b\u00e2timent : les propositions de la profession \u00e9vinc\u00e9es par l\u2019Etat"}]},{"@type":"WebSite","@id":"https:\/\/batijournal.com\/#website","url":"https:\/\/batijournal.com\/","name":"Batijournal","description":"L&#039;actualit\u00e9 du b\u00e2timent","potentialAction":[{"@type":"SearchAction","target":{"@type":"EntryPoint","urlTemplate":"https:\/\/batijournal.com\/?s={search_term_string}"},"query-input":{"@type":"PropertyValueSpecification","valueRequired":true,"valueName":"search_term_string"}}],"inLanguage":"fr-FR"},{"@type":"Person","@id":"https:\/\/batijournal.com\/#\/schema\/person\/1dc96ec6957aa1ccb25ebe78bb19f100","name":"St\u00e9phane Miget","image":{"@type":"ImageObject","inLanguage":"fr-FR","@id":"https:\/\/secure.gravatar.com\/avatar\/89915563d925342126b8ef0281b93d9d7fc337043e8df017f780908eb9644451?s=96&d=mm&r=g","url":"https:\/\/secure.gravatar.com\/avatar\/89915563d925342126b8ef0281b93d9d7fc337043e8df017f780908eb9644451?s=96&d=mm&r=g","contentUrl":"https:\/\/secure.gravatar.com\/avatar\/89915563d925342126b8ef0281b93d9d7fc337043e8df017f780908eb9644451?s=96&d=mm&r=g","caption":"St\u00e9phane Miget"},"url":"https:\/\/batijournal.com\/index.php\/author\/stephane\/"}]}},"_links":{"self":[{"href":"https:\/\/batijournal.com\/index.php\/wp-json\/wp\/v2\/posts\/103417","targetHints":{"allow":["GET"]}}],"collection":[{"href":"https:\/\/batijournal.com\/index.php\/wp-json\/wp\/v2\/posts"}],"about":[{"href":"https:\/\/batijournal.com\/index.php\/wp-json\/wp\/v2\/types\/post"}],"author":[{"embeddable":true,"href":"https:\/\/batijournal.com\/index.php\/wp-json\/wp\/v2\/users\/17"}],"replies":[{"embeddable":true,"href":"https:\/\/batijournal.com\/index.php\/wp-json\/wp\/v2\/comments?post=103417"}],"version-history":[{"count":0,"href":"https:\/\/batijournal.com\/index.php\/wp-json\/wp\/v2\/posts\/103417\/revisions"}],"wp:featuredmedia":[{"embeddable":true,"href":"https:\/\/batijournal.com\/index.php\/wp-json\/wp\/v2\/media\/89600"}],"wp:attachment":[{"href":"https:\/\/batijournal.com\/index.php\/wp-json\/wp\/v2\/media?parent=103417"}],"wp:term":[{"taxonomy":"category","embeddable":true,"href":"https:\/\/batijournal.com\/index.php\/wp-json\/wp\/v2\/categories?post=103417"},{"taxonomy":"post_tag","embeddable":true,"href":"https:\/\/batijournal.com\/index.php\/wp-json\/wp\/v2\/tags?post=103417"}],"curies":[{"name":"wp","href":"https:\/\/api.w.org\/{rel}","templated":true}]}}