{"id":103484,"date":"2019-12-13T14:14:53","date_gmt":"2019-12-13T13:14:53","guid":{"rendered":"https:\/\/batijournal.com\/?p=103484"},"modified":"2019-12-13T14:14:53","modified_gmt":"2019-12-13T13:14:53","slug":"beton-bois-et-verre-pour-linternat-de-chelles","status":"publish","type":"post","link":"https:\/\/batijournal.com\/index.php\/beton-bois-et-verre-pour-linternat-de-chelles\/103484\/","title":{"rendered":"B\u00e9ton, bois et verre pour l\u2019internat de Chelles"},"content":{"rendered":"<p><strong>La complexit\u00e9 du chantier de l\u2019internat de Chelles (77) d\u00e9passe le cadre des contraintes r\u00e9glementaires tr\u00e8s strictes, elle s\u2019exprime autant dans la conception architecturale que dans la conception-fabrication et conduite du chantier. L\u2019architecte Pascale GUEDOT (\u00e9querre d\u2019argent 2010) a fait le choix d\u2019un parti pris rare et singulier, sa conception porte l\u2019empreinte d\u2019un design aux influences nord europ\u00e9ennes, tenant plus du b\u00e2timent de luxe que de l\u2019internat fonctionnel, soit, un geste architectural d\u2019ampleur.<\/strong><\/p>\n<p>En posant les yeux sur la fa\u00e7ade de l\u2019internat de Chelles, l\u2019impression premi\u00e8re est celle de lignes pures et d\u2019une seule surface m\u00ealant 3 mat\u00e9riaux, le b\u00e9ton, le bois et le verre, qui semblent se fondre. La fa\u00e7ade en b\u00e9ton et les fen\u00eatres constituent donc l\u2019\u00e9l\u00e9ment architectural principal du b\u00e2timent. La partie pleine en m\u00e9l\u00e8ze et la partie vitr\u00e9e, int\u00e9gr\u00e9es au b\u00e9ton, indiquent le code architectural qui joue sur une inversion. Ici, pas de garde-corps, puisque c\u2019est le vitrage qui se fait garde-corps plein et entier, un vitrage fixe tout en hauteur et qui touche le sol, pour donner une impression de vide.<\/p>\n<p>L\u2019habillage des fa\u00e7ades se compose de panneaux pr\u00e9fabriqu\u00e9s en b\u00e9ton architectonique de teinte gris clair et de bardage en bois de m\u00e9l\u00e8ze. Cette construction a n\u00e9cessit\u00e9 une surface de menuiserie tr\u00e8s cons\u00e9quente \u00e0 haute isolation thermique.<br \/>\nDe l\u2019ext\u00e9rieur, la fa\u00e7ade porte une couleur b\u00e9ton brut et un veinage de coffrages de dimensions diff\u00e9rentes, le tout rythm\u00e9 par des bandeaux horizontaux filant tout autour, \u00e0 chaque niveau. Entre b\u00e9ton et coffrages se d\u00e9ploient de petits poteaux b\u00e9ton (370 en vertical).<br \/>\nDe l\u2019int\u00e9rieur, un \u00e9brasement en bois vient encadrer la menuiserie et tout recouvrir.<br \/>\nLe tout, menuis\u00e9, pr\u00e9sente donc le m\u00eame aspect esth\u00e9tique harmonieux : ventilations, stores, milliers de coffres \u00e9tanches \u00e0 dimension vari\u00e9e, tout est cach\u00e9, au service d\u2019une esth\u00e9tique \u00e9pur\u00e9e. Cette \u00e9pure esth\u00e9tique rel\u00e8ve pourtant d\u2019un caract\u00e8re complexe d\u2019ouvrages compos\u00e9s, longuement conceptualis\u00e9s en bureau d\u2019\u00e9tudes : un temps d\u2019\u00e9tude incompressible pour une finition parfaite et assurer une s\u00e9curit\u00e9 optimum des internes.<br \/>\nAinsi, de l\u2019int\u00e9rieur, ne per\u00e7oit-on que la partie vitr\u00e9e ou la partie qui s\u2019ouvre, mais rien d\u2019autre : tout le reste est dissimul\u00e9 par du placo et aucun store n\u2019est visible. Pour r\u00e9aliser cette prouesse technique, il a fallu penser les menuiseries pour que les parties pleines ouvrantes et fixes se confondent. Dans ce cas pr\u00e9cis, la partie ouvrante n\u2019est pas la partie vitr\u00e9e : les parties ouvrantes sont pleines et les parties vitr\u00e9es sont fixes.<br \/>\nPanneau et d\u00e9coupe sont r\u00e9alis\u00e9s dans la m\u00eame plaque, seul est perceptible le trait de la scie. La partie ouvrante (d\u00e9coup\u00e9e dans le panneau) et le veinage s\u2019alignent parfaitement pour que le tout paraisse plein et fixe. Tous les bois sont en m\u00e9l\u00e8ze naturel et l\u2019\u00e9brasement, de m\u00eame teinte, vient r\u00e9cup\u00e9rer le doublage. Au-dessus de cet \u00e9brasement, le coffre (portant propri\u00e9t\u00e9s a\u00e9rauliques) et la ventilation, sont cach\u00e9s dans le doublage. De m\u00eame, le store descendant devant la partie fixe c\u00f4t\u00e9 int\u00e9rieur, est rendu invisible.<\/p>\n<p><img loading=\"lazy\" decoding=\"async\" class=\"aligncenter size-full wp-image-103485\" src=\"https:\/\/batijournal.com\/wp-content\/uploads\/2019\/12\/internat-de-chelles-lorillard-2.png\" alt=\"\" width=\"745\" height=\"497\" srcset=\"https:\/\/batijournal.com\/wp-content\/uploads\/2019\/12\/internat-de-chelles-lorillard-2.png 745w, https:\/\/batijournal.com\/wp-content\/uploads\/2019\/12\/internat-de-chelles-lorillard-2-300x200.png 300w, https:\/\/batijournal.com\/wp-content\/uploads\/2019\/12\/internat-de-chelles-lorillard-2-150x100.png 150w, https:\/\/batijournal.com\/wp-content\/uploads\/2019\/12\/internat-de-chelles-lorillard-2-600x400.png 600w\" sizes=\"(max-width: 745px) 100vw, 745px\" \/>Toute la difficult\u00e9 pos\u00e9e au bureau d\u2019\u00e9tude de Lorillard \u00e9tait de cacher la complexit\u00e9 technique et de rendre invisible le savoir-faire : pas d\u2019habillage ni champ plat, ajout de joints creux, placo rencontrant la menuiserie avec une infinie pr\u00e9cision, construction sp\u00e9cifique de porte bois, couronnes ERP particuli\u00e8res, ch\u00e2ssis coulissants sur mesure atteignant des dimensions de 10 m\u00e8tres de long pour correspondre aux plans hors standard, conception de profils sp\u00e9cifiques et d\u2019assemblage, cr\u00e9ation d\u2019ouvrants pompiers plus larges avec des syst\u00e8mes de poign\u00e9e ouvrant dans les deux sens, et syst\u00e8mes de lib\u00e9ration instantan\u00e9e des serrures en cas d\u2019alarme incendie etc. &#8230;<br \/>\nChaque pi\u00e8ce, de dimension diff\u00e9rente, a \u00e9t\u00e9 minutieusement pens\u00e9e et dessin\u00e9e en bureau d\u2019\u00e9tude, travaill\u00e9e au millim\u00e8tre pr\u00e8s. Tous les \u00e9l\u00e9ments r\u00e9alis\u00e9s pour ce chantier s\u2019av\u00e9rant hors standard, le bureau d\u2019\u00e9tude a d\u00fb d\u00e9velopper un syst\u00e8me industriel sp\u00e9cifique pour l\u2019approvisionnement et le montage dans la conduite des travaux.<\/p>\n","protected":false},"excerpt":{"rendered":"<p>La complexit\u00e9 du chantier de l\u2019internat de Chelles (77) d\u00e9passe le cadre des contraintes r\u00e9glementaires tr\u00e8s strictes, elle s\u2019exprime autant dans la conception architecturale que dans la conception-fabrication et conduite du chantier. L\u2019architecte Pascale GUEDOT (\u00e9querre d\u2019argent 2010) a fait le choix d\u2019un parti pris rare et singulier, sa conception porte l\u2019empreinte d\u2019un design aux [&hellip;]<\/p>\n","protected":false},"author":17,"featured_media":103486,"comment_status":"closed","ping_status":"closed","sticky":false,"template":"","format":"standard","meta":{"_et_pb_use_builder":"","_et_pb_old_content":"","_et_gb_content_width":"","footnotes":""},"categories":[10530,6340,10771,10775,10769,10764],"tags":[1128,374],"class_list":["post-103484","post","type-post","status-publish","format-standard","has-post-thumbnail","hentry","category-actualites","category-architecture-conception","category-5facades","category-actualites-5facades","category-publications","category-woodsurfer","tag-beton","tag-construction-bois-2"],"yoast_head":"<!-- This site is optimized with the Yoast SEO plugin v27.4 - https:\/\/yoast.com\/product\/yoast-seo-wordpress\/ -->\n<title>B\u00e9ton, bois et verre pour l\u2019internat de Chelles<\/title>\n<meta name=\"robots\" content=\"index, follow, max-snippet:-1, max-image-preview:large, max-video-preview:-1\" \/>\n<link rel=\"canonical\" href=\"https:\/\/batijournal.com\/index.php\/beton-bois-et-verre-pour-linternat-de-chelles\/103484\/\" \/>\n<meta property=\"og:locale\" content=\"fr_FR\" \/>\n<meta property=\"og:type\" content=\"article\" \/>\n<meta property=\"og:title\" content=\"B\u00e9ton, bois et verre pour l\u2019internat de Chelles\" \/>\n<meta property=\"og:description\" content=\"La complexit\u00e9 du chantier de l\u2019internat de Chelles (77) d\u00e9passe le cadre des contraintes r\u00e9glementaires tr\u00e8s strictes, elle s\u2019exprime autant dans la conception architecturale que dans la conception-fabrication et conduite du chantier. L\u2019architecte Pascale GUEDOT (\u00e9querre d\u2019argent 2010) a fait le choix d\u2019un parti pris rare et singulier, sa conception porte l\u2019empreinte d\u2019un design aux [&hellip;]\" \/>\n<meta property=\"og:url\" content=\"https:\/\/batijournal.com\/index.php\/beton-bois-et-verre-pour-linternat-de-chelles\/103484\/\" \/>\n<meta property=\"og:site_name\" content=\"Batijournal\" \/>\n<meta property=\"article:published_time\" content=\"2019-12-13T13:14:53+00:00\" \/>\n<meta property=\"og:image\" content=\"https:\/\/batijournal.com\/wp-content\/uploads\/2019\/12\/internat-de-chelles-lorillard.png\" \/>\n\t<meta property=\"og:image:width\" content=\"747\" \/>\n\t<meta property=\"og:image:height\" content=\"443\" \/>\n\t<meta property=\"og:image:type\" content=\"image\/png\" \/>\n<meta name=\"author\" content=\"St\u00e9phane Miget\" \/>\n<meta name=\"twitter:card\" content=\"summary_large_image\" \/>\n<meta name=\"twitter:creator\" content=\"@bati_journal\" \/>\n<meta name=\"twitter:site\" content=\"@bati_journal\" \/>\n<meta name=\"twitter:label1\" content=\"\u00c9crit par\" \/>\n\t<meta name=\"twitter:data1\" content=\"St\u00e9phane Miget\" \/>\n\t<meta name=\"twitter:label2\" content=\"Dur\u00e9e de lecture estim\u00e9e\" \/>\n\t<meta name=\"twitter:data2\" content=\"4 minutes\" \/>\n<script type=\"application\/ld+json\" class=\"yoast-schema-graph\">{\"@context\":\"https:\\\/\\\/schema.org\",\"@graph\":[{\"@type\":\"Article\",\"@id\":\"https:\\\/\\\/batijournal.com\\\/index.php\\\/beton-bois-et-verre-pour-linternat-de-chelles\\\/103484\\\/#article\",\"isPartOf\":{\"@id\":\"https:\\\/\\\/batijournal.com\\\/index.php\\\/beton-bois-et-verre-pour-linternat-de-chelles\\\/103484\\\/\"},\"author\":{\"name\":\"St\u00e9phane Miget\",\"@id\":\"https:\\\/\\\/batijournal.com\\\/#\\\/schema\\\/person\\\/1dc96ec6957aa1ccb25ebe78bb19f100\"},\"headline\":\"B\u00e9ton, bois et verre pour l\u2019internat de Chelles\",\"datePublished\":\"2019-12-13T13:14:53+00:00\",\"mainEntityOfPage\":{\"@id\":\"https:\\\/\\\/batijournal.com\\\/index.php\\\/beton-bois-et-verre-pour-linternat-de-chelles\\\/103484\\\/\"},\"wordCount\":770,\"image\":{\"@id\":\"https:\\\/\\\/batijournal.com\\\/index.php\\\/beton-bois-et-verre-pour-linternat-de-chelles\\\/103484\\\/#primaryimage\"},\"thumbnailUrl\":\"https:\\\/\\\/batijournal.com\\\/wp-content\\\/uploads\\\/2019\\\/12\\\/internat-de-chelles-lorillard.png\",\"keywords\":[\"b\u00e9ton\",\"construction bois\"],\"articleSection\":[\"Actualit\u00e9s\",\"Architecture &amp; Conception\",\"zz_5fa\u00e7ades\",\"zz_Actualit\u00e9s - 5fa\u00e7ades\",\"zz_Actualit\u00e9s - Woodsurfer\",\"zz_Woodsurfer\"],\"inLanguage\":\"fr-FR\"},{\"@type\":\"WebPage\",\"@id\":\"https:\\\/\\\/batijournal.com\\\/index.php\\\/beton-bois-et-verre-pour-linternat-de-chelles\\\/103484\\\/\",\"url\":\"https:\\\/\\\/batijournal.com\\\/index.php\\\/beton-bois-et-verre-pour-linternat-de-chelles\\\/103484\\\/\",\"name\":\"B\u00e9ton, bois et verre pour l\u2019internat de Chelles\",\"isPartOf\":{\"@id\":\"https:\\\/\\\/batijournal.com\\\/#website\"},\"primaryImageOfPage\":{\"@id\":\"https:\\\/\\\/batijournal.com\\\/index.php\\\/beton-bois-et-verre-pour-linternat-de-chelles\\\/103484\\\/#primaryimage\"},\"image\":{\"@id\":\"https:\\\/\\\/batijournal.com\\\/index.php\\\/beton-bois-et-verre-pour-linternat-de-chelles\\\/103484\\\/#primaryimage\"},\"thumbnailUrl\":\"https:\\\/\\\/batijournal.com\\\/wp-content\\\/uploads\\\/2019\\\/12\\\/internat-de-chelles-lorillard.png\",\"datePublished\":\"2019-12-13T13:14:53+00:00\",\"author\":{\"@id\":\"https:\\\/\\\/batijournal.com\\\/#\\\/schema\\\/person\\\/1dc96ec6957aa1ccb25ebe78bb19f100\"},\"breadcrumb\":{\"@id\":\"https:\\\/\\\/batijournal.com\\\/index.php\\\/beton-bois-et-verre-pour-linternat-de-chelles\\\/103484\\\/#breadcrumb\"},\"inLanguage\":\"fr-FR\",\"potentialAction\":[{\"@type\":\"ReadAction\",\"target\":[\"https:\\\/\\\/batijournal.com\\\/index.php\\\/beton-bois-et-verre-pour-linternat-de-chelles\\\/103484\\\/\"]}]},{\"@type\":\"ImageObject\",\"inLanguage\":\"fr-FR\",\"@id\":\"https:\\\/\\\/batijournal.com\\\/index.php\\\/beton-bois-et-verre-pour-linternat-de-chelles\\\/103484\\\/#primaryimage\",\"url\":\"https:\\\/\\\/batijournal.com\\\/wp-content\\\/uploads\\\/2019\\\/12\\\/internat-de-chelles-lorillard.png\",\"contentUrl\":\"https:\\\/\\\/batijournal.com\\\/wp-content\\\/uploads\\\/2019\\\/12\\\/internat-de-chelles-lorillard.png\",\"width\":747,\"height\":443},{\"@type\":\"BreadcrumbList\",\"@id\":\"https:\\\/\\\/batijournal.com\\\/index.php\\\/beton-bois-et-verre-pour-linternat-de-chelles\\\/103484\\\/#breadcrumb\",\"itemListElement\":[{\"@type\":\"ListItem\",\"position\":1,\"name\":\"Accueil\",\"item\":\"https:\\\/\\\/batijournal.com\\\/\"},{\"@type\":\"ListItem\",\"position\":2,\"name\":\"Actualit\u00e9s\",\"item\":\"https:\\\/\\\/batijournal.com\\\/index.php\\\/category\\\/actualites\\\/\"},{\"@type\":\"ListItem\",\"position\":3,\"name\":\"B\u00e9ton, bois et verre pour l\u2019internat de Chelles\"}]},{\"@type\":\"WebSite\",\"@id\":\"https:\\\/\\\/batijournal.com\\\/#website\",\"url\":\"https:\\\/\\\/batijournal.com\\\/\",\"name\":\"Batijournal\",\"description\":\"L&#039;actualit\u00e9 du b\u00e2timent\",\"potentialAction\":[{\"@type\":\"SearchAction\",\"target\":{\"@type\":\"EntryPoint\",\"urlTemplate\":\"https:\\\/\\\/batijournal.com\\\/?s={search_term_string}\"},\"query-input\":{\"@type\":\"PropertyValueSpecification\",\"valueRequired\":true,\"valueName\":\"search_term_string\"}}],\"inLanguage\":\"fr-FR\"},{\"@type\":\"Person\",\"@id\":\"https:\\\/\\\/batijournal.com\\\/#\\\/schema\\\/person\\\/1dc96ec6957aa1ccb25ebe78bb19f100\",\"name\":\"St\u00e9phane Miget\",\"image\":{\"@type\":\"ImageObject\",\"inLanguage\":\"fr-FR\",\"@id\":\"https:\\\/\\\/secure.gravatar.com\\\/avatar\\\/89915563d925342126b8ef0281b93d9d7fc337043e8df017f780908eb9644451?s=96&d=mm&r=g\",\"url\":\"https:\\\/\\\/secure.gravatar.com\\\/avatar\\\/89915563d925342126b8ef0281b93d9d7fc337043e8df017f780908eb9644451?s=96&d=mm&r=g\",\"contentUrl\":\"https:\\\/\\\/secure.gravatar.com\\\/avatar\\\/89915563d925342126b8ef0281b93d9d7fc337043e8df017f780908eb9644451?s=96&d=mm&r=g\",\"caption\":\"St\u00e9phane Miget\"},\"url\":\"https:\\\/\\\/batijournal.com\\\/index.php\\\/author\\\/stephane\\\/\"}]}<\/script>\n<!-- \/ Yoast SEO plugin. -->","yoast_head_json":{"title":"B\u00e9ton, bois et verre pour l\u2019internat de Chelles","robots":{"index":"index","follow":"follow","max-snippet":"max-snippet:-1","max-image-preview":"max-image-preview:large","max-video-preview":"max-video-preview:-1"},"canonical":"https:\/\/batijournal.com\/index.php\/beton-bois-et-verre-pour-linternat-de-chelles\/103484\/","og_locale":"fr_FR","og_type":"article","og_title":"B\u00e9ton, bois et verre pour l\u2019internat de Chelles","og_description":"La complexit\u00e9 du chantier de l\u2019internat de Chelles (77) d\u00e9passe le cadre des contraintes r\u00e9glementaires tr\u00e8s strictes, elle s\u2019exprime autant dans la conception architecturale que dans la conception-fabrication et conduite du chantier. L\u2019architecte Pascale GUEDOT (\u00e9querre d\u2019argent 2010) a fait le choix d\u2019un parti pris rare et singulier, sa conception porte l\u2019empreinte d\u2019un design aux [&hellip;]","og_url":"https:\/\/batijournal.com\/index.php\/beton-bois-et-verre-pour-linternat-de-chelles\/103484\/","og_site_name":"Batijournal","article_published_time":"2019-12-13T13:14:53+00:00","og_image":[{"width":747,"height":443,"url":"https:\/\/batijournal.com\/wp-content\/uploads\/2019\/12\/internat-de-chelles-lorillard.png","type":"image\/png"}],"author":"St\u00e9phane Miget","twitter_card":"summary_large_image","twitter_creator":"@bati_journal","twitter_site":"@bati_journal","twitter_misc":{"\u00c9crit par":"St\u00e9phane Miget","Dur\u00e9e de lecture estim\u00e9e":"4 minutes"},"schema":{"@context":"https:\/\/schema.org","@graph":[{"@type":"Article","@id":"https:\/\/batijournal.com\/index.php\/beton-bois-et-verre-pour-linternat-de-chelles\/103484\/#article","isPartOf":{"@id":"https:\/\/batijournal.com\/index.php\/beton-bois-et-verre-pour-linternat-de-chelles\/103484\/"},"author":{"name":"St\u00e9phane Miget","@id":"https:\/\/batijournal.com\/#\/schema\/person\/1dc96ec6957aa1ccb25ebe78bb19f100"},"headline":"B\u00e9ton, bois et verre pour l\u2019internat de Chelles","datePublished":"2019-12-13T13:14:53+00:00","mainEntityOfPage":{"@id":"https:\/\/batijournal.com\/index.php\/beton-bois-et-verre-pour-linternat-de-chelles\/103484\/"},"wordCount":770,"image":{"@id":"https:\/\/batijournal.com\/index.php\/beton-bois-et-verre-pour-linternat-de-chelles\/103484\/#primaryimage"},"thumbnailUrl":"https:\/\/batijournal.com\/wp-content\/uploads\/2019\/12\/internat-de-chelles-lorillard.png","keywords":["b\u00e9ton","construction bois"],"articleSection":["Actualit\u00e9s","Architecture &amp; Conception","zz_5fa\u00e7ades","zz_Actualit\u00e9s - 5fa\u00e7ades","zz_Actualit\u00e9s - Woodsurfer","zz_Woodsurfer"],"inLanguage":"fr-FR"},{"@type":"WebPage","@id":"https:\/\/batijournal.com\/index.php\/beton-bois-et-verre-pour-linternat-de-chelles\/103484\/","url":"https:\/\/batijournal.com\/index.php\/beton-bois-et-verre-pour-linternat-de-chelles\/103484\/","name":"B\u00e9ton, bois et verre pour l\u2019internat de Chelles","isPartOf":{"@id":"https:\/\/batijournal.com\/#website"},"primaryImageOfPage":{"@id":"https:\/\/batijournal.com\/index.php\/beton-bois-et-verre-pour-linternat-de-chelles\/103484\/#primaryimage"},"image":{"@id":"https:\/\/batijournal.com\/index.php\/beton-bois-et-verre-pour-linternat-de-chelles\/103484\/#primaryimage"},"thumbnailUrl":"https:\/\/batijournal.com\/wp-content\/uploads\/2019\/12\/internat-de-chelles-lorillard.png","datePublished":"2019-12-13T13:14:53+00:00","author":{"@id":"https:\/\/batijournal.com\/#\/schema\/person\/1dc96ec6957aa1ccb25ebe78bb19f100"},"breadcrumb":{"@id":"https:\/\/batijournal.com\/index.php\/beton-bois-et-verre-pour-linternat-de-chelles\/103484\/#breadcrumb"},"inLanguage":"fr-FR","potentialAction":[{"@type":"ReadAction","target":["https:\/\/batijournal.com\/index.php\/beton-bois-et-verre-pour-linternat-de-chelles\/103484\/"]}]},{"@type":"ImageObject","inLanguage":"fr-FR","@id":"https:\/\/batijournal.com\/index.php\/beton-bois-et-verre-pour-linternat-de-chelles\/103484\/#primaryimage","url":"https:\/\/batijournal.com\/wp-content\/uploads\/2019\/12\/internat-de-chelles-lorillard.png","contentUrl":"https:\/\/batijournal.com\/wp-content\/uploads\/2019\/12\/internat-de-chelles-lorillard.png","width":747,"height":443},{"@type":"BreadcrumbList","@id":"https:\/\/batijournal.com\/index.php\/beton-bois-et-verre-pour-linternat-de-chelles\/103484\/#breadcrumb","itemListElement":[{"@type":"ListItem","position":1,"name":"Accueil","item":"https:\/\/batijournal.com\/"},{"@type":"ListItem","position":2,"name":"Actualit\u00e9s","item":"https:\/\/batijournal.com\/index.php\/category\/actualites\/"},{"@type":"ListItem","position":3,"name":"B\u00e9ton, bois et verre pour l\u2019internat de Chelles"}]},{"@type":"WebSite","@id":"https:\/\/batijournal.com\/#website","url":"https:\/\/batijournal.com\/","name":"Batijournal","description":"L&#039;actualit\u00e9 du b\u00e2timent","potentialAction":[{"@type":"SearchAction","target":{"@type":"EntryPoint","urlTemplate":"https:\/\/batijournal.com\/?s={search_term_string}"},"query-input":{"@type":"PropertyValueSpecification","valueRequired":true,"valueName":"search_term_string"}}],"inLanguage":"fr-FR"},{"@type":"Person","@id":"https:\/\/batijournal.com\/#\/schema\/person\/1dc96ec6957aa1ccb25ebe78bb19f100","name":"St\u00e9phane Miget","image":{"@type":"ImageObject","inLanguage":"fr-FR","@id":"https:\/\/secure.gravatar.com\/avatar\/89915563d925342126b8ef0281b93d9d7fc337043e8df017f780908eb9644451?s=96&d=mm&r=g","url":"https:\/\/secure.gravatar.com\/avatar\/89915563d925342126b8ef0281b93d9d7fc337043e8df017f780908eb9644451?s=96&d=mm&r=g","contentUrl":"https:\/\/secure.gravatar.com\/avatar\/89915563d925342126b8ef0281b93d9d7fc337043e8df017f780908eb9644451?s=96&d=mm&r=g","caption":"St\u00e9phane Miget"},"url":"https:\/\/batijournal.com\/index.php\/author\/stephane\/"}]}},"_links":{"self":[{"href":"https:\/\/batijournal.com\/index.php\/wp-json\/wp\/v2\/posts\/103484","targetHints":{"allow":["GET"]}}],"collection":[{"href":"https:\/\/batijournal.com\/index.php\/wp-json\/wp\/v2\/posts"}],"about":[{"href":"https:\/\/batijournal.com\/index.php\/wp-json\/wp\/v2\/types\/post"}],"author":[{"embeddable":true,"href":"https:\/\/batijournal.com\/index.php\/wp-json\/wp\/v2\/users\/17"}],"replies":[{"embeddable":true,"href":"https:\/\/batijournal.com\/index.php\/wp-json\/wp\/v2\/comments?post=103484"}],"version-history":[{"count":0,"href":"https:\/\/batijournal.com\/index.php\/wp-json\/wp\/v2\/posts\/103484\/revisions"}],"wp:featuredmedia":[{"embeddable":true,"href":"https:\/\/batijournal.com\/index.php\/wp-json\/wp\/v2\/media\/103486"}],"wp:attachment":[{"href":"https:\/\/batijournal.com\/index.php\/wp-json\/wp\/v2\/media?parent=103484"}],"wp:term":[{"taxonomy":"category","embeddable":true,"href":"https:\/\/batijournal.com\/index.php\/wp-json\/wp\/v2\/categories?post=103484"},{"taxonomy":"post_tag","embeddable":true,"href":"https:\/\/batijournal.com\/index.php\/wp-json\/wp\/v2\/tags?post=103484"}],"curies":[{"name":"wp","href":"https:\/\/api.w.org\/{rel}","templated":true}]}}