{"id":103491,"date":"2019-12-16T15:33:14","date_gmt":"2019-12-16T14:33:14","guid":{"rendered":"https:\/\/batijournal.com\/?p=103491"},"modified":"2019-12-16T15:33:14","modified_gmt":"2019-12-16T14:33:14","slug":"la-societe-du-grand-paris-lance-un-appel-a-projets-pour-la-creation-dun-lieu-dinnovation-culturelle-dans-la-future-gare-saint-denis-pleyel","status":"publish","type":"post","link":"https:\/\/batijournal.com\/index.php\/la-societe-du-grand-paris-lance-un-appel-a-projets-pour-la-creation-dun-lieu-dinnovation-culturelle-dans-la-future-gare-saint-denis-pleyel\/103491\/","title":{"rendered":"La Soci\u00e9t\u00e9 du Grand Paris lance un appel \u00e0 projets pour la cr\u00e9ation d\u2019un lieu d\u2019innovation culturelle dans la future gare Saint-Denis Pleyel"},"content":{"rendered":"<p><strong>La Soci\u00e9t\u00e9 du Grand Paris a lanc\u00e9 l\u2019appel \u00e0 projets IMAGINE PLEYEL pour la conception, l\u2019am\u00e9nagement et l\u2019exploitation d\u2019un lieu d\u2019innovation culturelle et sociale de 5 000 m2 situ\u00e9 dans les quatre \u00e9tages de la future gare Saint-Denis Pleyel.<\/strong><\/p>\n<p>Imagine Pleyel invite les investisseurs, op\u00e9rateurs culturels, acteurs de l\u2019innovation et du commerce, \u00e0 penser un \u00e9quipement portant l\u2019ambition de promouvoir et \u00e9largir l\u2019acc\u00e8s \u00e0 la culture pour tous et partout dans la m\u00e9tropole. Ce lieu d\u2019innovation culturelle et sociale pourra combiner activit\u00e9s de diffusion, de production et de pratiques culturelles, offres commerciales et marchandes, voire des activit\u00e9s de formation compatibles avec un mod\u00e8le \u00e9conomique solide et durable. Le nouvel \u00e9quipement devra s\u2019inscrire dans les dynamiques culturelles en marche sur le territoire de Plaine Commune, du D\u00e9partement de la Seine-Saint-Denis, de la R\u00e9gion et de la M\u00e9tropole du Grand Paris et ainsi s\u2019articuler avec le d\u00e9veloppement mixte des projets environnants.<br \/>\nLe projet devra reposer sur une programmation permanente et \u00e9v\u00e9nementielle qui encourage la cr\u00e9ativit\u00e9 et l\u2019interaction avec un public large et divers. Con\u00e7u dans un esprit d\u2019ouverture, d\u2019\u00e9volutivit\u00e9 et d\u2019hybridation, le projet pourra croiser pratiques artistiques, culturelles, associatives ou sportives.<br \/>\nPlusieurs th\u00e9matiques ont d\u00e9j\u00e0 \u00e9t\u00e9 identifi\u00e9es \u00e0 ce jour : le lien entre art, images et technologies ; le sport, la sant\u00e9 et le bien \u00eatre ; le lien entre ville, technologie et d\u00e9veloppement urbain ; l\u2019h\u00e9ritage des Jeux Olympiques de Paris 2024 ; les cultures urbaines, les musiques actuelles et les nouvelles formes de spectacle vivant ; l\u2019art et ses pratiques. Les candidats demeurent libres de proposer leurs propres concepts.<\/p>\n<p><a href=\"https:\/\/www.societedugrandparis.fr\/imaginepleyel\">https:\/\/www.societedugrandparis.fr\/imaginepleyel<\/a><\/p>\n<p>&nbsp;<\/p>\n","protected":false},"excerpt":{"rendered":"<p>La Soci\u00e9t\u00e9 du Grand Paris a lanc\u00e9 l\u2019appel \u00e0 projets IMAGINE PLEYEL pour la conception, l\u2019am\u00e9nagement et l\u2019exploitation d\u2019un lieu d\u2019innovation culturelle et sociale de 5 000 m2 situ\u00e9 dans les quatre \u00e9tages de la future gare Saint-Denis Pleyel. Imagine Pleyel invite les investisseurs, op\u00e9rateurs culturels, acteurs de l\u2019innovation et du commerce, \u00e0 penser un [&hellip;]<\/p>\n","protected":false},"author":17,"featured_media":103492,"comment_status":"closed","ping_status":"closed","sticky":false,"template":"","format":"standard","meta":{"_et_pb_use_builder":"","_et_pb_old_content":"","_et_gb_content_width":"","footnotes":""},"categories":[10530,6340],"tags":[4922],"class_list":["post-103491","post","type-post","status-publish","format-standard","has-post-thumbnail","hentry","category-actualites","category-architecture-conception","tag-grand-paris"],"yoast_head":"<!-- This site is optimized with the Yoast SEO plugin v27.4 - https:\/\/yoast.com\/product\/yoast-seo-wordpress\/ -->\n<title>La Soci\u00e9t\u00e9 du Grand Paris lance un appel \u00e0 projets pour la cr\u00e9ation d\u2019un lieu d\u2019innovation culturelle dans la future gare Saint-Denis Pleyel<\/title>\n<meta name=\"robots\" content=\"index, follow, max-snippet:-1, max-image-preview:large, max-video-preview:-1\" \/>\n<link rel=\"canonical\" href=\"https:\/\/batijournal.com\/index.php\/la-societe-du-grand-paris-lance-un-appel-a-projets-pour-la-creation-dun-lieu-dinnovation-culturelle-dans-la-future-gare-saint-denis-pleyel\/103491\/\" \/>\n<meta property=\"og:locale\" content=\"fr_FR\" \/>\n<meta property=\"og:type\" content=\"article\" \/>\n<meta property=\"og:title\" content=\"La Soci\u00e9t\u00e9 du Grand Paris lance un appel \u00e0 projets pour la cr\u00e9ation d\u2019un lieu d\u2019innovation culturelle dans la future gare Saint-Denis Pleyel\" \/>\n<meta property=\"og:description\" content=\"La Soci\u00e9t\u00e9 du Grand Paris a lanc\u00e9 l\u2019appel \u00e0 projets IMAGINE PLEYEL pour la conception, l\u2019am\u00e9nagement et l\u2019exploitation d\u2019un lieu d\u2019innovation culturelle et sociale de 5 000 m2 situ\u00e9 dans les quatre \u00e9tages de la future gare Saint-Denis Pleyel. Imagine Pleyel invite les investisseurs, op\u00e9rateurs culturels, acteurs de l\u2019innovation et du commerce, \u00e0 penser un [&hellip;]\" \/>\n<meta property=\"og:url\" content=\"https:\/\/batijournal.com\/index.php\/la-societe-du-grand-paris-lance-un-appel-a-projets-pour-la-creation-dun-lieu-dinnovation-culturelle-dans-la-future-gare-saint-denis-pleyel\/103491\/\" \/>\n<meta property=\"og:site_name\" content=\"Batijournal\" \/>\n<meta property=\"article:published_time\" content=\"2019-12-16T14:33:14+00:00\" \/>\n<meta property=\"og:image\" content=\"https:\/\/batijournal.com\/wp-content\/uploads\/2019\/12\/imagine-pleyel-societe-grand-paris.png\" \/>\n\t<meta property=\"og:image:width\" content=\"933\" \/>\n\t<meta property=\"og:image:height\" content=\"493\" \/>\n\t<meta property=\"og:image:type\" content=\"image\/png\" \/>\n<meta name=\"author\" content=\"St\u00e9phane Miget\" \/>\n<meta name=\"twitter:card\" content=\"summary_large_image\" \/>\n<meta name=\"twitter:creator\" content=\"@bati_journal\" \/>\n<meta name=\"twitter:site\" content=\"@bati_journal\" \/>\n<meta name=\"twitter:label1\" content=\"\u00c9crit par\" \/>\n\t<meta name=\"twitter:data1\" content=\"St\u00e9phane Miget\" \/>\n\t<meta name=\"twitter:label2\" content=\"Dur\u00e9e de lecture estim\u00e9e\" \/>\n\t<meta name=\"twitter:data2\" content=\"1 minute\" \/>\n<script type=\"application\/ld+json\" class=\"yoast-schema-graph\">{\"@context\":\"https:\\\/\\\/schema.org\",\"@graph\":[{\"@type\":\"Article\",\"@id\":\"https:\\\/\\\/batijournal.com\\\/index.php\\\/la-societe-du-grand-paris-lance-un-appel-a-projets-pour-la-creation-dun-lieu-dinnovation-culturelle-dans-la-future-gare-saint-denis-pleyel\\\/103491\\\/#article\",\"isPartOf\":{\"@id\":\"https:\\\/\\\/batijournal.com\\\/index.php\\\/la-societe-du-grand-paris-lance-un-appel-a-projets-pour-la-creation-dun-lieu-dinnovation-culturelle-dans-la-future-gare-saint-denis-pleyel\\\/103491\\\/\"},\"author\":{\"name\":\"St\u00e9phane Miget\",\"@id\":\"https:\\\/\\\/batijournal.com\\\/#\\\/schema\\\/person\\\/1dc96ec6957aa1ccb25ebe78bb19f100\"},\"headline\":\"La Soci\u00e9t\u00e9 du Grand Paris lance un appel \u00e0 projets pour la cr\u00e9ation d\u2019un lieu d\u2019innovation culturelle dans la future gare Saint-Denis Pleyel\",\"datePublished\":\"2019-12-16T14:33:14+00:00\",\"mainEntityOfPage\":{\"@id\":\"https:\\\/\\\/batijournal.com\\\/index.php\\\/la-societe-du-grand-paris-lance-un-appel-a-projets-pour-la-creation-dun-lieu-dinnovation-culturelle-dans-la-future-gare-saint-denis-pleyel\\\/103491\\\/\"},\"wordCount\":316,\"image\":{\"@id\":\"https:\\\/\\\/batijournal.com\\\/index.php\\\/la-societe-du-grand-paris-lance-un-appel-a-projets-pour-la-creation-dun-lieu-dinnovation-culturelle-dans-la-future-gare-saint-denis-pleyel\\\/103491\\\/#primaryimage\"},\"thumbnailUrl\":\"https:\\\/\\\/batijournal.com\\\/wp-content\\\/uploads\\\/2019\\\/12\\\/imagine-pleyel-societe-grand-paris.png\",\"keywords\":[\"grand paris\"],\"articleSection\":[\"Actualit\u00e9s\",\"Architecture &amp; Conception\"],\"inLanguage\":\"fr-FR\"},{\"@type\":\"WebPage\",\"@id\":\"https:\\\/\\\/batijournal.com\\\/index.php\\\/la-societe-du-grand-paris-lance-un-appel-a-projets-pour-la-creation-dun-lieu-dinnovation-culturelle-dans-la-future-gare-saint-denis-pleyel\\\/103491\\\/\",\"url\":\"https:\\\/\\\/batijournal.com\\\/index.php\\\/la-societe-du-grand-paris-lance-un-appel-a-projets-pour-la-creation-dun-lieu-dinnovation-culturelle-dans-la-future-gare-saint-denis-pleyel\\\/103491\\\/\",\"name\":\"La Soci\u00e9t\u00e9 du Grand Paris lance un appel \u00e0 projets pour la cr\u00e9ation d\u2019un lieu d\u2019innovation culturelle dans la future gare Saint-Denis Pleyel\",\"isPartOf\":{\"@id\":\"https:\\\/\\\/batijournal.com\\\/#website\"},\"primaryImageOfPage\":{\"@id\":\"https:\\\/\\\/batijournal.com\\\/index.php\\\/la-societe-du-grand-paris-lance-un-appel-a-projets-pour-la-creation-dun-lieu-dinnovation-culturelle-dans-la-future-gare-saint-denis-pleyel\\\/103491\\\/#primaryimage\"},\"image\":{\"@id\":\"https:\\\/\\\/batijournal.com\\\/index.php\\\/la-societe-du-grand-paris-lance-un-appel-a-projets-pour-la-creation-dun-lieu-dinnovation-culturelle-dans-la-future-gare-saint-denis-pleyel\\\/103491\\\/#primaryimage\"},\"thumbnailUrl\":\"https:\\\/\\\/batijournal.com\\\/wp-content\\\/uploads\\\/2019\\\/12\\\/imagine-pleyel-societe-grand-paris.png\",\"datePublished\":\"2019-12-16T14:33:14+00:00\",\"author\":{\"@id\":\"https:\\\/\\\/batijournal.com\\\/#\\\/schema\\\/person\\\/1dc96ec6957aa1ccb25ebe78bb19f100\"},\"breadcrumb\":{\"@id\":\"https:\\\/\\\/batijournal.com\\\/index.php\\\/la-societe-du-grand-paris-lance-un-appel-a-projets-pour-la-creation-dun-lieu-dinnovation-culturelle-dans-la-future-gare-saint-denis-pleyel\\\/103491\\\/#breadcrumb\"},\"inLanguage\":\"fr-FR\",\"potentialAction\":[{\"@type\":\"ReadAction\",\"target\":[\"https:\\\/\\\/batijournal.com\\\/index.php\\\/la-societe-du-grand-paris-lance-un-appel-a-projets-pour-la-creation-dun-lieu-dinnovation-culturelle-dans-la-future-gare-saint-denis-pleyel\\\/103491\\\/\"]}]},{\"@type\":\"ImageObject\",\"inLanguage\":\"fr-FR\",\"@id\":\"https:\\\/\\\/batijournal.com\\\/index.php\\\/la-societe-du-grand-paris-lance-un-appel-a-projets-pour-la-creation-dun-lieu-dinnovation-culturelle-dans-la-future-gare-saint-denis-pleyel\\\/103491\\\/#primaryimage\",\"url\":\"https:\\\/\\\/batijournal.com\\\/wp-content\\\/uploads\\\/2019\\\/12\\\/imagine-pleyel-societe-grand-paris.png\",\"contentUrl\":\"https:\\\/\\\/batijournal.com\\\/wp-content\\\/uploads\\\/2019\\\/12\\\/imagine-pleyel-societe-grand-paris.png\",\"width\":933,\"height\":493},{\"@type\":\"BreadcrumbList\",\"@id\":\"https:\\\/\\\/batijournal.com\\\/index.php\\\/la-societe-du-grand-paris-lance-un-appel-a-projets-pour-la-creation-dun-lieu-dinnovation-culturelle-dans-la-future-gare-saint-denis-pleyel\\\/103491\\\/#breadcrumb\",\"itemListElement\":[{\"@type\":\"ListItem\",\"position\":1,\"name\":\"Accueil\",\"item\":\"https:\\\/\\\/batijournal.com\\\/\"},{\"@type\":\"ListItem\",\"position\":2,\"name\":\"Actualit\u00e9s\",\"item\":\"https:\\\/\\\/batijournal.com\\\/index.php\\\/category\\\/actualites\\\/\"},{\"@type\":\"ListItem\",\"position\":3,\"name\":\"La Soci\u00e9t\u00e9 du Grand Paris lance un appel \u00e0 projets pour la cr\u00e9ation d\u2019un lieu d\u2019innovation culturelle dans la future gare Saint-Denis Pleyel\"}]},{\"@type\":\"WebSite\",\"@id\":\"https:\\\/\\\/batijournal.com\\\/#website\",\"url\":\"https:\\\/\\\/batijournal.com\\\/\",\"name\":\"Batijournal\",\"description\":\"L&#039;actualit\u00e9 du b\u00e2timent\",\"potentialAction\":[{\"@type\":\"SearchAction\",\"target\":{\"@type\":\"EntryPoint\",\"urlTemplate\":\"https:\\\/\\\/batijournal.com\\\/?s={search_term_string}\"},\"query-input\":{\"@type\":\"PropertyValueSpecification\",\"valueRequired\":true,\"valueName\":\"search_term_string\"}}],\"inLanguage\":\"fr-FR\"},{\"@type\":\"Person\",\"@id\":\"https:\\\/\\\/batijournal.com\\\/#\\\/schema\\\/person\\\/1dc96ec6957aa1ccb25ebe78bb19f100\",\"name\":\"St\u00e9phane Miget\",\"image\":{\"@type\":\"ImageObject\",\"inLanguage\":\"fr-FR\",\"@id\":\"https:\\\/\\\/secure.gravatar.com\\\/avatar\\\/89915563d925342126b8ef0281b93d9d7fc337043e8df017f780908eb9644451?s=96&d=mm&r=g\",\"url\":\"https:\\\/\\\/secure.gravatar.com\\\/avatar\\\/89915563d925342126b8ef0281b93d9d7fc337043e8df017f780908eb9644451?s=96&d=mm&r=g\",\"contentUrl\":\"https:\\\/\\\/secure.gravatar.com\\\/avatar\\\/89915563d925342126b8ef0281b93d9d7fc337043e8df017f780908eb9644451?s=96&d=mm&r=g\",\"caption\":\"St\u00e9phane Miget\"},\"url\":\"https:\\\/\\\/batijournal.com\\\/index.php\\\/author\\\/stephane\\\/\"}]}<\/script>\n<!-- \/ Yoast SEO plugin. -->","yoast_head_json":{"title":"La Soci\u00e9t\u00e9 du Grand Paris lance un appel \u00e0 projets pour la cr\u00e9ation d\u2019un lieu d\u2019innovation culturelle dans la future gare Saint-Denis Pleyel","robots":{"index":"index","follow":"follow","max-snippet":"max-snippet:-1","max-image-preview":"max-image-preview:large","max-video-preview":"max-video-preview:-1"},"canonical":"https:\/\/batijournal.com\/index.php\/la-societe-du-grand-paris-lance-un-appel-a-projets-pour-la-creation-dun-lieu-dinnovation-culturelle-dans-la-future-gare-saint-denis-pleyel\/103491\/","og_locale":"fr_FR","og_type":"article","og_title":"La Soci\u00e9t\u00e9 du Grand Paris lance un appel \u00e0 projets pour la cr\u00e9ation d\u2019un lieu d\u2019innovation culturelle dans la future gare Saint-Denis Pleyel","og_description":"La Soci\u00e9t\u00e9 du Grand Paris a lanc\u00e9 l\u2019appel \u00e0 projets IMAGINE PLEYEL pour la conception, l\u2019am\u00e9nagement et l\u2019exploitation d\u2019un lieu d\u2019innovation culturelle et sociale de 5 000 m2 situ\u00e9 dans les quatre \u00e9tages de la future gare Saint-Denis Pleyel. Imagine Pleyel invite les investisseurs, op\u00e9rateurs culturels, acteurs de l\u2019innovation et du commerce, \u00e0 penser un [&hellip;]","og_url":"https:\/\/batijournal.com\/index.php\/la-societe-du-grand-paris-lance-un-appel-a-projets-pour-la-creation-dun-lieu-dinnovation-culturelle-dans-la-future-gare-saint-denis-pleyel\/103491\/","og_site_name":"Batijournal","article_published_time":"2019-12-16T14:33:14+00:00","og_image":[{"width":933,"height":493,"url":"https:\/\/batijournal.com\/wp-content\/uploads\/2019\/12\/imagine-pleyel-societe-grand-paris.png","type":"image\/png"}],"author":"St\u00e9phane Miget","twitter_card":"summary_large_image","twitter_creator":"@bati_journal","twitter_site":"@bati_journal","twitter_misc":{"\u00c9crit par":"St\u00e9phane Miget","Dur\u00e9e de lecture estim\u00e9e":"1 minute"},"schema":{"@context":"https:\/\/schema.org","@graph":[{"@type":"Article","@id":"https:\/\/batijournal.com\/index.php\/la-societe-du-grand-paris-lance-un-appel-a-projets-pour-la-creation-dun-lieu-dinnovation-culturelle-dans-la-future-gare-saint-denis-pleyel\/103491\/#article","isPartOf":{"@id":"https:\/\/batijournal.com\/index.php\/la-societe-du-grand-paris-lance-un-appel-a-projets-pour-la-creation-dun-lieu-dinnovation-culturelle-dans-la-future-gare-saint-denis-pleyel\/103491\/"},"author":{"name":"St\u00e9phane Miget","@id":"https:\/\/batijournal.com\/#\/schema\/person\/1dc96ec6957aa1ccb25ebe78bb19f100"},"headline":"La Soci\u00e9t\u00e9 du Grand Paris lance un appel \u00e0 projets pour la cr\u00e9ation d\u2019un lieu d\u2019innovation culturelle dans la future gare Saint-Denis Pleyel","datePublished":"2019-12-16T14:33:14+00:00","mainEntityOfPage":{"@id":"https:\/\/batijournal.com\/index.php\/la-societe-du-grand-paris-lance-un-appel-a-projets-pour-la-creation-dun-lieu-dinnovation-culturelle-dans-la-future-gare-saint-denis-pleyel\/103491\/"},"wordCount":316,"image":{"@id":"https:\/\/batijournal.com\/index.php\/la-societe-du-grand-paris-lance-un-appel-a-projets-pour-la-creation-dun-lieu-dinnovation-culturelle-dans-la-future-gare-saint-denis-pleyel\/103491\/#primaryimage"},"thumbnailUrl":"https:\/\/batijournal.com\/wp-content\/uploads\/2019\/12\/imagine-pleyel-societe-grand-paris.png","keywords":["grand paris"],"articleSection":["Actualit\u00e9s","Architecture &amp; Conception"],"inLanguage":"fr-FR"},{"@type":"WebPage","@id":"https:\/\/batijournal.com\/index.php\/la-societe-du-grand-paris-lance-un-appel-a-projets-pour-la-creation-dun-lieu-dinnovation-culturelle-dans-la-future-gare-saint-denis-pleyel\/103491\/","url":"https:\/\/batijournal.com\/index.php\/la-societe-du-grand-paris-lance-un-appel-a-projets-pour-la-creation-dun-lieu-dinnovation-culturelle-dans-la-future-gare-saint-denis-pleyel\/103491\/","name":"La Soci\u00e9t\u00e9 du Grand Paris lance un appel \u00e0 projets pour la cr\u00e9ation d\u2019un lieu d\u2019innovation culturelle dans la future gare Saint-Denis Pleyel","isPartOf":{"@id":"https:\/\/batijournal.com\/#website"},"primaryImageOfPage":{"@id":"https:\/\/batijournal.com\/index.php\/la-societe-du-grand-paris-lance-un-appel-a-projets-pour-la-creation-dun-lieu-dinnovation-culturelle-dans-la-future-gare-saint-denis-pleyel\/103491\/#primaryimage"},"image":{"@id":"https:\/\/batijournal.com\/index.php\/la-societe-du-grand-paris-lance-un-appel-a-projets-pour-la-creation-dun-lieu-dinnovation-culturelle-dans-la-future-gare-saint-denis-pleyel\/103491\/#primaryimage"},"thumbnailUrl":"https:\/\/batijournal.com\/wp-content\/uploads\/2019\/12\/imagine-pleyel-societe-grand-paris.png","datePublished":"2019-12-16T14:33:14+00:00","author":{"@id":"https:\/\/batijournal.com\/#\/schema\/person\/1dc96ec6957aa1ccb25ebe78bb19f100"},"breadcrumb":{"@id":"https:\/\/batijournal.com\/index.php\/la-societe-du-grand-paris-lance-un-appel-a-projets-pour-la-creation-dun-lieu-dinnovation-culturelle-dans-la-future-gare-saint-denis-pleyel\/103491\/#breadcrumb"},"inLanguage":"fr-FR","potentialAction":[{"@type":"ReadAction","target":["https:\/\/batijournal.com\/index.php\/la-societe-du-grand-paris-lance-un-appel-a-projets-pour-la-creation-dun-lieu-dinnovation-culturelle-dans-la-future-gare-saint-denis-pleyel\/103491\/"]}]},{"@type":"ImageObject","inLanguage":"fr-FR","@id":"https:\/\/batijournal.com\/index.php\/la-societe-du-grand-paris-lance-un-appel-a-projets-pour-la-creation-dun-lieu-dinnovation-culturelle-dans-la-future-gare-saint-denis-pleyel\/103491\/#primaryimage","url":"https:\/\/batijournal.com\/wp-content\/uploads\/2019\/12\/imagine-pleyel-societe-grand-paris.png","contentUrl":"https:\/\/batijournal.com\/wp-content\/uploads\/2019\/12\/imagine-pleyel-societe-grand-paris.png","width":933,"height":493},{"@type":"BreadcrumbList","@id":"https:\/\/batijournal.com\/index.php\/la-societe-du-grand-paris-lance-un-appel-a-projets-pour-la-creation-dun-lieu-dinnovation-culturelle-dans-la-future-gare-saint-denis-pleyel\/103491\/#breadcrumb","itemListElement":[{"@type":"ListItem","position":1,"name":"Accueil","item":"https:\/\/batijournal.com\/"},{"@type":"ListItem","position":2,"name":"Actualit\u00e9s","item":"https:\/\/batijournal.com\/index.php\/category\/actualites\/"},{"@type":"ListItem","position":3,"name":"La Soci\u00e9t\u00e9 du Grand Paris lance un appel \u00e0 projets pour la cr\u00e9ation d\u2019un lieu d\u2019innovation culturelle dans la future gare Saint-Denis Pleyel"}]},{"@type":"WebSite","@id":"https:\/\/batijournal.com\/#website","url":"https:\/\/batijournal.com\/","name":"Batijournal","description":"L&#039;actualit\u00e9 du b\u00e2timent","potentialAction":[{"@type":"SearchAction","target":{"@type":"EntryPoint","urlTemplate":"https:\/\/batijournal.com\/?s={search_term_string}"},"query-input":{"@type":"PropertyValueSpecification","valueRequired":true,"valueName":"search_term_string"}}],"inLanguage":"fr-FR"},{"@type":"Person","@id":"https:\/\/batijournal.com\/#\/schema\/person\/1dc96ec6957aa1ccb25ebe78bb19f100","name":"St\u00e9phane Miget","image":{"@type":"ImageObject","inLanguage":"fr-FR","@id":"https:\/\/secure.gravatar.com\/avatar\/89915563d925342126b8ef0281b93d9d7fc337043e8df017f780908eb9644451?s=96&d=mm&r=g","url":"https:\/\/secure.gravatar.com\/avatar\/89915563d925342126b8ef0281b93d9d7fc337043e8df017f780908eb9644451?s=96&d=mm&r=g","contentUrl":"https:\/\/secure.gravatar.com\/avatar\/89915563d925342126b8ef0281b93d9d7fc337043e8df017f780908eb9644451?s=96&d=mm&r=g","caption":"St\u00e9phane Miget"},"url":"https:\/\/batijournal.com\/index.php\/author\/stephane\/"}]}},"_links":{"self":[{"href":"https:\/\/batijournal.com\/index.php\/wp-json\/wp\/v2\/posts\/103491","targetHints":{"allow":["GET"]}}],"collection":[{"href":"https:\/\/batijournal.com\/index.php\/wp-json\/wp\/v2\/posts"}],"about":[{"href":"https:\/\/batijournal.com\/index.php\/wp-json\/wp\/v2\/types\/post"}],"author":[{"embeddable":true,"href":"https:\/\/batijournal.com\/index.php\/wp-json\/wp\/v2\/users\/17"}],"replies":[{"embeddable":true,"href":"https:\/\/batijournal.com\/index.php\/wp-json\/wp\/v2\/comments?post=103491"}],"version-history":[{"count":0,"href":"https:\/\/batijournal.com\/index.php\/wp-json\/wp\/v2\/posts\/103491\/revisions"}],"wp:featuredmedia":[{"embeddable":true,"href":"https:\/\/batijournal.com\/index.php\/wp-json\/wp\/v2\/media\/103492"}],"wp:attachment":[{"href":"https:\/\/batijournal.com\/index.php\/wp-json\/wp\/v2\/media?parent=103491"}],"wp:term":[{"taxonomy":"category","embeddable":true,"href":"https:\/\/batijournal.com\/index.php\/wp-json\/wp\/v2\/categories?post=103491"},{"taxonomy":"post_tag","embeddable":true,"href":"https:\/\/batijournal.com\/index.php\/wp-json\/wp\/v2\/tags?post=103491"}],"curies":[{"name":"wp","href":"https:\/\/api.w.org\/{rel}","templated":true}]}}