{"id":103499,"date":"2019-12-16T17:52:30","date_gmt":"2019-12-16T16:52:30","guid":{"rendered":"https:\/\/batijournal.com\/?p=103499"},"modified":"2019-12-16T17:57:07","modified_gmt":"2019-12-16T16:57:07","slug":"bordeaux-premier-bois-pose-pour-la-tour-hyperion","status":"publish","type":"post","link":"https:\/\/batijournal.com\/index.php\/bordeaux-premier-bois-pose-pour-la-tour-hyperion\/103499\/","title":{"rendered":"Bordeaux\u00a0: premier bois pos\u00e9 pour la tour Hyperion"},"content":{"rendered":"<p>La pose symbolique du Premier Bois de la tour Hyperion s&rsquo;est d\u00e9roul\u00e9e le 10 d\u00e9cembre \u00e0 Bordeaux. Cette plus haute tour r\u00e9sidentielle en structure bois construite en France se dressera pr\u00e8s de la gare Saint-Jean. Le projet Hyperion comprend trois b\u00e2timents de 176 logements avec un socle commun de deux niveaux de stationnement et un b\u00e2timent de bureaux et de commerces. Haute de 55 m\u00e8tres sur 16 \u00e9tages, la tour est compos\u00e9e de 98 logements pens\u00e9es comme des maisons enserrant un noyau de distribution central en b\u00e9ton (escalier et ascenseurs). Cette \u00ab\u00a0colonne vert\u00e9brale\u00a0\u00bb est compl\u00e9t\u00e9e par l&rsquo;ossature en poteaux poutres en bois. Les planchers et les cloisons sont en CLT. Hyperion sera le r\u00e9sultat d&rsquo;un assemblage de quelques 1 500 pi\u00e8ces fabriqu\u00e9es en usine, divisant ainsi par deux la dur\u00e9e du gros \u0153uvre. La livraison des b\u00e2timents de l&rsquo;ensemble s&rsquo;\u00e9chelonne de septembre 2020 pour les bureaux, \u00e0 janvier 2021 pour l&rsquo;\u00e9difice r\u00e9sidentiel bas, puis \u00e0 mai 2021 pour la tour en structure bois. Hyperion est l&rsquo;un des projets pilotes du label \u00ab\u00a0B\u00e2timent Bas Carbone\u00a0\u00bb lanc\u00e9 en 2016 par l&rsquo;association BBCA. Laur\u00e9at du BIM d&rsquo;Or 2019, le projet a re\u00e7u \u00e9galement le Grand Prix national des Pyramides d&rsquo;Or 2019.<\/p>\n<p>Photo ci-dessous : La pose du Premier Bois de la tour Hyperion en pr\u00e9sence de l&rsquo;\u00e9quipe de ma\u00eetrise d&rsquo;\u0153uvre (Jean-Paul Viguier, Christophe Charon \/ Viguier Architecture), du maire de Bordeaux (Nicolas Florian), de l&rsquo;EPA Bordeaux Euratalantique (<span style=\"font-family: Times New Roman, serif\">Elizabeth Touton, <\/span>St\u00e9phane de Fay) et de l&rsquo;entreprise Eiffage (Beno\u00eet de Ruffray, Christian Birbaud).<\/p>\n<p>@ Viguier Architecture<\/p>\n<p><img loading=\"lazy\" decoding=\"async\" class=\"alignnone size-medium wp-image-103501\" src=\"https:\/\/batijournal.com\/wp-content\/uploads\/2019\/12\/Bordeaux-Hyperion_001-300x225.jpg\" alt=\"\" width=\"300\" height=\"225\" srcset=\"https:\/\/batijournal.com\/wp-content\/uploads\/2019\/12\/Bordeaux-Hyperion_001-300x225.jpg 300w, https:\/\/batijournal.com\/wp-content\/uploads\/2019\/12\/Bordeaux-Hyperion_001-1024x768.jpg 1024w, https:\/\/batijournal.com\/wp-content\/uploads\/2019\/12\/Bordeaux-Hyperion_001-150x113.jpg 150w, https:\/\/batijournal.com\/wp-content\/uploads\/2019\/12\/Bordeaux-Hyperion_001-768x576.jpg 768w, https:\/\/batijournal.com\/wp-content\/uploads\/2019\/12\/Bordeaux-Hyperion_001-600x450.jpg 600w, https:\/\/batijournal.com\/wp-content\/uploads\/2019\/12\/Bordeaux-Hyperion_001-1536x1152.jpg 1536w, https:\/\/batijournal.com\/wp-content\/uploads\/2019\/12\/Bordeaux-Hyperion_001-2048x1536.jpg 2048w, https:\/\/batijournal.com\/wp-content\/uploads\/2019\/12\/Bordeaux-Hyperion_001-1320x990.jpg 1320w\" sizes=\"(max-width: 300px) 100vw, 300px\" \/><\/p>\n<p>&nbsp;<\/p>\n","protected":false},"excerpt":{"rendered":"<p>La pose symbolique du Premier Bois de la tour Hyperion s&rsquo;est d\u00e9roul\u00e9e le 10 d\u00e9cembre \u00e0 Bordeaux. Cette plus haute tour r\u00e9sidentielle en structure bois construite en France se dressera pr\u00e8s de la gare Saint-Jean. Le projet Hyperion comprend trois b\u00e2timents de 176 logements avec un socle commun de deux niveaux de stationnement et un [&hellip;]<\/p>\n","protected":false},"author":17,"featured_media":103500,"comment_status":"closed","ping_status":"closed","sticky":false,"template":"","format":"standard","meta":{"_et_pb_use_builder":"","_et_pb_old_content":"","_et_gb_content_width":"","footnotes":""},"categories":[10530,11953,6340,10769,10764],"tags":[5841,44,1150,374,12463,12482,12886],"class_list":["post-103499","post","type-post","status-publish","format-standard","has-post-thumbnail","hentry","category-actualites","category-actualites-generalistes","category-architecture-conception","category-publications","category-woodsurfer","tag-bim","tag-bois","tag-chantier","tag-construction-bois-2","tag-panneaux-clt","tag-tour-en-bois","tag-tour-hyperion"],"yoast_head":"<!-- This site is optimized with the Yoast SEO plugin v27.4 - https:\/\/yoast.com\/product\/yoast-seo-wordpress\/ -->\n<title>Bordeaux\u00a0: premier bois pos\u00e9 pour la tour Hyperion<\/title>\n<meta name=\"robots\" content=\"index, follow, max-snippet:-1, max-image-preview:large, max-video-preview:-1\" \/>\n<link rel=\"canonical\" href=\"https:\/\/batijournal.com\/index.php\/bordeaux-premier-bois-pose-pour-la-tour-hyperion\/103499\/\" \/>\n<meta property=\"og:locale\" content=\"fr_FR\" \/>\n<meta property=\"og:type\" content=\"article\" \/>\n<meta property=\"og:title\" content=\"Bordeaux\u00a0: premier bois pos\u00e9 pour la tour Hyperion\" \/>\n<meta property=\"og:description\" content=\"La pose symbolique du Premier Bois de la tour Hyperion s&rsquo;est d\u00e9roul\u00e9e le 10 d\u00e9cembre \u00e0 Bordeaux. Cette plus haute tour r\u00e9sidentielle en structure bois construite en France se dressera pr\u00e8s de la gare Saint-Jean. Le projet Hyperion comprend trois b\u00e2timents de 176 logements avec un socle commun de deux niveaux de stationnement et un [&hellip;]\" \/>\n<meta property=\"og:url\" content=\"https:\/\/batijournal.com\/index.php\/bordeaux-premier-bois-pose-pour-la-tour-hyperion\/103499\/\" \/>\n<meta property=\"og:site_name\" content=\"Batijournal\" \/>\n<meta property=\"article:published_time\" content=\"2019-12-16T16:52:30+00:00\" \/>\n<meta property=\"article:modified_time\" content=\"2019-12-16T16:57:07+00:00\" \/>\n<meta property=\"og:image\" content=\"https:\/\/batijournal.com\/wp-content\/uploads\/2019\/12\/VIGUIER_Hyperion\u00a9Viguier-scaled.jpg\" \/>\n\t<meta property=\"og:image:width\" content=\"2560\" \/>\n\t<meta property=\"og:image:height\" content=\"1731\" \/>\n\t<meta property=\"og:image:type\" content=\"image\/jpeg\" \/>\n<meta name=\"author\" content=\"St\u00e9phane Miget\" \/>\n<meta name=\"twitter:card\" content=\"summary_large_image\" \/>\n<meta name=\"twitter:creator\" content=\"@bati_journal\" \/>\n<meta name=\"twitter:site\" content=\"@bati_journal\" \/>\n<meta name=\"twitter:label1\" content=\"\u00c9crit par\" \/>\n\t<meta name=\"twitter:data1\" content=\"St\u00e9phane Miget\" \/>\n\t<meta name=\"twitter:label2\" content=\"Dur\u00e9e de lecture estim\u00e9e\" \/>\n\t<meta name=\"twitter:data2\" content=\"1 minute\" \/>\n<script type=\"application\/ld+json\" class=\"yoast-schema-graph\">{\"@context\":\"https:\\\/\\\/schema.org\",\"@graph\":[{\"@type\":\"Article\",\"@id\":\"https:\\\/\\\/batijournal.com\\\/index.php\\\/bordeaux-premier-bois-pose-pour-la-tour-hyperion\\\/103499\\\/#article\",\"isPartOf\":{\"@id\":\"https:\\\/\\\/batijournal.com\\\/index.php\\\/bordeaux-premier-bois-pose-pour-la-tour-hyperion\\\/103499\\\/\"},\"author\":{\"name\":\"St\u00e9phane Miget\",\"@id\":\"https:\\\/\\\/batijournal.com\\\/#\\\/schema\\\/person\\\/1dc96ec6957aa1ccb25ebe78bb19f100\"},\"headline\":\"Bordeaux\u00a0: premier bois pos\u00e9 pour la tour Hyperion\",\"datePublished\":\"2019-12-16T16:52:30+00:00\",\"dateModified\":\"2019-12-16T16:57:07+00:00\",\"mainEntityOfPage\":{\"@id\":\"https:\\\/\\\/batijournal.com\\\/index.php\\\/bordeaux-premier-bois-pose-pour-la-tour-hyperion\\\/103499\\\/\"},\"wordCount\":282,\"image\":{\"@id\":\"https:\\\/\\\/batijournal.com\\\/index.php\\\/bordeaux-premier-bois-pose-pour-la-tour-hyperion\\\/103499\\\/#primaryimage\"},\"thumbnailUrl\":\"https:\\\/\\\/batijournal.com\\\/wp-content\\\/uploads\\\/2019\\\/12\\\/VIGUIER_Hyperion\u00a9Viguier-scaled.jpg\",\"keywords\":[\"BIM\",\"bois\",\"chantier\",\"construction bois\",\"panneaux CLT\",\"tour en bois\",\"tour Hyp\u00e9rion\"],\"articleSection\":[\"Actualit\u00e9s\",\"Actualit\u00e9s g\u00e9n\u00e9ralistes\",\"Architecture &amp; Conception\",\"zz_Actualit\u00e9s - Woodsurfer\",\"zz_Woodsurfer\"],\"inLanguage\":\"fr-FR\"},{\"@type\":\"WebPage\",\"@id\":\"https:\\\/\\\/batijournal.com\\\/index.php\\\/bordeaux-premier-bois-pose-pour-la-tour-hyperion\\\/103499\\\/\",\"url\":\"https:\\\/\\\/batijournal.com\\\/index.php\\\/bordeaux-premier-bois-pose-pour-la-tour-hyperion\\\/103499\\\/\",\"name\":\"Bordeaux\u00a0: premier bois pos\u00e9 pour la tour Hyperion\",\"isPartOf\":{\"@id\":\"https:\\\/\\\/batijournal.com\\\/#website\"},\"primaryImageOfPage\":{\"@id\":\"https:\\\/\\\/batijournal.com\\\/index.php\\\/bordeaux-premier-bois-pose-pour-la-tour-hyperion\\\/103499\\\/#primaryimage\"},\"image\":{\"@id\":\"https:\\\/\\\/batijournal.com\\\/index.php\\\/bordeaux-premier-bois-pose-pour-la-tour-hyperion\\\/103499\\\/#primaryimage\"},\"thumbnailUrl\":\"https:\\\/\\\/batijournal.com\\\/wp-content\\\/uploads\\\/2019\\\/12\\\/VIGUIER_Hyperion\u00a9Viguier-scaled.jpg\",\"datePublished\":\"2019-12-16T16:52:30+00:00\",\"dateModified\":\"2019-12-16T16:57:07+00:00\",\"author\":{\"@id\":\"https:\\\/\\\/batijournal.com\\\/#\\\/schema\\\/person\\\/1dc96ec6957aa1ccb25ebe78bb19f100\"},\"breadcrumb\":{\"@id\":\"https:\\\/\\\/batijournal.com\\\/index.php\\\/bordeaux-premier-bois-pose-pour-la-tour-hyperion\\\/103499\\\/#breadcrumb\"},\"inLanguage\":\"fr-FR\",\"potentialAction\":[{\"@type\":\"ReadAction\",\"target\":[\"https:\\\/\\\/batijournal.com\\\/index.php\\\/bordeaux-premier-bois-pose-pour-la-tour-hyperion\\\/103499\\\/\"]}]},{\"@type\":\"ImageObject\",\"inLanguage\":\"fr-FR\",\"@id\":\"https:\\\/\\\/batijournal.com\\\/index.php\\\/bordeaux-premier-bois-pose-pour-la-tour-hyperion\\\/103499\\\/#primaryimage\",\"url\":\"https:\\\/\\\/batijournal.com\\\/wp-content\\\/uploads\\\/2019\\\/12\\\/VIGUIER_Hyperion\u00a9Viguier-scaled.jpg\",\"contentUrl\":\"https:\\\/\\\/batijournal.com\\\/wp-content\\\/uploads\\\/2019\\\/12\\\/VIGUIER_Hyperion\u00a9Viguier-scaled.jpg\",\"width\":2560,\"height\":1731},{\"@type\":\"BreadcrumbList\",\"@id\":\"https:\\\/\\\/batijournal.com\\\/index.php\\\/bordeaux-premier-bois-pose-pour-la-tour-hyperion\\\/103499\\\/#breadcrumb\",\"itemListElement\":[{\"@type\":\"ListItem\",\"position\":1,\"name\":\"Accueil\",\"item\":\"https:\\\/\\\/batijournal.com\\\/\"},{\"@type\":\"ListItem\",\"position\":2,\"name\":\"Actualit\u00e9s\",\"item\":\"https:\\\/\\\/batijournal.com\\\/index.php\\\/category\\\/actualites\\\/\"},{\"@type\":\"ListItem\",\"position\":3,\"name\":\"Bordeaux\u00a0: premier bois pos\u00e9 pour la tour Hyperion\"}]},{\"@type\":\"WebSite\",\"@id\":\"https:\\\/\\\/batijournal.com\\\/#website\",\"url\":\"https:\\\/\\\/batijournal.com\\\/\",\"name\":\"Batijournal\",\"description\":\"L&#039;actualit\u00e9 du b\u00e2timent\",\"potentialAction\":[{\"@type\":\"SearchAction\",\"target\":{\"@type\":\"EntryPoint\",\"urlTemplate\":\"https:\\\/\\\/batijournal.com\\\/?s={search_term_string}\"},\"query-input\":{\"@type\":\"PropertyValueSpecification\",\"valueRequired\":true,\"valueName\":\"search_term_string\"}}],\"inLanguage\":\"fr-FR\"},{\"@type\":\"Person\",\"@id\":\"https:\\\/\\\/batijournal.com\\\/#\\\/schema\\\/person\\\/1dc96ec6957aa1ccb25ebe78bb19f100\",\"name\":\"St\u00e9phane Miget\",\"image\":{\"@type\":\"ImageObject\",\"inLanguage\":\"fr-FR\",\"@id\":\"https:\\\/\\\/secure.gravatar.com\\\/avatar\\\/89915563d925342126b8ef0281b93d9d7fc337043e8df017f780908eb9644451?s=96&d=mm&r=g\",\"url\":\"https:\\\/\\\/secure.gravatar.com\\\/avatar\\\/89915563d925342126b8ef0281b93d9d7fc337043e8df017f780908eb9644451?s=96&d=mm&r=g\",\"contentUrl\":\"https:\\\/\\\/secure.gravatar.com\\\/avatar\\\/89915563d925342126b8ef0281b93d9d7fc337043e8df017f780908eb9644451?s=96&d=mm&r=g\",\"caption\":\"St\u00e9phane Miget\"},\"url\":\"https:\\\/\\\/batijournal.com\\\/index.php\\\/author\\\/stephane\\\/\"}]}<\/script>\n<!-- \/ Yoast SEO plugin. -->","yoast_head_json":{"title":"Bordeaux\u00a0: premier bois pos\u00e9 pour la tour Hyperion","robots":{"index":"index","follow":"follow","max-snippet":"max-snippet:-1","max-image-preview":"max-image-preview:large","max-video-preview":"max-video-preview:-1"},"canonical":"https:\/\/batijournal.com\/index.php\/bordeaux-premier-bois-pose-pour-la-tour-hyperion\/103499\/","og_locale":"fr_FR","og_type":"article","og_title":"Bordeaux\u00a0: premier bois pos\u00e9 pour la tour Hyperion","og_description":"La pose symbolique du Premier Bois de la tour Hyperion s&rsquo;est d\u00e9roul\u00e9e le 10 d\u00e9cembre \u00e0 Bordeaux. Cette plus haute tour r\u00e9sidentielle en structure bois construite en France se dressera pr\u00e8s de la gare Saint-Jean. Le projet Hyperion comprend trois b\u00e2timents de 176 logements avec un socle commun de deux niveaux de stationnement et un [&hellip;]","og_url":"https:\/\/batijournal.com\/index.php\/bordeaux-premier-bois-pose-pour-la-tour-hyperion\/103499\/","og_site_name":"Batijournal","article_published_time":"2019-12-16T16:52:30+00:00","article_modified_time":"2019-12-16T16:57:07+00:00","og_image":[{"width":2560,"height":1731,"url":"https:\/\/batijournal.com\/wp-content\/uploads\/2019\/12\/VIGUIER_Hyperion\u00a9Viguier-scaled.jpg","type":"image\/jpeg"}],"author":"St\u00e9phane Miget","twitter_card":"summary_large_image","twitter_creator":"@bati_journal","twitter_site":"@bati_journal","twitter_misc":{"\u00c9crit par":"St\u00e9phane Miget","Dur\u00e9e de lecture estim\u00e9e":"1 minute"},"schema":{"@context":"https:\/\/schema.org","@graph":[{"@type":"Article","@id":"https:\/\/batijournal.com\/index.php\/bordeaux-premier-bois-pose-pour-la-tour-hyperion\/103499\/#article","isPartOf":{"@id":"https:\/\/batijournal.com\/index.php\/bordeaux-premier-bois-pose-pour-la-tour-hyperion\/103499\/"},"author":{"name":"St\u00e9phane Miget","@id":"https:\/\/batijournal.com\/#\/schema\/person\/1dc96ec6957aa1ccb25ebe78bb19f100"},"headline":"Bordeaux\u00a0: premier bois pos\u00e9 pour la tour Hyperion","datePublished":"2019-12-16T16:52:30+00:00","dateModified":"2019-12-16T16:57:07+00:00","mainEntityOfPage":{"@id":"https:\/\/batijournal.com\/index.php\/bordeaux-premier-bois-pose-pour-la-tour-hyperion\/103499\/"},"wordCount":282,"image":{"@id":"https:\/\/batijournal.com\/index.php\/bordeaux-premier-bois-pose-pour-la-tour-hyperion\/103499\/#primaryimage"},"thumbnailUrl":"https:\/\/batijournal.com\/wp-content\/uploads\/2019\/12\/VIGUIER_Hyperion\u00a9Viguier-scaled.jpg","keywords":["BIM","bois","chantier","construction bois","panneaux CLT","tour en bois","tour Hyp\u00e9rion"],"articleSection":["Actualit\u00e9s","Actualit\u00e9s g\u00e9n\u00e9ralistes","Architecture &amp; Conception","zz_Actualit\u00e9s - Woodsurfer","zz_Woodsurfer"],"inLanguage":"fr-FR"},{"@type":"WebPage","@id":"https:\/\/batijournal.com\/index.php\/bordeaux-premier-bois-pose-pour-la-tour-hyperion\/103499\/","url":"https:\/\/batijournal.com\/index.php\/bordeaux-premier-bois-pose-pour-la-tour-hyperion\/103499\/","name":"Bordeaux\u00a0: premier bois pos\u00e9 pour la tour Hyperion","isPartOf":{"@id":"https:\/\/batijournal.com\/#website"},"primaryImageOfPage":{"@id":"https:\/\/batijournal.com\/index.php\/bordeaux-premier-bois-pose-pour-la-tour-hyperion\/103499\/#primaryimage"},"image":{"@id":"https:\/\/batijournal.com\/index.php\/bordeaux-premier-bois-pose-pour-la-tour-hyperion\/103499\/#primaryimage"},"thumbnailUrl":"https:\/\/batijournal.com\/wp-content\/uploads\/2019\/12\/VIGUIER_Hyperion\u00a9Viguier-scaled.jpg","datePublished":"2019-12-16T16:52:30+00:00","dateModified":"2019-12-16T16:57:07+00:00","author":{"@id":"https:\/\/batijournal.com\/#\/schema\/person\/1dc96ec6957aa1ccb25ebe78bb19f100"},"breadcrumb":{"@id":"https:\/\/batijournal.com\/index.php\/bordeaux-premier-bois-pose-pour-la-tour-hyperion\/103499\/#breadcrumb"},"inLanguage":"fr-FR","potentialAction":[{"@type":"ReadAction","target":["https:\/\/batijournal.com\/index.php\/bordeaux-premier-bois-pose-pour-la-tour-hyperion\/103499\/"]}]},{"@type":"ImageObject","inLanguage":"fr-FR","@id":"https:\/\/batijournal.com\/index.php\/bordeaux-premier-bois-pose-pour-la-tour-hyperion\/103499\/#primaryimage","url":"https:\/\/batijournal.com\/wp-content\/uploads\/2019\/12\/VIGUIER_Hyperion\u00a9Viguier-scaled.jpg","contentUrl":"https:\/\/batijournal.com\/wp-content\/uploads\/2019\/12\/VIGUIER_Hyperion\u00a9Viguier-scaled.jpg","width":2560,"height":1731},{"@type":"BreadcrumbList","@id":"https:\/\/batijournal.com\/index.php\/bordeaux-premier-bois-pose-pour-la-tour-hyperion\/103499\/#breadcrumb","itemListElement":[{"@type":"ListItem","position":1,"name":"Accueil","item":"https:\/\/batijournal.com\/"},{"@type":"ListItem","position":2,"name":"Actualit\u00e9s","item":"https:\/\/batijournal.com\/index.php\/category\/actualites\/"},{"@type":"ListItem","position":3,"name":"Bordeaux\u00a0: premier bois pos\u00e9 pour la tour Hyperion"}]},{"@type":"WebSite","@id":"https:\/\/batijournal.com\/#website","url":"https:\/\/batijournal.com\/","name":"Batijournal","description":"L&#039;actualit\u00e9 du b\u00e2timent","potentialAction":[{"@type":"SearchAction","target":{"@type":"EntryPoint","urlTemplate":"https:\/\/batijournal.com\/?s={search_term_string}"},"query-input":{"@type":"PropertyValueSpecification","valueRequired":true,"valueName":"search_term_string"}}],"inLanguage":"fr-FR"},{"@type":"Person","@id":"https:\/\/batijournal.com\/#\/schema\/person\/1dc96ec6957aa1ccb25ebe78bb19f100","name":"St\u00e9phane Miget","image":{"@type":"ImageObject","inLanguage":"fr-FR","@id":"https:\/\/secure.gravatar.com\/avatar\/89915563d925342126b8ef0281b93d9d7fc337043e8df017f780908eb9644451?s=96&d=mm&r=g","url":"https:\/\/secure.gravatar.com\/avatar\/89915563d925342126b8ef0281b93d9d7fc337043e8df017f780908eb9644451?s=96&d=mm&r=g","contentUrl":"https:\/\/secure.gravatar.com\/avatar\/89915563d925342126b8ef0281b93d9d7fc337043e8df017f780908eb9644451?s=96&d=mm&r=g","caption":"St\u00e9phane Miget"},"url":"https:\/\/batijournal.com\/index.php\/author\/stephane\/"}]}},"_links":{"self":[{"href":"https:\/\/batijournal.com\/index.php\/wp-json\/wp\/v2\/posts\/103499","targetHints":{"allow":["GET"]}}],"collection":[{"href":"https:\/\/batijournal.com\/index.php\/wp-json\/wp\/v2\/posts"}],"about":[{"href":"https:\/\/batijournal.com\/index.php\/wp-json\/wp\/v2\/types\/post"}],"author":[{"embeddable":true,"href":"https:\/\/batijournal.com\/index.php\/wp-json\/wp\/v2\/users\/17"}],"replies":[{"embeddable":true,"href":"https:\/\/batijournal.com\/index.php\/wp-json\/wp\/v2\/comments?post=103499"}],"version-history":[{"count":0,"href":"https:\/\/batijournal.com\/index.php\/wp-json\/wp\/v2\/posts\/103499\/revisions"}],"wp:featuredmedia":[{"embeddable":true,"href":"https:\/\/batijournal.com\/index.php\/wp-json\/wp\/v2\/media\/103500"}],"wp:attachment":[{"href":"https:\/\/batijournal.com\/index.php\/wp-json\/wp\/v2\/media?parent=103499"}],"wp:term":[{"taxonomy":"category","embeddable":true,"href":"https:\/\/batijournal.com\/index.php\/wp-json\/wp\/v2\/categories?post=103499"},{"taxonomy":"post_tag","embeddable":true,"href":"https:\/\/batijournal.com\/index.php\/wp-json\/wp\/v2\/tags?post=103499"}],"curies":[{"name":"wp","href":"https:\/\/api.w.org\/{rel}","templated":true}]}}