{"id":103504,"date":"2019-12-17T07:38:29","date_gmt":"2019-12-17T06:38:29","guid":{"rendered":"https:\/\/batijournal.com\/?p=103504"},"modified":"2019-12-17T07:38:29","modified_gmt":"2019-12-17T06:38:29","slug":"decret-tertiaire-et-charges-dexploitation-partenariat-entre-bureau-veritas-et-aveltys","status":"publish","type":"post","link":"https:\/\/batijournal.com\/index.php\/decret-tertiaire-et-charges-dexploitation-partenariat-entre-bureau-veritas-et-aveltys\/103504\/","title":{"rendered":"D\u00e9cret tertiaire et charges d&rsquo;exploitation : partenariat entre Bureau Veritas et AVELTYS"},"content":{"rendered":"<p>Depuis l\u2019entr\u00e9e en application du d\u00e9cret tertiaire (n\u00b02019-771), le 1er octobre 2019, les bailleurs et les preneurs de b\u00e2timents tertiaires (priv\u00e9s ou publics) de plus de 1 000 m2 sont soumis \u00e0 l\u2019obligation d\u2019entreprendre des actions de r\u00e9duction de consommation d\u2019\u00e9nergie finale. Aujourd\u2019hui, Bureau Veritas France et AVELTYS (coentreprise entre Schneider Electric et Bouygues Immobilier) annoncent le lancement d\u2019un partenariat visant \u00e0 auditer les b\u00e2timents, am\u00e9liorer l\u2019exploitation et la maintenance tout en garantissant le montant des charges d\u2019exploitation. Ce partenariat permet d\u00e9sormais aux propri\u00e9taires et locataires de parcs immobiliers de b\u00e9n\u00e9ficier de l\u2019expertise des deux soci\u00e9t\u00e9s pour r\u00e9aliser des \u00e9conomies au service de l\u2019environnement, de l\u2019am\u00e9lioration du confort et de la productivit\u00e9.<\/p>\n<p>Les b\u00e9n\u00e9ficiaires de ce service profiteront ainsi de l\u2019expertise de Bureau Veritas France en mati\u00e8re d\u2019audit \u00e9nerg\u00e9tique et de maintenance, jusqu\u2019au suivi de r\u00e9alisation de travaux en passant par le financement desdits travaux \u00e0 travers le levier des certificats d\u2019\u00e9conomie d\u2019\u00e9nergie (CEE)\u2026 En compl\u00e9ment, les bailleurs et preneurs de parcs immobiliers vont pouvoir s\u2019appuyer sur l\u2019expertise d\u2019AVELTYS en mati\u00e8re de pr\u00e9visions de charges. L\u2019ensemble des factures (\u00e9nergie, eau, \u2026) ainsi que les contrats de prestations de services (accueil, maintenance, s\u00e9curit\u00e9, entretien, animation, conciergerie, fitness\u2026) de leur parc immobilier seront \u00e9valu\u00e9s et garantis par AVELTYS. A cette fin, l\u2019entreprise s\u2019appuie sur les informations techniques des b\u00e2timents, et des mod\u00e8les pr\u00e9visionnels (prenant en compte les conditions m\u00e9t\u00e9orologiques, l\u2019intensit\u00e9 d\u2019usage et d\u2019autres facteurs d\u2019influence) afin de r\u00e9aliser l\u2019estimation la plus fine possible.<\/p>\n","protected":false},"excerpt":{"rendered":"<p>Depuis l\u2019entr\u00e9e en application du d\u00e9cret tertiaire (n\u00b02019-771), le 1er octobre 2019, les bailleurs et les preneurs de b\u00e2timents tertiaires (priv\u00e9s ou publics) de plus de 1 000 m2 sont soumis \u00e0 l\u2019obligation d\u2019entreprendre des actions de r\u00e9duction de consommation d\u2019\u00e9nergie finale. Aujourd\u2019hui, Bureau Veritas France et AVELTYS (coentreprise entre Schneider Electric et Bouygues Immobilier) [&hellip;]<\/p>\n","protected":false},"author":17,"featured_media":99583,"comment_status":"closed","ping_status":"closed","sticky":false,"template":"","format":"standard","meta":{"_et_pb_use_builder":"","_et_pb_old_content":"","_et_gb_content_width":"","footnotes":""},"categories":[10530,6351,10781,10778],"tags":[12887,10686],"class_list":["post-103504","post","type-post","status-publish","format-standard","has-post-thumbnail","hentry","category-actualites","category-energie-environnement","category-publications-planete","category-planete","tag-audit","tag-batiments-tertiaires"],"yoast_head":"<!-- This site is optimized with the Yoast SEO plugin v27.4 - https:\/\/yoast.com\/product\/yoast-seo-wordpress\/ -->\n<title>D\u00e9cret tertiaire et charges d&#039;exploitation : partenariat entre Bureau Veritas et AVELTYS<\/title>\n<meta name=\"robots\" content=\"index, follow, max-snippet:-1, max-image-preview:large, max-video-preview:-1\" \/>\n<link rel=\"canonical\" href=\"https:\/\/batijournal.com\/index.php\/decret-tertiaire-et-charges-dexploitation-partenariat-entre-bureau-veritas-et-aveltys\/103504\/\" \/>\n<meta property=\"og:locale\" content=\"fr_FR\" \/>\n<meta property=\"og:type\" content=\"article\" \/>\n<meta property=\"og:title\" content=\"D\u00e9cret tertiaire et charges d&#039;exploitation : partenariat entre Bureau Veritas et AVELTYS\" \/>\n<meta property=\"og:description\" content=\"Depuis l\u2019entr\u00e9e en application du d\u00e9cret tertiaire (n\u00b02019-771), le 1er octobre 2019, les bailleurs et les preneurs de b\u00e2timents tertiaires (priv\u00e9s ou publics) de plus de 1 000 m2 sont soumis \u00e0 l\u2019obligation d\u2019entreprendre des actions de r\u00e9duction de consommation d\u2019\u00e9nergie finale. Aujourd\u2019hui, Bureau Veritas France et AVELTYS (coentreprise entre Schneider Electric et Bouygues Immobilier) [&hellip;]\" \/>\n<meta property=\"og:url\" content=\"https:\/\/batijournal.com\/index.php\/decret-tertiaire-et-charges-dexploitation-partenariat-entre-bureau-veritas-et-aveltys\/103504\/\" \/>\n<meta property=\"og:site_name\" content=\"Batijournal\" \/>\n<meta property=\"article:published_time\" content=\"2019-12-17T06:38:29+00:00\" \/>\n<meta property=\"og:image\" content=\"https:\/\/batijournal.com\/wp-content\/uploads\/2018\/07\/batiment-tertiaire.jpg\" \/>\n\t<meta property=\"og:image:width\" content=\"800\" \/>\n\t<meta property=\"og:image:height\" content=\"600\" \/>\n\t<meta property=\"og:image:type\" content=\"image\/jpeg\" \/>\n<meta name=\"author\" content=\"St\u00e9phane Miget\" \/>\n<meta name=\"twitter:card\" content=\"summary_large_image\" \/>\n<meta name=\"twitter:creator\" content=\"@bati_journal\" \/>\n<meta name=\"twitter:site\" content=\"@bati_journal\" \/>\n<meta name=\"twitter:label1\" content=\"\u00c9crit par\" \/>\n\t<meta name=\"twitter:data1\" content=\"St\u00e9phane Miget\" \/>\n\t<meta name=\"twitter:label2\" content=\"Dur\u00e9e de lecture estim\u00e9e\" \/>\n\t<meta name=\"twitter:data2\" content=\"1 minute\" \/>\n<script type=\"application\/ld+json\" class=\"yoast-schema-graph\">{\"@context\":\"https:\\\/\\\/schema.org\",\"@graph\":[{\"@type\":\"Article\",\"@id\":\"https:\\\/\\\/batijournal.com\\\/index.php\\\/decret-tertiaire-et-charges-dexploitation-partenariat-entre-bureau-veritas-et-aveltys\\\/103504\\\/#article\",\"isPartOf\":{\"@id\":\"https:\\\/\\\/batijournal.com\\\/index.php\\\/decret-tertiaire-et-charges-dexploitation-partenariat-entre-bureau-veritas-et-aveltys\\\/103504\\\/\"},\"author\":{\"name\":\"St\u00e9phane Miget\",\"@id\":\"https:\\\/\\\/batijournal.com\\\/#\\\/schema\\\/person\\\/1dc96ec6957aa1ccb25ebe78bb19f100\"},\"headline\":\"D\u00e9cret tertiaire et charges d&rsquo;exploitation : partenariat entre Bureau Veritas et AVELTYS\",\"datePublished\":\"2019-12-17T06:38:29+00:00\",\"mainEntityOfPage\":{\"@id\":\"https:\\\/\\\/batijournal.com\\\/index.php\\\/decret-tertiaire-et-charges-dexploitation-partenariat-entre-bureau-veritas-et-aveltys\\\/103504\\\/\"},\"wordCount\":306,\"image\":{\"@id\":\"https:\\\/\\\/batijournal.com\\\/index.php\\\/decret-tertiaire-et-charges-dexploitation-partenariat-entre-bureau-veritas-et-aveltys\\\/103504\\\/#primaryimage\"},\"thumbnailUrl\":\"https:\\\/\\\/batijournal.com\\\/wp-content\\\/uploads\\\/2018\\\/07\\\/batiment-tertiaire.jpg\",\"keywords\":[\"audit\",\"b\u00e2timents tertiaires\"],\"articleSection\":[\"Actualit\u00e9s\",\"\u00c9nergie &amp; Environnement\",\"zz_Actualit\u00e9s - Plan\u00e8te\",\"zz_Plan\u00e8te B\u00e2timent\"],\"inLanguage\":\"fr-FR\"},{\"@type\":\"WebPage\",\"@id\":\"https:\\\/\\\/batijournal.com\\\/index.php\\\/decret-tertiaire-et-charges-dexploitation-partenariat-entre-bureau-veritas-et-aveltys\\\/103504\\\/\",\"url\":\"https:\\\/\\\/batijournal.com\\\/index.php\\\/decret-tertiaire-et-charges-dexploitation-partenariat-entre-bureau-veritas-et-aveltys\\\/103504\\\/\",\"name\":\"D\u00e9cret tertiaire et charges d'exploitation : partenariat entre Bureau Veritas et AVELTYS\",\"isPartOf\":{\"@id\":\"https:\\\/\\\/batijournal.com\\\/#website\"},\"primaryImageOfPage\":{\"@id\":\"https:\\\/\\\/batijournal.com\\\/index.php\\\/decret-tertiaire-et-charges-dexploitation-partenariat-entre-bureau-veritas-et-aveltys\\\/103504\\\/#primaryimage\"},\"image\":{\"@id\":\"https:\\\/\\\/batijournal.com\\\/index.php\\\/decret-tertiaire-et-charges-dexploitation-partenariat-entre-bureau-veritas-et-aveltys\\\/103504\\\/#primaryimage\"},\"thumbnailUrl\":\"https:\\\/\\\/batijournal.com\\\/wp-content\\\/uploads\\\/2018\\\/07\\\/batiment-tertiaire.jpg\",\"datePublished\":\"2019-12-17T06:38:29+00:00\",\"author\":{\"@id\":\"https:\\\/\\\/batijournal.com\\\/#\\\/schema\\\/person\\\/1dc96ec6957aa1ccb25ebe78bb19f100\"},\"breadcrumb\":{\"@id\":\"https:\\\/\\\/batijournal.com\\\/index.php\\\/decret-tertiaire-et-charges-dexploitation-partenariat-entre-bureau-veritas-et-aveltys\\\/103504\\\/#breadcrumb\"},\"inLanguage\":\"fr-FR\",\"potentialAction\":[{\"@type\":\"ReadAction\",\"target\":[\"https:\\\/\\\/batijournal.com\\\/index.php\\\/decret-tertiaire-et-charges-dexploitation-partenariat-entre-bureau-veritas-et-aveltys\\\/103504\\\/\"]}]},{\"@type\":\"ImageObject\",\"inLanguage\":\"fr-FR\",\"@id\":\"https:\\\/\\\/batijournal.com\\\/index.php\\\/decret-tertiaire-et-charges-dexploitation-partenariat-entre-bureau-veritas-et-aveltys\\\/103504\\\/#primaryimage\",\"url\":\"https:\\\/\\\/batijournal.com\\\/wp-content\\\/uploads\\\/2018\\\/07\\\/batiment-tertiaire.jpg\",\"contentUrl\":\"https:\\\/\\\/batijournal.com\\\/wp-content\\\/uploads\\\/2018\\\/07\\\/batiment-tertiaire.jpg\",\"width\":800,\"height\":600},{\"@type\":\"BreadcrumbList\",\"@id\":\"https:\\\/\\\/batijournal.com\\\/index.php\\\/decret-tertiaire-et-charges-dexploitation-partenariat-entre-bureau-veritas-et-aveltys\\\/103504\\\/#breadcrumb\",\"itemListElement\":[{\"@type\":\"ListItem\",\"position\":1,\"name\":\"Accueil\",\"item\":\"https:\\\/\\\/batijournal.com\\\/\"},{\"@type\":\"ListItem\",\"position\":2,\"name\":\"Actualit\u00e9s\",\"item\":\"https:\\\/\\\/batijournal.com\\\/index.php\\\/category\\\/actualites\\\/\"},{\"@type\":\"ListItem\",\"position\":3,\"name\":\"D\u00e9cret tertiaire et charges d&rsquo;exploitation : partenariat entre Bureau Veritas et AVELTYS\"}]},{\"@type\":\"WebSite\",\"@id\":\"https:\\\/\\\/batijournal.com\\\/#website\",\"url\":\"https:\\\/\\\/batijournal.com\\\/\",\"name\":\"Batijournal\",\"description\":\"L&#039;actualit\u00e9 du b\u00e2timent\",\"potentialAction\":[{\"@type\":\"SearchAction\",\"target\":{\"@type\":\"EntryPoint\",\"urlTemplate\":\"https:\\\/\\\/batijournal.com\\\/?s={search_term_string}\"},\"query-input\":{\"@type\":\"PropertyValueSpecification\",\"valueRequired\":true,\"valueName\":\"search_term_string\"}}],\"inLanguage\":\"fr-FR\"},{\"@type\":\"Person\",\"@id\":\"https:\\\/\\\/batijournal.com\\\/#\\\/schema\\\/person\\\/1dc96ec6957aa1ccb25ebe78bb19f100\",\"name\":\"St\u00e9phane Miget\",\"image\":{\"@type\":\"ImageObject\",\"inLanguage\":\"fr-FR\",\"@id\":\"https:\\\/\\\/secure.gravatar.com\\\/avatar\\\/89915563d925342126b8ef0281b93d9d7fc337043e8df017f780908eb9644451?s=96&d=mm&r=g\",\"url\":\"https:\\\/\\\/secure.gravatar.com\\\/avatar\\\/89915563d925342126b8ef0281b93d9d7fc337043e8df017f780908eb9644451?s=96&d=mm&r=g\",\"contentUrl\":\"https:\\\/\\\/secure.gravatar.com\\\/avatar\\\/89915563d925342126b8ef0281b93d9d7fc337043e8df017f780908eb9644451?s=96&d=mm&r=g\",\"caption\":\"St\u00e9phane Miget\"},\"url\":\"https:\\\/\\\/batijournal.com\\\/index.php\\\/author\\\/stephane\\\/\"}]}<\/script>\n<!-- \/ Yoast SEO plugin. -->","yoast_head_json":{"title":"D\u00e9cret tertiaire et charges d'exploitation : partenariat entre Bureau Veritas et AVELTYS","robots":{"index":"index","follow":"follow","max-snippet":"max-snippet:-1","max-image-preview":"max-image-preview:large","max-video-preview":"max-video-preview:-1"},"canonical":"https:\/\/batijournal.com\/index.php\/decret-tertiaire-et-charges-dexploitation-partenariat-entre-bureau-veritas-et-aveltys\/103504\/","og_locale":"fr_FR","og_type":"article","og_title":"D\u00e9cret tertiaire et charges d'exploitation : partenariat entre Bureau Veritas et AVELTYS","og_description":"Depuis l\u2019entr\u00e9e en application du d\u00e9cret tertiaire (n\u00b02019-771), le 1er octobre 2019, les bailleurs et les preneurs de b\u00e2timents tertiaires (priv\u00e9s ou publics) de plus de 1 000 m2 sont soumis \u00e0 l\u2019obligation d\u2019entreprendre des actions de r\u00e9duction de consommation d\u2019\u00e9nergie finale. Aujourd\u2019hui, Bureau Veritas France et AVELTYS (coentreprise entre Schneider Electric et Bouygues Immobilier) [&hellip;]","og_url":"https:\/\/batijournal.com\/index.php\/decret-tertiaire-et-charges-dexploitation-partenariat-entre-bureau-veritas-et-aveltys\/103504\/","og_site_name":"Batijournal","article_published_time":"2019-12-17T06:38:29+00:00","og_image":[{"width":800,"height":600,"url":"https:\/\/batijournal.com\/wp-content\/uploads\/2018\/07\/batiment-tertiaire.jpg","type":"image\/jpeg"}],"author":"St\u00e9phane Miget","twitter_card":"summary_large_image","twitter_creator":"@bati_journal","twitter_site":"@bati_journal","twitter_misc":{"\u00c9crit par":"St\u00e9phane Miget","Dur\u00e9e de lecture estim\u00e9e":"1 minute"},"schema":{"@context":"https:\/\/schema.org","@graph":[{"@type":"Article","@id":"https:\/\/batijournal.com\/index.php\/decret-tertiaire-et-charges-dexploitation-partenariat-entre-bureau-veritas-et-aveltys\/103504\/#article","isPartOf":{"@id":"https:\/\/batijournal.com\/index.php\/decret-tertiaire-et-charges-dexploitation-partenariat-entre-bureau-veritas-et-aveltys\/103504\/"},"author":{"name":"St\u00e9phane Miget","@id":"https:\/\/batijournal.com\/#\/schema\/person\/1dc96ec6957aa1ccb25ebe78bb19f100"},"headline":"D\u00e9cret tertiaire et charges d&rsquo;exploitation : partenariat entre Bureau Veritas et AVELTYS","datePublished":"2019-12-17T06:38:29+00:00","mainEntityOfPage":{"@id":"https:\/\/batijournal.com\/index.php\/decret-tertiaire-et-charges-dexploitation-partenariat-entre-bureau-veritas-et-aveltys\/103504\/"},"wordCount":306,"image":{"@id":"https:\/\/batijournal.com\/index.php\/decret-tertiaire-et-charges-dexploitation-partenariat-entre-bureau-veritas-et-aveltys\/103504\/#primaryimage"},"thumbnailUrl":"https:\/\/batijournal.com\/wp-content\/uploads\/2018\/07\/batiment-tertiaire.jpg","keywords":["audit","b\u00e2timents tertiaires"],"articleSection":["Actualit\u00e9s","\u00c9nergie &amp; Environnement","zz_Actualit\u00e9s - Plan\u00e8te","zz_Plan\u00e8te B\u00e2timent"],"inLanguage":"fr-FR"},{"@type":"WebPage","@id":"https:\/\/batijournal.com\/index.php\/decret-tertiaire-et-charges-dexploitation-partenariat-entre-bureau-veritas-et-aveltys\/103504\/","url":"https:\/\/batijournal.com\/index.php\/decret-tertiaire-et-charges-dexploitation-partenariat-entre-bureau-veritas-et-aveltys\/103504\/","name":"D\u00e9cret tertiaire et charges d'exploitation : partenariat entre Bureau Veritas et AVELTYS","isPartOf":{"@id":"https:\/\/batijournal.com\/#website"},"primaryImageOfPage":{"@id":"https:\/\/batijournal.com\/index.php\/decret-tertiaire-et-charges-dexploitation-partenariat-entre-bureau-veritas-et-aveltys\/103504\/#primaryimage"},"image":{"@id":"https:\/\/batijournal.com\/index.php\/decret-tertiaire-et-charges-dexploitation-partenariat-entre-bureau-veritas-et-aveltys\/103504\/#primaryimage"},"thumbnailUrl":"https:\/\/batijournal.com\/wp-content\/uploads\/2018\/07\/batiment-tertiaire.jpg","datePublished":"2019-12-17T06:38:29+00:00","author":{"@id":"https:\/\/batijournal.com\/#\/schema\/person\/1dc96ec6957aa1ccb25ebe78bb19f100"},"breadcrumb":{"@id":"https:\/\/batijournal.com\/index.php\/decret-tertiaire-et-charges-dexploitation-partenariat-entre-bureau-veritas-et-aveltys\/103504\/#breadcrumb"},"inLanguage":"fr-FR","potentialAction":[{"@type":"ReadAction","target":["https:\/\/batijournal.com\/index.php\/decret-tertiaire-et-charges-dexploitation-partenariat-entre-bureau-veritas-et-aveltys\/103504\/"]}]},{"@type":"ImageObject","inLanguage":"fr-FR","@id":"https:\/\/batijournal.com\/index.php\/decret-tertiaire-et-charges-dexploitation-partenariat-entre-bureau-veritas-et-aveltys\/103504\/#primaryimage","url":"https:\/\/batijournal.com\/wp-content\/uploads\/2018\/07\/batiment-tertiaire.jpg","contentUrl":"https:\/\/batijournal.com\/wp-content\/uploads\/2018\/07\/batiment-tertiaire.jpg","width":800,"height":600},{"@type":"BreadcrumbList","@id":"https:\/\/batijournal.com\/index.php\/decret-tertiaire-et-charges-dexploitation-partenariat-entre-bureau-veritas-et-aveltys\/103504\/#breadcrumb","itemListElement":[{"@type":"ListItem","position":1,"name":"Accueil","item":"https:\/\/batijournal.com\/"},{"@type":"ListItem","position":2,"name":"Actualit\u00e9s","item":"https:\/\/batijournal.com\/index.php\/category\/actualites\/"},{"@type":"ListItem","position":3,"name":"D\u00e9cret tertiaire et charges d&rsquo;exploitation : partenariat entre Bureau Veritas et AVELTYS"}]},{"@type":"WebSite","@id":"https:\/\/batijournal.com\/#website","url":"https:\/\/batijournal.com\/","name":"Batijournal","description":"L&#039;actualit\u00e9 du b\u00e2timent","potentialAction":[{"@type":"SearchAction","target":{"@type":"EntryPoint","urlTemplate":"https:\/\/batijournal.com\/?s={search_term_string}"},"query-input":{"@type":"PropertyValueSpecification","valueRequired":true,"valueName":"search_term_string"}}],"inLanguage":"fr-FR"},{"@type":"Person","@id":"https:\/\/batijournal.com\/#\/schema\/person\/1dc96ec6957aa1ccb25ebe78bb19f100","name":"St\u00e9phane Miget","image":{"@type":"ImageObject","inLanguage":"fr-FR","@id":"https:\/\/secure.gravatar.com\/avatar\/89915563d925342126b8ef0281b93d9d7fc337043e8df017f780908eb9644451?s=96&d=mm&r=g","url":"https:\/\/secure.gravatar.com\/avatar\/89915563d925342126b8ef0281b93d9d7fc337043e8df017f780908eb9644451?s=96&d=mm&r=g","contentUrl":"https:\/\/secure.gravatar.com\/avatar\/89915563d925342126b8ef0281b93d9d7fc337043e8df017f780908eb9644451?s=96&d=mm&r=g","caption":"St\u00e9phane Miget"},"url":"https:\/\/batijournal.com\/index.php\/author\/stephane\/"}]}},"_links":{"self":[{"href":"https:\/\/batijournal.com\/index.php\/wp-json\/wp\/v2\/posts\/103504","targetHints":{"allow":["GET"]}}],"collection":[{"href":"https:\/\/batijournal.com\/index.php\/wp-json\/wp\/v2\/posts"}],"about":[{"href":"https:\/\/batijournal.com\/index.php\/wp-json\/wp\/v2\/types\/post"}],"author":[{"embeddable":true,"href":"https:\/\/batijournal.com\/index.php\/wp-json\/wp\/v2\/users\/17"}],"replies":[{"embeddable":true,"href":"https:\/\/batijournal.com\/index.php\/wp-json\/wp\/v2\/comments?post=103504"}],"version-history":[{"count":0,"href":"https:\/\/batijournal.com\/index.php\/wp-json\/wp\/v2\/posts\/103504\/revisions"}],"wp:featuredmedia":[{"embeddable":true,"href":"https:\/\/batijournal.com\/index.php\/wp-json\/wp\/v2\/media\/99583"}],"wp:attachment":[{"href":"https:\/\/batijournal.com\/index.php\/wp-json\/wp\/v2\/media?parent=103504"}],"wp:term":[{"taxonomy":"category","embeddable":true,"href":"https:\/\/batijournal.com\/index.php\/wp-json\/wp\/v2\/categories?post=103504"},{"taxonomy":"post_tag","embeddable":true,"href":"https:\/\/batijournal.com\/index.php\/wp-json\/wp\/v2\/tags?post=103504"}],"curies":[{"name":"wp","href":"https:\/\/api.w.org\/{rel}","templated":true}]}}