{"id":103507,"date":"2019-12-17T07:51:04","date_gmt":"2019-12-17T06:51:04","guid":{"rendered":"https:\/\/batijournal.com\/?p=103507"},"modified":"2019-12-17T07:51:04","modified_gmt":"2019-12-17T06:51:04","slug":"partenariat-de-la-capeb-et-lunicem-autour-des-dechets-de-chantier","status":"publish","type":"post","link":"https:\/\/batijournal.com\/index.php\/partenariat-de-la-capeb-et-lunicem-autour-des-dechets-de-chantier\/103507\/","title":{"rendered":"Partenariat de la Capeb et l&rsquo;Unicem autour des d\u00e9chets de chantier"},"content":{"rendered":"<p>La Capeb et l&rsquo;Unicem s&rsquo;associent pour une dur\u00e9e de trois ans afin de permettre aux artisans du b\u00e2timent une meilleure prise en charge et tra\u00e7abilit\u00e9 d\u2019une partie de leurs d\u00e9chets de chantier. Cette convention pr\u00e9voit une premi\u00e8re phase de r\u00e9flexion commune et d\u2019\u00e9tude dans le but de donner aux artisans un acc\u00e8s aux 1 500 plateformes d\u2019accueil de d\u00e9chets inertes, exploit\u00e9es par les adh\u00e9rents de l\u2019UNICEM, pour l\u2019apport de leurs d\u00e9chets de b\u00e2timent, et de fournir des outils d\u2019informations sur les conditions de tri des d\u00e9chets en vue d\u2019am\u00e9liorer le recyclage. Elle projette la mise \u00e0 disposition d\u2019un bordereau de d\u00e9p\u00f4t par les plateformes afin de faciliter la tra\u00e7abilit\u00e9 des d\u00e9chets des artisans. La deuxi\u00e8me \u00e9tape sera de d\u00e9finir un plan d\u2019action permettant de renforcer le maillage en points de reprise et d\u2019\u00e9largir les d\u00e9chets accueillis sur les plateformes exploit\u00e9es par les adh\u00e9rents de l\u2019UNICEM.<\/p>\n","protected":false},"excerpt":{"rendered":"<p>La Capeb et l&rsquo;Unicem s&rsquo;associent pour une dur\u00e9e de trois ans afin de permettre aux artisans du b\u00e2timent une meilleure prise en charge et tra\u00e7abilit\u00e9 d\u2019une partie de leurs d\u00e9chets de chantier. Cette convention pr\u00e9voit une premi\u00e8re phase de r\u00e9flexion commune et d\u2019\u00e9tude dans le but de donner aux artisans un acc\u00e8s aux 1 500 [&hellip;]<\/p>\n","protected":false},"author":17,"featured_media":95563,"comment_status":"closed","ping_status":"closed","sticky":false,"template":"","format":"standard","meta":{"_et_pb_use_builder":"","_et_pb_old_content":"","_et_gb_content_width":"","footnotes":""},"categories":[10530,6351,10771,10775,10781,10778],"tags":[647,1211,11430,6669],"class_list":["post-103507","post","type-post","status-publish","format-standard","has-post-thumbnail","hentry","category-actualites","category-energie-environnement","category-5facades","category-actualites-5facades","category-publications-planete","category-planete","tag-capeb","tag-dechets","tag-economie-circulaire","tag-unicem"],"yoast_head":"<!-- This site is optimized with the Yoast SEO plugin v27.4 - https:\/\/yoast.com\/product\/yoast-seo-wordpress\/ -->\n<title>Partenariat de la Capeb et l&#039;Unicem autour des d\u00e9chets de chantier<\/title>\n<meta name=\"robots\" content=\"index, follow, max-snippet:-1, max-image-preview:large, max-video-preview:-1\" \/>\n<link rel=\"canonical\" href=\"https:\/\/batijournal.com\/index.php\/partenariat-de-la-capeb-et-lunicem-autour-des-dechets-de-chantier\/103507\/\" \/>\n<meta property=\"og:locale\" content=\"fr_FR\" \/>\n<meta property=\"og:type\" content=\"article\" \/>\n<meta property=\"og:title\" content=\"Partenariat de la Capeb et l&#039;Unicem autour des d\u00e9chets de chantier\" \/>\n<meta property=\"og:description\" content=\"La Capeb et l&rsquo;Unicem s&rsquo;associent pour une dur\u00e9e de trois ans afin de permettre aux artisans du b\u00e2timent une meilleure prise en charge et tra\u00e7abilit\u00e9 d\u2019une partie de leurs d\u00e9chets de chantier. Cette convention pr\u00e9voit une premi\u00e8re phase de r\u00e9flexion commune et d\u2019\u00e9tude dans le but de donner aux artisans un acc\u00e8s aux 1 500 [&hellip;]\" \/>\n<meta property=\"og:url\" content=\"https:\/\/batijournal.com\/index.php\/partenariat-de-la-capeb-et-lunicem-autour-des-dechets-de-chantier\/103507\/\" \/>\n<meta property=\"og:site_name\" content=\"Batijournal\" \/>\n<meta property=\"article:published_time\" content=\"2019-12-17T06:51:04+00:00\" \/>\n<meta property=\"og:image\" content=\"https:\/\/batijournal.com\/wp-content\/uploads\/2017\/03\/dechets-btp.jpg\" \/>\n\t<meta property=\"og:image:width\" content=\"1200\" \/>\n\t<meta property=\"og:image:height\" content=\"759\" \/>\n\t<meta property=\"og:image:type\" content=\"image\/jpeg\" \/>\n<meta name=\"author\" content=\"St\u00e9phane Miget\" \/>\n<meta name=\"twitter:card\" content=\"summary_large_image\" \/>\n<meta name=\"twitter:creator\" content=\"@bati_journal\" \/>\n<meta name=\"twitter:site\" content=\"@bati_journal\" \/>\n<meta name=\"twitter:label1\" content=\"\u00c9crit par\" \/>\n\t<meta name=\"twitter:data1\" content=\"St\u00e9phane Miget\" \/>\n\t<meta name=\"twitter:label2\" content=\"Dur\u00e9e de lecture estim\u00e9e\" \/>\n\t<meta name=\"twitter:data2\" content=\"1 minute\" \/>\n<script type=\"application\/ld+json\" class=\"yoast-schema-graph\">{\"@context\":\"https:\\\/\\\/schema.org\",\"@graph\":[{\"@type\":\"Article\",\"@id\":\"https:\\\/\\\/batijournal.com\\\/index.php\\\/partenariat-de-la-capeb-et-lunicem-autour-des-dechets-de-chantier\\\/103507\\\/#article\",\"isPartOf\":{\"@id\":\"https:\\\/\\\/batijournal.com\\\/index.php\\\/partenariat-de-la-capeb-et-lunicem-autour-des-dechets-de-chantier\\\/103507\\\/\"},\"author\":{\"name\":\"St\u00e9phane Miget\",\"@id\":\"https:\\\/\\\/batijournal.com\\\/#\\\/schema\\\/person\\\/1dc96ec6957aa1ccb25ebe78bb19f100\"},\"headline\":\"Partenariat de la Capeb et l&rsquo;Unicem autour des d\u00e9chets de chantier\",\"datePublished\":\"2019-12-17T06:51:04+00:00\",\"mainEntityOfPage\":{\"@id\":\"https:\\\/\\\/batijournal.com\\\/index.php\\\/partenariat-de-la-capeb-et-lunicem-autour-des-dechets-de-chantier\\\/103507\\\/\"},\"wordCount\":192,\"image\":{\"@id\":\"https:\\\/\\\/batijournal.com\\\/index.php\\\/partenariat-de-la-capeb-et-lunicem-autour-des-dechets-de-chantier\\\/103507\\\/#primaryimage\"},\"thumbnailUrl\":\"https:\\\/\\\/batijournal.com\\\/wp-content\\\/uploads\\\/2017\\\/03\\\/dechets-btp.jpg\",\"keywords\":[\"CAPEB\",\"d\u00e9chets\",\"\u00e9conomie circulaire\",\"unicem\"],\"articleSection\":[\"Actualit\u00e9s\",\"\u00c9nergie &amp; Environnement\",\"zz_5fa\u00e7ades\",\"zz_Actualit\u00e9s - 5fa\u00e7ades\",\"zz_Actualit\u00e9s - Plan\u00e8te\",\"zz_Plan\u00e8te B\u00e2timent\"],\"inLanguage\":\"fr-FR\"},{\"@type\":\"WebPage\",\"@id\":\"https:\\\/\\\/batijournal.com\\\/index.php\\\/partenariat-de-la-capeb-et-lunicem-autour-des-dechets-de-chantier\\\/103507\\\/\",\"url\":\"https:\\\/\\\/batijournal.com\\\/index.php\\\/partenariat-de-la-capeb-et-lunicem-autour-des-dechets-de-chantier\\\/103507\\\/\",\"name\":\"Partenariat de la Capeb et l'Unicem autour des d\u00e9chets de chantier\",\"isPartOf\":{\"@id\":\"https:\\\/\\\/batijournal.com\\\/#website\"},\"primaryImageOfPage\":{\"@id\":\"https:\\\/\\\/batijournal.com\\\/index.php\\\/partenariat-de-la-capeb-et-lunicem-autour-des-dechets-de-chantier\\\/103507\\\/#primaryimage\"},\"image\":{\"@id\":\"https:\\\/\\\/batijournal.com\\\/index.php\\\/partenariat-de-la-capeb-et-lunicem-autour-des-dechets-de-chantier\\\/103507\\\/#primaryimage\"},\"thumbnailUrl\":\"https:\\\/\\\/batijournal.com\\\/wp-content\\\/uploads\\\/2017\\\/03\\\/dechets-btp.jpg\",\"datePublished\":\"2019-12-17T06:51:04+00:00\",\"author\":{\"@id\":\"https:\\\/\\\/batijournal.com\\\/#\\\/schema\\\/person\\\/1dc96ec6957aa1ccb25ebe78bb19f100\"},\"breadcrumb\":{\"@id\":\"https:\\\/\\\/batijournal.com\\\/index.php\\\/partenariat-de-la-capeb-et-lunicem-autour-des-dechets-de-chantier\\\/103507\\\/#breadcrumb\"},\"inLanguage\":\"fr-FR\",\"potentialAction\":[{\"@type\":\"ReadAction\",\"target\":[\"https:\\\/\\\/batijournal.com\\\/index.php\\\/partenariat-de-la-capeb-et-lunicem-autour-des-dechets-de-chantier\\\/103507\\\/\"]}]},{\"@type\":\"ImageObject\",\"inLanguage\":\"fr-FR\",\"@id\":\"https:\\\/\\\/batijournal.com\\\/index.php\\\/partenariat-de-la-capeb-et-lunicem-autour-des-dechets-de-chantier\\\/103507\\\/#primaryimage\",\"url\":\"https:\\\/\\\/batijournal.com\\\/wp-content\\\/uploads\\\/2017\\\/03\\\/dechets-btp.jpg\",\"contentUrl\":\"https:\\\/\\\/batijournal.com\\\/wp-content\\\/uploads\\\/2017\\\/03\\\/dechets-btp.jpg\",\"width\":1200,\"height\":759},{\"@type\":\"BreadcrumbList\",\"@id\":\"https:\\\/\\\/batijournal.com\\\/index.php\\\/partenariat-de-la-capeb-et-lunicem-autour-des-dechets-de-chantier\\\/103507\\\/#breadcrumb\",\"itemListElement\":[{\"@type\":\"ListItem\",\"position\":1,\"name\":\"Accueil\",\"item\":\"https:\\\/\\\/batijournal.com\\\/\"},{\"@type\":\"ListItem\",\"position\":2,\"name\":\"Actualit\u00e9s\",\"item\":\"https:\\\/\\\/batijournal.com\\\/index.php\\\/category\\\/actualites\\\/\"},{\"@type\":\"ListItem\",\"position\":3,\"name\":\"Partenariat de la Capeb et l&rsquo;Unicem autour des d\u00e9chets de chantier\"}]},{\"@type\":\"WebSite\",\"@id\":\"https:\\\/\\\/batijournal.com\\\/#website\",\"url\":\"https:\\\/\\\/batijournal.com\\\/\",\"name\":\"Batijournal\",\"description\":\"L&#039;actualit\u00e9 du b\u00e2timent\",\"potentialAction\":[{\"@type\":\"SearchAction\",\"target\":{\"@type\":\"EntryPoint\",\"urlTemplate\":\"https:\\\/\\\/batijournal.com\\\/?s={search_term_string}\"},\"query-input\":{\"@type\":\"PropertyValueSpecification\",\"valueRequired\":true,\"valueName\":\"search_term_string\"}}],\"inLanguage\":\"fr-FR\"},{\"@type\":\"Person\",\"@id\":\"https:\\\/\\\/batijournal.com\\\/#\\\/schema\\\/person\\\/1dc96ec6957aa1ccb25ebe78bb19f100\",\"name\":\"St\u00e9phane Miget\",\"image\":{\"@type\":\"ImageObject\",\"inLanguage\":\"fr-FR\",\"@id\":\"https:\\\/\\\/secure.gravatar.com\\\/avatar\\\/89915563d925342126b8ef0281b93d9d7fc337043e8df017f780908eb9644451?s=96&d=mm&r=g\",\"url\":\"https:\\\/\\\/secure.gravatar.com\\\/avatar\\\/89915563d925342126b8ef0281b93d9d7fc337043e8df017f780908eb9644451?s=96&d=mm&r=g\",\"contentUrl\":\"https:\\\/\\\/secure.gravatar.com\\\/avatar\\\/89915563d925342126b8ef0281b93d9d7fc337043e8df017f780908eb9644451?s=96&d=mm&r=g\",\"caption\":\"St\u00e9phane Miget\"},\"url\":\"https:\\\/\\\/batijournal.com\\\/index.php\\\/author\\\/stephane\\\/\"}]}<\/script>\n<!-- \/ Yoast SEO plugin. -->","yoast_head_json":{"title":"Partenariat de la Capeb et l'Unicem autour des d\u00e9chets de chantier","robots":{"index":"index","follow":"follow","max-snippet":"max-snippet:-1","max-image-preview":"max-image-preview:large","max-video-preview":"max-video-preview:-1"},"canonical":"https:\/\/batijournal.com\/index.php\/partenariat-de-la-capeb-et-lunicem-autour-des-dechets-de-chantier\/103507\/","og_locale":"fr_FR","og_type":"article","og_title":"Partenariat de la Capeb et l'Unicem autour des d\u00e9chets de chantier","og_description":"La Capeb et l&rsquo;Unicem s&rsquo;associent pour une dur\u00e9e de trois ans afin de permettre aux artisans du b\u00e2timent une meilleure prise en charge et tra\u00e7abilit\u00e9 d\u2019une partie de leurs d\u00e9chets de chantier. Cette convention pr\u00e9voit une premi\u00e8re phase de r\u00e9flexion commune et d\u2019\u00e9tude dans le but de donner aux artisans un acc\u00e8s aux 1 500 [&hellip;]","og_url":"https:\/\/batijournal.com\/index.php\/partenariat-de-la-capeb-et-lunicem-autour-des-dechets-de-chantier\/103507\/","og_site_name":"Batijournal","article_published_time":"2019-12-17T06:51:04+00:00","og_image":[{"width":1200,"height":759,"url":"https:\/\/batijournal.com\/wp-content\/uploads\/2017\/03\/dechets-btp.jpg","type":"image\/jpeg"}],"author":"St\u00e9phane Miget","twitter_card":"summary_large_image","twitter_creator":"@bati_journal","twitter_site":"@bati_journal","twitter_misc":{"\u00c9crit par":"St\u00e9phane Miget","Dur\u00e9e de lecture estim\u00e9e":"1 minute"},"schema":{"@context":"https:\/\/schema.org","@graph":[{"@type":"Article","@id":"https:\/\/batijournal.com\/index.php\/partenariat-de-la-capeb-et-lunicem-autour-des-dechets-de-chantier\/103507\/#article","isPartOf":{"@id":"https:\/\/batijournal.com\/index.php\/partenariat-de-la-capeb-et-lunicem-autour-des-dechets-de-chantier\/103507\/"},"author":{"name":"St\u00e9phane Miget","@id":"https:\/\/batijournal.com\/#\/schema\/person\/1dc96ec6957aa1ccb25ebe78bb19f100"},"headline":"Partenariat de la Capeb et l&rsquo;Unicem autour des d\u00e9chets de chantier","datePublished":"2019-12-17T06:51:04+00:00","mainEntityOfPage":{"@id":"https:\/\/batijournal.com\/index.php\/partenariat-de-la-capeb-et-lunicem-autour-des-dechets-de-chantier\/103507\/"},"wordCount":192,"image":{"@id":"https:\/\/batijournal.com\/index.php\/partenariat-de-la-capeb-et-lunicem-autour-des-dechets-de-chantier\/103507\/#primaryimage"},"thumbnailUrl":"https:\/\/batijournal.com\/wp-content\/uploads\/2017\/03\/dechets-btp.jpg","keywords":["CAPEB","d\u00e9chets","\u00e9conomie circulaire","unicem"],"articleSection":["Actualit\u00e9s","\u00c9nergie &amp; Environnement","zz_5fa\u00e7ades","zz_Actualit\u00e9s - 5fa\u00e7ades","zz_Actualit\u00e9s - Plan\u00e8te","zz_Plan\u00e8te B\u00e2timent"],"inLanguage":"fr-FR"},{"@type":"WebPage","@id":"https:\/\/batijournal.com\/index.php\/partenariat-de-la-capeb-et-lunicem-autour-des-dechets-de-chantier\/103507\/","url":"https:\/\/batijournal.com\/index.php\/partenariat-de-la-capeb-et-lunicem-autour-des-dechets-de-chantier\/103507\/","name":"Partenariat de la Capeb et l'Unicem autour des d\u00e9chets de chantier","isPartOf":{"@id":"https:\/\/batijournal.com\/#website"},"primaryImageOfPage":{"@id":"https:\/\/batijournal.com\/index.php\/partenariat-de-la-capeb-et-lunicem-autour-des-dechets-de-chantier\/103507\/#primaryimage"},"image":{"@id":"https:\/\/batijournal.com\/index.php\/partenariat-de-la-capeb-et-lunicem-autour-des-dechets-de-chantier\/103507\/#primaryimage"},"thumbnailUrl":"https:\/\/batijournal.com\/wp-content\/uploads\/2017\/03\/dechets-btp.jpg","datePublished":"2019-12-17T06:51:04+00:00","author":{"@id":"https:\/\/batijournal.com\/#\/schema\/person\/1dc96ec6957aa1ccb25ebe78bb19f100"},"breadcrumb":{"@id":"https:\/\/batijournal.com\/index.php\/partenariat-de-la-capeb-et-lunicem-autour-des-dechets-de-chantier\/103507\/#breadcrumb"},"inLanguage":"fr-FR","potentialAction":[{"@type":"ReadAction","target":["https:\/\/batijournal.com\/index.php\/partenariat-de-la-capeb-et-lunicem-autour-des-dechets-de-chantier\/103507\/"]}]},{"@type":"ImageObject","inLanguage":"fr-FR","@id":"https:\/\/batijournal.com\/index.php\/partenariat-de-la-capeb-et-lunicem-autour-des-dechets-de-chantier\/103507\/#primaryimage","url":"https:\/\/batijournal.com\/wp-content\/uploads\/2017\/03\/dechets-btp.jpg","contentUrl":"https:\/\/batijournal.com\/wp-content\/uploads\/2017\/03\/dechets-btp.jpg","width":1200,"height":759},{"@type":"BreadcrumbList","@id":"https:\/\/batijournal.com\/index.php\/partenariat-de-la-capeb-et-lunicem-autour-des-dechets-de-chantier\/103507\/#breadcrumb","itemListElement":[{"@type":"ListItem","position":1,"name":"Accueil","item":"https:\/\/batijournal.com\/"},{"@type":"ListItem","position":2,"name":"Actualit\u00e9s","item":"https:\/\/batijournal.com\/index.php\/category\/actualites\/"},{"@type":"ListItem","position":3,"name":"Partenariat de la Capeb et l&rsquo;Unicem autour des d\u00e9chets de chantier"}]},{"@type":"WebSite","@id":"https:\/\/batijournal.com\/#website","url":"https:\/\/batijournal.com\/","name":"Batijournal","description":"L&#039;actualit\u00e9 du b\u00e2timent","potentialAction":[{"@type":"SearchAction","target":{"@type":"EntryPoint","urlTemplate":"https:\/\/batijournal.com\/?s={search_term_string}"},"query-input":{"@type":"PropertyValueSpecification","valueRequired":true,"valueName":"search_term_string"}}],"inLanguage":"fr-FR"},{"@type":"Person","@id":"https:\/\/batijournal.com\/#\/schema\/person\/1dc96ec6957aa1ccb25ebe78bb19f100","name":"St\u00e9phane Miget","image":{"@type":"ImageObject","inLanguage":"fr-FR","@id":"https:\/\/secure.gravatar.com\/avatar\/89915563d925342126b8ef0281b93d9d7fc337043e8df017f780908eb9644451?s=96&d=mm&r=g","url":"https:\/\/secure.gravatar.com\/avatar\/89915563d925342126b8ef0281b93d9d7fc337043e8df017f780908eb9644451?s=96&d=mm&r=g","contentUrl":"https:\/\/secure.gravatar.com\/avatar\/89915563d925342126b8ef0281b93d9d7fc337043e8df017f780908eb9644451?s=96&d=mm&r=g","caption":"St\u00e9phane Miget"},"url":"https:\/\/batijournal.com\/index.php\/author\/stephane\/"}]}},"_links":{"self":[{"href":"https:\/\/batijournal.com\/index.php\/wp-json\/wp\/v2\/posts\/103507","targetHints":{"allow":["GET"]}}],"collection":[{"href":"https:\/\/batijournal.com\/index.php\/wp-json\/wp\/v2\/posts"}],"about":[{"href":"https:\/\/batijournal.com\/index.php\/wp-json\/wp\/v2\/types\/post"}],"author":[{"embeddable":true,"href":"https:\/\/batijournal.com\/index.php\/wp-json\/wp\/v2\/users\/17"}],"replies":[{"embeddable":true,"href":"https:\/\/batijournal.com\/index.php\/wp-json\/wp\/v2\/comments?post=103507"}],"version-history":[{"count":0,"href":"https:\/\/batijournal.com\/index.php\/wp-json\/wp\/v2\/posts\/103507\/revisions"}],"wp:featuredmedia":[{"embeddable":true,"href":"https:\/\/batijournal.com\/index.php\/wp-json\/wp\/v2\/media\/95563"}],"wp:attachment":[{"href":"https:\/\/batijournal.com\/index.php\/wp-json\/wp\/v2\/media?parent=103507"}],"wp:term":[{"taxonomy":"category","embeddable":true,"href":"https:\/\/batijournal.com\/index.php\/wp-json\/wp\/v2\/categories?post=103507"},{"taxonomy":"post_tag","embeddable":true,"href":"https:\/\/batijournal.com\/index.php\/wp-json\/wp\/v2\/tags?post=103507"}],"curies":[{"name":"wp","href":"https:\/\/api.w.org\/{rel}","templated":true}]}}