{"id":103545,"date":"2019-12-20T07:50:59","date_gmt":"2019-12-20T06:50:59","guid":{"rendered":"https:\/\/batijournal.com\/?p=103545"},"modified":"2019-12-20T07:50:59","modified_gmt":"2019-12-20T06:50:59","slug":"prolongation-du-ptz-neuf-dans-les-zones-b2-et-c-en-2020","status":"publish","type":"post","link":"https:\/\/batijournal.com\/index.php\/prolongation-du-ptz-neuf-dans-les-zones-b2-et-c-en-2020\/103545\/","title":{"rendered":"Prolongation du PTZ neuf dans les zones B2 et C en 2020"},"content":{"rendered":"<p>L\u2019adoption d\u00e9finitive de la loi de finances pour 2020 a confirm\u00e9 la prolongation du pr\u00eat \u00e0 taux z\u00e9ro neuf dans les zones B2 et C. D\u00e9put\u00e9s et s\u00e9nateurs ont adh\u00e9r\u00e9 aux nombreux arguments d\u00e9velopp\u00e9s tant par les associations d\u2019\u00e9lus locaux que par les acteurs de la construction, plaidant pour le maintien de ce dispositif indispensable pour l\u2019accession \u00e0 la propri\u00e9t\u00e9 des jeunes et des m\u00e9nages modestes.<\/p>\n<p>Gr\u00e9gory Monod, Pr\u00e9sident de LCA-FFB, a salu\u00e9 \u00ab la repr\u00e9sentation nationale qui a su d\u00e9fendre, contre vents et mar\u00e9es, ce dispositif essentiel pour le parcours r\u00e9sidentiel des m\u00e9nages, la coh\u00e9sion des territoires et l\u2019emploi de la fili\u00e8re b\u00e2timent. Son maintien \u00e9tant d\u00e9sormais acquis, nous sommes pr\u00eats \u00e0 travailler avec le gouvernement pour b\u00e2tir une politique durable du logement adapt\u00e9e aux attentes des Fran\u00e7ais, aux enjeux environnementaux et aux sp\u00e9cificit\u00e9s de chaque territoire. Il est temps en particulier d\u2019\u00e9voluer vers un param\u00e9trage plus fin des aides au logement, qui tienne davantage compte des besoins et des r\u00e9alit\u00e9s territoriales, un v\u00e9ritable zonage de projets. \u00bb<\/p>\n","protected":false},"excerpt":{"rendered":"<p>L\u2019adoption d\u00e9finitive de la loi de finances pour 2020 a confirm\u00e9 la prolongation du pr\u00eat \u00e0 taux z\u00e9ro neuf dans les zones B2 et C. D\u00e9put\u00e9s et s\u00e9nateurs ont adh\u00e9r\u00e9 aux nombreux arguments d\u00e9velopp\u00e9s tant par les associations d\u2019\u00e9lus locaux que par les acteurs de la construction, plaidant pour le maintien de ce dispositif indispensable [&hellip;]<\/p>\n","protected":false},"author":17,"featured_media":93713,"comment_status":"closed","ping_status":"closed","sticky":false,"template":"","format":"standard","meta":{"_et_pb_use_builder":"","_et_pb_old_content":"","_et_gb_content_width":"","footnotes":""},"categories":[10736,10530,6345],"tags":[1189],"class_list":["post-103545","post","type-post","status-publish","format-standard","has-post-thumbnail","hentry","category-a-la-une","category-actualites","category-economie-marches","tag-ptz"],"yoast_head":"<!-- This site is optimized with the Yoast SEO plugin v27.4 - https:\/\/yoast.com\/product\/yoast-seo-wordpress\/ -->\n<title>Prolongation du PTZ neuf dans les zones B2 et C en 2020<\/title>\n<meta name=\"robots\" content=\"index, follow, max-snippet:-1, max-image-preview:large, max-video-preview:-1\" \/>\n<link rel=\"canonical\" href=\"https:\/\/batijournal.com\/index.php\/prolongation-du-ptz-neuf-dans-les-zones-b2-et-c-en-2020\/103545\/\" \/>\n<meta property=\"og:locale\" content=\"fr_FR\" \/>\n<meta property=\"og:type\" content=\"article\" \/>\n<meta property=\"og:title\" content=\"Prolongation du PTZ neuf dans les zones B2 et C en 2020\" \/>\n<meta property=\"og:description\" content=\"L\u2019adoption d\u00e9finitive de la loi de finances pour 2020 a confirm\u00e9 la prolongation du pr\u00eat \u00e0 taux z\u00e9ro neuf dans les zones B2 et C. D\u00e9put\u00e9s et s\u00e9nateurs ont adh\u00e9r\u00e9 aux nombreux arguments d\u00e9velopp\u00e9s tant par les associations d\u2019\u00e9lus locaux que par les acteurs de la construction, plaidant pour le maintien de ce dispositif indispensable [&hellip;]\" \/>\n<meta property=\"og:url\" content=\"https:\/\/batijournal.com\/index.php\/prolongation-du-ptz-neuf-dans-les-zones-b2-et-c-en-2020\/103545\/\" \/>\n<meta property=\"og:site_name\" content=\"Batijournal\" \/>\n<meta property=\"article:published_time\" content=\"2019-12-20T06:50:59+00:00\" \/>\n<meta property=\"og:image\" content=\"https:\/\/batijournal.com\/wp-content\/uploads\/2016\/09\/construction-reprise.jpg\" \/>\n\t<meta property=\"og:image:width\" content=\"1000\" \/>\n\t<meta property=\"og:image:height\" content=\"598\" \/>\n\t<meta property=\"og:image:type\" content=\"image\/jpeg\" \/>\n<meta name=\"author\" content=\"St\u00e9phane Miget\" \/>\n<meta name=\"twitter:card\" content=\"summary_large_image\" \/>\n<meta name=\"twitter:creator\" content=\"@bati_journal\" \/>\n<meta name=\"twitter:site\" content=\"@bati_journal\" \/>\n<meta name=\"twitter:label1\" content=\"\u00c9crit par\" \/>\n\t<meta name=\"twitter:data1\" content=\"St\u00e9phane Miget\" \/>\n\t<meta name=\"twitter:label2\" content=\"Dur\u00e9e de lecture estim\u00e9e\" \/>\n\t<meta name=\"twitter:data2\" content=\"1 minute\" \/>\n<script type=\"application\/ld+json\" class=\"yoast-schema-graph\">{\"@context\":\"https:\\\/\\\/schema.org\",\"@graph\":[{\"@type\":\"Article\",\"@id\":\"https:\\\/\\\/batijournal.com\\\/index.php\\\/prolongation-du-ptz-neuf-dans-les-zones-b2-et-c-en-2020\\\/103545\\\/#article\",\"isPartOf\":{\"@id\":\"https:\\\/\\\/batijournal.com\\\/index.php\\\/prolongation-du-ptz-neuf-dans-les-zones-b2-et-c-en-2020\\\/103545\\\/\"},\"author\":{\"name\":\"St\u00e9phane Miget\",\"@id\":\"https:\\\/\\\/batijournal.com\\\/#\\\/schema\\\/person\\\/1dc96ec6957aa1ccb25ebe78bb19f100\"},\"headline\":\"Prolongation du PTZ neuf dans les zones B2 et C en 2020\",\"datePublished\":\"2019-12-20T06:50:59+00:00\",\"mainEntityOfPage\":{\"@id\":\"https:\\\/\\\/batijournal.com\\\/index.php\\\/prolongation-du-ptz-neuf-dans-les-zones-b2-et-c-en-2020\\\/103545\\\/\"},\"wordCount\":211,\"image\":{\"@id\":\"https:\\\/\\\/batijournal.com\\\/index.php\\\/prolongation-du-ptz-neuf-dans-les-zones-b2-et-c-en-2020\\\/103545\\\/#primaryimage\"},\"thumbnailUrl\":\"https:\\\/\\\/batijournal.com\\\/wp-content\\\/uploads\\\/2016\\\/09\\\/construction-reprise.jpg\",\"keywords\":[\"PTZ\"],\"articleSection\":[\"A la Une\",\"Actualit\u00e9s\",\"\u00c9conomie &amp; March\u00e9s\"],\"inLanguage\":\"fr-FR\"},{\"@type\":\"WebPage\",\"@id\":\"https:\\\/\\\/batijournal.com\\\/index.php\\\/prolongation-du-ptz-neuf-dans-les-zones-b2-et-c-en-2020\\\/103545\\\/\",\"url\":\"https:\\\/\\\/batijournal.com\\\/index.php\\\/prolongation-du-ptz-neuf-dans-les-zones-b2-et-c-en-2020\\\/103545\\\/\",\"name\":\"Prolongation du PTZ neuf dans les zones B2 et C en 2020\",\"isPartOf\":{\"@id\":\"https:\\\/\\\/batijournal.com\\\/#website\"},\"primaryImageOfPage\":{\"@id\":\"https:\\\/\\\/batijournal.com\\\/index.php\\\/prolongation-du-ptz-neuf-dans-les-zones-b2-et-c-en-2020\\\/103545\\\/#primaryimage\"},\"image\":{\"@id\":\"https:\\\/\\\/batijournal.com\\\/index.php\\\/prolongation-du-ptz-neuf-dans-les-zones-b2-et-c-en-2020\\\/103545\\\/#primaryimage\"},\"thumbnailUrl\":\"https:\\\/\\\/batijournal.com\\\/wp-content\\\/uploads\\\/2016\\\/09\\\/construction-reprise.jpg\",\"datePublished\":\"2019-12-20T06:50:59+00:00\",\"author\":{\"@id\":\"https:\\\/\\\/batijournal.com\\\/#\\\/schema\\\/person\\\/1dc96ec6957aa1ccb25ebe78bb19f100\"},\"breadcrumb\":{\"@id\":\"https:\\\/\\\/batijournal.com\\\/index.php\\\/prolongation-du-ptz-neuf-dans-les-zones-b2-et-c-en-2020\\\/103545\\\/#breadcrumb\"},\"inLanguage\":\"fr-FR\",\"potentialAction\":[{\"@type\":\"ReadAction\",\"target\":[\"https:\\\/\\\/batijournal.com\\\/index.php\\\/prolongation-du-ptz-neuf-dans-les-zones-b2-et-c-en-2020\\\/103545\\\/\"]}]},{\"@type\":\"ImageObject\",\"inLanguage\":\"fr-FR\",\"@id\":\"https:\\\/\\\/batijournal.com\\\/index.php\\\/prolongation-du-ptz-neuf-dans-les-zones-b2-et-c-en-2020\\\/103545\\\/#primaryimage\",\"url\":\"https:\\\/\\\/batijournal.com\\\/wp-content\\\/uploads\\\/2016\\\/09\\\/construction-reprise.jpg\",\"contentUrl\":\"https:\\\/\\\/batijournal.com\\\/wp-content\\\/uploads\\\/2016\\\/09\\\/construction-reprise.jpg\",\"width\":1000,\"height\":598},{\"@type\":\"BreadcrumbList\",\"@id\":\"https:\\\/\\\/batijournal.com\\\/index.php\\\/prolongation-du-ptz-neuf-dans-les-zones-b2-et-c-en-2020\\\/103545\\\/#breadcrumb\",\"itemListElement\":[{\"@type\":\"ListItem\",\"position\":1,\"name\":\"Accueil\",\"item\":\"https:\\\/\\\/batijournal.com\\\/\"},{\"@type\":\"ListItem\",\"position\":2,\"name\":\"A la Une\",\"item\":\"https:\\\/\\\/batijournal.com\\\/index.php\\\/category\\\/a-la-une\\\/\"},{\"@type\":\"ListItem\",\"position\":3,\"name\":\"Prolongation du PTZ neuf dans les zones B2 et C en 2020\"}]},{\"@type\":\"WebSite\",\"@id\":\"https:\\\/\\\/batijournal.com\\\/#website\",\"url\":\"https:\\\/\\\/batijournal.com\\\/\",\"name\":\"Batijournal\",\"description\":\"L&#039;actualit\u00e9 du b\u00e2timent\",\"potentialAction\":[{\"@type\":\"SearchAction\",\"target\":{\"@type\":\"EntryPoint\",\"urlTemplate\":\"https:\\\/\\\/batijournal.com\\\/?s={search_term_string}\"},\"query-input\":{\"@type\":\"PropertyValueSpecification\",\"valueRequired\":true,\"valueName\":\"search_term_string\"}}],\"inLanguage\":\"fr-FR\"},{\"@type\":\"Person\",\"@id\":\"https:\\\/\\\/batijournal.com\\\/#\\\/schema\\\/person\\\/1dc96ec6957aa1ccb25ebe78bb19f100\",\"name\":\"St\u00e9phane Miget\",\"image\":{\"@type\":\"ImageObject\",\"inLanguage\":\"fr-FR\",\"@id\":\"https:\\\/\\\/secure.gravatar.com\\\/avatar\\\/89915563d925342126b8ef0281b93d9d7fc337043e8df017f780908eb9644451?s=96&d=mm&r=g\",\"url\":\"https:\\\/\\\/secure.gravatar.com\\\/avatar\\\/89915563d925342126b8ef0281b93d9d7fc337043e8df017f780908eb9644451?s=96&d=mm&r=g\",\"contentUrl\":\"https:\\\/\\\/secure.gravatar.com\\\/avatar\\\/89915563d925342126b8ef0281b93d9d7fc337043e8df017f780908eb9644451?s=96&d=mm&r=g\",\"caption\":\"St\u00e9phane Miget\"},\"url\":\"https:\\\/\\\/batijournal.com\\\/index.php\\\/author\\\/stephane\\\/\"}]}<\/script>\n<!-- \/ Yoast SEO plugin. -->","yoast_head_json":{"title":"Prolongation du PTZ neuf dans les zones B2 et C en 2020","robots":{"index":"index","follow":"follow","max-snippet":"max-snippet:-1","max-image-preview":"max-image-preview:large","max-video-preview":"max-video-preview:-1"},"canonical":"https:\/\/batijournal.com\/index.php\/prolongation-du-ptz-neuf-dans-les-zones-b2-et-c-en-2020\/103545\/","og_locale":"fr_FR","og_type":"article","og_title":"Prolongation du PTZ neuf dans les zones B2 et C en 2020","og_description":"L\u2019adoption d\u00e9finitive de la loi de finances pour 2020 a confirm\u00e9 la prolongation du pr\u00eat \u00e0 taux z\u00e9ro neuf dans les zones B2 et C. D\u00e9put\u00e9s et s\u00e9nateurs ont adh\u00e9r\u00e9 aux nombreux arguments d\u00e9velopp\u00e9s tant par les associations d\u2019\u00e9lus locaux que par les acteurs de la construction, plaidant pour le maintien de ce dispositif indispensable [&hellip;]","og_url":"https:\/\/batijournal.com\/index.php\/prolongation-du-ptz-neuf-dans-les-zones-b2-et-c-en-2020\/103545\/","og_site_name":"Batijournal","article_published_time":"2019-12-20T06:50:59+00:00","og_image":[{"width":1000,"height":598,"url":"https:\/\/batijournal.com\/wp-content\/uploads\/2016\/09\/construction-reprise.jpg","type":"image\/jpeg"}],"author":"St\u00e9phane Miget","twitter_card":"summary_large_image","twitter_creator":"@bati_journal","twitter_site":"@bati_journal","twitter_misc":{"\u00c9crit par":"St\u00e9phane Miget","Dur\u00e9e de lecture estim\u00e9e":"1 minute"},"schema":{"@context":"https:\/\/schema.org","@graph":[{"@type":"Article","@id":"https:\/\/batijournal.com\/index.php\/prolongation-du-ptz-neuf-dans-les-zones-b2-et-c-en-2020\/103545\/#article","isPartOf":{"@id":"https:\/\/batijournal.com\/index.php\/prolongation-du-ptz-neuf-dans-les-zones-b2-et-c-en-2020\/103545\/"},"author":{"name":"St\u00e9phane Miget","@id":"https:\/\/batijournal.com\/#\/schema\/person\/1dc96ec6957aa1ccb25ebe78bb19f100"},"headline":"Prolongation du PTZ neuf dans les zones B2 et C en 2020","datePublished":"2019-12-20T06:50:59+00:00","mainEntityOfPage":{"@id":"https:\/\/batijournal.com\/index.php\/prolongation-du-ptz-neuf-dans-les-zones-b2-et-c-en-2020\/103545\/"},"wordCount":211,"image":{"@id":"https:\/\/batijournal.com\/index.php\/prolongation-du-ptz-neuf-dans-les-zones-b2-et-c-en-2020\/103545\/#primaryimage"},"thumbnailUrl":"https:\/\/batijournal.com\/wp-content\/uploads\/2016\/09\/construction-reprise.jpg","keywords":["PTZ"],"articleSection":["A la Une","Actualit\u00e9s","\u00c9conomie &amp; March\u00e9s"],"inLanguage":"fr-FR"},{"@type":"WebPage","@id":"https:\/\/batijournal.com\/index.php\/prolongation-du-ptz-neuf-dans-les-zones-b2-et-c-en-2020\/103545\/","url":"https:\/\/batijournal.com\/index.php\/prolongation-du-ptz-neuf-dans-les-zones-b2-et-c-en-2020\/103545\/","name":"Prolongation du PTZ neuf dans les zones B2 et C en 2020","isPartOf":{"@id":"https:\/\/batijournal.com\/#website"},"primaryImageOfPage":{"@id":"https:\/\/batijournal.com\/index.php\/prolongation-du-ptz-neuf-dans-les-zones-b2-et-c-en-2020\/103545\/#primaryimage"},"image":{"@id":"https:\/\/batijournal.com\/index.php\/prolongation-du-ptz-neuf-dans-les-zones-b2-et-c-en-2020\/103545\/#primaryimage"},"thumbnailUrl":"https:\/\/batijournal.com\/wp-content\/uploads\/2016\/09\/construction-reprise.jpg","datePublished":"2019-12-20T06:50:59+00:00","author":{"@id":"https:\/\/batijournal.com\/#\/schema\/person\/1dc96ec6957aa1ccb25ebe78bb19f100"},"breadcrumb":{"@id":"https:\/\/batijournal.com\/index.php\/prolongation-du-ptz-neuf-dans-les-zones-b2-et-c-en-2020\/103545\/#breadcrumb"},"inLanguage":"fr-FR","potentialAction":[{"@type":"ReadAction","target":["https:\/\/batijournal.com\/index.php\/prolongation-du-ptz-neuf-dans-les-zones-b2-et-c-en-2020\/103545\/"]}]},{"@type":"ImageObject","inLanguage":"fr-FR","@id":"https:\/\/batijournal.com\/index.php\/prolongation-du-ptz-neuf-dans-les-zones-b2-et-c-en-2020\/103545\/#primaryimage","url":"https:\/\/batijournal.com\/wp-content\/uploads\/2016\/09\/construction-reprise.jpg","contentUrl":"https:\/\/batijournal.com\/wp-content\/uploads\/2016\/09\/construction-reprise.jpg","width":1000,"height":598},{"@type":"BreadcrumbList","@id":"https:\/\/batijournal.com\/index.php\/prolongation-du-ptz-neuf-dans-les-zones-b2-et-c-en-2020\/103545\/#breadcrumb","itemListElement":[{"@type":"ListItem","position":1,"name":"Accueil","item":"https:\/\/batijournal.com\/"},{"@type":"ListItem","position":2,"name":"A la Une","item":"https:\/\/batijournal.com\/index.php\/category\/a-la-une\/"},{"@type":"ListItem","position":3,"name":"Prolongation du PTZ neuf dans les zones B2 et C en 2020"}]},{"@type":"WebSite","@id":"https:\/\/batijournal.com\/#website","url":"https:\/\/batijournal.com\/","name":"Batijournal","description":"L&#039;actualit\u00e9 du b\u00e2timent","potentialAction":[{"@type":"SearchAction","target":{"@type":"EntryPoint","urlTemplate":"https:\/\/batijournal.com\/?s={search_term_string}"},"query-input":{"@type":"PropertyValueSpecification","valueRequired":true,"valueName":"search_term_string"}}],"inLanguage":"fr-FR"},{"@type":"Person","@id":"https:\/\/batijournal.com\/#\/schema\/person\/1dc96ec6957aa1ccb25ebe78bb19f100","name":"St\u00e9phane Miget","image":{"@type":"ImageObject","inLanguage":"fr-FR","@id":"https:\/\/secure.gravatar.com\/avatar\/89915563d925342126b8ef0281b93d9d7fc337043e8df017f780908eb9644451?s=96&d=mm&r=g","url":"https:\/\/secure.gravatar.com\/avatar\/89915563d925342126b8ef0281b93d9d7fc337043e8df017f780908eb9644451?s=96&d=mm&r=g","contentUrl":"https:\/\/secure.gravatar.com\/avatar\/89915563d925342126b8ef0281b93d9d7fc337043e8df017f780908eb9644451?s=96&d=mm&r=g","caption":"St\u00e9phane Miget"},"url":"https:\/\/batijournal.com\/index.php\/author\/stephane\/"}]}},"_links":{"self":[{"href":"https:\/\/batijournal.com\/index.php\/wp-json\/wp\/v2\/posts\/103545","targetHints":{"allow":["GET"]}}],"collection":[{"href":"https:\/\/batijournal.com\/index.php\/wp-json\/wp\/v2\/posts"}],"about":[{"href":"https:\/\/batijournal.com\/index.php\/wp-json\/wp\/v2\/types\/post"}],"author":[{"embeddable":true,"href":"https:\/\/batijournal.com\/index.php\/wp-json\/wp\/v2\/users\/17"}],"replies":[{"embeddable":true,"href":"https:\/\/batijournal.com\/index.php\/wp-json\/wp\/v2\/comments?post=103545"}],"version-history":[{"count":0,"href":"https:\/\/batijournal.com\/index.php\/wp-json\/wp\/v2\/posts\/103545\/revisions"}],"wp:featuredmedia":[{"embeddable":true,"href":"https:\/\/batijournal.com\/index.php\/wp-json\/wp\/v2\/media\/93713"}],"wp:attachment":[{"href":"https:\/\/batijournal.com\/index.php\/wp-json\/wp\/v2\/media?parent=103545"}],"wp:term":[{"taxonomy":"category","embeddable":true,"href":"https:\/\/batijournal.com\/index.php\/wp-json\/wp\/v2\/categories?post=103545"},{"taxonomy":"post_tag","embeddable":true,"href":"https:\/\/batijournal.com\/index.php\/wp-json\/wp\/v2\/tags?post=103545"}],"curies":[{"name":"wp","href":"https:\/\/api.w.org\/{rel}","templated":true}]}}