{"id":103603,"date":"2020-01-16T08:33:50","date_gmt":"2020-01-16T07:33:50","guid":{"rendered":"https:\/\/batijournal.com\/?p=103603"},"modified":"2020-01-16T08:33:51","modified_gmt":"2020-01-16T07:33:51","slug":"somfy-expose-une-motorisation-a-lelysee","status":"publish","type":"post","link":"https:\/\/batijournal.com\/index.php\/somfy-expose-une-motorisation-a-lelysee\/103603\/","title":{"rendered":"Somfy expose une motorisation \u00e0 l&rsquo;Elys\u00e9e"},"content":{"rendered":"\n<p>Une grande exposition du \u00ab Fabriqu\u00e9 en France \u00bb sera ouverte \u00e0 tous les Fran\u00e7ais, le week-end des 18 et 19 janvier 2020 \u00e0 l&rsquo;Elys\u00e9e. Un comit\u00e9 de s\u00e9lection pr\u00e9sid\u00e9 par Agn\u00e8s Pannier-Runacher, secr\u00e9taire d&rsquo;\u00c9tat aupr\u00e8s du ministre de l&rsquo;\u00c9conomie et des Finances, et compos\u00e9 de 10 personnalit\u00e9s reconnues pour leur engagement en faveur du \u00ab Fabriqu\u00e9 en France \u00bb, s&rsquo;est r\u00e9uni jeudi 19 d\u00e9cembre pour s\u00e9lectionner 120 produits d&rsquo;entreprises fran\u00e7aises, repr\u00e9sentant les d\u00e9partements de m\u00e9tropole et d&rsquo;Outre-mer. Consid\u00e9r\u00e9s comme embl\u00e9matiques de nos territoires, ces produits sont le reflet de leur richesse et de leur diversit\u00e9. Somfy repr\u00e9sentera la Haute-Savoie avec la motorisation S&amp;SO RS100. S&amp;SO RS100 est un moteur connect\u00e9 ultra-silencieux pour volets roulants qui s&rsquo;inscrit dans la d\u00e9marche ACT FOR GREEN et b\u00e9n\u00e9ficie de l&rsquo;expertise \u00e9co-conception. Cette d\u00e9marche volontaire de Somfy vise \u00e0 r\u00e9duire la consommation d&rsquo;\u00e9nergie et l&rsquo;impact environnemental des produits sur l&rsquo;ensemble de leur cycle de vie : depuis l&rsquo;extraction des mati\u00e8res premi\u00e8res jusqu&rsquo;\u00e0 la fin de vie, en passant par leur fabrication, utilisation et transport.<\/p>\n","protected":false},"excerpt":{"rendered":"<p>Une grande exposition du \u00ab Fabriqu\u00e9 en France \u00bb sera ouverte \u00e0 tous les Fran\u00e7ais, le week-end des 18 et 19 janvier 2020 \u00e0 l&rsquo;Elys\u00e9e. Un comit\u00e9 de s\u00e9lection pr\u00e9sid\u00e9 par Agn\u00e8s Pannier-Runacher, secr\u00e9taire d&rsquo;\u00c9tat aupr\u00e8s du ministre de l&rsquo;\u00c9conomie et des Finances, et compos\u00e9 de 10 personnalit\u00e9s reconnues pour leur engagement en faveur du [&hellip;]<\/p>\n","protected":false},"author":17,"featured_media":103604,"comment_status":"closed","ping_status":"closed","sticky":false,"template":"","format":"standard","meta":{"_et_pb_use_builder":"","_et_pb_old_content":"","_et_gb_content_width":"","footnotes":""},"categories":[10530,6345,10771,10774],"tags":[10085],"class_list":["post-103603","post","type-post","status-publish","format-standard","has-post-thumbnail","hentry","category-actualites","category-economie-marches","category-5facades","category-produits-5facades","tag-volet-roulant"],"yoast_head":"<!-- This site is optimized with the Yoast SEO plugin v27.4 - https:\/\/yoast.com\/product\/yoast-seo-wordpress\/ -->\n<title>Somfy expose une motorisation \u00e0 l&#039;Elys\u00e9e<\/title>\n<meta name=\"robots\" content=\"index, follow, max-snippet:-1, max-image-preview:large, max-video-preview:-1\" \/>\n<link rel=\"canonical\" href=\"https:\/\/batijournal.com\/index.php\/somfy-expose-une-motorisation-a-lelysee\/103603\/\" \/>\n<meta property=\"og:locale\" content=\"fr_FR\" \/>\n<meta property=\"og:type\" content=\"article\" \/>\n<meta property=\"og:title\" content=\"Somfy expose une motorisation \u00e0 l&#039;Elys\u00e9e\" \/>\n<meta property=\"og:description\" content=\"Une grande exposition du \u00ab Fabriqu\u00e9 en France \u00bb sera ouverte \u00e0 tous les Fran\u00e7ais, le week-end des 18 et 19 janvier 2020 \u00e0 l&rsquo;Elys\u00e9e. Un comit\u00e9 de s\u00e9lection pr\u00e9sid\u00e9 par Agn\u00e8s Pannier-Runacher, secr\u00e9taire d&rsquo;\u00c9tat aupr\u00e8s du ministre de l&rsquo;\u00c9conomie et des Finances, et compos\u00e9 de 10 personnalit\u00e9s reconnues pour leur engagement en faveur du [&hellip;]\" \/>\n<meta property=\"og:url\" content=\"https:\/\/batijournal.com\/index.php\/somfy-expose-une-motorisation-a-lelysee\/103603\/\" \/>\n<meta property=\"og:site_name\" content=\"Batijournal\" \/>\n<meta property=\"article:published_time\" content=\"2020-01-16T07:33:50+00:00\" \/>\n<meta property=\"article:modified_time\" content=\"2020-01-16T07:33:51+00:00\" \/>\n<meta property=\"og:image\" content=\"https:\/\/batijournal.com\/wp-content\/uploads\/2020\/01\/somfy-volet-roulant-moteur-eco-concu.jpg\" \/>\n\t<meta property=\"og:image:width\" content=\"969\" \/>\n\t<meta property=\"og:image:height\" content=\"800\" \/>\n\t<meta property=\"og:image:type\" content=\"image\/jpeg\" \/>\n<meta name=\"author\" content=\"St\u00e9phane Miget\" \/>\n<meta name=\"twitter:card\" content=\"summary_large_image\" \/>\n<meta name=\"twitter:creator\" content=\"@bati_journal\" \/>\n<meta name=\"twitter:site\" content=\"@bati_journal\" \/>\n<meta name=\"twitter:label1\" content=\"\u00c9crit par\" \/>\n\t<meta name=\"twitter:data1\" content=\"St\u00e9phane Miget\" \/>\n\t<meta name=\"twitter:label2\" content=\"Dur\u00e9e de lecture estim\u00e9e\" \/>\n\t<meta name=\"twitter:data2\" content=\"1 minute\" \/>\n<script type=\"application\/ld+json\" class=\"yoast-schema-graph\">{\"@context\":\"https:\\\/\\\/schema.org\",\"@graph\":[{\"@type\":\"Article\",\"@id\":\"https:\\\/\\\/batijournal.com\\\/index.php\\\/somfy-expose-une-motorisation-a-lelysee\\\/103603\\\/#article\",\"isPartOf\":{\"@id\":\"https:\\\/\\\/batijournal.com\\\/index.php\\\/somfy-expose-une-motorisation-a-lelysee\\\/103603\\\/\"},\"author\":{\"name\":\"St\u00e9phane Miget\",\"@id\":\"https:\\\/\\\/batijournal.com\\\/#\\\/schema\\\/person\\\/1dc96ec6957aa1ccb25ebe78bb19f100\"},\"headline\":\"Somfy expose une motorisation \u00e0 l&rsquo;Elys\u00e9e\",\"datePublished\":\"2020-01-16T07:33:50+00:00\",\"dateModified\":\"2020-01-16T07:33:51+00:00\",\"mainEntityOfPage\":{\"@id\":\"https:\\\/\\\/batijournal.com\\\/index.php\\\/somfy-expose-une-motorisation-a-lelysee\\\/103603\\\/\"},\"wordCount\":205,\"image\":{\"@id\":\"https:\\\/\\\/batijournal.com\\\/index.php\\\/somfy-expose-une-motorisation-a-lelysee\\\/103603\\\/#primaryimage\"},\"thumbnailUrl\":\"https:\\\/\\\/batijournal.com\\\/wp-content\\\/uploads\\\/2020\\\/01\\\/somfy-volet-roulant-moteur-eco-concu.jpg\",\"keywords\":[\"volet roulant\"],\"articleSection\":[\"Actualit\u00e9s\",\"\u00c9conomie &amp; March\u00e9s\",\"zz_5fa\u00e7ades\",\"zz_Nouveaut\u00e9s Produits - 5fa\u00e7ades\"],\"inLanguage\":\"fr-FR\"},{\"@type\":\"WebPage\",\"@id\":\"https:\\\/\\\/batijournal.com\\\/index.php\\\/somfy-expose-une-motorisation-a-lelysee\\\/103603\\\/\",\"url\":\"https:\\\/\\\/batijournal.com\\\/index.php\\\/somfy-expose-une-motorisation-a-lelysee\\\/103603\\\/\",\"name\":\"Somfy expose une motorisation \u00e0 l'Elys\u00e9e\",\"isPartOf\":{\"@id\":\"https:\\\/\\\/batijournal.com\\\/#website\"},\"primaryImageOfPage\":{\"@id\":\"https:\\\/\\\/batijournal.com\\\/index.php\\\/somfy-expose-une-motorisation-a-lelysee\\\/103603\\\/#primaryimage\"},\"image\":{\"@id\":\"https:\\\/\\\/batijournal.com\\\/index.php\\\/somfy-expose-une-motorisation-a-lelysee\\\/103603\\\/#primaryimage\"},\"thumbnailUrl\":\"https:\\\/\\\/batijournal.com\\\/wp-content\\\/uploads\\\/2020\\\/01\\\/somfy-volet-roulant-moteur-eco-concu.jpg\",\"datePublished\":\"2020-01-16T07:33:50+00:00\",\"dateModified\":\"2020-01-16T07:33:51+00:00\",\"author\":{\"@id\":\"https:\\\/\\\/batijournal.com\\\/#\\\/schema\\\/person\\\/1dc96ec6957aa1ccb25ebe78bb19f100\"},\"breadcrumb\":{\"@id\":\"https:\\\/\\\/batijournal.com\\\/index.php\\\/somfy-expose-une-motorisation-a-lelysee\\\/103603\\\/#breadcrumb\"},\"inLanguage\":\"fr-FR\",\"potentialAction\":[{\"@type\":\"ReadAction\",\"target\":[\"https:\\\/\\\/batijournal.com\\\/index.php\\\/somfy-expose-une-motorisation-a-lelysee\\\/103603\\\/\"]}]},{\"@type\":\"ImageObject\",\"inLanguage\":\"fr-FR\",\"@id\":\"https:\\\/\\\/batijournal.com\\\/index.php\\\/somfy-expose-une-motorisation-a-lelysee\\\/103603\\\/#primaryimage\",\"url\":\"https:\\\/\\\/batijournal.com\\\/wp-content\\\/uploads\\\/2020\\\/01\\\/somfy-volet-roulant-moteur-eco-concu.jpg\",\"contentUrl\":\"https:\\\/\\\/batijournal.com\\\/wp-content\\\/uploads\\\/2020\\\/01\\\/somfy-volet-roulant-moteur-eco-concu.jpg\",\"width\":969,\"height\":800},{\"@type\":\"BreadcrumbList\",\"@id\":\"https:\\\/\\\/batijournal.com\\\/index.php\\\/somfy-expose-une-motorisation-a-lelysee\\\/103603\\\/#breadcrumb\",\"itemListElement\":[{\"@type\":\"ListItem\",\"position\":1,\"name\":\"Accueil\",\"item\":\"https:\\\/\\\/batijournal.com\\\/\"},{\"@type\":\"ListItem\",\"position\":2,\"name\":\"Actualit\u00e9s\",\"item\":\"https:\\\/\\\/batijournal.com\\\/index.php\\\/category\\\/actualites\\\/\"},{\"@type\":\"ListItem\",\"position\":3,\"name\":\"Somfy expose une motorisation \u00e0 l&rsquo;Elys\u00e9e\"}]},{\"@type\":\"WebSite\",\"@id\":\"https:\\\/\\\/batijournal.com\\\/#website\",\"url\":\"https:\\\/\\\/batijournal.com\\\/\",\"name\":\"Batijournal\",\"description\":\"L&#039;actualit\u00e9 du b\u00e2timent\",\"potentialAction\":[{\"@type\":\"SearchAction\",\"target\":{\"@type\":\"EntryPoint\",\"urlTemplate\":\"https:\\\/\\\/batijournal.com\\\/?s={search_term_string}\"},\"query-input\":{\"@type\":\"PropertyValueSpecification\",\"valueRequired\":true,\"valueName\":\"search_term_string\"}}],\"inLanguage\":\"fr-FR\"},{\"@type\":\"Person\",\"@id\":\"https:\\\/\\\/batijournal.com\\\/#\\\/schema\\\/person\\\/1dc96ec6957aa1ccb25ebe78bb19f100\",\"name\":\"St\u00e9phane Miget\",\"image\":{\"@type\":\"ImageObject\",\"inLanguage\":\"fr-FR\",\"@id\":\"https:\\\/\\\/secure.gravatar.com\\\/avatar\\\/89915563d925342126b8ef0281b93d9d7fc337043e8df017f780908eb9644451?s=96&d=mm&r=g\",\"url\":\"https:\\\/\\\/secure.gravatar.com\\\/avatar\\\/89915563d925342126b8ef0281b93d9d7fc337043e8df017f780908eb9644451?s=96&d=mm&r=g\",\"contentUrl\":\"https:\\\/\\\/secure.gravatar.com\\\/avatar\\\/89915563d925342126b8ef0281b93d9d7fc337043e8df017f780908eb9644451?s=96&d=mm&r=g\",\"caption\":\"St\u00e9phane Miget\"},\"url\":\"https:\\\/\\\/batijournal.com\\\/index.php\\\/author\\\/stephane\\\/\"}]}<\/script>\n<!-- \/ Yoast SEO plugin. -->","yoast_head_json":{"title":"Somfy expose une motorisation \u00e0 l'Elys\u00e9e","robots":{"index":"index","follow":"follow","max-snippet":"max-snippet:-1","max-image-preview":"max-image-preview:large","max-video-preview":"max-video-preview:-1"},"canonical":"https:\/\/batijournal.com\/index.php\/somfy-expose-une-motorisation-a-lelysee\/103603\/","og_locale":"fr_FR","og_type":"article","og_title":"Somfy expose une motorisation \u00e0 l'Elys\u00e9e","og_description":"Une grande exposition du \u00ab Fabriqu\u00e9 en France \u00bb sera ouverte \u00e0 tous les Fran\u00e7ais, le week-end des 18 et 19 janvier 2020 \u00e0 l&rsquo;Elys\u00e9e. Un comit\u00e9 de s\u00e9lection pr\u00e9sid\u00e9 par Agn\u00e8s Pannier-Runacher, secr\u00e9taire d&rsquo;\u00c9tat aupr\u00e8s du ministre de l&rsquo;\u00c9conomie et des Finances, et compos\u00e9 de 10 personnalit\u00e9s reconnues pour leur engagement en faveur du [&hellip;]","og_url":"https:\/\/batijournal.com\/index.php\/somfy-expose-une-motorisation-a-lelysee\/103603\/","og_site_name":"Batijournal","article_published_time":"2020-01-16T07:33:50+00:00","article_modified_time":"2020-01-16T07:33:51+00:00","og_image":[{"width":969,"height":800,"url":"https:\/\/batijournal.com\/wp-content\/uploads\/2020\/01\/somfy-volet-roulant-moteur-eco-concu.jpg","type":"image\/jpeg"}],"author":"St\u00e9phane Miget","twitter_card":"summary_large_image","twitter_creator":"@bati_journal","twitter_site":"@bati_journal","twitter_misc":{"\u00c9crit par":"St\u00e9phane Miget","Dur\u00e9e de lecture estim\u00e9e":"1 minute"},"schema":{"@context":"https:\/\/schema.org","@graph":[{"@type":"Article","@id":"https:\/\/batijournal.com\/index.php\/somfy-expose-une-motorisation-a-lelysee\/103603\/#article","isPartOf":{"@id":"https:\/\/batijournal.com\/index.php\/somfy-expose-une-motorisation-a-lelysee\/103603\/"},"author":{"name":"St\u00e9phane Miget","@id":"https:\/\/batijournal.com\/#\/schema\/person\/1dc96ec6957aa1ccb25ebe78bb19f100"},"headline":"Somfy expose une motorisation \u00e0 l&rsquo;Elys\u00e9e","datePublished":"2020-01-16T07:33:50+00:00","dateModified":"2020-01-16T07:33:51+00:00","mainEntityOfPage":{"@id":"https:\/\/batijournal.com\/index.php\/somfy-expose-une-motorisation-a-lelysee\/103603\/"},"wordCount":205,"image":{"@id":"https:\/\/batijournal.com\/index.php\/somfy-expose-une-motorisation-a-lelysee\/103603\/#primaryimage"},"thumbnailUrl":"https:\/\/batijournal.com\/wp-content\/uploads\/2020\/01\/somfy-volet-roulant-moteur-eco-concu.jpg","keywords":["volet roulant"],"articleSection":["Actualit\u00e9s","\u00c9conomie &amp; March\u00e9s","zz_5fa\u00e7ades","zz_Nouveaut\u00e9s Produits - 5fa\u00e7ades"],"inLanguage":"fr-FR"},{"@type":"WebPage","@id":"https:\/\/batijournal.com\/index.php\/somfy-expose-une-motorisation-a-lelysee\/103603\/","url":"https:\/\/batijournal.com\/index.php\/somfy-expose-une-motorisation-a-lelysee\/103603\/","name":"Somfy expose une motorisation \u00e0 l'Elys\u00e9e","isPartOf":{"@id":"https:\/\/batijournal.com\/#website"},"primaryImageOfPage":{"@id":"https:\/\/batijournal.com\/index.php\/somfy-expose-une-motorisation-a-lelysee\/103603\/#primaryimage"},"image":{"@id":"https:\/\/batijournal.com\/index.php\/somfy-expose-une-motorisation-a-lelysee\/103603\/#primaryimage"},"thumbnailUrl":"https:\/\/batijournal.com\/wp-content\/uploads\/2020\/01\/somfy-volet-roulant-moteur-eco-concu.jpg","datePublished":"2020-01-16T07:33:50+00:00","dateModified":"2020-01-16T07:33:51+00:00","author":{"@id":"https:\/\/batijournal.com\/#\/schema\/person\/1dc96ec6957aa1ccb25ebe78bb19f100"},"breadcrumb":{"@id":"https:\/\/batijournal.com\/index.php\/somfy-expose-une-motorisation-a-lelysee\/103603\/#breadcrumb"},"inLanguage":"fr-FR","potentialAction":[{"@type":"ReadAction","target":["https:\/\/batijournal.com\/index.php\/somfy-expose-une-motorisation-a-lelysee\/103603\/"]}]},{"@type":"ImageObject","inLanguage":"fr-FR","@id":"https:\/\/batijournal.com\/index.php\/somfy-expose-une-motorisation-a-lelysee\/103603\/#primaryimage","url":"https:\/\/batijournal.com\/wp-content\/uploads\/2020\/01\/somfy-volet-roulant-moteur-eco-concu.jpg","contentUrl":"https:\/\/batijournal.com\/wp-content\/uploads\/2020\/01\/somfy-volet-roulant-moteur-eco-concu.jpg","width":969,"height":800},{"@type":"BreadcrumbList","@id":"https:\/\/batijournal.com\/index.php\/somfy-expose-une-motorisation-a-lelysee\/103603\/#breadcrumb","itemListElement":[{"@type":"ListItem","position":1,"name":"Accueil","item":"https:\/\/batijournal.com\/"},{"@type":"ListItem","position":2,"name":"Actualit\u00e9s","item":"https:\/\/batijournal.com\/index.php\/category\/actualites\/"},{"@type":"ListItem","position":3,"name":"Somfy expose une motorisation \u00e0 l&rsquo;Elys\u00e9e"}]},{"@type":"WebSite","@id":"https:\/\/batijournal.com\/#website","url":"https:\/\/batijournal.com\/","name":"Batijournal","description":"L&#039;actualit\u00e9 du b\u00e2timent","potentialAction":[{"@type":"SearchAction","target":{"@type":"EntryPoint","urlTemplate":"https:\/\/batijournal.com\/?s={search_term_string}"},"query-input":{"@type":"PropertyValueSpecification","valueRequired":true,"valueName":"search_term_string"}}],"inLanguage":"fr-FR"},{"@type":"Person","@id":"https:\/\/batijournal.com\/#\/schema\/person\/1dc96ec6957aa1ccb25ebe78bb19f100","name":"St\u00e9phane Miget","image":{"@type":"ImageObject","inLanguage":"fr-FR","@id":"https:\/\/secure.gravatar.com\/avatar\/89915563d925342126b8ef0281b93d9d7fc337043e8df017f780908eb9644451?s=96&d=mm&r=g","url":"https:\/\/secure.gravatar.com\/avatar\/89915563d925342126b8ef0281b93d9d7fc337043e8df017f780908eb9644451?s=96&d=mm&r=g","contentUrl":"https:\/\/secure.gravatar.com\/avatar\/89915563d925342126b8ef0281b93d9d7fc337043e8df017f780908eb9644451?s=96&d=mm&r=g","caption":"St\u00e9phane Miget"},"url":"https:\/\/batijournal.com\/index.php\/author\/stephane\/"}]}},"_links":{"self":[{"href":"https:\/\/batijournal.com\/index.php\/wp-json\/wp\/v2\/posts\/103603","targetHints":{"allow":["GET"]}}],"collection":[{"href":"https:\/\/batijournal.com\/index.php\/wp-json\/wp\/v2\/posts"}],"about":[{"href":"https:\/\/batijournal.com\/index.php\/wp-json\/wp\/v2\/types\/post"}],"author":[{"embeddable":true,"href":"https:\/\/batijournal.com\/index.php\/wp-json\/wp\/v2\/users\/17"}],"replies":[{"embeddable":true,"href":"https:\/\/batijournal.com\/index.php\/wp-json\/wp\/v2\/comments?post=103603"}],"version-history":[{"count":0,"href":"https:\/\/batijournal.com\/index.php\/wp-json\/wp\/v2\/posts\/103603\/revisions"}],"wp:featuredmedia":[{"embeddable":true,"href":"https:\/\/batijournal.com\/index.php\/wp-json\/wp\/v2\/media\/103604"}],"wp:attachment":[{"href":"https:\/\/batijournal.com\/index.php\/wp-json\/wp\/v2\/media?parent=103603"}],"wp:term":[{"taxonomy":"category","embeddable":true,"href":"https:\/\/batijournal.com\/index.php\/wp-json\/wp\/v2\/categories?post=103603"},{"taxonomy":"post_tag","embeddable":true,"href":"https:\/\/batijournal.com\/index.php\/wp-json\/wp\/v2\/tags?post=103603"}],"curies":[{"name":"wp","href":"https:\/\/api.w.org\/{rel}","templated":true}]}}