{"id":103608,"date":"2020-01-16T08:51:12","date_gmt":"2020-01-16T07:51:12","guid":{"rendered":"https:\/\/batijournal.com\/?p=103608"},"modified":"2020-01-16T08:51:13","modified_gmt":"2020-01-16T07:51:13","slug":"renovation-dun-cours-dans-le-respect-des-annees-30","status":"publish","type":"post","link":"https:\/\/batijournal.com\/index.php\/renovation-dun-cours-dans-le-respect-des-annees-30\/103608\/","title":{"rendered":"R\u00e9novation d&rsquo;un cours dans le respect des ann\u00e9es 30"},"content":{"rendered":"\n<p>La soci\u00e9t\u00e9 Fernandes, retenue suite \u00e0 un appel d&rsquo;offres, s&rsquo;est vu confier l&rsquo;ensemble des travaux de fa\u00e7ades : gommage et restauration de la pierre sur l&rsquo;avenue Kl\u00e9ber, gommage des briques et peinture sur la fa\u00e7ade arri\u00e8re, rue Lauriston, et r\u00e9fection des fa\u00e7ades des deux cours en plaquettes de terre cuite \u00e9maill\u00e9es.<\/p>\n\n\n\n<p>Sur ce chantier, des StoPanneau Ventec en billes de verre expans\u00e9 avec liant \u00e9poxy ont \u00e9t\u00e9 fix\u00e9s sur le support via des profil\u00e9s aluminium en om\u00e9ga. Un primaire (StoPrim) a \u00e9t\u00e9 appliqu\u00e9 sur les plaques de bardage, puis recouvert d&rsquo;un enduit de marouflage (StoLevell Uni) et d&rsquo;un treillis d&rsquo;armature en fibre de verre. Les plaquettes de terre cuite \u00e9maill\u00e9e ont ensuite \u00e9t\u00e9 coll\u00e9es une \u00e0 une \u00e0 l&rsquo;aide de mortier de collage avant d&rsquo;\u00eatre jointoy\u00e9es. Helder Fernandes a indiqu\u00e9 : \u00ab Nous avons r\u00e9alis\u00e9 un prototype grandeur nature pour valider la solution. La fa\u00e7ade a \u00e9t\u00e9 r\u00e9alis\u00e9e apr\u00e8s la pose des cadres m\u00e9talliques des fen\u00eatres, en coordination avec le lot menuiserie. Le d\u00e9fi a \u00e9t\u00e9 de respecter \u00e0 la lettre le calepinage d&rsquo;origine des plaquettes \u00e9maill\u00e9es \u00bb. En effet, un \u00e9norme travail de calepinage des plaquettes a \u00e9t\u00e9 r\u00e9alis\u00e9 avant l&rsquo;ex\u00e9cution, les plans de d\u00e9tail dessin\u00e9s plaquette par plaquette en int\u00e9grant les menuiseries afin d&rsquo;\u00eatre valid\u00e9s par la ma\u00eetrise d&rsquo;\u0153uvre. L&rsquo;ouvrage est \u00e0 la hauteur des attentes des ABF, du ma\u00eetre d&rsquo;ouvrage et de l&rsquo;architecte qui saluent unanimement l&rsquo;excellent travail de l&rsquo;entreprise.<\/p>\n\n\n\n<p>La qualit\u00e9 et l&rsquo;effet esth\u00e9tique des travaux a tr\u00e8s s\u00fbrement s\u00e9duit \u00e9galement les dirigeants de la banque HSBC qui installera le si\u00e8ge de sa filiale fran\u00e7aise dans l&rsquo;immeuble en septembre 2020, apr\u00e8s les am\u00e9nagements n\u00e9cessaires.<\/p>\n\n\n\n<p>Surface de fa\u00e7ade trait\u00e9e : 3 200 m2<br \/>Ma\u00eetrise d&rsquo;ouvrage : Covea Immobilier<br \/>Ma\u00eetrise d&rsquo;\u0153uvre : Architecture Studio<br \/>Entreprise fa\u00e7ade : Fernandes Ravalement<br \/>Photo : Manuel Panaget<\/p>\n","protected":false},"excerpt":{"rendered":"<p>La soci\u00e9t\u00e9 Fernandes, retenue suite \u00e0 un appel d&rsquo;offres, s&rsquo;est vu confier l&rsquo;ensemble des travaux de fa\u00e7ades : gommage et restauration de la pierre sur l&rsquo;avenue Kl\u00e9ber, gommage des briques et peinture sur la fa\u00e7ade arri\u00e8re, rue Lauriston, et r\u00e9fection des fa\u00e7ades des deux cours en plaquettes de terre cuite \u00e9maill\u00e9es. Sur ce chantier, des [&hellip;]<\/p>\n","protected":false},"author":17,"featured_media":103606,"comment_status":"closed","ping_status":"closed","sticky":false,"template":"","format":"standard","meta":{"_et_pb_use_builder":"","_et_pb_old_content":"","_et_gb_content_width":"","footnotes":""},"categories":[10530,6340],"tags":[126],"class_list":["post-103608","post","type-post","status-publish","format-standard","has-post-thumbnail","hentry","category-actualites","category-architecture-conception","tag-facade"],"yoast_head":"<!-- This site is optimized with the Yoast SEO plugin v27.4 - https:\/\/yoast.com\/product\/yoast-seo-wordpress\/ -->\n<title>R\u00e9novation d&#039;un cours dans le respect des ann\u00e9es 30<\/title>\n<meta name=\"robots\" content=\"index, follow, max-snippet:-1, max-image-preview:large, max-video-preview:-1\" \/>\n<link rel=\"canonical\" href=\"https:\/\/batijournal.com\/index.php\/renovation-dun-cours-dans-le-respect-des-annees-30\/103608\/\" \/>\n<meta property=\"og:locale\" content=\"fr_FR\" \/>\n<meta property=\"og:type\" content=\"article\" \/>\n<meta property=\"og:title\" content=\"R\u00e9novation d&#039;un cours dans le respect des ann\u00e9es 30\" \/>\n<meta property=\"og:description\" content=\"La soci\u00e9t\u00e9 Fernandes, retenue suite \u00e0 un appel d&rsquo;offres, s&rsquo;est vu confier l&rsquo;ensemble des travaux de fa\u00e7ades : gommage et restauration de la pierre sur l&rsquo;avenue Kl\u00e9ber, gommage des briques et peinture sur la fa\u00e7ade arri\u00e8re, rue Lauriston, et r\u00e9fection des fa\u00e7ades des deux cours en plaquettes de terre cuite \u00e9maill\u00e9es. Sur ce chantier, des [&hellip;]\" \/>\n<meta property=\"og:url\" content=\"https:\/\/batijournal.com\/index.php\/renovation-dun-cours-dans-le-respect-des-annees-30\/103608\/\" \/>\n<meta property=\"og:site_name\" content=\"Batijournal\" \/>\n<meta property=\"article:published_time\" content=\"2020-01-16T07:51:12+00:00\" \/>\n<meta property=\"article:modified_time\" content=\"2020-01-16T07:51:13+00:00\" \/>\n<meta property=\"og:image\" content=\"https:\/\/batijournal.com\/wp-content\/uploads\/2020\/01\/Sto-Avenue-Kleber.jpg\" \/>\n\t<meta property=\"og:image:width\" content=\"1200\" \/>\n\t<meta property=\"og:image:height\" content=\"800\" \/>\n\t<meta property=\"og:image:type\" content=\"image\/jpeg\" \/>\n<meta name=\"author\" content=\"St\u00e9phane Miget\" \/>\n<meta name=\"twitter:card\" content=\"summary_large_image\" \/>\n<meta name=\"twitter:creator\" content=\"@bati_journal\" \/>\n<meta name=\"twitter:site\" content=\"@bati_journal\" \/>\n<meta name=\"twitter:label1\" content=\"\u00c9crit par\" \/>\n\t<meta name=\"twitter:data1\" content=\"St\u00e9phane Miget\" \/>\n\t<meta name=\"twitter:label2\" content=\"Dur\u00e9e de lecture estim\u00e9e\" \/>\n\t<meta name=\"twitter:data2\" content=\"2 minutes\" \/>\n<script type=\"application\/ld+json\" class=\"yoast-schema-graph\">{\"@context\":\"https:\\\/\\\/schema.org\",\"@graph\":[{\"@type\":\"Article\",\"@id\":\"https:\\\/\\\/batijournal.com\\\/index.php\\\/renovation-dun-cours-dans-le-respect-des-annees-30\\\/103608\\\/#article\",\"isPartOf\":{\"@id\":\"https:\\\/\\\/batijournal.com\\\/index.php\\\/renovation-dun-cours-dans-le-respect-des-annees-30\\\/103608\\\/\"},\"author\":{\"name\":\"St\u00e9phane Miget\",\"@id\":\"https:\\\/\\\/batijournal.com\\\/#\\\/schema\\\/person\\\/1dc96ec6957aa1ccb25ebe78bb19f100\"},\"headline\":\"R\u00e9novation d&rsquo;un cours dans le respect des ann\u00e9es 30\",\"datePublished\":\"2020-01-16T07:51:12+00:00\",\"dateModified\":\"2020-01-16T07:51:13+00:00\",\"mainEntityOfPage\":{\"@id\":\"https:\\\/\\\/batijournal.com\\\/index.php\\\/renovation-dun-cours-dans-le-respect-des-annees-30\\\/103608\\\/\"},\"wordCount\":353,\"image\":{\"@id\":\"https:\\\/\\\/batijournal.com\\\/index.php\\\/renovation-dun-cours-dans-le-respect-des-annees-30\\\/103608\\\/#primaryimage\"},\"thumbnailUrl\":\"https:\\\/\\\/batijournal.com\\\/wp-content\\\/uploads\\\/2020\\\/01\\\/Sto-Avenue-Kleber.jpg\",\"keywords\":[\"fa\u00e7ade\"],\"articleSection\":[\"Actualit\u00e9s\",\"Architecture &amp; Conception\"],\"inLanguage\":\"fr-FR\"},{\"@type\":\"WebPage\",\"@id\":\"https:\\\/\\\/batijournal.com\\\/index.php\\\/renovation-dun-cours-dans-le-respect-des-annees-30\\\/103608\\\/\",\"url\":\"https:\\\/\\\/batijournal.com\\\/index.php\\\/renovation-dun-cours-dans-le-respect-des-annees-30\\\/103608\\\/\",\"name\":\"R\u00e9novation d'un cours dans le respect des ann\u00e9es 30\",\"isPartOf\":{\"@id\":\"https:\\\/\\\/batijournal.com\\\/#website\"},\"primaryImageOfPage\":{\"@id\":\"https:\\\/\\\/batijournal.com\\\/index.php\\\/renovation-dun-cours-dans-le-respect-des-annees-30\\\/103608\\\/#primaryimage\"},\"image\":{\"@id\":\"https:\\\/\\\/batijournal.com\\\/index.php\\\/renovation-dun-cours-dans-le-respect-des-annees-30\\\/103608\\\/#primaryimage\"},\"thumbnailUrl\":\"https:\\\/\\\/batijournal.com\\\/wp-content\\\/uploads\\\/2020\\\/01\\\/Sto-Avenue-Kleber.jpg\",\"datePublished\":\"2020-01-16T07:51:12+00:00\",\"dateModified\":\"2020-01-16T07:51:13+00:00\",\"author\":{\"@id\":\"https:\\\/\\\/batijournal.com\\\/#\\\/schema\\\/person\\\/1dc96ec6957aa1ccb25ebe78bb19f100\"},\"breadcrumb\":{\"@id\":\"https:\\\/\\\/batijournal.com\\\/index.php\\\/renovation-dun-cours-dans-le-respect-des-annees-30\\\/103608\\\/#breadcrumb\"},\"inLanguage\":\"fr-FR\",\"potentialAction\":[{\"@type\":\"ReadAction\",\"target\":[\"https:\\\/\\\/batijournal.com\\\/index.php\\\/renovation-dun-cours-dans-le-respect-des-annees-30\\\/103608\\\/\"]}]},{\"@type\":\"ImageObject\",\"inLanguage\":\"fr-FR\",\"@id\":\"https:\\\/\\\/batijournal.com\\\/index.php\\\/renovation-dun-cours-dans-le-respect-des-annees-30\\\/103608\\\/#primaryimage\",\"url\":\"https:\\\/\\\/batijournal.com\\\/wp-content\\\/uploads\\\/2020\\\/01\\\/Sto-Avenue-Kleber.jpg\",\"contentUrl\":\"https:\\\/\\\/batijournal.com\\\/wp-content\\\/uploads\\\/2020\\\/01\\\/Sto-Avenue-Kleber.jpg\",\"width\":1200,\"height\":800},{\"@type\":\"BreadcrumbList\",\"@id\":\"https:\\\/\\\/batijournal.com\\\/index.php\\\/renovation-dun-cours-dans-le-respect-des-annees-30\\\/103608\\\/#breadcrumb\",\"itemListElement\":[{\"@type\":\"ListItem\",\"position\":1,\"name\":\"Accueil\",\"item\":\"https:\\\/\\\/batijournal.com\\\/\"},{\"@type\":\"ListItem\",\"position\":2,\"name\":\"Actualit\u00e9s\",\"item\":\"https:\\\/\\\/batijournal.com\\\/index.php\\\/category\\\/actualites\\\/\"},{\"@type\":\"ListItem\",\"position\":3,\"name\":\"R\u00e9novation d&rsquo;un cours dans le respect des ann\u00e9es 30\"}]},{\"@type\":\"WebSite\",\"@id\":\"https:\\\/\\\/batijournal.com\\\/#website\",\"url\":\"https:\\\/\\\/batijournal.com\\\/\",\"name\":\"Batijournal\",\"description\":\"L&#039;actualit\u00e9 du b\u00e2timent\",\"potentialAction\":[{\"@type\":\"SearchAction\",\"target\":{\"@type\":\"EntryPoint\",\"urlTemplate\":\"https:\\\/\\\/batijournal.com\\\/?s={search_term_string}\"},\"query-input\":{\"@type\":\"PropertyValueSpecification\",\"valueRequired\":true,\"valueName\":\"search_term_string\"}}],\"inLanguage\":\"fr-FR\"},{\"@type\":\"Person\",\"@id\":\"https:\\\/\\\/batijournal.com\\\/#\\\/schema\\\/person\\\/1dc96ec6957aa1ccb25ebe78bb19f100\",\"name\":\"St\u00e9phane Miget\",\"image\":{\"@type\":\"ImageObject\",\"inLanguage\":\"fr-FR\",\"@id\":\"https:\\\/\\\/secure.gravatar.com\\\/avatar\\\/89915563d925342126b8ef0281b93d9d7fc337043e8df017f780908eb9644451?s=96&d=mm&r=g\",\"url\":\"https:\\\/\\\/secure.gravatar.com\\\/avatar\\\/89915563d925342126b8ef0281b93d9d7fc337043e8df017f780908eb9644451?s=96&d=mm&r=g\",\"contentUrl\":\"https:\\\/\\\/secure.gravatar.com\\\/avatar\\\/89915563d925342126b8ef0281b93d9d7fc337043e8df017f780908eb9644451?s=96&d=mm&r=g\",\"caption\":\"St\u00e9phane Miget\"},\"url\":\"https:\\\/\\\/batijournal.com\\\/index.php\\\/author\\\/stephane\\\/\"}]}<\/script>\n<!-- \/ Yoast SEO plugin. -->","yoast_head_json":{"title":"R\u00e9novation d'un cours dans le respect des ann\u00e9es 30","robots":{"index":"index","follow":"follow","max-snippet":"max-snippet:-1","max-image-preview":"max-image-preview:large","max-video-preview":"max-video-preview:-1"},"canonical":"https:\/\/batijournal.com\/index.php\/renovation-dun-cours-dans-le-respect-des-annees-30\/103608\/","og_locale":"fr_FR","og_type":"article","og_title":"R\u00e9novation d'un cours dans le respect des ann\u00e9es 30","og_description":"La soci\u00e9t\u00e9 Fernandes, retenue suite \u00e0 un appel d&rsquo;offres, s&rsquo;est vu confier l&rsquo;ensemble des travaux de fa\u00e7ades : gommage et restauration de la pierre sur l&rsquo;avenue Kl\u00e9ber, gommage des briques et peinture sur la fa\u00e7ade arri\u00e8re, rue Lauriston, et r\u00e9fection des fa\u00e7ades des deux cours en plaquettes de terre cuite \u00e9maill\u00e9es. Sur ce chantier, des [&hellip;]","og_url":"https:\/\/batijournal.com\/index.php\/renovation-dun-cours-dans-le-respect-des-annees-30\/103608\/","og_site_name":"Batijournal","article_published_time":"2020-01-16T07:51:12+00:00","article_modified_time":"2020-01-16T07:51:13+00:00","og_image":[{"width":1200,"height":800,"url":"https:\/\/batijournal.com\/wp-content\/uploads\/2020\/01\/Sto-Avenue-Kleber.jpg","type":"image\/jpeg"}],"author":"St\u00e9phane Miget","twitter_card":"summary_large_image","twitter_creator":"@bati_journal","twitter_site":"@bati_journal","twitter_misc":{"\u00c9crit par":"St\u00e9phane Miget","Dur\u00e9e de lecture estim\u00e9e":"2 minutes"},"schema":{"@context":"https:\/\/schema.org","@graph":[{"@type":"Article","@id":"https:\/\/batijournal.com\/index.php\/renovation-dun-cours-dans-le-respect-des-annees-30\/103608\/#article","isPartOf":{"@id":"https:\/\/batijournal.com\/index.php\/renovation-dun-cours-dans-le-respect-des-annees-30\/103608\/"},"author":{"name":"St\u00e9phane Miget","@id":"https:\/\/batijournal.com\/#\/schema\/person\/1dc96ec6957aa1ccb25ebe78bb19f100"},"headline":"R\u00e9novation d&rsquo;un cours dans le respect des ann\u00e9es 30","datePublished":"2020-01-16T07:51:12+00:00","dateModified":"2020-01-16T07:51:13+00:00","mainEntityOfPage":{"@id":"https:\/\/batijournal.com\/index.php\/renovation-dun-cours-dans-le-respect-des-annees-30\/103608\/"},"wordCount":353,"image":{"@id":"https:\/\/batijournal.com\/index.php\/renovation-dun-cours-dans-le-respect-des-annees-30\/103608\/#primaryimage"},"thumbnailUrl":"https:\/\/batijournal.com\/wp-content\/uploads\/2020\/01\/Sto-Avenue-Kleber.jpg","keywords":["fa\u00e7ade"],"articleSection":["Actualit\u00e9s","Architecture &amp; Conception"],"inLanguage":"fr-FR"},{"@type":"WebPage","@id":"https:\/\/batijournal.com\/index.php\/renovation-dun-cours-dans-le-respect-des-annees-30\/103608\/","url":"https:\/\/batijournal.com\/index.php\/renovation-dun-cours-dans-le-respect-des-annees-30\/103608\/","name":"R\u00e9novation d'un cours dans le respect des ann\u00e9es 30","isPartOf":{"@id":"https:\/\/batijournal.com\/#website"},"primaryImageOfPage":{"@id":"https:\/\/batijournal.com\/index.php\/renovation-dun-cours-dans-le-respect-des-annees-30\/103608\/#primaryimage"},"image":{"@id":"https:\/\/batijournal.com\/index.php\/renovation-dun-cours-dans-le-respect-des-annees-30\/103608\/#primaryimage"},"thumbnailUrl":"https:\/\/batijournal.com\/wp-content\/uploads\/2020\/01\/Sto-Avenue-Kleber.jpg","datePublished":"2020-01-16T07:51:12+00:00","dateModified":"2020-01-16T07:51:13+00:00","author":{"@id":"https:\/\/batijournal.com\/#\/schema\/person\/1dc96ec6957aa1ccb25ebe78bb19f100"},"breadcrumb":{"@id":"https:\/\/batijournal.com\/index.php\/renovation-dun-cours-dans-le-respect-des-annees-30\/103608\/#breadcrumb"},"inLanguage":"fr-FR","potentialAction":[{"@type":"ReadAction","target":["https:\/\/batijournal.com\/index.php\/renovation-dun-cours-dans-le-respect-des-annees-30\/103608\/"]}]},{"@type":"ImageObject","inLanguage":"fr-FR","@id":"https:\/\/batijournal.com\/index.php\/renovation-dun-cours-dans-le-respect-des-annees-30\/103608\/#primaryimage","url":"https:\/\/batijournal.com\/wp-content\/uploads\/2020\/01\/Sto-Avenue-Kleber.jpg","contentUrl":"https:\/\/batijournal.com\/wp-content\/uploads\/2020\/01\/Sto-Avenue-Kleber.jpg","width":1200,"height":800},{"@type":"BreadcrumbList","@id":"https:\/\/batijournal.com\/index.php\/renovation-dun-cours-dans-le-respect-des-annees-30\/103608\/#breadcrumb","itemListElement":[{"@type":"ListItem","position":1,"name":"Accueil","item":"https:\/\/batijournal.com\/"},{"@type":"ListItem","position":2,"name":"Actualit\u00e9s","item":"https:\/\/batijournal.com\/index.php\/category\/actualites\/"},{"@type":"ListItem","position":3,"name":"R\u00e9novation d&rsquo;un cours dans le respect des ann\u00e9es 30"}]},{"@type":"WebSite","@id":"https:\/\/batijournal.com\/#website","url":"https:\/\/batijournal.com\/","name":"Batijournal","description":"L&#039;actualit\u00e9 du b\u00e2timent","potentialAction":[{"@type":"SearchAction","target":{"@type":"EntryPoint","urlTemplate":"https:\/\/batijournal.com\/?s={search_term_string}"},"query-input":{"@type":"PropertyValueSpecification","valueRequired":true,"valueName":"search_term_string"}}],"inLanguage":"fr-FR"},{"@type":"Person","@id":"https:\/\/batijournal.com\/#\/schema\/person\/1dc96ec6957aa1ccb25ebe78bb19f100","name":"St\u00e9phane Miget","image":{"@type":"ImageObject","inLanguage":"fr-FR","@id":"https:\/\/secure.gravatar.com\/avatar\/89915563d925342126b8ef0281b93d9d7fc337043e8df017f780908eb9644451?s=96&d=mm&r=g","url":"https:\/\/secure.gravatar.com\/avatar\/89915563d925342126b8ef0281b93d9d7fc337043e8df017f780908eb9644451?s=96&d=mm&r=g","contentUrl":"https:\/\/secure.gravatar.com\/avatar\/89915563d925342126b8ef0281b93d9d7fc337043e8df017f780908eb9644451?s=96&d=mm&r=g","caption":"St\u00e9phane Miget"},"url":"https:\/\/batijournal.com\/index.php\/author\/stephane\/"}]}},"_links":{"self":[{"href":"https:\/\/batijournal.com\/index.php\/wp-json\/wp\/v2\/posts\/103608","targetHints":{"allow":["GET"]}}],"collection":[{"href":"https:\/\/batijournal.com\/index.php\/wp-json\/wp\/v2\/posts"}],"about":[{"href":"https:\/\/batijournal.com\/index.php\/wp-json\/wp\/v2\/types\/post"}],"author":[{"embeddable":true,"href":"https:\/\/batijournal.com\/index.php\/wp-json\/wp\/v2\/users\/17"}],"replies":[{"embeddable":true,"href":"https:\/\/batijournal.com\/index.php\/wp-json\/wp\/v2\/comments?post=103608"}],"version-history":[{"count":0,"href":"https:\/\/batijournal.com\/index.php\/wp-json\/wp\/v2\/posts\/103608\/revisions"}],"wp:featuredmedia":[{"embeddable":true,"href":"https:\/\/batijournal.com\/index.php\/wp-json\/wp\/v2\/media\/103606"}],"wp:attachment":[{"href":"https:\/\/batijournal.com\/index.php\/wp-json\/wp\/v2\/media?parent=103608"}],"wp:term":[{"taxonomy":"category","embeddable":true,"href":"https:\/\/batijournal.com\/index.php\/wp-json\/wp\/v2\/categories?post=103608"},{"taxonomy":"post_tag","embeddable":true,"href":"https:\/\/batijournal.com\/index.php\/wp-json\/wp\/v2\/tags?post=103608"}],"curies":[{"name":"wp","href":"https:\/\/api.w.org\/{rel}","templated":true}]}}