{"id":103616,"date":"2020-01-20T08:41:05","date_gmt":"2020-01-20T07:41:05","guid":{"rendered":"https:\/\/batijournal.com\/?p=103616"},"modified":"2020-01-20T08:41:08","modified_gmt":"2020-01-20T07:41:08","slug":"attention-au-ralentissement-dactivite","status":"publish","type":"post","link":"https:\/\/batijournal.com\/index.php\/attention-au-ralentissement-dactivite\/103616\/","title":{"rendered":"Attention au ralentissement d&rsquo;activit\u00e9"},"content":{"rendered":"\n<p>La Capeb vient de pr\u00e9senter les chiffres de l\u2019activit\u00e9 au 4e trimestre 2019 pour les entreprises artisanales du b\u00e2timent. Patrick Li\u00e9bus, son Pr\u00e9sident pr\u00e9vient : <em>\u00ab La croissance de l\u2019activit\u00e9 de l\u2019artisanat du b\u00e2timent a fortement ralenti au 4e trimestre 2019, avec + 0,5 %, par rapport au 4e trimestre de l\u2019ann\u00e9e 2018\u2026 et ce malgr\u00e9 un taux de ch\u00f4mage en baisse, des taux d\u2019int\u00e9r\u00eat attractif et un nombre de transactions historiquement important ! Ce ralentissement s\u2019explique notamment par l\u2019attentisme des clients face aux mesures d\u2019aides aux travaux de transition \u00e9nerg\u00e9tique ainsi que par le ralentissement global de la croissance du pays. En cons\u00e9quence, l\u2019ann\u00e9e 2020 devrait enregistrer une croissance faible, d\u2019environ 0,5 %. \u00bb<\/em><\/p>\n","protected":false},"excerpt":{"rendered":"<p>La Capeb vient de pr\u00e9senter les chiffres de l\u2019activit\u00e9 au 4e trimestre 2019 pour les entreprises artisanales du b\u00e2timent. Patrick Li\u00e9bus, son Pr\u00e9sident pr\u00e9vient : \u00ab La croissance de l\u2019activit\u00e9 de l\u2019artisanat du b\u00e2timent a fortement ralenti au 4e trimestre 2019, avec + 0,5 %, par rapport au 4e trimestre de l\u2019ann\u00e9e 2018\u2026 et ce [&hellip;]<\/p>\n","protected":false},"author":17,"featured_media":98080,"comment_status":"closed","ping_status":"closed","sticky":false,"template":"","format":"standard","meta":{"_et_pb_use_builder":"","_et_pb_old_content":"","_et_gb_content_width":"","footnotes":""},"categories":[10530,6345],"tags":[647],"class_list":["post-103616","post","type-post","status-publish","format-standard","has-post-thumbnail","hentry","category-actualites","category-economie-marches","tag-capeb"],"yoast_head":"<!-- This site is optimized with the Yoast SEO plugin v27.4 - https:\/\/yoast.com\/product\/yoast-seo-wordpress\/ -->\n<title>Attention au ralentissement d&#039;activit\u00e9<\/title>\n<meta name=\"robots\" content=\"index, follow, max-snippet:-1, max-image-preview:large, max-video-preview:-1\" \/>\n<link rel=\"canonical\" href=\"https:\/\/batijournal.com\/index.php\/attention-au-ralentissement-dactivite\/103616\/\" \/>\n<meta property=\"og:locale\" content=\"fr_FR\" \/>\n<meta property=\"og:type\" content=\"article\" \/>\n<meta property=\"og:title\" content=\"Attention au ralentissement d&#039;activit\u00e9\" \/>\n<meta property=\"og:description\" content=\"La Capeb vient de pr\u00e9senter les chiffres de l\u2019activit\u00e9 au 4e trimestre 2019 pour les entreprises artisanales du b\u00e2timent. Patrick Li\u00e9bus, son Pr\u00e9sident pr\u00e9vient : \u00ab La croissance de l\u2019activit\u00e9 de l\u2019artisanat du b\u00e2timent a fortement ralenti au 4e trimestre 2019, avec + 0,5 %, par rapport au 4e trimestre de l\u2019ann\u00e9e 2018\u2026 et ce [&hellip;]\" \/>\n<meta property=\"og:url\" content=\"https:\/\/batijournal.com\/index.php\/attention-au-ralentissement-dactivite\/103616\/\" \/>\n<meta property=\"og:site_name\" content=\"Batijournal\" \/>\n<meta property=\"article:published_time\" content=\"2020-01-20T07:41:05+00:00\" \/>\n<meta property=\"article:modified_time\" content=\"2020-01-20T07:41:08+00:00\" \/>\n<meta property=\"og:image\" content=\"https:\/\/batijournal.com\/wp-content\/uploads\/2018\/01\/logement-inoccupe-vacant-chantier.jpg\" \/>\n\t<meta property=\"og:image:width\" content=\"1200\" \/>\n\t<meta property=\"og:image:height\" content=\"875\" \/>\n\t<meta property=\"og:image:type\" content=\"image\/jpeg\" \/>\n<meta name=\"author\" content=\"St\u00e9phane Miget\" \/>\n<meta name=\"twitter:card\" content=\"summary_large_image\" \/>\n<meta name=\"twitter:creator\" content=\"@bati_journal\" \/>\n<meta name=\"twitter:site\" content=\"@bati_journal\" \/>\n<meta name=\"twitter:label1\" content=\"\u00c9crit par\" \/>\n\t<meta name=\"twitter:data1\" content=\"St\u00e9phane Miget\" \/>\n\t<meta name=\"twitter:label2\" content=\"Dur\u00e9e de lecture estim\u00e9e\" \/>\n\t<meta name=\"twitter:data2\" content=\"1 minute\" \/>\n<script type=\"application\/ld+json\" class=\"yoast-schema-graph\">{\"@context\":\"https:\\\/\\\/schema.org\",\"@graph\":[{\"@type\":\"Article\",\"@id\":\"https:\\\/\\\/batijournal.com\\\/index.php\\\/attention-au-ralentissement-dactivite\\\/103616\\\/#article\",\"isPartOf\":{\"@id\":\"https:\\\/\\\/batijournal.com\\\/index.php\\\/attention-au-ralentissement-dactivite\\\/103616\\\/\"},\"author\":{\"name\":\"St\u00e9phane Miget\",\"@id\":\"https:\\\/\\\/batijournal.com\\\/#\\\/schema\\\/person\\\/1dc96ec6957aa1ccb25ebe78bb19f100\"},\"headline\":\"Attention au ralentissement d&rsquo;activit\u00e9\",\"datePublished\":\"2020-01-20T07:41:05+00:00\",\"dateModified\":\"2020-01-20T07:41:08+00:00\",\"mainEntityOfPage\":{\"@id\":\"https:\\\/\\\/batijournal.com\\\/index.php\\\/attention-au-ralentissement-dactivite\\\/103616\\\/\"},\"wordCount\":130,\"image\":{\"@id\":\"https:\\\/\\\/batijournal.com\\\/index.php\\\/attention-au-ralentissement-dactivite\\\/103616\\\/#primaryimage\"},\"thumbnailUrl\":\"https:\\\/\\\/batijournal.com\\\/wp-content\\\/uploads\\\/2018\\\/01\\\/logement-inoccupe-vacant-chantier.jpg\",\"keywords\":[\"CAPEB\"],\"articleSection\":[\"Actualit\u00e9s\",\"\u00c9conomie &amp; March\u00e9s\"],\"inLanguage\":\"fr-FR\"},{\"@type\":\"WebPage\",\"@id\":\"https:\\\/\\\/batijournal.com\\\/index.php\\\/attention-au-ralentissement-dactivite\\\/103616\\\/\",\"url\":\"https:\\\/\\\/batijournal.com\\\/index.php\\\/attention-au-ralentissement-dactivite\\\/103616\\\/\",\"name\":\"Attention au ralentissement d'activit\u00e9\",\"isPartOf\":{\"@id\":\"https:\\\/\\\/batijournal.com\\\/#website\"},\"primaryImageOfPage\":{\"@id\":\"https:\\\/\\\/batijournal.com\\\/index.php\\\/attention-au-ralentissement-dactivite\\\/103616\\\/#primaryimage\"},\"image\":{\"@id\":\"https:\\\/\\\/batijournal.com\\\/index.php\\\/attention-au-ralentissement-dactivite\\\/103616\\\/#primaryimage\"},\"thumbnailUrl\":\"https:\\\/\\\/batijournal.com\\\/wp-content\\\/uploads\\\/2018\\\/01\\\/logement-inoccupe-vacant-chantier.jpg\",\"datePublished\":\"2020-01-20T07:41:05+00:00\",\"dateModified\":\"2020-01-20T07:41:08+00:00\",\"author\":{\"@id\":\"https:\\\/\\\/batijournal.com\\\/#\\\/schema\\\/person\\\/1dc96ec6957aa1ccb25ebe78bb19f100\"},\"breadcrumb\":{\"@id\":\"https:\\\/\\\/batijournal.com\\\/index.php\\\/attention-au-ralentissement-dactivite\\\/103616\\\/#breadcrumb\"},\"inLanguage\":\"fr-FR\",\"potentialAction\":[{\"@type\":\"ReadAction\",\"target\":[\"https:\\\/\\\/batijournal.com\\\/index.php\\\/attention-au-ralentissement-dactivite\\\/103616\\\/\"]}]},{\"@type\":\"ImageObject\",\"inLanguage\":\"fr-FR\",\"@id\":\"https:\\\/\\\/batijournal.com\\\/index.php\\\/attention-au-ralentissement-dactivite\\\/103616\\\/#primaryimage\",\"url\":\"https:\\\/\\\/batijournal.com\\\/wp-content\\\/uploads\\\/2018\\\/01\\\/logement-inoccupe-vacant-chantier.jpg\",\"contentUrl\":\"https:\\\/\\\/batijournal.com\\\/wp-content\\\/uploads\\\/2018\\\/01\\\/logement-inoccupe-vacant-chantier.jpg\",\"width\":1200,\"height\":875},{\"@type\":\"BreadcrumbList\",\"@id\":\"https:\\\/\\\/batijournal.com\\\/index.php\\\/attention-au-ralentissement-dactivite\\\/103616\\\/#breadcrumb\",\"itemListElement\":[{\"@type\":\"ListItem\",\"position\":1,\"name\":\"Accueil\",\"item\":\"https:\\\/\\\/batijournal.com\\\/\"},{\"@type\":\"ListItem\",\"position\":2,\"name\":\"Actualit\u00e9s\",\"item\":\"https:\\\/\\\/batijournal.com\\\/index.php\\\/category\\\/actualites\\\/\"},{\"@type\":\"ListItem\",\"position\":3,\"name\":\"Attention au ralentissement d&rsquo;activit\u00e9\"}]},{\"@type\":\"WebSite\",\"@id\":\"https:\\\/\\\/batijournal.com\\\/#website\",\"url\":\"https:\\\/\\\/batijournal.com\\\/\",\"name\":\"Batijournal\",\"description\":\"L&#039;actualit\u00e9 du b\u00e2timent\",\"potentialAction\":[{\"@type\":\"SearchAction\",\"target\":{\"@type\":\"EntryPoint\",\"urlTemplate\":\"https:\\\/\\\/batijournal.com\\\/?s={search_term_string}\"},\"query-input\":{\"@type\":\"PropertyValueSpecification\",\"valueRequired\":true,\"valueName\":\"search_term_string\"}}],\"inLanguage\":\"fr-FR\"},{\"@type\":\"Person\",\"@id\":\"https:\\\/\\\/batijournal.com\\\/#\\\/schema\\\/person\\\/1dc96ec6957aa1ccb25ebe78bb19f100\",\"name\":\"St\u00e9phane Miget\",\"image\":{\"@type\":\"ImageObject\",\"inLanguage\":\"fr-FR\",\"@id\":\"https:\\\/\\\/secure.gravatar.com\\\/avatar\\\/89915563d925342126b8ef0281b93d9d7fc337043e8df017f780908eb9644451?s=96&d=mm&r=g\",\"url\":\"https:\\\/\\\/secure.gravatar.com\\\/avatar\\\/89915563d925342126b8ef0281b93d9d7fc337043e8df017f780908eb9644451?s=96&d=mm&r=g\",\"contentUrl\":\"https:\\\/\\\/secure.gravatar.com\\\/avatar\\\/89915563d925342126b8ef0281b93d9d7fc337043e8df017f780908eb9644451?s=96&d=mm&r=g\",\"caption\":\"St\u00e9phane Miget\"},\"url\":\"https:\\\/\\\/batijournal.com\\\/index.php\\\/author\\\/stephane\\\/\"}]}<\/script>\n<!-- \/ Yoast SEO plugin. -->","yoast_head_json":{"title":"Attention au ralentissement d'activit\u00e9","robots":{"index":"index","follow":"follow","max-snippet":"max-snippet:-1","max-image-preview":"max-image-preview:large","max-video-preview":"max-video-preview:-1"},"canonical":"https:\/\/batijournal.com\/index.php\/attention-au-ralentissement-dactivite\/103616\/","og_locale":"fr_FR","og_type":"article","og_title":"Attention au ralentissement d'activit\u00e9","og_description":"La Capeb vient de pr\u00e9senter les chiffres de l\u2019activit\u00e9 au 4e trimestre 2019 pour les entreprises artisanales du b\u00e2timent. Patrick Li\u00e9bus, son Pr\u00e9sident pr\u00e9vient : \u00ab La croissance de l\u2019activit\u00e9 de l\u2019artisanat du b\u00e2timent a fortement ralenti au 4e trimestre 2019, avec + 0,5 %, par rapport au 4e trimestre de l\u2019ann\u00e9e 2018\u2026 et ce [&hellip;]","og_url":"https:\/\/batijournal.com\/index.php\/attention-au-ralentissement-dactivite\/103616\/","og_site_name":"Batijournal","article_published_time":"2020-01-20T07:41:05+00:00","article_modified_time":"2020-01-20T07:41:08+00:00","og_image":[{"width":1200,"height":875,"url":"https:\/\/batijournal.com\/wp-content\/uploads\/2018\/01\/logement-inoccupe-vacant-chantier.jpg","type":"image\/jpeg"}],"author":"St\u00e9phane Miget","twitter_card":"summary_large_image","twitter_creator":"@bati_journal","twitter_site":"@bati_journal","twitter_misc":{"\u00c9crit par":"St\u00e9phane Miget","Dur\u00e9e de lecture estim\u00e9e":"1 minute"},"schema":{"@context":"https:\/\/schema.org","@graph":[{"@type":"Article","@id":"https:\/\/batijournal.com\/index.php\/attention-au-ralentissement-dactivite\/103616\/#article","isPartOf":{"@id":"https:\/\/batijournal.com\/index.php\/attention-au-ralentissement-dactivite\/103616\/"},"author":{"name":"St\u00e9phane Miget","@id":"https:\/\/batijournal.com\/#\/schema\/person\/1dc96ec6957aa1ccb25ebe78bb19f100"},"headline":"Attention au ralentissement d&rsquo;activit\u00e9","datePublished":"2020-01-20T07:41:05+00:00","dateModified":"2020-01-20T07:41:08+00:00","mainEntityOfPage":{"@id":"https:\/\/batijournal.com\/index.php\/attention-au-ralentissement-dactivite\/103616\/"},"wordCount":130,"image":{"@id":"https:\/\/batijournal.com\/index.php\/attention-au-ralentissement-dactivite\/103616\/#primaryimage"},"thumbnailUrl":"https:\/\/batijournal.com\/wp-content\/uploads\/2018\/01\/logement-inoccupe-vacant-chantier.jpg","keywords":["CAPEB"],"articleSection":["Actualit\u00e9s","\u00c9conomie &amp; March\u00e9s"],"inLanguage":"fr-FR"},{"@type":"WebPage","@id":"https:\/\/batijournal.com\/index.php\/attention-au-ralentissement-dactivite\/103616\/","url":"https:\/\/batijournal.com\/index.php\/attention-au-ralentissement-dactivite\/103616\/","name":"Attention au ralentissement d'activit\u00e9","isPartOf":{"@id":"https:\/\/batijournal.com\/#website"},"primaryImageOfPage":{"@id":"https:\/\/batijournal.com\/index.php\/attention-au-ralentissement-dactivite\/103616\/#primaryimage"},"image":{"@id":"https:\/\/batijournal.com\/index.php\/attention-au-ralentissement-dactivite\/103616\/#primaryimage"},"thumbnailUrl":"https:\/\/batijournal.com\/wp-content\/uploads\/2018\/01\/logement-inoccupe-vacant-chantier.jpg","datePublished":"2020-01-20T07:41:05+00:00","dateModified":"2020-01-20T07:41:08+00:00","author":{"@id":"https:\/\/batijournal.com\/#\/schema\/person\/1dc96ec6957aa1ccb25ebe78bb19f100"},"breadcrumb":{"@id":"https:\/\/batijournal.com\/index.php\/attention-au-ralentissement-dactivite\/103616\/#breadcrumb"},"inLanguage":"fr-FR","potentialAction":[{"@type":"ReadAction","target":["https:\/\/batijournal.com\/index.php\/attention-au-ralentissement-dactivite\/103616\/"]}]},{"@type":"ImageObject","inLanguage":"fr-FR","@id":"https:\/\/batijournal.com\/index.php\/attention-au-ralentissement-dactivite\/103616\/#primaryimage","url":"https:\/\/batijournal.com\/wp-content\/uploads\/2018\/01\/logement-inoccupe-vacant-chantier.jpg","contentUrl":"https:\/\/batijournal.com\/wp-content\/uploads\/2018\/01\/logement-inoccupe-vacant-chantier.jpg","width":1200,"height":875},{"@type":"BreadcrumbList","@id":"https:\/\/batijournal.com\/index.php\/attention-au-ralentissement-dactivite\/103616\/#breadcrumb","itemListElement":[{"@type":"ListItem","position":1,"name":"Accueil","item":"https:\/\/batijournal.com\/"},{"@type":"ListItem","position":2,"name":"Actualit\u00e9s","item":"https:\/\/batijournal.com\/index.php\/category\/actualites\/"},{"@type":"ListItem","position":3,"name":"Attention au ralentissement d&rsquo;activit\u00e9"}]},{"@type":"WebSite","@id":"https:\/\/batijournal.com\/#website","url":"https:\/\/batijournal.com\/","name":"Batijournal","description":"L&#039;actualit\u00e9 du b\u00e2timent","potentialAction":[{"@type":"SearchAction","target":{"@type":"EntryPoint","urlTemplate":"https:\/\/batijournal.com\/?s={search_term_string}"},"query-input":{"@type":"PropertyValueSpecification","valueRequired":true,"valueName":"search_term_string"}}],"inLanguage":"fr-FR"},{"@type":"Person","@id":"https:\/\/batijournal.com\/#\/schema\/person\/1dc96ec6957aa1ccb25ebe78bb19f100","name":"St\u00e9phane Miget","image":{"@type":"ImageObject","inLanguage":"fr-FR","@id":"https:\/\/secure.gravatar.com\/avatar\/89915563d925342126b8ef0281b93d9d7fc337043e8df017f780908eb9644451?s=96&d=mm&r=g","url":"https:\/\/secure.gravatar.com\/avatar\/89915563d925342126b8ef0281b93d9d7fc337043e8df017f780908eb9644451?s=96&d=mm&r=g","contentUrl":"https:\/\/secure.gravatar.com\/avatar\/89915563d925342126b8ef0281b93d9d7fc337043e8df017f780908eb9644451?s=96&d=mm&r=g","caption":"St\u00e9phane Miget"},"url":"https:\/\/batijournal.com\/index.php\/author\/stephane\/"}]}},"_links":{"self":[{"href":"https:\/\/batijournal.com\/index.php\/wp-json\/wp\/v2\/posts\/103616","targetHints":{"allow":["GET"]}}],"collection":[{"href":"https:\/\/batijournal.com\/index.php\/wp-json\/wp\/v2\/posts"}],"about":[{"href":"https:\/\/batijournal.com\/index.php\/wp-json\/wp\/v2\/types\/post"}],"author":[{"embeddable":true,"href":"https:\/\/batijournal.com\/index.php\/wp-json\/wp\/v2\/users\/17"}],"replies":[{"embeddable":true,"href":"https:\/\/batijournal.com\/index.php\/wp-json\/wp\/v2\/comments?post=103616"}],"version-history":[{"count":0,"href":"https:\/\/batijournal.com\/index.php\/wp-json\/wp\/v2\/posts\/103616\/revisions"}],"wp:featuredmedia":[{"embeddable":true,"href":"https:\/\/batijournal.com\/index.php\/wp-json\/wp\/v2\/media\/98080"}],"wp:attachment":[{"href":"https:\/\/batijournal.com\/index.php\/wp-json\/wp\/v2\/media?parent=103616"}],"wp:term":[{"taxonomy":"category","embeddable":true,"href":"https:\/\/batijournal.com\/index.php\/wp-json\/wp\/v2\/categories?post=103616"},{"taxonomy":"post_tag","embeddable":true,"href":"https:\/\/batijournal.com\/index.php\/wp-json\/wp\/v2\/tags?post=103616"}],"curies":[{"name":"wp","href":"https:\/\/api.w.org\/{rel}","templated":true}]}}