{"id":103640,"date":"2020-01-23T09:16:47","date_gmt":"2020-01-23T08:16:47","guid":{"rendered":"https:\/\/batijournal.com\/?p=103640"},"modified":"2020-01-23T09:16:49","modified_gmt":"2020-01-23T08:16:49","slug":"18-logements-eco-responsables-avec-toitures-terrasses-etanchees-a-froid","status":"publish","type":"post","link":"https:\/\/batijournal.com\/index.php\/18-logements-eco-responsables-avec-toitures-terrasses-etanchees-a-froid\/103640\/","title":{"rendered":"18 Logements \u00e9co-responsables avec toitures terrasses \u00e9tanch\u00e9es \u00e0 froid"},"content":{"rendered":"\n<p>Associ\u00e9s, Jean-Marc PORCHE, architecte, et Karine MAURY, promoteur, cherchaient \u00e0 d\u00e9velopper en France les habitats passifs construits \u00e0 partir d\u2019un syst\u00e8me de coffrage polystyr\u00e8ne\/b\u00e9ton. Ils se sont lanc\u00e9s dans la conception et la commercialisation de leur projet de quartier \u00e9co-responsable il y a trois ans. En 2018, un premier programme s\u2019est mis en place sur la commune de Luzarches (95). Un terrain d\u2019environ un hectare a \u00e9t\u00e9 achet\u00e9 \u00e0 un propri\u00e9taire priv\u00e9. Livr\u00e9 d\u00e9but 2020, il accueille seize logements en R+1 et deux plain-pieds (de 92 \u00e0 175 m2), associ\u00e9s \u00e0 18 garages en structure bois. Chaque maison int\u00e8gre une toiture terrasse.<\/p>\n\n\n\n<p>Pour recouvrir les toitures terrasses et les garages, l\u2019architecte souhaitait une membrane d\u2019\u00e9tanch\u00e9it\u00e9 en EPDM. Synonyme de p\u00e9rennit\u00e9, elle \u00e9tait en totale coh\u00e9rence avec le projet global. Firestone Building Products a propos\u00e9 de mettre en \u0153uvre la solution Rubbergard Epdm sous avis technique. Durable au-del\u00e0 de 50 ans et recyclable, elle participe \u00e0 la r\u00e9duction de l\u2019empreinte carbone du chantier. Exempte de substances nocives, elle permet de r\u00e9cup\u00e9rer les eaux pluviales pour l\u2019arrosage des jardins potagers partag\u00e9s. Elle est compatible avec les syst\u00e8mes de v\u00e9g\u00e9talisation et photovolta\u00efques propos\u00e9s aux futurs propri\u00e9taires. La rapidit\u00e9 d\u2019installation sans flamme constituait \u00e9galement un crit\u00e8re cl\u00e9. Les maisons \u00e9tant con\u00e7ues \u00e0 partir de blocs coffrants en polystyr\u00e8ne expans\u00e9, la pose \u00e0 froid se r\u00e9v\u00e9lait un gage de s\u00e9curit\u00e9.<\/p>\n\n\n\n<p>Photo : EQUER &#8211; FIRESTONE BUILDING PRODUCTS<\/p>\n","protected":false},"excerpt":{"rendered":"<p>Associ\u00e9s, Jean-Marc PORCHE, architecte, et Karine MAURY, promoteur, cherchaient \u00e0 d\u00e9velopper en France les habitats passifs construits \u00e0 partir d\u2019un syst\u00e8me de coffrage polystyr\u00e8ne\/b\u00e9ton. Ils se sont lanc\u00e9s dans la conception et la commercialisation de leur projet de quartier \u00e9co-responsable il y a trois ans. En 2018, un premier programme s\u2019est mis en place sur [&hellip;]<\/p>\n","protected":false},"author":17,"featured_media":103642,"comment_status":"closed","ping_status":"closed","sticky":false,"template":"","format":"standard","meta":{"_et_pb_use_builder":"","_et_pb_old_content":"","_et_gb_content_width":"","footnotes":""},"categories":[10530,6340,10771,10775],"tags":[393],"class_list":["post-103640","post","type-post","status-publish","format-standard","has-post-thumbnail","hentry","category-actualites","category-architecture-conception","category-5facades","category-actualites-5facades","tag-etancheite-2"],"yoast_head":"<!-- This site is optimized with the Yoast SEO plugin v27.4 - https:\/\/yoast.com\/product\/yoast-seo-wordpress\/ -->\n<title>18 Logements \u00e9co-responsables avec toitures terrasses \u00e9tanch\u00e9es \u00e0 froid<\/title>\n<meta name=\"robots\" content=\"index, follow, max-snippet:-1, max-image-preview:large, max-video-preview:-1\" \/>\n<link rel=\"canonical\" href=\"https:\/\/batijournal.com\/index.php\/18-logements-eco-responsables-avec-toitures-terrasses-etanchees-a-froid\/103640\/\" \/>\n<meta property=\"og:locale\" content=\"fr_FR\" \/>\n<meta property=\"og:type\" content=\"article\" \/>\n<meta property=\"og:title\" content=\"18 Logements \u00e9co-responsables avec toitures terrasses \u00e9tanch\u00e9es \u00e0 froid\" \/>\n<meta property=\"og:description\" content=\"Associ\u00e9s, Jean-Marc PORCHE, architecte, et Karine MAURY, promoteur, cherchaient \u00e0 d\u00e9velopper en France les habitats passifs construits \u00e0 partir d\u2019un syst\u00e8me de coffrage polystyr\u00e8ne\/b\u00e9ton. Ils se sont lanc\u00e9s dans la conception et la commercialisation de leur projet de quartier \u00e9co-responsable il y a trois ans. En 2018, un premier programme s\u2019est mis en place sur [&hellip;]\" \/>\n<meta property=\"og:url\" content=\"https:\/\/batijournal.com\/index.php\/18-logements-eco-responsables-avec-toitures-terrasses-etanchees-a-froid\/103640\/\" \/>\n<meta property=\"og:site_name\" content=\"Batijournal\" \/>\n<meta property=\"article:published_time\" content=\"2020-01-23T08:16:47+00:00\" \/>\n<meta property=\"article:modified_time\" content=\"2020-01-23T08:16:49+00:00\" \/>\n<meta property=\"og:image\" content=\"https:\/\/batijournal.com\/wp-content\/uploads\/2020\/01\/toiture-terrasse-Rubbergard-Epdm.png\" \/>\n\t<meta property=\"og:image:width\" content=\"1084\" \/>\n\t<meta property=\"og:image:height\" content=\"623\" \/>\n\t<meta property=\"og:image:type\" content=\"image\/png\" \/>\n<meta name=\"author\" content=\"St\u00e9phane Miget\" \/>\n<meta name=\"twitter:card\" content=\"summary_large_image\" \/>\n<meta name=\"twitter:creator\" content=\"@bati_journal\" \/>\n<meta name=\"twitter:site\" content=\"@bati_journal\" \/>\n<meta name=\"twitter:label1\" content=\"\u00c9crit par\" \/>\n\t<meta name=\"twitter:data1\" content=\"St\u00e9phane Miget\" \/>\n\t<meta name=\"twitter:label2\" content=\"Dur\u00e9e de lecture estim\u00e9e\" \/>\n\t<meta name=\"twitter:data2\" content=\"1 minute\" \/>\n<script type=\"application\/ld+json\" class=\"yoast-schema-graph\">{\"@context\":\"https:\\\/\\\/schema.org\",\"@graph\":[{\"@type\":\"Article\",\"@id\":\"https:\\\/\\\/batijournal.com\\\/index.php\\\/18-logements-eco-responsables-avec-toitures-terrasses-etanchees-a-froid\\\/103640\\\/#article\",\"isPartOf\":{\"@id\":\"https:\\\/\\\/batijournal.com\\\/index.php\\\/18-logements-eco-responsables-avec-toitures-terrasses-etanchees-a-froid\\\/103640\\\/\"},\"author\":{\"name\":\"St\u00e9phane Miget\",\"@id\":\"https:\\\/\\\/batijournal.com\\\/#\\\/schema\\\/person\\\/1dc96ec6957aa1ccb25ebe78bb19f100\"},\"headline\":\"18 Logements \u00e9co-responsables avec toitures terrasses \u00e9tanch\u00e9es \u00e0 froid\",\"datePublished\":\"2020-01-23T08:16:47+00:00\",\"dateModified\":\"2020-01-23T08:16:49+00:00\",\"mainEntityOfPage\":{\"@id\":\"https:\\\/\\\/batijournal.com\\\/index.php\\\/18-logements-eco-responsables-avec-toitures-terrasses-etanchees-a-froid\\\/103640\\\/\"},\"wordCount\":262,\"image\":{\"@id\":\"https:\\\/\\\/batijournal.com\\\/index.php\\\/18-logements-eco-responsables-avec-toitures-terrasses-etanchees-a-froid\\\/103640\\\/#primaryimage\"},\"thumbnailUrl\":\"https:\\\/\\\/batijournal.com\\\/wp-content\\\/uploads\\\/2020\\\/01\\\/toiture-terrasse-Rubbergard-Epdm.png\",\"keywords\":[\"\u00e9tanch\u00e9it\u00e9\"],\"articleSection\":[\"Actualit\u00e9s\",\"Architecture &amp; Conception\",\"zz_5fa\u00e7ades\",\"zz_Actualit\u00e9s - 5fa\u00e7ades\"],\"inLanguage\":\"fr-FR\"},{\"@type\":\"WebPage\",\"@id\":\"https:\\\/\\\/batijournal.com\\\/index.php\\\/18-logements-eco-responsables-avec-toitures-terrasses-etanchees-a-froid\\\/103640\\\/\",\"url\":\"https:\\\/\\\/batijournal.com\\\/index.php\\\/18-logements-eco-responsables-avec-toitures-terrasses-etanchees-a-froid\\\/103640\\\/\",\"name\":\"18 Logements \u00e9co-responsables avec toitures terrasses \u00e9tanch\u00e9es \u00e0 froid\",\"isPartOf\":{\"@id\":\"https:\\\/\\\/batijournal.com\\\/#website\"},\"primaryImageOfPage\":{\"@id\":\"https:\\\/\\\/batijournal.com\\\/index.php\\\/18-logements-eco-responsables-avec-toitures-terrasses-etanchees-a-froid\\\/103640\\\/#primaryimage\"},\"image\":{\"@id\":\"https:\\\/\\\/batijournal.com\\\/index.php\\\/18-logements-eco-responsables-avec-toitures-terrasses-etanchees-a-froid\\\/103640\\\/#primaryimage\"},\"thumbnailUrl\":\"https:\\\/\\\/batijournal.com\\\/wp-content\\\/uploads\\\/2020\\\/01\\\/toiture-terrasse-Rubbergard-Epdm.png\",\"datePublished\":\"2020-01-23T08:16:47+00:00\",\"dateModified\":\"2020-01-23T08:16:49+00:00\",\"author\":{\"@id\":\"https:\\\/\\\/batijournal.com\\\/#\\\/schema\\\/person\\\/1dc96ec6957aa1ccb25ebe78bb19f100\"},\"breadcrumb\":{\"@id\":\"https:\\\/\\\/batijournal.com\\\/index.php\\\/18-logements-eco-responsables-avec-toitures-terrasses-etanchees-a-froid\\\/103640\\\/#breadcrumb\"},\"inLanguage\":\"fr-FR\",\"potentialAction\":[{\"@type\":\"ReadAction\",\"target\":[\"https:\\\/\\\/batijournal.com\\\/index.php\\\/18-logements-eco-responsables-avec-toitures-terrasses-etanchees-a-froid\\\/103640\\\/\"]}]},{\"@type\":\"ImageObject\",\"inLanguage\":\"fr-FR\",\"@id\":\"https:\\\/\\\/batijournal.com\\\/index.php\\\/18-logements-eco-responsables-avec-toitures-terrasses-etanchees-a-froid\\\/103640\\\/#primaryimage\",\"url\":\"https:\\\/\\\/batijournal.com\\\/wp-content\\\/uploads\\\/2020\\\/01\\\/toiture-terrasse-Rubbergard-Epdm.png\",\"contentUrl\":\"https:\\\/\\\/batijournal.com\\\/wp-content\\\/uploads\\\/2020\\\/01\\\/toiture-terrasse-Rubbergard-Epdm.png\",\"width\":1084,\"height\":623},{\"@type\":\"BreadcrumbList\",\"@id\":\"https:\\\/\\\/batijournal.com\\\/index.php\\\/18-logements-eco-responsables-avec-toitures-terrasses-etanchees-a-froid\\\/103640\\\/#breadcrumb\",\"itemListElement\":[{\"@type\":\"ListItem\",\"position\":1,\"name\":\"Accueil\",\"item\":\"https:\\\/\\\/batijournal.com\\\/\"},{\"@type\":\"ListItem\",\"position\":2,\"name\":\"Actualit\u00e9s\",\"item\":\"https:\\\/\\\/batijournal.com\\\/index.php\\\/category\\\/actualites\\\/\"},{\"@type\":\"ListItem\",\"position\":3,\"name\":\"18 Logements \u00e9co-responsables avec toitures terrasses \u00e9tanch\u00e9es \u00e0 froid\"}]},{\"@type\":\"WebSite\",\"@id\":\"https:\\\/\\\/batijournal.com\\\/#website\",\"url\":\"https:\\\/\\\/batijournal.com\\\/\",\"name\":\"Batijournal\",\"description\":\"L&#039;actualit\u00e9 du b\u00e2timent\",\"potentialAction\":[{\"@type\":\"SearchAction\",\"target\":{\"@type\":\"EntryPoint\",\"urlTemplate\":\"https:\\\/\\\/batijournal.com\\\/?s={search_term_string}\"},\"query-input\":{\"@type\":\"PropertyValueSpecification\",\"valueRequired\":true,\"valueName\":\"search_term_string\"}}],\"inLanguage\":\"fr-FR\"},{\"@type\":\"Person\",\"@id\":\"https:\\\/\\\/batijournal.com\\\/#\\\/schema\\\/person\\\/1dc96ec6957aa1ccb25ebe78bb19f100\",\"name\":\"St\u00e9phane Miget\",\"image\":{\"@type\":\"ImageObject\",\"inLanguage\":\"fr-FR\",\"@id\":\"https:\\\/\\\/secure.gravatar.com\\\/avatar\\\/89915563d925342126b8ef0281b93d9d7fc337043e8df017f780908eb9644451?s=96&d=mm&r=g\",\"url\":\"https:\\\/\\\/secure.gravatar.com\\\/avatar\\\/89915563d925342126b8ef0281b93d9d7fc337043e8df017f780908eb9644451?s=96&d=mm&r=g\",\"contentUrl\":\"https:\\\/\\\/secure.gravatar.com\\\/avatar\\\/89915563d925342126b8ef0281b93d9d7fc337043e8df017f780908eb9644451?s=96&d=mm&r=g\",\"caption\":\"St\u00e9phane Miget\"},\"url\":\"https:\\\/\\\/batijournal.com\\\/index.php\\\/author\\\/stephane\\\/\"}]}<\/script>\n<!-- \/ Yoast SEO plugin. -->","yoast_head_json":{"title":"18 Logements \u00e9co-responsables avec toitures terrasses \u00e9tanch\u00e9es \u00e0 froid","robots":{"index":"index","follow":"follow","max-snippet":"max-snippet:-1","max-image-preview":"max-image-preview:large","max-video-preview":"max-video-preview:-1"},"canonical":"https:\/\/batijournal.com\/index.php\/18-logements-eco-responsables-avec-toitures-terrasses-etanchees-a-froid\/103640\/","og_locale":"fr_FR","og_type":"article","og_title":"18 Logements \u00e9co-responsables avec toitures terrasses \u00e9tanch\u00e9es \u00e0 froid","og_description":"Associ\u00e9s, Jean-Marc PORCHE, architecte, et Karine MAURY, promoteur, cherchaient \u00e0 d\u00e9velopper en France les habitats passifs construits \u00e0 partir d\u2019un syst\u00e8me de coffrage polystyr\u00e8ne\/b\u00e9ton. Ils se sont lanc\u00e9s dans la conception et la commercialisation de leur projet de quartier \u00e9co-responsable il y a trois ans. En 2018, un premier programme s\u2019est mis en place sur [&hellip;]","og_url":"https:\/\/batijournal.com\/index.php\/18-logements-eco-responsables-avec-toitures-terrasses-etanchees-a-froid\/103640\/","og_site_name":"Batijournal","article_published_time":"2020-01-23T08:16:47+00:00","article_modified_time":"2020-01-23T08:16:49+00:00","og_image":[{"width":1084,"height":623,"url":"https:\/\/batijournal.com\/wp-content\/uploads\/2020\/01\/toiture-terrasse-Rubbergard-Epdm.png","type":"image\/png"}],"author":"St\u00e9phane Miget","twitter_card":"summary_large_image","twitter_creator":"@bati_journal","twitter_site":"@bati_journal","twitter_misc":{"\u00c9crit par":"St\u00e9phane Miget","Dur\u00e9e de lecture estim\u00e9e":"1 minute"},"schema":{"@context":"https:\/\/schema.org","@graph":[{"@type":"Article","@id":"https:\/\/batijournal.com\/index.php\/18-logements-eco-responsables-avec-toitures-terrasses-etanchees-a-froid\/103640\/#article","isPartOf":{"@id":"https:\/\/batijournal.com\/index.php\/18-logements-eco-responsables-avec-toitures-terrasses-etanchees-a-froid\/103640\/"},"author":{"name":"St\u00e9phane Miget","@id":"https:\/\/batijournal.com\/#\/schema\/person\/1dc96ec6957aa1ccb25ebe78bb19f100"},"headline":"18 Logements \u00e9co-responsables avec toitures terrasses \u00e9tanch\u00e9es \u00e0 froid","datePublished":"2020-01-23T08:16:47+00:00","dateModified":"2020-01-23T08:16:49+00:00","mainEntityOfPage":{"@id":"https:\/\/batijournal.com\/index.php\/18-logements-eco-responsables-avec-toitures-terrasses-etanchees-a-froid\/103640\/"},"wordCount":262,"image":{"@id":"https:\/\/batijournal.com\/index.php\/18-logements-eco-responsables-avec-toitures-terrasses-etanchees-a-froid\/103640\/#primaryimage"},"thumbnailUrl":"https:\/\/batijournal.com\/wp-content\/uploads\/2020\/01\/toiture-terrasse-Rubbergard-Epdm.png","keywords":["\u00e9tanch\u00e9it\u00e9"],"articleSection":["Actualit\u00e9s","Architecture &amp; Conception","zz_5fa\u00e7ades","zz_Actualit\u00e9s - 5fa\u00e7ades"],"inLanguage":"fr-FR"},{"@type":"WebPage","@id":"https:\/\/batijournal.com\/index.php\/18-logements-eco-responsables-avec-toitures-terrasses-etanchees-a-froid\/103640\/","url":"https:\/\/batijournal.com\/index.php\/18-logements-eco-responsables-avec-toitures-terrasses-etanchees-a-froid\/103640\/","name":"18 Logements \u00e9co-responsables avec toitures terrasses \u00e9tanch\u00e9es \u00e0 froid","isPartOf":{"@id":"https:\/\/batijournal.com\/#website"},"primaryImageOfPage":{"@id":"https:\/\/batijournal.com\/index.php\/18-logements-eco-responsables-avec-toitures-terrasses-etanchees-a-froid\/103640\/#primaryimage"},"image":{"@id":"https:\/\/batijournal.com\/index.php\/18-logements-eco-responsables-avec-toitures-terrasses-etanchees-a-froid\/103640\/#primaryimage"},"thumbnailUrl":"https:\/\/batijournal.com\/wp-content\/uploads\/2020\/01\/toiture-terrasse-Rubbergard-Epdm.png","datePublished":"2020-01-23T08:16:47+00:00","dateModified":"2020-01-23T08:16:49+00:00","author":{"@id":"https:\/\/batijournal.com\/#\/schema\/person\/1dc96ec6957aa1ccb25ebe78bb19f100"},"breadcrumb":{"@id":"https:\/\/batijournal.com\/index.php\/18-logements-eco-responsables-avec-toitures-terrasses-etanchees-a-froid\/103640\/#breadcrumb"},"inLanguage":"fr-FR","potentialAction":[{"@type":"ReadAction","target":["https:\/\/batijournal.com\/index.php\/18-logements-eco-responsables-avec-toitures-terrasses-etanchees-a-froid\/103640\/"]}]},{"@type":"ImageObject","inLanguage":"fr-FR","@id":"https:\/\/batijournal.com\/index.php\/18-logements-eco-responsables-avec-toitures-terrasses-etanchees-a-froid\/103640\/#primaryimage","url":"https:\/\/batijournal.com\/wp-content\/uploads\/2020\/01\/toiture-terrasse-Rubbergard-Epdm.png","contentUrl":"https:\/\/batijournal.com\/wp-content\/uploads\/2020\/01\/toiture-terrasse-Rubbergard-Epdm.png","width":1084,"height":623},{"@type":"BreadcrumbList","@id":"https:\/\/batijournal.com\/index.php\/18-logements-eco-responsables-avec-toitures-terrasses-etanchees-a-froid\/103640\/#breadcrumb","itemListElement":[{"@type":"ListItem","position":1,"name":"Accueil","item":"https:\/\/batijournal.com\/"},{"@type":"ListItem","position":2,"name":"Actualit\u00e9s","item":"https:\/\/batijournal.com\/index.php\/category\/actualites\/"},{"@type":"ListItem","position":3,"name":"18 Logements \u00e9co-responsables avec toitures terrasses \u00e9tanch\u00e9es \u00e0 froid"}]},{"@type":"WebSite","@id":"https:\/\/batijournal.com\/#website","url":"https:\/\/batijournal.com\/","name":"Batijournal","description":"L&#039;actualit\u00e9 du b\u00e2timent","potentialAction":[{"@type":"SearchAction","target":{"@type":"EntryPoint","urlTemplate":"https:\/\/batijournal.com\/?s={search_term_string}"},"query-input":{"@type":"PropertyValueSpecification","valueRequired":true,"valueName":"search_term_string"}}],"inLanguage":"fr-FR"},{"@type":"Person","@id":"https:\/\/batijournal.com\/#\/schema\/person\/1dc96ec6957aa1ccb25ebe78bb19f100","name":"St\u00e9phane Miget","image":{"@type":"ImageObject","inLanguage":"fr-FR","@id":"https:\/\/secure.gravatar.com\/avatar\/89915563d925342126b8ef0281b93d9d7fc337043e8df017f780908eb9644451?s=96&d=mm&r=g","url":"https:\/\/secure.gravatar.com\/avatar\/89915563d925342126b8ef0281b93d9d7fc337043e8df017f780908eb9644451?s=96&d=mm&r=g","contentUrl":"https:\/\/secure.gravatar.com\/avatar\/89915563d925342126b8ef0281b93d9d7fc337043e8df017f780908eb9644451?s=96&d=mm&r=g","caption":"St\u00e9phane Miget"},"url":"https:\/\/batijournal.com\/index.php\/author\/stephane\/"}]}},"_links":{"self":[{"href":"https:\/\/batijournal.com\/index.php\/wp-json\/wp\/v2\/posts\/103640","targetHints":{"allow":["GET"]}}],"collection":[{"href":"https:\/\/batijournal.com\/index.php\/wp-json\/wp\/v2\/posts"}],"about":[{"href":"https:\/\/batijournal.com\/index.php\/wp-json\/wp\/v2\/types\/post"}],"author":[{"embeddable":true,"href":"https:\/\/batijournal.com\/index.php\/wp-json\/wp\/v2\/users\/17"}],"replies":[{"embeddable":true,"href":"https:\/\/batijournal.com\/index.php\/wp-json\/wp\/v2\/comments?post=103640"}],"version-history":[{"count":0,"href":"https:\/\/batijournal.com\/index.php\/wp-json\/wp\/v2\/posts\/103640\/revisions"}],"wp:featuredmedia":[{"embeddable":true,"href":"https:\/\/batijournal.com\/index.php\/wp-json\/wp\/v2\/media\/103642"}],"wp:attachment":[{"href":"https:\/\/batijournal.com\/index.php\/wp-json\/wp\/v2\/media?parent=103640"}],"wp:term":[{"taxonomy":"category","embeddable":true,"href":"https:\/\/batijournal.com\/index.php\/wp-json\/wp\/v2\/categories?post=103640"},{"taxonomy":"post_tag","embeddable":true,"href":"https:\/\/batijournal.com\/index.php\/wp-json\/wp\/v2\/tags?post=103640"}],"curies":[{"name":"wp","href":"https:\/\/api.w.org\/{rel}","templated":true}]}}