{"id":103644,"date":"2020-01-24T08:57:11","date_gmt":"2020-01-24T07:57:11","guid":{"rendered":"https:\/\/batijournal.com\/?p=103644"},"modified":"2020-01-24T08:57:13","modified_gmt":"2020-01-24T07:57:13","slug":"re-2020-le-grand-retour-des-convecteurs-electriques","status":"publish","type":"post","link":"https:\/\/batijournal.com\/index.php\/re-2020-le-grand-retour-des-convecteurs-electriques\/103644\/","title":{"rendered":"RE 2020 : le grand retour des convecteurs \u00e9lectriques ?"},"content":{"rendered":"\n<p>La ministre de la Transition \u00e9cologique et solidaire Elisabeth Borne a abaiss\u00e9 le coefficient de conversion de l\u2019\u00e9lectricit\u00e9 en \u00e9nergie primaire, arbitrairement, \u00e0 2,3 (contre 2,58 aujourd\u2019hui). Le choix de valeurs artificiellement basses pour ce coefficient et son contenu carbone risque de conduire \u00e0 un recul important dans la performance \u00e9nerg\u00e9tique des b\u00e2timents. L\u2019Association n\u00e9gaWatt d\u00e9nonce un choix qui favorise une \u00e9lectrification massive des usages sans se soucier des possibles \u00e9missions de CO2 associ\u00e9es. L\u2019impact climatique du chauffage \u00e9lectrique sera r\u00e9duit de 210 \u00e0 79 gCO2\/kWh. M\u00eame avec des valeurs plus r\u00e9alistes de 2,58 et 210 gCO2\/kWh, n\u2019importe quelle pompe \u00e0 chaleur performante affiche un meilleur bilan qu\u2019une chaudi\u00e8re gaz r\u00e9cente qui \u00e9met 240 gCO2\/kWh. En favorisant aussi aveugl\u00e9ment l\u2019\u00e9lectricit\u00e9, la RE2020 risque de signer le retour du convecteur \u00e9lectrique dans les b\u00e2timents neufs, soit un bond en arri\u00e8re de plus de 15 ans en mati\u00e8re d\u2019efficacit\u00e9 \u00e9nerg\u00e9tique.<\/p>\n\n\n\n<p>Ces valeurs s\u2019ajoutent, dans le cadre de la future RE2020, \u00e0 l\u2019abandon d\u2019un objectif sur le bilan B\u00e2timent \u00e0 \u00e9nergie positive, ce qui marque la fin de l\u2019ambition de ces b\u00e2timents.<\/p>\n\n\n\n<p>Pour l&rsquo;association n\u00e9gaWatt, il n\u2019est pas trop tard pour que le gouvernement prenne la bonne direction en maintenant le coefficient d\u2019\u00e9nergie primaire \u00e0 2,58 et en conservant le m\u00eame contenu carbone de l\u2019\u00e9lectricit\u00e9 que dans l\u2019exp\u00e9rimentation E+C- qui a pr\u00e9par\u00e9 la RE2020, soit 210 gCO2\/kWh, en accord avec les r\u00e9alit\u00e9s physiques.<\/p>\n","protected":false},"excerpt":{"rendered":"<p>La ministre de la Transition \u00e9cologique et solidaire Elisabeth Borne a abaiss\u00e9 le coefficient de conversion de l\u2019\u00e9lectricit\u00e9 en \u00e9nergie primaire, arbitrairement, \u00e0 2,3 (contre 2,58 aujourd\u2019hui). Le choix de valeurs artificiellement basses pour ce coefficient et son contenu carbone risque de conduire \u00e0 un recul important dans la performance \u00e9nerg\u00e9tique des b\u00e2timents. L\u2019Association n\u00e9gaWatt [&hellip;]<\/p>\n","protected":false},"author":17,"featured_media":101321,"comment_status":"closed","ping_status":"closed","sticky":false,"template":"","format":"standard","meta":{"_et_pb_use_builder":"","_et_pb_old_content":"","_et_gb_content_width":"","footnotes":""},"categories":[10530,6351,10781,10778],"tags":[12748,12769],"class_list":["post-103644","post","type-post","status-publish","format-standard","has-post-thumbnail","hentry","category-actualites","category-energie-environnement","category-publications-planete","category-planete","tag-negawatt","tag-re2020"],"yoast_head":"<!-- This site is optimized with the Yoast SEO plugin v27.4 - https:\/\/yoast.com\/product\/yoast-seo-wordpress\/ -->\n<title>RE 2020 : le grand retour des convecteurs \u00e9lectriques ?<\/title>\n<meta name=\"robots\" content=\"index, follow, max-snippet:-1, max-image-preview:large, max-video-preview:-1\" \/>\n<link rel=\"canonical\" href=\"https:\/\/batijournal.com\/index.php\/re-2020-le-grand-retour-des-convecteurs-electriques\/103644\/\" \/>\n<meta property=\"og:locale\" content=\"fr_FR\" \/>\n<meta property=\"og:type\" content=\"article\" \/>\n<meta property=\"og:title\" content=\"RE 2020 : le grand retour des convecteurs \u00e9lectriques ?\" \/>\n<meta property=\"og:description\" content=\"La ministre de la Transition \u00e9cologique et solidaire Elisabeth Borne a abaiss\u00e9 le coefficient de conversion de l\u2019\u00e9lectricit\u00e9 en \u00e9nergie primaire, arbitrairement, \u00e0 2,3 (contre 2,58 aujourd\u2019hui). Le choix de valeurs artificiellement basses pour ce coefficient et son contenu carbone risque de conduire \u00e0 un recul important dans la performance \u00e9nerg\u00e9tique des b\u00e2timents. L\u2019Association n\u00e9gaWatt [&hellip;]\" \/>\n<meta property=\"og:url\" content=\"https:\/\/batijournal.com\/index.php\/re-2020-le-grand-retour-des-convecteurs-electriques\/103644\/\" \/>\n<meta property=\"og:site_name\" content=\"Batijournal\" \/>\n<meta property=\"article:published_time\" content=\"2020-01-24T07:57:11+00:00\" \/>\n<meta property=\"article:modified_time\" content=\"2020-01-24T07:57:13+00:00\" \/>\n<meta property=\"og:image\" content=\"https:\/\/batijournal.com\/wp-content\/uploads\/2019\/02\/pompe-a-chaleur.jpg\" \/>\n\t<meta property=\"og:image:width\" content=\"1200\" \/>\n\t<meta property=\"og:image:height\" content=\"702\" \/>\n\t<meta property=\"og:image:type\" content=\"image\/jpeg\" \/>\n<meta name=\"author\" content=\"St\u00e9phane Miget\" \/>\n<meta name=\"twitter:card\" content=\"summary_large_image\" \/>\n<meta name=\"twitter:creator\" content=\"@bati_journal\" \/>\n<meta name=\"twitter:site\" content=\"@bati_journal\" \/>\n<meta name=\"twitter:label1\" content=\"\u00c9crit par\" \/>\n\t<meta name=\"twitter:data1\" content=\"St\u00e9phane Miget\" \/>\n\t<meta name=\"twitter:label2\" content=\"Dur\u00e9e de lecture estim\u00e9e\" \/>\n\t<meta name=\"twitter:data2\" content=\"1 minute\" \/>\n<script type=\"application\/ld+json\" class=\"yoast-schema-graph\">{\"@context\":\"https:\\\/\\\/schema.org\",\"@graph\":[{\"@type\":\"Article\",\"@id\":\"https:\\\/\\\/batijournal.com\\\/index.php\\\/re-2020-le-grand-retour-des-convecteurs-electriques\\\/103644\\\/#article\",\"isPartOf\":{\"@id\":\"https:\\\/\\\/batijournal.com\\\/index.php\\\/re-2020-le-grand-retour-des-convecteurs-electriques\\\/103644\\\/\"},\"author\":{\"name\":\"St\u00e9phane Miget\",\"@id\":\"https:\\\/\\\/batijournal.com\\\/#\\\/schema\\\/person\\\/1dc96ec6957aa1ccb25ebe78bb19f100\"},\"headline\":\"RE 2020 : le grand retour des convecteurs \u00e9lectriques ?\",\"datePublished\":\"2020-01-24T07:57:11+00:00\",\"dateModified\":\"2020-01-24T07:57:13+00:00\",\"mainEntityOfPage\":{\"@id\":\"https:\\\/\\\/batijournal.com\\\/index.php\\\/re-2020-le-grand-retour-des-convecteurs-electriques\\\/103644\\\/\"},\"wordCount\":265,\"image\":{\"@id\":\"https:\\\/\\\/batijournal.com\\\/index.php\\\/re-2020-le-grand-retour-des-convecteurs-electriques\\\/103644\\\/#primaryimage\"},\"thumbnailUrl\":\"https:\\\/\\\/batijournal.com\\\/wp-content\\\/uploads\\\/2019\\\/02\\\/pompe-a-chaleur.jpg\",\"keywords\":[\"negawatt\",\"RE2020\"],\"articleSection\":[\"Actualit\u00e9s\",\"\u00c9nergie &amp; Environnement\",\"zz_Actualit\u00e9s - Plan\u00e8te\",\"zz_Plan\u00e8te B\u00e2timent\"],\"inLanguage\":\"fr-FR\"},{\"@type\":\"WebPage\",\"@id\":\"https:\\\/\\\/batijournal.com\\\/index.php\\\/re-2020-le-grand-retour-des-convecteurs-electriques\\\/103644\\\/\",\"url\":\"https:\\\/\\\/batijournal.com\\\/index.php\\\/re-2020-le-grand-retour-des-convecteurs-electriques\\\/103644\\\/\",\"name\":\"RE 2020 : le grand retour des convecteurs \u00e9lectriques ?\",\"isPartOf\":{\"@id\":\"https:\\\/\\\/batijournal.com\\\/#website\"},\"primaryImageOfPage\":{\"@id\":\"https:\\\/\\\/batijournal.com\\\/index.php\\\/re-2020-le-grand-retour-des-convecteurs-electriques\\\/103644\\\/#primaryimage\"},\"image\":{\"@id\":\"https:\\\/\\\/batijournal.com\\\/index.php\\\/re-2020-le-grand-retour-des-convecteurs-electriques\\\/103644\\\/#primaryimage\"},\"thumbnailUrl\":\"https:\\\/\\\/batijournal.com\\\/wp-content\\\/uploads\\\/2019\\\/02\\\/pompe-a-chaleur.jpg\",\"datePublished\":\"2020-01-24T07:57:11+00:00\",\"dateModified\":\"2020-01-24T07:57:13+00:00\",\"author\":{\"@id\":\"https:\\\/\\\/batijournal.com\\\/#\\\/schema\\\/person\\\/1dc96ec6957aa1ccb25ebe78bb19f100\"},\"breadcrumb\":{\"@id\":\"https:\\\/\\\/batijournal.com\\\/index.php\\\/re-2020-le-grand-retour-des-convecteurs-electriques\\\/103644\\\/#breadcrumb\"},\"inLanguage\":\"fr-FR\",\"potentialAction\":[{\"@type\":\"ReadAction\",\"target\":[\"https:\\\/\\\/batijournal.com\\\/index.php\\\/re-2020-le-grand-retour-des-convecteurs-electriques\\\/103644\\\/\"]}]},{\"@type\":\"ImageObject\",\"inLanguage\":\"fr-FR\",\"@id\":\"https:\\\/\\\/batijournal.com\\\/index.php\\\/re-2020-le-grand-retour-des-convecteurs-electriques\\\/103644\\\/#primaryimage\",\"url\":\"https:\\\/\\\/batijournal.com\\\/wp-content\\\/uploads\\\/2019\\\/02\\\/pompe-a-chaleur.jpg\",\"contentUrl\":\"https:\\\/\\\/batijournal.com\\\/wp-content\\\/uploads\\\/2019\\\/02\\\/pompe-a-chaleur.jpg\",\"width\":1200,\"height\":702},{\"@type\":\"BreadcrumbList\",\"@id\":\"https:\\\/\\\/batijournal.com\\\/index.php\\\/re-2020-le-grand-retour-des-convecteurs-electriques\\\/103644\\\/#breadcrumb\",\"itemListElement\":[{\"@type\":\"ListItem\",\"position\":1,\"name\":\"Accueil\",\"item\":\"https:\\\/\\\/batijournal.com\\\/\"},{\"@type\":\"ListItem\",\"position\":2,\"name\":\"Actualit\u00e9s\",\"item\":\"https:\\\/\\\/batijournal.com\\\/index.php\\\/category\\\/actualites\\\/\"},{\"@type\":\"ListItem\",\"position\":3,\"name\":\"RE 2020 : le grand retour des convecteurs \u00e9lectriques ?\"}]},{\"@type\":\"WebSite\",\"@id\":\"https:\\\/\\\/batijournal.com\\\/#website\",\"url\":\"https:\\\/\\\/batijournal.com\\\/\",\"name\":\"Batijournal\",\"description\":\"L&#039;actualit\u00e9 du b\u00e2timent\",\"potentialAction\":[{\"@type\":\"SearchAction\",\"target\":{\"@type\":\"EntryPoint\",\"urlTemplate\":\"https:\\\/\\\/batijournal.com\\\/?s={search_term_string}\"},\"query-input\":{\"@type\":\"PropertyValueSpecification\",\"valueRequired\":true,\"valueName\":\"search_term_string\"}}],\"inLanguage\":\"fr-FR\"},{\"@type\":\"Person\",\"@id\":\"https:\\\/\\\/batijournal.com\\\/#\\\/schema\\\/person\\\/1dc96ec6957aa1ccb25ebe78bb19f100\",\"name\":\"St\u00e9phane Miget\",\"image\":{\"@type\":\"ImageObject\",\"inLanguage\":\"fr-FR\",\"@id\":\"https:\\\/\\\/secure.gravatar.com\\\/avatar\\\/89915563d925342126b8ef0281b93d9d7fc337043e8df017f780908eb9644451?s=96&d=mm&r=g\",\"url\":\"https:\\\/\\\/secure.gravatar.com\\\/avatar\\\/89915563d925342126b8ef0281b93d9d7fc337043e8df017f780908eb9644451?s=96&d=mm&r=g\",\"contentUrl\":\"https:\\\/\\\/secure.gravatar.com\\\/avatar\\\/89915563d925342126b8ef0281b93d9d7fc337043e8df017f780908eb9644451?s=96&d=mm&r=g\",\"caption\":\"St\u00e9phane Miget\"},\"url\":\"https:\\\/\\\/batijournal.com\\\/index.php\\\/author\\\/stephane\\\/\"}]}<\/script>\n<!-- \/ Yoast SEO plugin. -->","yoast_head_json":{"title":"RE 2020 : le grand retour des convecteurs \u00e9lectriques ?","robots":{"index":"index","follow":"follow","max-snippet":"max-snippet:-1","max-image-preview":"max-image-preview:large","max-video-preview":"max-video-preview:-1"},"canonical":"https:\/\/batijournal.com\/index.php\/re-2020-le-grand-retour-des-convecteurs-electriques\/103644\/","og_locale":"fr_FR","og_type":"article","og_title":"RE 2020 : le grand retour des convecteurs \u00e9lectriques ?","og_description":"La ministre de la Transition \u00e9cologique et solidaire Elisabeth Borne a abaiss\u00e9 le coefficient de conversion de l\u2019\u00e9lectricit\u00e9 en \u00e9nergie primaire, arbitrairement, \u00e0 2,3 (contre 2,58 aujourd\u2019hui). Le choix de valeurs artificiellement basses pour ce coefficient et son contenu carbone risque de conduire \u00e0 un recul important dans la performance \u00e9nerg\u00e9tique des b\u00e2timents. L\u2019Association n\u00e9gaWatt [&hellip;]","og_url":"https:\/\/batijournal.com\/index.php\/re-2020-le-grand-retour-des-convecteurs-electriques\/103644\/","og_site_name":"Batijournal","article_published_time":"2020-01-24T07:57:11+00:00","article_modified_time":"2020-01-24T07:57:13+00:00","og_image":[{"width":1200,"height":702,"url":"https:\/\/batijournal.com\/wp-content\/uploads\/2019\/02\/pompe-a-chaleur.jpg","type":"image\/jpeg"}],"author":"St\u00e9phane Miget","twitter_card":"summary_large_image","twitter_creator":"@bati_journal","twitter_site":"@bati_journal","twitter_misc":{"\u00c9crit par":"St\u00e9phane Miget","Dur\u00e9e de lecture estim\u00e9e":"1 minute"},"schema":{"@context":"https:\/\/schema.org","@graph":[{"@type":"Article","@id":"https:\/\/batijournal.com\/index.php\/re-2020-le-grand-retour-des-convecteurs-electriques\/103644\/#article","isPartOf":{"@id":"https:\/\/batijournal.com\/index.php\/re-2020-le-grand-retour-des-convecteurs-electriques\/103644\/"},"author":{"name":"St\u00e9phane Miget","@id":"https:\/\/batijournal.com\/#\/schema\/person\/1dc96ec6957aa1ccb25ebe78bb19f100"},"headline":"RE 2020 : le grand retour des convecteurs \u00e9lectriques ?","datePublished":"2020-01-24T07:57:11+00:00","dateModified":"2020-01-24T07:57:13+00:00","mainEntityOfPage":{"@id":"https:\/\/batijournal.com\/index.php\/re-2020-le-grand-retour-des-convecteurs-electriques\/103644\/"},"wordCount":265,"image":{"@id":"https:\/\/batijournal.com\/index.php\/re-2020-le-grand-retour-des-convecteurs-electriques\/103644\/#primaryimage"},"thumbnailUrl":"https:\/\/batijournal.com\/wp-content\/uploads\/2019\/02\/pompe-a-chaleur.jpg","keywords":["negawatt","RE2020"],"articleSection":["Actualit\u00e9s","\u00c9nergie &amp; Environnement","zz_Actualit\u00e9s - Plan\u00e8te","zz_Plan\u00e8te B\u00e2timent"],"inLanguage":"fr-FR"},{"@type":"WebPage","@id":"https:\/\/batijournal.com\/index.php\/re-2020-le-grand-retour-des-convecteurs-electriques\/103644\/","url":"https:\/\/batijournal.com\/index.php\/re-2020-le-grand-retour-des-convecteurs-electriques\/103644\/","name":"RE 2020 : le grand retour des convecteurs \u00e9lectriques ?","isPartOf":{"@id":"https:\/\/batijournal.com\/#website"},"primaryImageOfPage":{"@id":"https:\/\/batijournal.com\/index.php\/re-2020-le-grand-retour-des-convecteurs-electriques\/103644\/#primaryimage"},"image":{"@id":"https:\/\/batijournal.com\/index.php\/re-2020-le-grand-retour-des-convecteurs-electriques\/103644\/#primaryimage"},"thumbnailUrl":"https:\/\/batijournal.com\/wp-content\/uploads\/2019\/02\/pompe-a-chaleur.jpg","datePublished":"2020-01-24T07:57:11+00:00","dateModified":"2020-01-24T07:57:13+00:00","author":{"@id":"https:\/\/batijournal.com\/#\/schema\/person\/1dc96ec6957aa1ccb25ebe78bb19f100"},"breadcrumb":{"@id":"https:\/\/batijournal.com\/index.php\/re-2020-le-grand-retour-des-convecteurs-electriques\/103644\/#breadcrumb"},"inLanguage":"fr-FR","potentialAction":[{"@type":"ReadAction","target":["https:\/\/batijournal.com\/index.php\/re-2020-le-grand-retour-des-convecteurs-electriques\/103644\/"]}]},{"@type":"ImageObject","inLanguage":"fr-FR","@id":"https:\/\/batijournal.com\/index.php\/re-2020-le-grand-retour-des-convecteurs-electriques\/103644\/#primaryimage","url":"https:\/\/batijournal.com\/wp-content\/uploads\/2019\/02\/pompe-a-chaleur.jpg","contentUrl":"https:\/\/batijournal.com\/wp-content\/uploads\/2019\/02\/pompe-a-chaleur.jpg","width":1200,"height":702},{"@type":"BreadcrumbList","@id":"https:\/\/batijournal.com\/index.php\/re-2020-le-grand-retour-des-convecteurs-electriques\/103644\/#breadcrumb","itemListElement":[{"@type":"ListItem","position":1,"name":"Accueil","item":"https:\/\/batijournal.com\/"},{"@type":"ListItem","position":2,"name":"Actualit\u00e9s","item":"https:\/\/batijournal.com\/index.php\/category\/actualites\/"},{"@type":"ListItem","position":3,"name":"RE 2020 : le grand retour des convecteurs \u00e9lectriques ?"}]},{"@type":"WebSite","@id":"https:\/\/batijournal.com\/#website","url":"https:\/\/batijournal.com\/","name":"Batijournal","description":"L&#039;actualit\u00e9 du b\u00e2timent","potentialAction":[{"@type":"SearchAction","target":{"@type":"EntryPoint","urlTemplate":"https:\/\/batijournal.com\/?s={search_term_string}"},"query-input":{"@type":"PropertyValueSpecification","valueRequired":true,"valueName":"search_term_string"}}],"inLanguage":"fr-FR"},{"@type":"Person","@id":"https:\/\/batijournal.com\/#\/schema\/person\/1dc96ec6957aa1ccb25ebe78bb19f100","name":"St\u00e9phane Miget","image":{"@type":"ImageObject","inLanguage":"fr-FR","@id":"https:\/\/secure.gravatar.com\/avatar\/89915563d925342126b8ef0281b93d9d7fc337043e8df017f780908eb9644451?s=96&d=mm&r=g","url":"https:\/\/secure.gravatar.com\/avatar\/89915563d925342126b8ef0281b93d9d7fc337043e8df017f780908eb9644451?s=96&d=mm&r=g","contentUrl":"https:\/\/secure.gravatar.com\/avatar\/89915563d925342126b8ef0281b93d9d7fc337043e8df017f780908eb9644451?s=96&d=mm&r=g","caption":"St\u00e9phane Miget"},"url":"https:\/\/batijournal.com\/index.php\/author\/stephane\/"}]}},"_links":{"self":[{"href":"https:\/\/batijournal.com\/index.php\/wp-json\/wp\/v2\/posts\/103644","targetHints":{"allow":["GET"]}}],"collection":[{"href":"https:\/\/batijournal.com\/index.php\/wp-json\/wp\/v2\/posts"}],"about":[{"href":"https:\/\/batijournal.com\/index.php\/wp-json\/wp\/v2\/types\/post"}],"author":[{"embeddable":true,"href":"https:\/\/batijournal.com\/index.php\/wp-json\/wp\/v2\/users\/17"}],"replies":[{"embeddable":true,"href":"https:\/\/batijournal.com\/index.php\/wp-json\/wp\/v2\/comments?post=103644"}],"version-history":[{"count":0,"href":"https:\/\/batijournal.com\/index.php\/wp-json\/wp\/v2\/posts\/103644\/revisions"}],"wp:featuredmedia":[{"embeddable":true,"href":"https:\/\/batijournal.com\/index.php\/wp-json\/wp\/v2\/media\/101321"}],"wp:attachment":[{"href":"https:\/\/batijournal.com\/index.php\/wp-json\/wp\/v2\/media?parent=103644"}],"wp:term":[{"taxonomy":"category","embeddable":true,"href":"https:\/\/batijournal.com\/index.php\/wp-json\/wp\/v2\/categories?post=103644"},{"taxonomy":"post_tag","embeddable":true,"href":"https:\/\/batijournal.com\/index.php\/wp-json\/wp\/v2\/tags?post=103644"}],"curies":[{"name":"wp","href":"https:\/\/api.w.org\/{rel}","templated":true}]}}