{"id":103645,"date":"2020-01-27T11:06:12","date_gmt":"2020-01-27T10:06:12","guid":{"rendered":"https:\/\/batijournal.com\/?p=103645"},"modified":"2020-01-28T14:55:21","modified_gmt":"2020-01-28T13:55:21","slug":"batijournal-tv-eurobois","status":"publish","type":"post","link":"https:\/\/batijournal.com\/index.php\/batijournal-tv-eurobois\/103645\/","title":{"rendered":"Bati-Journal TV vous donne rendez-vous \u00e0 Eurobois du 04 au 07 f\u00e9vrier 2020 !"},"content":{"rendered":"<p class=\"p1\"><span class=\"s1\">\u00c0 l\u2019occasion du salon Eurobois \u00e0 Lyon, \u00c9ditions des Halles, r\u00e9alise en partenariat avec les organisateurs de l\u2019\u00e9v\u00e9nement et avec le soutien de l\u2019Interprofession nationale France Bois For\u00eat une nouvelle \u00e9dition du plateau Bati-Journal.TV.<\/span><\/p>\n<p class=\"p1\"><span class=\"s1\">Ce plateau TV, anim\u00e9 par le journaliste St\u00e9phane Miget (r\u00e9dacteur en chef de\u00a0<a href=\"https:\/\/www.planete-batiment.com\/\" target=\"_blank\" rel=\"noopener noreferrer\">Plan\u00e8te B\u00e2timent<\/a>\u00a0et\u00a0<a href=\"https:\/\/www.5facades.com\/\" target=\"_blank\" rel=\"noopener noreferrer\">5fa\u00e7ades<\/a>), sera situ\u00e9 au coeur du salon Eurobois.<\/span><\/p>\n<p class=\"p1\"><span class=\"s1\">Vous retrouverez, au programme de cette nouvelle \u00e9dition; des \u00e9missions, des \u00e9v\u00e9nements et des interviews autour des grandes th\u00e9matiques du salon : la premi\u00e8re transformation, la deuxi\u00e8me transformation, l\u2019agencement, le mat\u00e9riau bois ou encore l\u2019outillage.<\/span><\/p>\n<p class=\"p1\"><span class=\"s1\">D\u00e8s le mardi 4 f\u00e9vrier, retrouvez toutes les \u00e9missions sur bati-journal.tv, <a href=\"http:\/\/eurobois.net\/\"><span class=\"s2\">eurobois.net<\/span><\/a>,\u00a0<a href=\"http:\/\/franceboisforet.fr\/\"><span class=\"s2\">franceboisforet.fr<\/span><\/a>\u00a0et sur les sites des m\u00e9dias partenaires.<\/span><\/p>\n<p><span class=\"s1\"><b>PROGRAMME DU PLATEAU TV*<\/b><\/span><\/p>\n\n\n<div class=\"wp-block-columns is-layout-flex wp-container-core-columns-is-layout-9d6595d7 wp-block-columns-is-layout-flex\">\n<div class=\"wp-block-column is-layout-flow wp-block-column-is-layout-flow\">\n<p class=\"p1\" style=\"text-align: left;\"><span class=\"s1\" style=\"color: #993300;\"><b>Mardi 04 f\u00e9vrier<\/b><\/span><\/p>\n<p class=\"p3\"><span class=\"s1\"><b>10h00 \u2013 Cadre de vie en bois local<br \/><\/b><\/span><em><span class=\"s1\">Fabrice Poncet \u2013 La Fabrique<\/span><\/em><\/p>\n<p class=\"p3\"><span class=\"s1\"><b>11h30 \u2013 Discours inauguration<\/b><\/span><\/p>\n<p class=\"p3\"><span class=\"s1\"><b>13h30 \u2013 Le bois et le patrimoine<br \/><\/b><\/span><b><\/b><em><span class=\"s1\">Philippe Jarniat \u2013 L\u2019Ameublement Fran\u00e7ais<br \/><\/span>S\u00e9bastien Fleury \u2013 HASAP<\/em><br \/><em>J\u00e9r\u00f4me Carraz \u2013 Les Compagnons du Devoir<\/em><\/p>\n<p><strong>14h30 \u2013 L\u2019outillage portatif lib\u00e8re des contraintes chantier<\/strong><br \/><em>Pierrick Auboiron \u2013 SECIMPAC<\/em><\/p>\n<p><strong>15h45 \u2013 La parole \u00e0 Eumabois<\/strong><br \/><em>Juergen Koeppel \u2013 Eumabois<\/em><\/p>\n<p><span style=\"color: #ff6600;\"><strong>17h00 \u2013 Les Troph\u00e9es Eurobois<\/strong><\/span><\/p>\n<\/div>\n\n\n\n<div class=\"wp-block-column is-layout-flow wp-block-column-is-layout-flow\">\n<p><span style=\"color: #993300;\"><strong>Mercredi 5 f\u00e9vrier<\/strong><\/span><\/p>\n<p><strong>10h00 \u2013 Cons\u00e9quences du changement climatique sur la gestion foresti\u00e8re<\/strong><br \/><em>Samuel Resche \u2013 Fibois Auvergne-Rh\u00f4ne-Alpes<\/em><br \/><em>Tancr\u00e8de Neveu \u2013 Plantons pour l\u2019Avenir<\/em><\/p>\n<p><strong>11h00 \u2013 Le num\u00e9rique et les m\u00e9tiers du bois<\/strong><br \/><em>Andr\u00e9 Charignon \u2013 Les Ateliers Charignon<\/em><br \/><em>Laurent Mazies \u2013 Biesse France<\/em><br \/><em>R\u00e9gis Blandin \u2013 2020<\/em><br \/><em>Mathieu Hugnon \u2013 Les Compagnons du Devoir<\/em><\/p>\n<p><strong>13h00 \u2013 Am\u00e9nager, c\u2019est assembler<\/strong><br \/><em>Christophe Chenu \u2013 Blum<\/em><\/p>\n<p><strong>14h00 \u2013 La parole \u00e0 FRENCHTIMBER<\/strong><\/p>\n<p><strong>15h00 \u2013 Les grandes tendances de l\u2019industrie bois<\/strong><\/p>\n<p><strong>15h45 \u2013 Valoriser les m\u00e9tiers du bois<\/strong><br \/><em>B\u00e9n\u00e9dicte Muller \u2013 Fibois Auvergne-Rh\u00f4nes-Alpes<\/em><br \/><em>C\u00e9cile Gueux \u2013 P\u00f4le Emploi<\/em><br \/><em>Mathieu Hugnon \u2013 Les Compagnons du Devoir<\/em><br \/><em>Rapha\u00ebl Moronnoz \u2013 Menuiserie Moronnoz<\/em><\/p>\n<p><span style=\"color: #ff6600;\"><strong>16h45 \u2013 Concours Innovation La Canop\u00e9e<\/strong><\/span><\/p>\n<\/div>\n<\/div>\n\n\n\n<div class=\"wp-block-columns is-layout-flex wp-container-core-columns-is-layout-9d6595d7 wp-block-columns-is-layout-flex\">\n<div class=\"wp-block-column is-layout-flow wp-block-column-is-layout-flow\">\n<p><span style=\"color: #993300;\"><strong>Jeudi 6 f\u00e9vrier<\/strong><\/span><\/p>\n<p><strong>10h00 \u2013 Le douglas, d\u2019ing\u00e9nierie<\/strong><br \/><em>Sabrina Pedrono \u2013 France Douglas<\/em><\/p>\n<p><strong>11h00 \u2013 Construire autrement : le design global avec le bois<\/strong><br \/><em>Philippe Jarniat \u2013 L\u2019Ameublement Fran\u00e7ais<\/em><br \/><em>Sol\u00e8ne Jacques \u2013 I Cosa<\/em><br \/><em>Christophe Chenu \u2013 Blum<\/em><\/p>\n<p><strong>12h00-12h45 \u2013 Mixit\u00e9 des mat\u00e9riaux dans l\u2019agencement<\/strong><\/p>\n<p><strong>13h30-14h15 \u2013 \u00c9volutions des normes environnementales dans le b\u00e2timent : les impacts sur l\u2019usage du bois<\/strong><br \/><em>Jacques Bouillot \u2013 Eiffage Immobilier<\/em><br \/><em>Jean-Denis Forterre \u2013 CAPEB Rh\u00f4ne-Alpes<\/em><\/p>\n<p><strong>14h15-15h00 \u2013 Wood Surfer x Am\u00e9nagement<\/strong><br \/><em>Anna Ader \u2013 Wood Surfer<\/em><br \/><em>Alice Heras \u2013 Journaliste<\/em><\/p>\n<p><strong>15h00 \u2013 Comment faire pour \u00eatre inform\u00e9 des \u00e9volutions de mon m\u00e9tier ?<\/strong><br \/><em>Nicolas Digaire \u2013 Les Compagnons du Devoir<\/em><\/p>\n<p><span style=\"color: #ff6600;\"><strong>16h \u2013 Scierie 2025<\/strong><\/span><br \/><em>par Maurice Chalayer<\/em><\/p>\n<\/div>\n\n\n\n<div class=\"wp-block-column is-layout-flow wp-block-column-is-layout-flow\">\n<p><span style=\"color: #993300;\"><strong>Vendredi 7 f\u00e9vrier<\/strong><\/span><\/p>\n<p><strong>10h00 \u2013 Industrie 4.0<\/strong><br \/><em>Christophe Chenu \u2013 Blum<\/em><br \/><em>Laurent Mazies \u2013 Biesse France<\/em><br \/><em>R\u00e9gis Blandin \u2013 2020<\/em><br \/><em>Michel Loyer \u2013 Finega Group<\/em><\/p>\n<p><strong>11h00 \u2013 Formation et industrie<\/strong><br \/><em>Gw\u00e9na\u00ebl Gehin \u2013 AFPIA Nord Est<\/em><br \/><em>Laurent Mazies \u2013 Biesse France<\/em><\/p>\n<p><strong>12h00 \u2013 S\u00e9curit\u00e9 et p\u00e9nibilit\u00e9 du travailleur<\/strong><br \/><em>Fr\u00e9d\u00e9ric Weidish \u2013 Auw\u00e4rter<\/em><br \/><em>Emmanuel Troccon \u2013 A2C<\/em><br \/><em>Philippe Gouget \u2013 ALD Construction<\/em><\/p>\n<p><strong>13h15 \u2013 La plateforme de mutualisation des poseurs<\/strong><br \/><em>Philippe Jarniat \u2013 L\u2019Ameublement Fran\u00e7ais<\/em><br \/><em>Fr\u00e9d\u00e9ric Sorret \u2013 HASAP<\/em><br \/><em>Coralie Lemire \u2013 Lito Production<\/em><\/p>\n<p><strong>14h00 \u2013 La parole \u00e0 Anne-Catherine Loisier<\/strong><\/p>\n<p><strong><span style=\"color: #ff6600;\">16h00 \u2013 Concours des Jeunes Charpentiers<\/span><\/strong><\/p>\n<\/div>\n<\/div>\n\n\n<p class=\"p1\"><em><span class=\"s1\">*Ce programme peut \u00eatre soumis \u00e0 modification.<\/span><\/em><\/p>\n<p class=\"p1\"><span class=\"s1\">Un \u00e9v\u00e9nement organis\u00e9 par&nbsp;<a href=\"http:\/\/editions-des-halles.com\/\" target=\"_blank\" rel=\"noopener noreferrer\">\u00c9ditions des Halles<\/a>&nbsp;et&nbsp;<a href=\"https:\/\/www.eurobois.net\/\" target=\"_blank\" rel=\"noopener noreferrer\">Eurobois<\/a>, avec le soutien de l\u2019interprofession nationale&nbsp;<a href=\"https:\/\/franceboisforet.fr\/\" target=\"_blank\" rel=\"noopener noreferrer\">France Bois For\u00eat<\/a>&nbsp;et en partenariat avec&nbsp;<a href=\"https:\/\/www.woodsurfer.com\/\" target=\"_blank\" rel=\"noopener noreferrer\">Wood Surfer<\/a>&nbsp;et L\u2019Atelier Bois.<\/span><\/p>\n<p class=\"p1\"><span class=\"s1\">Suivez toute l\u2019actualit\u00e9 du plateau TV sur Twitter avec&nbsp;<a href=\"https:\/\/twitter.com\/bati_journalTV\" target=\"_blank\" rel=\"noopener noreferrer\">@bati_journalTV<\/a><\/span><\/p>","protected":false},"excerpt":{"rendered":"<p>\u00c0 l\u2019occasion du salon Eurobois \u00e0 Lyon, \u00c9ditions des Halles, r\u00e9alise en partenariat avec les organisateurs de l\u2019\u00e9v\u00e9nement et avec le soutien de l\u2019Interprofession nationale France Bois For\u00eat une nouvelle \u00e9dition du plateau Bati-Journal.TV. Ce plateau TV, anim\u00e9 par le journaliste St\u00e9phane Miget (r\u00e9dacteur en chef de\u00a0Plan\u00e8te B\u00e2timent\u00a0et\u00a05fa\u00e7ades), sera situ\u00e9 au coeur du salon Eurobois. [&hellip;]<\/p>\n","protected":false},"author":1,"featured_media":103646,"comment_status":"closed","ping_status":"closed","sticky":false,"template":"","format":"standard","meta":{"_et_pb_use_builder":"","_et_pb_old_content":"","_et_gb_content_width":"","footnotes":""},"categories":[10530,11200,9192,10769,10764],"tags":[12793],"class_list":["post-103645","post","type-post","status-publish","format-standard","has-post-thumbnail","hentry","category-actualites","category-batijournal-tv","category-evenements","category-publications","category-woodsurfer","tag-eurobois-2020"],"yoast_head":"<!-- This site is optimized with the Yoast SEO plugin v27.4 - https:\/\/yoast.com\/product\/yoast-seo-wordpress\/ -->\n<title>Bati-Journal TV vous donne rendez-vous \u00e0 Eurobois du 04 au 07 f\u00e9vrier 2020 !<\/title>\n<meta name=\"robots\" content=\"index, follow, max-snippet:-1, max-image-preview:large, max-video-preview:-1\" \/>\n<link rel=\"canonical\" href=\"https:\/\/batijournal.com\/index.php\/batijournal-tv-eurobois\/103645\/\" \/>\n<meta property=\"og:locale\" content=\"fr_FR\" \/>\n<meta property=\"og:type\" content=\"article\" \/>\n<meta property=\"og:title\" content=\"Bati-Journal TV vous donne rendez-vous \u00e0 Eurobois du 04 au 07 f\u00e9vrier 2020 !\" \/>\n<meta property=\"og:description\" content=\"\u00c0 l\u2019occasion du salon Eurobois \u00e0 Lyon, \u00c9ditions des Halles, r\u00e9alise en partenariat avec les organisateurs de l\u2019\u00e9v\u00e9nement et avec le soutien de l\u2019Interprofession nationale France Bois For\u00eat une nouvelle \u00e9dition du plateau Bati-Journal.TV. Ce plateau TV, anim\u00e9 par le journaliste St\u00e9phane Miget (r\u00e9dacteur en chef de\u00a0Plan\u00e8te B\u00e2timent\u00a0et\u00a05fa\u00e7ades), sera situ\u00e9 au coeur du salon Eurobois. [&hellip;]\" \/>\n<meta property=\"og:url\" content=\"https:\/\/batijournal.com\/index.php\/batijournal-tv-eurobois\/103645\/\" \/>\n<meta property=\"og:site_name\" content=\"Batijournal\" \/>\n<meta property=\"article:published_time\" content=\"2020-01-27T10:06:12+00:00\" \/>\n<meta property=\"article:modified_time\" content=\"2020-01-28T13:55:21+00:00\" \/>\n<meta property=\"og:image\" content=\"https:\/\/batijournal.com\/wp-content\/uploads\/2020\/01\/slide-eurobois-2020-.jpg\" \/>\n\t<meta property=\"og:image:width\" content=\"1200\" \/>\n\t<meta property=\"og:image:height\" content=\"629\" \/>\n\t<meta property=\"og:image:type\" content=\"image\/jpeg\" \/>\n<meta name=\"author\" content=\"Bati-journal\" \/>\n<meta name=\"twitter:card\" content=\"summary_large_image\" \/>\n<meta name=\"twitter:creator\" content=\"@bati_journal\" \/>\n<meta name=\"twitter:site\" content=\"@bati_journal\" \/>\n<meta name=\"twitter:label1\" content=\"\u00c9crit par\" \/>\n\t<meta name=\"twitter:data1\" content=\"Bati-journal\" \/>\n\t<meta name=\"twitter:label2\" content=\"Dur\u00e9e de lecture estim\u00e9e\" \/>\n\t<meta name=\"twitter:data2\" content=\"3 minutes\" \/>\n<script type=\"application\/ld+json\" class=\"yoast-schema-graph\">{\"@context\":\"https:\\\/\\\/schema.org\",\"@graph\":[{\"@type\":\"Article\",\"@id\":\"https:\\\/\\\/batijournal.com\\\/index.php\\\/batijournal-tv-eurobois\\\/103645\\\/#article\",\"isPartOf\":{\"@id\":\"https:\\\/\\\/batijournal.com\\\/index.php\\\/batijournal-tv-eurobois\\\/103645\\\/\"},\"author\":{\"name\":\"Bati-journal\",\"@id\":\"https:\\\/\\\/batijournal.com\\\/#\\\/schema\\\/person\\\/6a657e8967569e1b299972574848aa76\"},\"headline\":\"Bati-Journal TV vous donne rendez-vous \u00e0 Eurobois du 04 au 07 f\u00e9vrier 2020 !\",\"datePublished\":\"2020-01-27T10:06:12+00:00\",\"dateModified\":\"2020-01-28T13:55:21+00:00\",\"mainEntityOfPage\":{\"@id\":\"https:\\\/\\\/batijournal.com\\\/index.php\\\/batijournal-tv-eurobois\\\/103645\\\/\"},\"wordCount\":581,\"image\":{\"@id\":\"https:\\\/\\\/batijournal.com\\\/index.php\\\/batijournal-tv-eurobois\\\/103645\\\/#primaryimage\"},\"thumbnailUrl\":\"https:\\\/\\\/batijournal.com\\\/wp-content\\\/uploads\\\/2020\\\/01\\\/slide-eurobois-2020-.jpg\",\"keywords\":[\"eurobois 2020\"],\"articleSection\":[\"Actualit\u00e9s\",\"batijournal TV\",\"\u00c9v\u00e9nements\",\"zz_Actualit\u00e9s - Woodsurfer\",\"zz_Woodsurfer\"],\"inLanguage\":\"fr-FR\"},{\"@type\":\"WebPage\",\"@id\":\"https:\\\/\\\/batijournal.com\\\/index.php\\\/batijournal-tv-eurobois\\\/103645\\\/\",\"url\":\"https:\\\/\\\/batijournal.com\\\/index.php\\\/batijournal-tv-eurobois\\\/103645\\\/\",\"name\":\"Bati-Journal TV vous donne rendez-vous \u00e0 Eurobois du 04 au 07 f\u00e9vrier 2020 !\",\"isPartOf\":{\"@id\":\"https:\\\/\\\/batijournal.com\\\/#website\"},\"primaryImageOfPage\":{\"@id\":\"https:\\\/\\\/batijournal.com\\\/index.php\\\/batijournal-tv-eurobois\\\/103645\\\/#primaryimage\"},\"image\":{\"@id\":\"https:\\\/\\\/batijournal.com\\\/index.php\\\/batijournal-tv-eurobois\\\/103645\\\/#primaryimage\"},\"thumbnailUrl\":\"https:\\\/\\\/batijournal.com\\\/wp-content\\\/uploads\\\/2020\\\/01\\\/slide-eurobois-2020-.jpg\",\"datePublished\":\"2020-01-27T10:06:12+00:00\",\"dateModified\":\"2020-01-28T13:55:21+00:00\",\"author\":{\"@id\":\"https:\\\/\\\/batijournal.com\\\/#\\\/schema\\\/person\\\/6a657e8967569e1b299972574848aa76\"},\"breadcrumb\":{\"@id\":\"https:\\\/\\\/batijournal.com\\\/index.php\\\/batijournal-tv-eurobois\\\/103645\\\/#breadcrumb\"},\"inLanguage\":\"fr-FR\",\"potentialAction\":[{\"@type\":\"ReadAction\",\"target\":[\"https:\\\/\\\/batijournal.com\\\/index.php\\\/batijournal-tv-eurobois\\\/103645\\\/\"]}]},{\"@type\":\"ImageObject\",\"inLanguage\":\"fr-FR\",\"@id\":\"https:\\\/\\\/batijournal.com\\\/index.php\\\/batijournal-tv-eurobois\\\/103645\\\/#primaryimage\",\"url\":\"https:\\\/\\\/batijournal.com\\\/wp-content\\\/uploads\\\/2020\\\/01\\\/slide-eurobois-2020-.jpg\",\"contentUrl\":\"https:\\\/\\\/batijournal.com\\\/wp-content\\\/uploads\\\/2020\\\/01\\\/slide-eurobois-2020-.jpg\",\"width\":1200,\"height\":629},{\"@type\":\"BreadcrumbList\",\"@id\":\"https:\\\/\\\/batijournal.com\\\/index.php\\\/batijournal-tv-eurobois\\\/103645\\\/#breadcrumb\",\"itemListElement\":[{\"@type\":\"ListItem\",\"position\":1,\"name\":\"Accueil\",\"item\":\"https:\\\/\\\/batijournal.com\\\/\"},{\"@type\":\"ListItem\",\"position\":2,\"name\":\"Actualit\u00e9s\",\"item\":\"https:\\\/\\\/batijournal.com\\\/index.php\\\/category\\\/actualites\\\/\"},{\"@type\":\"ListItem\",\"position\":3,\"name\":\"Bati-Journal TV vous donne rendez-vous \u00e0 Eurobois du 04 au 07 f\u00e9vrier 2020 !\"}]},{\"@type\":\"WebSite\",\"@id\":\"https:\\\/\\\/batijournal.com\\\/#website\",\"url\":\"https:\\\/\\\/batijournal.com\\\/\",\"name\":\"Batijournal\",\"description\":\"L&#039;actualit\u00e9 du b\u00e2timent\",\"potentialAction\":[{\"@type\":\"SearchAction\",\"target\":{\"@type\":\"EntryPoint\",\"urlTemplate\":\"https:\\\/\\\/batijournal.com\\\/?s={search_term_string}\"},\"query-input\":{\"@type\":\"PropertyValueSpecification\",\"valueRequired\":true,\"valueName\":\"search_term_string\"}}],\"inLanguage\":\"fr-FR\"},{\"@type\":\"Person\",\"@id\":\"https:\\\/\\\/batijournal.com\\\/#\\\/schema\\\/person\\\/6a657e8967569e1b299972574848aa76\",\"name\":\"Bati-journal\",\"image\":{\"@type\":\"ImageObject\",\"inLanguage\":\"fr-FR\",\"@id\":\"https:\\\/\\\/secure.gravatar.com\\\/avatar\\\/a64364ea26392f9b4dd47e017ddaec74ff03aefc073b49e492e847201258f777?s=96&d=mm&r=g\",\"url\":\"https:\\\/\\\/secure.gravatar.com\\\/avatar\\\/a64364ea26392f9b4dd47e017ddaec74ff03aefc073b49e492e847201258f777?s=96&d=mm&r=g\",\"contentUrl\":\"https:\\\/\\\/secure.gravatar.com\\\/avatar\\\/a64364ea26392f9b4dd47e017ddaec74ff03aefc073b49e492e847201258f777?s=96&d=mm&r=g\",\"caption\":\"Bati-journal\"},\"url\":\"https:\\\/\\\/batijournal.com\\\/index.php\\\/author\\\/elodie\\\/\"}]}<\/script>\n<!-- \/ Yoast SEO plugin. -->","yoast_head_json":{"title":"Bati-Journal TV vous donne rendez-vous \u00e0 Eurobois du 04 au 07 f\u00e9vrier 2020 !","robots":{"index":"index","follow":"follow","max-snippet":"max-snippet:-1","max-image-preview":"max-image-preview:large","max-video-preview":"max-video-preview:-1"},"canonical":"https:\/\/batijournal.com\/index.php\/batijournal-tv-eurobois\/103645\/","og_locale":"fr_FR","og_type":"article","og_title":"Bati-Journal TV vous donne rendez-vous \u00e0 Eurobois du 04 au 07 f\u00e9vrier 2020 !","og_description":"\u00c0 l\u2019occasion du salon Eurobois \u00e0 Lyon, \u00c9ditions des Halles, r\u00e9alise en partenariat avec les organisateurs de l\u2019\u00e9v\u00e9nement et avec le soutien de l\u2019Interprofession nationale France Bois For\u00eat une nouvelle \u00e9dition du plateau Bati-Journal.TV. Ce plateau TV, anim\u00e9 par le journaliste St\u00e9phane Miget (r\u00e9dacteur en chef de\u00a0Plan\u00e8te B\u00e2timent\u00a0et\u00a05fa\u00e7ades), sera situ\u00e9 au coeur du salon Eurobois. [&hellip;]","og_url":"https:\/\/batijournal.com\/index.php\/batijournal-tv-eurobois\/103645\/","og_site_name":"Batijournal","article_published_time":"2020-01-27T10:06:12+00:00","article_modified_time":"2020-01-28T13:55:21+00:00","og_image":[{"width":1200,"height":629,"url":"https:\/\/batijournal.com\/wp-content\/uploads\/2020\/01\/slide-eurobois-2020-.jpg","type":"image\/jpeg"}],"author":"Bati-journal","twitter_card":"summary_large_image","twitter_creator":"@bati_journal","twitter_site":"@bati_journal","twitter_misc":{"\u00c9crit par":"Bati-journal","Dur\u00e9e de lecture estim\u00e9e":"3 minutes"},"schema":{"@context":"https:\/\/schema.org","@graph":[{"@type":"Article","@id":"https:\/\/batijournal.com\/index.php\/batijournal-tv-eurobois\/103645\/#article","isPartOf":{"@id":"https:\/\/batijournal.com\/index.php\/batijournal-tv-eurobois\/103645\/"},"author":{"name":"Bati-journal","@id":"https:\/\/batijournal.com\/#\/schema\/person\/6a657e8967569e1b299972574848aa76"},"headline":"Bati-Journal TV vous donne rendez-vous \u00e0 Eurobois du 04 au 07 f\u00e9vrier 2020 !","datePublished":"2020-01-27T10:06:12+00:00","dateModified":"2020-01-28T13:55:21+00:00","mainEntityOfPage":{"@id":"https:\/\/batijournal.com\/index.php\/batijournal-tv-eurobois\/103645\/"},"wordCount":581,"image":{"@id":"https:\/\/batijournal.com\/index.php\/batijournal-tv-eurobois\/103645\/#primaryimage"},"thumbnailUrl":"https:\/\/batijournal.com\/wp-content\/uploads\/2020\/01\/slide-eurobois-2020-.jpg","keywords":["eurobois 2020"],"articleSection":["Actualit\u00e9s","batijournal TV","\u00c9v\u00e9nements","zz_Actualit\u00e9s - Woodsurfer","zz_Woodsurfer"],"inLanguage":"fr-FR"},{"@type":"WebPage","@id":"https:\/\/batijournal.com\/index.php\/batijournal-tv-eurobois\/103645\/","url":"https:\/\/batijournal.com\/index.php\/batijournal-tv-eurobois\/103645\/","name":"Bati-Journal TV vous donne rendez-vous \u00e0 Eurobois du 04 au 07 f\u00e9vrier 2020 !","isPartOf":{"@id":"https:\/\/batijournal.com\/#website"},"primaryImageOfPage":{"@id":"https:\/\/batijournal.com\/index.php\/batijournal-tv-eurobois\/103645\/#primaryimage"},"image":{"@id":"https:\/\/batijournal.com\/index.php\/batijournal-tv-eurobois\/103645\/#primaryimage"},"thumbnailUrl":"https:\/\/batijournal.com\/wp-content\/uploads\/2020\/01\/slide-eurobois-2020-.jpg","datePublished":"2020-01-27T10:06:12+00:00","dateModified":"2020-01-28T13:55:21+00:00","author":{"@id":"https:\/\/batijournal.com\/#\/schema\/person\/6a657e8967569e1b299972574848aa76"},"breadcrumb":{"@id":"https:\/\/batijournal.com\/index.php\/batijournal-tv-eurobois\/103645\/#breadcrumb"},"inLanguage":"fr-FR","potentialAction":[{"@type":"ReadAction","target":["https:\/\/batijournal.com\/index.php\/batijournal-tv-eurobois\/103645\/"]}]},{"@type":"ImageObject","inLanguage":"fr-FR","@id":"https:\/\/batijournal.com\/index.php\/batijournal-tv-eurobois\/103645\/#primaryimage","url":"https:\/\/batijournal.com\/wp-content\/uploads\/2020\/01\/slide-eurobois-2020-.jpg","contentUrl":"https:\/\/batijournal.com\/wp-content\/uploads\/2020\/01\/slide-eurobois-2020-.jpg","width":1200,"height":629},{"@type":"BreadcrumbList","@id":"https:\/\/batijournal.com\/index.php\/batijournal-tv-eurobois\/103645\/#breadcrumb","itemListElement":[{"@type":"ListItem","position":1,"name":"Accueil","item":"https:\/\/batijournal.com\/"},{"@type":"ListItem","position":2,"name":"Actualit\u00e9s","item":"https:\/\/batijournal.com\/index.php\/category\/actualites\/"},{"@type":"ListItem","position":3,"name":"Bati-Journal TV vous donne rendez-vous \u00e0 Eurobois du 04 au 07 f\u00e9vrier 2020 !"}]},{"@type":"WebSite","@id":"https:\/\/batijournal.com\/#website","url":"https:\/\/batijournal.com\/","name":"Batijournal","description":"L&#039;actualit\u00e9 du b\u00e2timent","potentialAction":[{"@type":"SearchAction","target":{"@type":"EntryPoint","urlTemplate":"https:\/\/batijournal.com\/?s={search_term_string}"},"query-input":{"@type":"PropertyValueSpecification","valueRequired":true,"valueName":"search_term_string"}}],"inLanguage":"fr-FR"},{"@type":"Person","@id":"https:\/\/batijournal.com\/#\/schema\/person\/6a657e8967569e1b299972574848aa76","name":"Bati-journal","image":{"@type":"ImageObject","inLanguage":"fr-FR","@id":"https:\/\/secure.gravatar.com\/avatar\/a64364ea26392f9b4dd47e017ddaec74ff03aefc073b49e492e847201258f777?s=96&d=mm&r=g","url":"https:\/\/secure.gravatar.com\/avatar\/a64364ea26392f9b4dd47e017ddaec74ff03aefc073b49e492e847201258f777?s=96&d=mm&r=g","contentUrl":"https:\/\/secure.gravatar.com\/avatar\/a64364ea26392f9b4dd47e017ddaec74ff03aefc073b49e492e847201258f777?s=96&d=mm&r=g","caption":"Bati-journal"},"url":"https:\/\/batijournal.com\/index.php\/author\/elodie\/"}]}},"_links":{"self":[{"href":"https:\/\/batijournal.com\/index.php\/wp-json\/wp\/v2\/posts\/103645","targetHints":{"allow":["GET"]}}],"collection":[{"href":"https:\/\/batijournal.com\/index.php\/wp-json\/wp\/v2\/posts"}],"about":[{"href":"https:\/\/batijournal.com\/index.php\/wp-json\/wp\/v2\/types\/post"}],"author":[{"embeddable":true,"href":"https:\/\/batijournal.com\/index.php\/wp-json\/wp\/v2\/users\/1"}],"replies":[{"embeddable":true,"href":"https:\/\/batijournal.com\/index.php\/wp-json\/wp\/v2\/comments?post=103645"}],"version-history":[{"count":0,"href":"https:\/\/batijournal.com\/index.php\/wp-json\/wp\/v2\/posts\/103645\/revisions"}],"wp:featuredmedia":[{"embeddable":true,"href":"https:\/\/batijournal.com\/index.php\/wp-json\/wp\/v2\/media\/103646"}],"wp:attachment":[{"href":"https:\/\/batijournal.com\/index.php\/wp-json\/wp\/v2\/media?parent=103645"}],"wp:term":[{"taxonomy":"category","embeddable":true,"href":"https:\/\/batijournal.com\/index.php\/wp-json\/wp\/v2\/categories?post=103645"},{"taxonomy":"post_tag","embeddable":true,"href":"https:\/\/batijournal.com\/index.php\/wp-json\/wp\/v2\/tags?post=103645"}],"curies":[{"name":"wp","href":"https:\/\/api.w.org\/{rel}","templated":true}]}}