{"id":103649,"date":"2020-01-28T09:09:38","date_gmt":"2020-01-28T08:09:38","guid":{"rendered":"https:\/\/batijournal.com\/?p=103649"},"modified":"2020-01-28T09:09:40","modified_gmt":"2020-01-28T08:09:40","slug":"programmation-pluriannuelle-de-lenergie-de-la-visibilite-mais-le-developpement-de-certaines-filieres-est-compromis","status":"publish","type":"post","link":"https:\/\/batijournal.com\/index.php\/programmation-pluriannuelle-de-lenergie-de-la-visibilite-mais-le-developpement-de-certaines-filieres-est-compromis\/103649\/","title":{"rendered":"Programmation pluriannuelle de l\u2019Energie : de la visibilit\u00e9, mais le d\u00e9veloppement de certaines fili\u00e8res est compromis"},"content":{"rendered":"\n<p>Le Gouvernement a pr\u00e9sent\u00e9, ce 20 janvier, un projet r\u00e9vis\u00e9 de Programmation pluriannuelle de l\u2019Energie (PPE), qui est soumis \u00e0 la consultation publique jusqu\u2019au 19 f\u00e9vrier prochain. V\u00e9ritable feuille de route \u00e9nerg\u00e9tique de la France pour les dix prochaines ann\u00e9es, ce texte va permettre d\u2019acc\u00e9l\u00e9rer le d\u00e9ploiement des \u00e9nergies renouvelables mais devra \u00eatre accompagn\u00e9 de nouvelles mesures.<\/p>\n\n\n\n<p>Parmi les points positifs, le texte trace des perspectives ambitieuses de d\u00e9veloppement de la chaleur renouvelable, ce qui marque l\u2019importance de ce secteur dans la strat\u00e9gie de d\u00e9carbonation de notre mix \u00e9nerg\u00e9tique. Dans un contexte de gel de l\u2019\u00e9volution de la trajectoire de la taxe carbone, le Syndicat des \u00e9nergies renouvelables (SER) se f\u00e9licite de la stabilisation du Fonds Chaleur \u00e0 350 M\u20ac \u00e0 partir de 2022 si aucune \u00e9volution de la fiscalit\u00e9 carbone n\u2019intervient d\u2019ici l\u00e0. De la m\u00eame mani\u00e8re, la PPE confirme que les biocarburants de premi\u00e8re g\u00e9n\u00e9ration resteront un levier essentiel de d\u00e9carbonation du secteur des transports. La PPE permettra aussi aux fili\u00e8res \u00e9lectriques de poursuivre leur dynamique de d\u00e9veloppement, avec des rythmes de 1 850 MW par an pour l\u2019\u00e9olien terrestre et de pr\u00e8s de 3 000 MW par an pour le solaire photovolta\u00efque. La contribution de l\u2019hydro\u00e9lectricit\u00e9 restera, quant \u00e0 elle, essentielle, avec des marges de progression plus limit\u00e9es mais r\u00e9elles et clairement identifi\u00e9es.<\/p>\n\n\n\n<p>Pour la fili\u00e8re du gaz renouvelable, la version r\u00e9vis\u00e9e de la PPE est une d\u00e9ception. Le SER regrette que le projet r\u00e9vis\u00e9 maintienne un objectif de 6 TWh de biogaz inject\u00e9 en 2023, ce qui repr\u00e9sente un recul par rapport \u00e0 la PPE actuellement en vigueur. En l\u2019\u00e9tat, la PPE est donc d\u00e9corr\u00e9l\u00e9e de la dynamique observ\u00e9e sur le terrain, o\u00f9 les projets se d\u00e9veloppent rapidement. En parall\u00e8le, la trajectoire de baisse des co\u00fbts pour les projets qui seront d\u00e9velopp\u00e9s \u00e0 travers les appels d\u2019offres reste trop brutale et risque de compromette le d\u00e9veloppement des projets futurs. <\/p>\n\n\n\n<p>La PPE repr\u00e9sente par ailleurs une v\u00e9ritable occasion manqu\u00e9e pour deux fili\u00e8res d\u00e9sormais condamn\u00e9es par l\u2019absence de perspectives de d\u00e9veloppement. <em>\u00ab Avec la non-poursuite des projets de cog\u00e9n\u00e9ration bois, la France se prive \u00e0 la fois d\u2019un moyen efficace de lutte contre le changement climatique et d\u2019un levier important pour structurer l\u2019amont de la fili\u00e8re foresti\u00e8re. Et avec l\u2019absence de soutien \u00e0 la g\u00e9othermie \u00e9lectrique dispara\u00eet \u00e9galement la possibilit\u00e9 de d\u00e9velopper une fili\u00e8re de production locale de lithium, et cela au moment pr\u00e9cis o\u00f9 la France souhaite jouer un r\u00f4le de premier plan dans le d\u00e9veloppement d\u2019un outil industriel pour les batteries \u00bb<\/em> regrette Jean-Louis Bal, pr\u00e9sident du SER.<\/p>\n\n\n\n<p>Source : SER<\/p>\n","protected":false},"excerpt":{"rendered":"<p>Le Gouvernement a pr\u00e9sent\u00e9, ce 20 janvier, un projet r\u00e9vis\u00e9 de Programmation pluriannuelle de l\u2019Energie (PPE), qui est soumis \u00e0 la consultation publique jusqu\u2019au 19 f\u00e9vrier prochain. V\u00e9ritable feuille de route \u00e9nerg\u00e9tique de la France pour les dix prochaines ann\u00e9es, ce texte va permettre d\u2019acc\u00e9l\u00e9rer le d\u00e9ploiement des \u00e9nergies renouvelables mais devra \u00eatre accompagn\u00e9 de [&hellip;]<\/p>\n","protected":false},"author":17,"featured_media":96891,"comment_status":"closed","ping_status":"closed","sticky":false,"template":"","format":"standard","meta":{"_et_pb_use_builder":"","_et_pb_old_content":"","_et_gb_content_width":"","footnotes":""},"categories":[10530,6351,10781,10778],"tags":[8775],"class_list":["post-103649","post","type-post","status-publish","format-standard","has-post-thumbnail","hentry","category-actualites","category-energie-environnement","category-publications-planete","category-planete","tag-energie-renouvelables"],"yoast_head":"<!-- This site is optimized with the Yoast SEO plugin v27.4 - https:\/\/yoast.com\/product\/yoast-seo-wordpress\/ -->\n<title>Programmation pluriannuelle de l\u2019Energie : de la visibilit\u00e9, mais le d\u00e9veloppement de certaines fili\u00e8res est compromis<\/title>\n<meta name=\"robots\" content=\"index, follow, max-snippet:-1, max-image-preview:large, max-video-preview:-1\" \/>\n<link rel=\"canonical\" href=\"https:\/\/batijournal.com\/index.php\/programmation-pluriannuelle-de-lenergie-de-la-visibilite-mais-le-developpement-de-certaines-filieres-est-compromis\/103649\/\" \/>\n<meta property=\"og:locale\" content=\"fr_FR\" \/>\n<meta property=\"og:type\" content=\"article\" \/>\n<meta property=\"og:title\" content=\"Programmation pluriannuelle de l\u2019Energie : de la visibilit\u00e9, mais le d\u00e9veloppement de certaines fili\u00e8res est compromis\" \/>\n<meta property=\"og:description\" content=\"Le Gouvernement a pr\u00e9sent\u00e9, ce 20 janvier, un projet r\u00e9vis\u00e9 de Programmation pluriannuelle de l\u2019Energie (PPE), qui est soumis \u00e0 la consultation publique jusqu\u2019au 19 f\u00e9vrier prochain. V\u00e9ritable feuille de route \u00e9nerg\u00e9tique de la France pour les dix prochaines ann\u00e9es, ce texte va permettre d\u2019acc\u00e9l\u00e9rer le d\u00e9ploiement des \u00e9nergies renouvelables mais devra \u00eatre accompagn\u00e9 de [&hellip;]\" \/>\n<meta property=\"og:url\" content=\"https:\/\/batijournal.com\/index.php\/programmation-pluriannuelle-de-lenergie-de-la-visibilite-mais-le-developpement-de-certaines-filieres-est-compromis\/103649\/\" \/>\n<meta property=\"og:site_name\" content=\"Batijournal\" \/>\n<meta property=\"article:published_time\" content=\"2020-01-28T08:09:38+00:00\" \/>\n<meta property=\"article:modified_time\" content=\"2020-01-28T08:09:40+00:00\" \/>\n<meta property=\"og:image\" content=\"https:\/\/batijournal.com\/wp-content\/uploads\/2017\/09\/buches-bois-de-chauffage.jpg\" \/>\n\t<meta property=\"og:image:width\" content=\"1200\" \/>\n\t<meta property=\"og:image:height\" content=\"800\" \/>\n\t<meta property=\"og:image:type\" content=\"image\/jpeg\" \/>\n<meta name=\"author\" content=\"St\u00e9phane Miget\" \/>\n<meta name=\"twitter:card\" content=\"summary_large_image\" \/>\n<meta name=\"twitter:creator\" content=\"@bati_journal\" \/>\n<meta name=\"twitter:site\" content=\"@bati_journal\" \/>\n<meta name=\"twitter:label1\" content=\"\u00c9crit par\" \/>\n\t<meta name=\"twitter:data1\" content=\"St\u00e9phane Miget\" \/>\n\t<meta name=\"twitter:label2\" content=\"Dur\u00e9e de lecture estim\u00e9e\" \/>\n\t<meta name=\"twitter:data2\" content=\"2 minutes\" \/>\n<script type=\"application\/ld+json\" class=\"yoast-schema-graph\">{\"@context\":\"https:\\\/\\\/schema.org\",\"@graph\":[{\"@type\":\"Article\",\"@id\":\"https:\\\/\\\/batijournal.com\\\/index.php\\\/programmation-pluriannuelle-de-lenergie-de-la-visibilite-mais-le-developpement-de-certaines-filieres-est-compromis\\\/103649\\\/#article\",\"isPartOf\":{\"@id\":\"https:\\\/\\\/batijournal.com\\\/index.php\\\/programmation-pluriannuelle-de-lenergie-de-la-visibilite-mais-le-developpement-de-certaines-filieres-est-compromis\\\/103649\\\/\"},\"author\":{\"name\":\"St\u00e9phane Miget\",\"@id\":\"https:\\\/\\\/batijournal.com\\\/#\\\/schema\\\/person\\\/1dc96ec6957aa1ccb25ebe78bb19f100\"},\"headline\":\"Programmation pluriannuelle de l\u2019Energie : de la visibilit\u00e9, mais le d\u00e9veloppement de certaines fili\u00e8res est compromis\",\"datePublished\":\"2020-01-28T08:09:38+00:00\",\"dateModified\":\"2020-01-28T08:09:40+00:00\",\"mainEntityOfPage\":{\"@id\":\"https:\\\/\\\/batijournal.com\\\/index.php\\\/programmation-pluriannuelle-de-lenergie-de-la-visibilite-mais-le-developpement-de-certaines-filieres-est-compromis\\\/103649\\\/\"},\"wordCount\":502,\"image\":{\"@id\":\"https:\\\/\\\/batijournal.com\\\/index.php\\\/programmation-pluriannuelle-de-lenergie-de-la-visibilite-mais-le-developpement-de-certaines-filieres-est-compromis\\\/103649\\\/#primaryimage\"},\"thumbnailUrl\":\"https:\\\/\\\/batijournal.com\\\/wp-content\\\/uploads\\\/2017\\\/09\\\/buches-bois-de-chauffage.jpg\",\"keywords\":[\"energie renouvelables\"],\"articleSection\":[\"Actualit\u00e9s\",\"\u00c9nergie &amp; Environnement\",\"zz_Actualit\u00e9s - Plan\u00e8te\",\"zz_Plan\u00e8te B\u00e2timent\"],\"inLanguage\":\"fr-FR\"},{\"@type\":\"WebPage\",\"@id\":\"https:\\\/\\\/batijournal.com\\\/index.php\\\/programmation-pluriannuelle-de-lenergie-de-la-visibilite-mais-le-developpement-de-certaines-filieres-est-compromis\\\/103649\\\/\",\"url\":\"https:\\\/\\\/batijournal.com\\\/index.php\\\/programmation-pluriannuelle-de-lenergie-de-la-visibilite-mais-le-developpement-de-certaines-filieres-est-compromis\\\/103649\\\/\",\"name\":\"Programmation pluriannuelle de l\u2019Energie : de la visibilit\u00e9, mais le d\u00e9veloppement de certaines fili\u00e8res est compromis\",\"isPartOf\":{\"@id\":\"https:\\\/\\\/batijournal.com\\\/#website\"},\"primaryImageOfPage\":{\"@id\":\"https:\\\/\\\/batijournal.com\\\/index.php\\\/programmation-pluriannuelle-de-lenergie-de-la-visibilite-mais-le-developpement-de-certaines-filieres-est-compromis\\\/103649\\\/#primaryimage\"},\"image\":{\"@id\":\"https:\\\/\\\/batijournal.com\\\/index.php\\\/programmation-pluriannuelle-de-lenergie-de-la-visibilite-mais-le-developpement-de-certaines-filieres-est-compromis\\\/103649\\\/#primaryimage\"},\"thumbnailUrl\":\"https:\\\/\\\/batijournal.com\\\/wp-content\\\/uploads\\\/2017\\\/09\\\/buches-bois-de-chauffage.jpg\",\"datePublished\":\"2020-01-28T08:09:38+00:00\",\"dateModified\":\"2020-01-28T08:09:40+00:00\",\"author\":{\"@id\":\"https:\\\/\\\/batijournal.com\\\/#\\\/schema\\\/person\\\/1dc96ec6957aa1ccb25ebe78bb19f100\"},\"breadcrumb\":{\"@id\":\"https:\\\/\\\/batijournal.com\\\/index.php\\\/programmation-pluriannuelle-de-lenergie-de-la-visibilite-mais-le-developpement-de-certaines-filieres-est-compromis\\\/103649\\\/#breadcrumb\"},\"inLanguage\":\"fr-FR\",\"potentialAction\":[{\"@type\":\"ReadAction\",\"target\":[\"https:\\\/\\\/batijournal.com\\\/index.php\\\/programmation-pluriannuelle-de-lenergie-de-la-visibilite-mais-le-developpement-de-certaines-filieres-est-compromis\\\/103649\\\/\"]}]},{\"@type\":\"ImageObject\",\"inLanguage\":\"fr-FR\",\"@id\":\"https:\\\/\\\/batijournal.com\\\/index.php\\\/programmation-pluriannuelle-de-lenergie-de-la-visibilite-mais-le-developpement-de-certaines-filieres-est-compromis\\\/103649\\\/#primaryimage\",\"url\":\"https:\\\/\\\/batijournal.com\\\/wp-content\\\/uploads\\\/2017\\\/09\\\/buches-bois-de-chauffage.jpg\",\"contentUrl\":\"https:\\\/\\\/batijournal.com\\\/wp-content\\\/uploads\\\/2017\\\/09\\\/buches-bois-de-chauffage.jpg\",\"width\":1200,\"height\":800,\"caption\":\"chauffage au bois\"},{\"@type\":\"BreadcrumbList\",\"@id\":\"https:\\\/\\\/batijournal.com\\\/index.php\\\/programmation-pluriannuelle-de-lenergie-de-la-visibilite-mais-le-developpement-de-certaines-filieres-est-compromis\\\/103649\\\/#breadcrumb\",\"itemListElement\":[{\"@type\":\"ListItem\",\"position\":1,\"name\":\"Accueil\",\"item\":\"https:\\\/\\\/batijournal.com\\\/\"},{\"@type\":\"ListItem\",\"position\":2,\"name\":\"Actualit\u00e9s\",\"item\":\"https:\\\/\\\/batijournal.com\\\/index.php\\\/category\\\/actualites\\\/\"},{\"@type\":\"ListItem\",\"position\":3,\"name\":\"Programmation pluriannuelle de l\u2019Energie : de la visibilit\u00e9, mais le d\u00e9veloppement de certaines fili\u00e8res est compromis\"}]},{\"@type\":\"WebSite\",\"@id\":\"https:\\\/\\\/batijournal.com\\\/#website\",\"url\":\"https:\\\/\\\/batijournal.com\\\/\",\"name\":\"Batijournal\",\"description\":\"L&#039;actualit\u00e9 du b\u00e2timent\",\"potentialAction\":[{\"@type\":\"SearchAction\",\"target\":{\"@type\":\"EntryPoint\",\"urlTemplate\":\"https:\\\/\\\/batijournal.com\\\/?s={search_term_string}\"},\"query-input\":{\"@type\":\"PropertyValueSpecification\",\"valueRequired\":true,\"valueName\":\"search_term_string\"}}],\"inLanguage\":\"fr-FR\"},{\"@type\":\"Person\",\"@id\":\"https:\\\/\\\/batijournal.com\\\/#\\\/schema\\\/person\\\/1dc96ec6957aa1ccb25ebe78bb19f100\",\"name\":\"St\u00e9phane Miget\",\"image\":{\"@type\":\"ImageObject\",\"inLanguage\":\"fr-FR\",\"@id\":\"https:\\\/\\\/secure.gravatar.com\\\/avatar\\\/89915563d925342126b8ef0281b93d9d7fc337043e8df017f780908eb9644451?s=96&d=mm&r=g\",\"url\":\"https:\\\/\\\/secure.gravatar.com\\\/avatar\\\/89915563d925342126b8ef0281b93d9d7fc337043e8df017f780908eb9644451?s=96&d=mm&r=g\",\"contentUrl\":\"https:\\\/\\\/secure.gravatar.com\\\/avatar\\\/89915563d925342126b8ef0281b93d9d7fc337043e8df017f780908eb9644451?s=96&d=mm&r=g\",\"caption\":\"St\u00e9phane Miget\"},\"url\":\"https:\\\/\\\/batijournal.com\\\/index.php\\\/author\\\/stephane\\\/\"}]}<\/script>\n<!-- \/ Yoast SEO plugin. -->","yoast_head_json":{"title":"Programmation pluriannuelle de l\u2019Energie : de la visibilit\u00e9, mais le d\u00e9veloppement de certaines fili\u00e8res est compromis","robots":{"index":"index","follow":"follow","max-snippet":"max-snippet:-1","max-image-preview":"max-image-preview:large","max-video-preview":"max-video-preview:-1"},"canonical":"https:\/\/batijournal.com\/index.php\/programmation-pluriannuelle-de-lenergie-de-la-visibilite-mais-le-developpement-de-certaines-filieres-est-compromis\/103649\/","og_locale":"fr_FR","og_type":"article","og_title":"Programmation pluriannuelle de l\u2019Energie : de la visibilit\u00e9, mais le d\u00e9veloppement de certaines fili\u00e8res est compromis","og_description":"Le Gouvernement a pr\u00e9sent\u00e9, ce 20 janvier, un projet r\u00e9vis\u00e9 de Programmation pluriannuelle de l\u2019Energie (PPE), qui est soumis \u00e0 la consultation publique jusqu\u2019au 19 f\u00e9vrier prochain. V\u00e9ritable feuille de route \u00e9nerg\u00e9tique de la France pour les dix prochaines ann\u00e9es, ce texte va permettre d\u2019acc\u00e9l\u00e9rer le d\u00e9ploiement des \u00e9nergies renouvelables mais devra \u00eatre accompagn\u00e9 de [&hellip;]","og_url":"https:\/\/batijournal.com\/index.php\/programmation-pluriannuelle-de-lenergie-de-la-visibilite-mais-le-developpement-de-certaines-filieres-est-compromis\/103649\/","og_site_name":"Batijournal","article_published_time":"2020-01-28T08:09:38+00:00","article_modified_time":"2020-01-28T08:09:40+00:00","og_image":[{"width":1200,"height":800,"url":"https:\/\/batijournal.com\/wp-content\/uploads\/2017\/09\/buches-bois-de-chauffage.jpg","type":"image\/jpeg"}],"author":"St\u00e9phane Miget","twitter_card":"summary_large_image","twitter_creator":"@bati_journal","twitter_site":"@bati_journal","twitter_misc":{"\u00c9crit par":"St\u00e9phane Miget","Dur\u00e9e de lecture estim\u00e9e":"2 minutes"},"schema":{"@context":"https:\/\/schema.org","@graph":[{"@type":"Article","@id":"https:\/\/batijournal.com\/index.php\/programmation-pluriannuelle-de-lenergie-de-la-visibilite-mais-le-developpement-de-certaines-filieres-est-compromis\/103649\/#article","isPartOf":{"@id":"https:\/\/batijournal.com\/index.php\/programmation-pluriannuelle-de-lenergie-de-la-visibilite-mais-le-developpement-de-certaines-filieres-est-compromis\/103649\/"},"author":{"name":"St\u00e9phane Miget","@id":"https:\/\/batijournal.com\/#\/schema\/person\/1dc96ec6957aa1ccb25ebe78bb19f100"},"headline":"Programmation pluriannuelle de l\u2019Energie : de la visibilit\u00e9, mais le d\u00e9veloppement de certaines fili\u00e8res est compromis","datePublished":"2020-01-28T08:09:38+00:00","dateModified":"2020-01-28T08:09:40+00:00","mainEntityOfPage":{"@id":"https:\/\/batijournal.com\/index.php\/programmation-pluriannuelle-de-lenergie-de-la-visibilite-mais-le-developpement-de-certaines-filieres-est-compromis\/103649\/"},"wordCount":502,"image":{"@id":"https:\/\/batijournal.com\/index.php\/programmation-pluriannuelle-de-lenergie-de-la-visibilite-mais-le-developpement-de-certaines-filieres-est-compromis\/103649\/#primaryimage"},"thumbnailUrl":"https:\/\/batijournal.com\/wp-content\/uploads\/2017\/09\/buches-bois-de-chauffage.jpg","keywords":["energie renouvelables"],"articleSection":["Actualit\u00e9s","\u00c9nergie &amp; Environnement","zz_Actualit\u00e9s - Plan\u00e8te","zz_Plan\u00e8te B\u00e2timent"],"inLanguage":"fr-FR"},{"@type":"WebPage","@id":"https:\/\/batijournal.com\/index.php\/programmation-pluriannuelle-de-lenergie-de-la-visibilite-mais-le-developpement-de-certaines-filieres-est-compromis\/103649\/","url":"https:\/\/batijournal.com\/index.php\/programmation-pluriannuelle-de-lenergie-de-la-visibilite-mais-le-developpement-de-certaines-filieres-est-compromis\/103649\/","name":"Programmation pluriannuelle de l\u2019Energie : de la visibilit\u00e9, mais le d\u00e9veloppement de certaines fili\u00e8res est compromis","isPartOf":{"@id":"https:\/\/batijournal.com\/#website"},"primaryImageOfPage":{"@id":"https:\/\/batijournal.com\/index.php\/programmation-pluriannuelle-de-lenergie-de-la-visibilite-mais-le-developpement-de-certaines-filieres-est-compromis\/103649\/#primaryimage"},"image":{"@id":"https:\/\/batijournal.com\/index.php\/programmation-pluriannuelle-de-lenergie-de-la-visibilite-mais-le-developpement-de-certaines-filieres-est-compromis\/103649\/#primaryimage"},"thumbnailUrl":"https:\/\/batijournal.com\/wp-content\/uploads\/2017\/09\/buches-bois-de-chauffage.jpg","datePublished":"2020-01-28T08:09:38+00:00","dateModified":"2020-01-28T08:09:40+00:00","author":{"@id":"https:\/\/batijournal.com\/#\/schema\/person\/1dc96ec6957aa1ccb25ebe78bb19f100"},"breadcrumb":{"@id":"https:\/\/batijournal.com\/index.php\/programmation-pluriannuelle-de-lenergie-de-la-visibilite-mais-le-developpement-de-certaines-filieres-est-compromis\/103649\/#breadcrumb"},"inLanguage":"fr-FR","potentialAction":[{"@type":"ReadAction","target":["https:\/\/batijournal.com\/index.php\/programmation-pluriannuelle-de-lenergie-de-la-visibilite-mais-le-developpement-de-certaines-filieres-est-compromis\/103649\/"]}]},{"@type":"ImageObject","inLanguage":"fr-FR","@id":"https:\/\/batijournal.com\/index.php\/programmation-pluriannuelle-de-lenergie-de-la-visibilite-mais-le-developpement-de-certaines-filieres-est-compromis\/103649\/#primaryimage","url":"https:\/\/batijournal.com\/wp-content\/uploads\/2017\/09\/buches-bois-de-chauffage.jpg","contentUrl":"https:\/\/batijournal.com\/wp-content\/uploads\/2017\/09\/buches-bois-de-chauffage.jpg","width":1200,"height":800,"caption":"chauffage au bois"},{"@type":"BreadcrumbList","@id":"https:\/\/batijournal.com\/index.php\/programmation-pluriannuelle-de-lenergie-de-la-visibilite-mais-le-developpement-de-certaines-filieres-est-compromis\/103649\/#breadcrumb","itemListElement":[{"@type":"ListItem","position":1,"name":"Accueil","item":"https:\/\/batijournal.com\/"},{"@type":"ListItem","position":2,"name":"Actualit\u00e9s","item":"https:\/\/batijournal.com\/index.php\/category\/actualites\/"},{"@type":"ListItem","position":3,"name":"Programmation pluriannuelle de l\u2019Energie : de la visibilit\u00e9, mais le d\u00e9veloppement de certaines fili\u00e8res est compromis"}]},{"@type":"WebSite","@id":"https:\/\/batijournal.com\/#website","url":"https:\/\/batijournal.com\/","name":"Batijournal","description":"L&#039;actualit\u00e9 du b\u00e2timent","potentialAction":[{"@type":"SearchAction","target":{"@type":"EntryPoint","urlTemplate":"https:\/\/batijournal.com\/?s={search_term_string}"},"query-input":{"@type":"PropertyValueSpecification","valueRequired":true,"valueName":"search_term_string"}}],"inLanguage":"fr-FR"},{"@type":"Person","@id":"https:\/\/batijournal.com\/#\/schema\/person\/1dc96ec6957aa1ccb25ebe78bb19f100","name":"St\u00e9phane Miget","image":{"@type":"ImageObject","inLanguage":"fr-FR","@id":"https:\/\/secure.gravatar.com\/avatar\/89915563d925342126b8ef0281b93d9d7fc337043e8df017f780908eb9644451?s=96&d=mm&r=g","url":"https:\/\/secure.gravatar.com\/avatar\/89915563d925342126b8ef0281b93d9d7fc337043e8df017f780908eb9644451?s=96&d=mm&r=g","contentUrl":"https:\/\/secure.gravatar.com\/avatar\/89915563d925342126b8ef0281b93d9d7fc337043e8df017f780908eb9644451?s=96&d=mm&r=g","caption":"St\u00e9phane Miget"},"url":"https:\/\/batijournal.com\/index.php\/author\/stephane\/"}]}},"_links":{"self":[{"href":"https:\/\/batijournal.com\/index.php\/wp-json\/wp\/v2\/posts\/103649","targetHints":{"allow":["GET"]}}],"collection":[{"href":"https:\/\/batijournal.com\/index.php\/wp-json\/wp\/v2\/posts"}],"about":[{"href":"https:\/\/batijournal.com\/index.php\/wp-json\/wp\/v2\/types\/post"}],"author":[{"embeddable":true,"href":"https:\/\/batijournal.com\/index.php\/wp-json\/wp\/v2\/users\/17"}],"replies":[{"embeddable":true,"href":"https:\/\/batijournal.com\/index.php\/wp-json\/wp\/v2\/comments?post=103649"}],"version-history":[{"count":0,"href":"https:\/\/batijournal.com\/index.php\/wp-json\/wp\/v2\/posts\/103649\/revisions"}],"wp:featuredmedia":[{"embeddable":true,"href":"https:\/\/batijournal.com\/index.php\/wp-json\/wp\/v2\/media\/96891"}],"wp:attachment":[{"href":"https:\/\/batijournal.com\/index.php\/wp-json\/wp\/v2\/media?parent=103649"}],"wp:term":[{"taxonomy":"category","embeddable":true,"href":"https:\/\/batijournal.com\/index.php\/wp-json\/wp\/v2\/categories?post=103649"},{"taxonomy":"post_tag","embeddable":true,"href":"https:\/\/batijournal.com\/index.php\/wp-json\/wp\/v2\/tags?post=103649"}],"curies":[{"name":"wp","href":"https:\/\/api.w.org\/{rel}","templated":true}]}}