{"id":103662,"date":"2020-01-29T08:45:54","date_gmt":"2020-01-29T07:45:54","guid":{"rendered":"https:\/\/batijournal.com\/?p=103662"},"modified":"2020-01-29T08:45:56","modified_gmt":"2020-01-29T07:45:56","slug":"onze-nouvelles-maisons-des-illustres","status":"publish","type":"post","link":"https:\/\/batijournal.com\/index.php\/onze-nouvelles-maisons-des-illustres\/103662\/","title":{"rendered":"Onze nouvelles Maisons des Illustres"},"content":{"rendered":"\n<p>Le minist\u00e8re de la Culture a cr\u00e9\u00e9 le label Maisons des Illustres en 2011. La neuvi\u00e8me campagne de labellisation a eu lieu en novembre 2019.<\/p>\n\n\n\n<p>Le label est attribu\u00e9 aux maisons qui conservent et transmettent la m\u00e9moire de femmes et d\u2019hommes qui les ont habit\u00e9es et se sont illustr\u00e9s dans l\u2019histoire politique, sociale et culturelle de la France, dans le respect des valeurs de la R\u00e9publique fran\u00e7aise. Elles font le lien entre histoire locale et histoire nationale, saisie de l&rsquo;intime et grand r\u00e9cit, h\u00e9ritages transmis et cr\u00e9ation artistique.<\/p>\n\n\n\n<p>Ces maisons ouvrent leurs portes aux visiteurs au moins quarante jours par an, pr\u00e9sentent un programme culturel adapt\u00e9 \u00e0 tous les publics, et certaines sont accessibles aux personnes en situation de handicap. Le label participe ainsi au projet d&rsquo;\u00e9ducation artistique et culturelle et de d\u00e9mocratisation culturelle par un patrimoine de proximit\u00e9 au c\u0153ur des territoires. Il s\u2019inscrit aussi dans les r\u00e9seaux g\u00e9r\u00e9s par le minist\u00e8re de la Culture : Mus\u00e9es de France, Villes et Pays d&rsquo;art et d&rsquo;histoire, Jardins remarquables, Patrimoine europ\u00e9en, Architecture contemporaine remarquable.<\/p>\n\n\n\n<p>11 nouvelles maisons ont \u00e9t\u00e9 labellis\u00e9es en 2019 :<\/p>\n\n\n\n<ul class=\"wp-block-list\"><li>La Maison de Marie No\u00ebl, \u00e0 Auxerre (89, Yonne), Bourgogne-Franche-Comt\u00e9 ;<\/li><li>Le Mus\u00e9e des \u00e9maux et de la mosa\u00efque, ancienne demeure de Jean-F\u00e9lix Bapterosses, \u00e0 Briare (45, Loiret), Centre-Val de Loire ;<\/li><li>La Maison Verlaine, \u00e0 Metz (57, Moselle), Grand Est ;<\/li><li>Le Ch\u00e2teau d\u2019Edouard Salin, \u00e0 Laneuville-devant-Nancy (54, Meurthe et Moselle), Grand Est ;<\/li><li>Mus\u00e9e Yves-Saint-Laurent, \u00e0 Paris (75, Paris), \u00cele-de-France ;<\/li><li>Mus\u00e9e Jean-Jacques Henner \u2013 Guillaume Dubufe, \u00e0 Paris, (75, Paris), \u00cele-de-France ;<\/li><li>Atelier Chana Orloff, \u00e0 Paris (75, Paris), \u00cele-de-France ;<\/li><li>Maison Jeanne d\u2019Albret, \u00e0 Orthez (64, Pyr\u00e9n\u00e9es-Atlantiques), Nouvelle Aquitaine ;<\/li><li>Villa Antonine, \u00e0 B\u00e9ziers (34, H\u00e9rault), Occitanie ;<\/li><li>H\u00f4tel Fayet, \u00e0 B\u00e9ziers (34, H\u00e9rault), Occitanie ;<\/li><li>Villa \u00ab Les Lauriers Roses \u00bb &#8211; mus\u00e9e Jean Aicard-Paulin Bertrand, \u00e0 La Garde (83, Var), Provence-Alpes-C\u00f4te d\u2019Azur.<\/li><\/ul>\n\n\n\n<p>Le r\u00e9seau compte d\u00e9sormais 245 lieux labellis\u00e9s. Pour l\u2019ann\u00e9e 2018, on estime les entr\u00e9es \u00e0 3,3 millions pour 162 sites ouverts \u00e0 la visite.<\/p>\n","protected":false},"excerpt":{"rendered":"<p>Le minist\u00e8re de la Culture a cr\u00e9\u00e9 le label Maisons des Illustres en 2011. La neuvi\u00e8me campagne de labellisation a eu lieu en novembre 2019. Le label est attribu\u00e9 aux maisons qui conservent et transmettent la m\u00e9moire de femmes et d\u2019hommes qui les ont habit\u00e9es et se sont illustr\u00e9s dans l\u2019histoire politique, sociale et culturelle [&hellip;]<\/p>\n","protected":false},"author":17,"featured_media":103663,"comment_status":"closed","ping_status":"closed","sticky":false,"template":"","format":"standard","meta":{"_et_pb_use_builder":"","_et_pb_old_content":"","_et_gb_content_width":"","footnotes":""},"categories":[10530,6345,10789,10785],"tags":[8393],"class_list":["post-103662","post","type-post","status-publish","format-standard","has-post-thumbnail","hentry","category-actualites","category-economie-marches","category-publications-atrium","category-atrium","tag-les-maisons-des-illustres"],"yoast_head":"<!-- This site is optimized with the Yoast SEO plugin v27.4 - https:\/\/yoast.com\/product\/yoast-seo-wordpress\/ -->\n<title>Onze nouvelles Maisons des Illustres<\/title>\n<meta name=\"robots\" content=\"index, follow, max-snippet:-1, max-image-preview:large, max-video-preview:-1\" \/>\n<link rel=\"canonical\" href=\"https:\/\/batijournal.com\/index.php\/onze-nouvelles-maisons-des-illustres\/103662\/\" \/>\n<meta property=\"og:locale\" content=\"fr_FR\" \/>\n<meta property=\"og:type\" content=\"article\" \/>\n<meta property=\"og:title\" content=\"Onze nouvelles Maisons des Illustres\" \/>\n<meta property=\"og:description\" content=\"Le minist\u00e8re de la Culture a cr\u00e9\u00e9 le label Maisons des Illustres en 2011. La neuvi\u00e8me campagne de labellisation a eu lieu en novembre 2019. Le label est attribu\u00e9 aux maisons qui conservent et transmettent la m\u00e9moire de femmes et d\u2019hommes qui les ont habit\u00e9es et se sont illustr\u00e9s dans l\u2019histoire politique, sociale et culturelle [&hellip;]\" \/>\n<meta property=\"og:url\" content=\"https:\/\/batijournal.com\/index.php\/onze-nouvelles-maisons-des-illustres\/103662\/\" \/>\n<meta property=\"og:site_name\" content=\"Batijournal\" \/>\n<meta property=\"article:published_time\" content=\"2020-01-29T07:45:54+00:00\" \/>\n<meta property=\"article:modified_time\" content=\"2020-01-29T07:45:56+00:00\" \/>\n<meta property=\"og:image\" content=\"https:\/\/batijournal.com\/wp-content\/uploads\/2020\/01\/maisons-des-illustres.jpg\" \/>\n\t<meta property=\"og:image:width\" content=\"1200\" \/>\n\t<meta property=\"og:image:height\" content=\"725\" \/>\n\t<meta property=\"og:image:type\" content=\"image\/jpeg\" \/>\n<meta name=\"author\" content=\"St\u00e9phane Miget\" \/>\n<meta name=\"twitter:card\" content=\"summary_large_image\" \/>\n<meta name=\"twitter:creator\" content=\"@bati_journal\" \/>\n<meta name=\"twitter:site\" content=\"@bati_journal\" \/>\n<meta name=\"twitter:label1\" content=\"\u00c9crit par\" \/>\n\t<meta name=\"twitter:data1\" content=\"St\u00e9phane Miget\" \/>\n\t<meta name=\"twitter:label2\" content=\"Dur\u00e9e de lecture estim\u00e9e\" \/>\n\t<meta name=\"twitter:data2\" content=\"2 minutes\" \/>\n<script type=\"application\/ld+json\" class=\"yoast-schema-graph\">{\"@context\":\"https:\\\/\\\/schema.org\",\"@graph\":[{\"@type\":\"Article\",\"@id\":\"https:\\\/\\\/batijournal.com\\\/index.php\\\/onze-nouvelles-maisons-des-illustres\\\/103662\\\/#article\",\"isPartOf\":{\"@id\":\"https:\\\/\\\/batijournal.com\\\/index.php\\\/onze-nouvelles-maisons-des-illustres\\\/103662\\\/\"},\"author\":{\"name\":\"St\u00e9phane Miget\",\"@id\":\"https:\\\/\\\/batijournal.com\\\/#\\\/schema\\\/person\\\/1dc96ec6957aa1ccb25ebe78bb19f100\"},\"headline\":\"Onze nouvelles Maisons des Illustres\",\"datePublished\":\"2020-01-29T07:45:54+00:00\",\"dateModified\":\"2020-01-29T07:45:56+00:00\",\"mainEntityOfPage\":{\"@id\":\"https:\\\/\\\/batijournal.com\\\/index.php\\\/onze-nouvelles-maisons-des-illustres\\\/103662\\\/\"},\"wordCount\":343,\"image\":{\"@id\":\"https:\\\/\\\/batijournal.com\\\/index.php\\\/onze-nouvelles-maisons-des-illustres\\\/103662\\\/#primaryimage\"},\"thumbnailUrl\":\"https:\\\/\\\/batijournal.com\\\/wp-content\\\/uploads\\\/2020\\\/01\\\/maisons-des-illustres.jpg\",\"keywords\":[\"les maisons des illustres\"],\"articleSection\":[\"Actualit\u00e9s\",\"\u00c9conomie &amp; March\u00e9s\",\"zz_Actualit\u00e9s - Atrium\",\"zz_Atrium Patrimoine\"],\"inLanguage\":\"fr-FR\"},{\"@type\":\"WebPage\",\"@id\":\"https:\\\/\\\/batijournal.com\\\/index.php\\\/onze-nouvelles-maisons-des-illustres\\\/103662\\\/\",\"url\":\"https:\\\/\\\/batijournal.com\\\/index.php\\\/onze-nouvelles-maisons-des-illustres\\\/103662\\\/\",\"name\":\"Onze nouvelles Maisons des Illustres\",\"isPartOf\":{\"@id\":\"https:\\\/\\\/batijournal.com\\\/#website\"},\"primaryImageOfPage\":{\"@id\":\"https:\\\/\\\/batijournal.com\\\/index.php\\\/onze-nouvelles-maisons-des-illustres\\\/103662\\\/#primaryimage\"},\"image\":{\"@id\":\"https:\\\/\\\/batijournal.com\\\/index.php\\\/onze-nouvelles-maisons-des-illustres\\\/103662\\\/#primaryimage\"},\"thumbnailUrl\":\"https:\\\/\\\/batijournal.com\\\/wp-content\\\/uploads\\\/2020\\\/01\\\/maisons-des-illustres.jpg\",\"datePublished\":\"2020-01-29T07:45:54+00:00\",\"dateModified\":\"2020-01-29T07:45:56+00:00\",\"author\":{\"@id\":\"https:\\\/\\\/batijournal.com\\\/#\\\/schema\\\/person\\\/1dc96ec6957aa1ccb25ebe78bb19f100\"},\"breadcrumb\":{\"@id\":\"https:\\\/\\\/batijournal.com\\\/index.php\\\/onze-nouvelles-maisons-des-illustres\\\/103662\\\/#breadcrumb\"},\"inLanguage\":\"fr-FR\",\"potentialAction\":[{\"@type\":\"ReadAction\",\"target\":[\"https:\\\/\\\/batijournal.com\\\/index.php\\\/onze-nouvelles-maisons-des-illustres\\\/103662\\\/\"]}]},{\"@type\":\"ImageObject\",\"inLanguage\":\"fr-FR\",\"@id\":\"https:\\\/\\\/batijournal.com\\\/index.php\\\/onze-nouvelles-maisons-des-illustres\\\/103662\\\/#primaryimage\",\"url\":\"https:\\\/\\\/batijournal.com\\\/wp-content\\\/uploads\\\/2020\\\/01\\\/maisons-des-illustres.jpg\",\"contentUrl\":\"https:\\\/\\\/batijournal.com\\\/wp-content\\\/uploads\\\/2020\\\/01\\\/maisons-des-illustres.jpg\",\"width\":1200,\"height\":725},{\"@type\":\"BreadcrumbList\",\"@id\":\"https:\\\/\\\/batijournal.com\\\/index.php\\\/onze-nouvelles-maisons-des-illustres\\\/103662\\\/#breadcrumb\",\"itemListElement\":[{\"@type\":\"ListItem\",\"position\":1,\"name\":\"Accueil\",\"item\":\"https:\\\/\\\/batijournal.com\\\/\"},{\"@type\":\"ListItem\",\"position\":2,\"name\":\"Actualit\u00e9s\",\"item\":\"https:\\\/\\\/batijournal.com\\\/index.php\\\/category\\\/actualites\\\/\"},{\"@type\":\"ListItem\",\"position\":3,\"name\":\"Onze nouvelles Maisons des Illustres\"}]},{\"@type\":\"WebSite\",\"@id\":\"https:\\\/\\\/batijournal.com\\\/#website\",\"url\":\"https:\\\/\\\/batijournal.com\\\/\",\"name\":\"Batijournal\",\"description\":\"L&#039;actualit\u00e9 du b\u00e2timent\",\"potentialAction\":[{\"@type\":\"SearchAction\",\"target\":{\"@type\":\"EntryPoint\",\"urlTemplate\":\"https:\\\/\\\/batijournal.com\\\/?s={search_term_string}\"},\"query-input\":{\"@type\":\"PropertyValueSpecification\",\"valueRequired\":true,\"valueName\":\"search_term_string\"}}],\"inLanguage\":\"fr-FR\"},{\"@type\":\"Person\",\"@id\":\"https:\\\/\\\/batijournal.com\\\/#\\\/schema\\\/person\\\/1dc96ec6957aa1ccb25ebe78bb19f100\",\"name\":\"St\u00e9phane Miget\",\"image\":{\"@type\":\"ImageObject\",\"inLanguage\":\"fr-FR\",\"@id\":\"https:\\\/\\\/secure.gravatar.com\\\/avatar\\\/89915563d925342126b8ef0281b93d9d7fc337043e8df017f780908eb9644451?s=96&d=mm&r=g\",\"url\":\"https:\\\/\\\/secure.gravatar.com\\\/avatar\\\/89915563d925342126b8ef0281b93d9d7fc337043e8df017f780908eb9644451?s=96&d=mm&r=g\",\"contentUrl\":\"https:\\\/\\\/secure.gravatar.com\\\/avatar\\\/89915563d925342126b8ef0281b93d9d7fc337043e8df017f780908eb9644451?s=96&d=mm&r=g\",\"caption\":\"St\u00e9phane Miget\"},\"url\":\"https:\\\/\\\/batijournal.com\\\/index.php\\\/author\\\/stephane\\\/\"}]}<\/script>\n<!-- \/ Yoast SEO plugin. -->","yoast_head_json":{"title":"Onze nouvelles Maisons des Illustres","robots":{"index":"index","follow":"follow","max-snippet":"max-snippet:-1","max-image-preview":"max-image-preview:large","max-video-preview":"max-video-preview:-1"},"canonical":"https:\/\/batijournal.com\/index.php\/onze-nouvelles-maisons-des-illustres\/103662\/","og_locale":"fr_FR","og_type":"article","og_title":"Onze nouvelles Maisons des Illustres","og_description":"Le minist\u00e8re de la Culture a cr\u00e9\u00e9 le label Maisons des Illustres en 2011. La neuvi\u00e8me campagne de labellisation a eu lieu en novembre 2019. Le label est attribu\u00e9 aux maisons qui conservent et transmettent la m\u00e9moire de femmes et d\u2019hommes qui les ont habit\u00e9es et se sont illustr\u00e9s dans l\u2019histoire politique, sociale et culturelle [&hellip;]","og_url":"https:\/\/batijournal.com\/index.php\/onze-nouvelles-maisons-des-illustres\/103662\/","og_site_name":"Batijournal","article_published_time":"2020-01-29T07:45:54+00:00","article_modified_time":"2020-01-29T07:45:56+00:00","og_image":[{"width":1200,"height":725,"url":"https:\/\/batijournal.com\/wp-content\/uploads\/2020\/01\/maisons-des-illustres.jpg","type":"image\/jpeg"}],"author":"St\u00e9phane Miget","twitter_card":"summary_large_image","twitter_creator":"@bati_journal","twitter_site":"@bati_journal","twitter_misc":{"\u00c9crit par":"St\u00e9phane Miget","Dur\u00e9e de lecture estim\u00e9e":"2 minutes"},"schema":{"@context":"https:\/\/schema.org","@graph":[{"@type":"Article","@id":"https:\/\/batijournal.com\/index.php\/onze-nouvelles-maisons-des-illustres\/103662\/#article","isPartOf":{"@id":"https:\/\/batijournal.com\/index.php\/onze-nouvelles-maisons-des-illustres\/103662\/"},"author":{"name":"St\u00e9phane Miget","@id":"https:\/\/batijournal.com\/#\/schema\/person\/1dc96ec6957aa1ccb25ebe78bb19f100"},"headline":"Onze nouvelles Maisons des Illustres","datePublished":"2020-01-29T07:45:54+00:00","dateModified":"2020-01-29T07:45:56+00:00","mainEntityOfPage":{"@id":"https:\/\/batijournal.com\/index.php\/onze-nouvelles-maisons-des-illustres\/103662\/"},"wordCount":343,"image":{"@id":"https:\/\/batijournal.com\/index.php\/onze-nouvelles-maisons-des-illustres\/103662\/#primaryimage"},"thumbnailUrl":"https:\/\/batijournal.com\/wp-content\/uploads\/2020\/01\/maisons-des-illustres.jpg","keywords":["les maisons des illustres"],"articleSection":["Actualit\u00e9s","\u00c9conomie &amp; March\u00e9s","zz_Actualit\u00e9s - Atrium","zz_Atrium Patrimoine"],"inLanguage":"fr-FR"},{"@type":"WebPage","@id":"https:\/\/batijournal.com\/index.php\/onze-nouvelles-maisons-des-illustres\/103662\/","url":"https:\/\/batijournal.com\/index.php\/onze-nouvelles-maisons-des-illustres\/103662\/","name":"Onze nouvelles Maisons des Illustres","isPartOf":{"@id":"https:\/\/batijournal.com\/#website"},"primaryImageOfPage":{"@id":"https:\/\/batijournal.com\/index.php\/onze-nouvelles-maisons-des-illustres\/103662\/#primaryimage"},"image":{"@id":"https:\/\/batijournal.com\/index.php\/onze-nouvelles-maisons-des-illustres\/103662\/#primaryimage"},"thumbnailUrl":"https:\/\/batijournal.com\/wp-content\/uploads\/2020\/01\/maisons-des-illustres.jpg","datePublished":"2020-01-29T07:45:54+00:00","dateModified":"2020-01-29T07:45:56+00:00","author":{"@id":"https:\/\/batijournal.com\/#\/schema\/person\/1dc96ec6957aa1ccb25ebe78bb19f100"},"breadcrumb":{"@id":"https:\/\/batijournal.com\/index.php\/onze-nouvelles-maisons-des-illustres\/103662\/#breadcrumb"},"inLanguage":"fr-FR","potentialAction":[{"@type":"ReadAction","target":["https:\/\/batijournal.com\/index.php\/onze-nouvelles-maisons-des-illustres\/103662\/"]}]},{"@type":"ImageObject","inLanguage":"fr-FR","@id":"https:\/\/batijournal.com\/index.php\/onze-nouvelles-maisons-des-illustres\/103662\/#primaryimage","url":"https:\/\/batijournal.com\/wp-content\/uploads\/2020\/01\/maisons-des-illustres.jpg","contentUrl":"https:\/\/batijournal.com\/wp-content\/uploads\/2020\/01\/maisons-des-illustres.jpg","width":1200,"height":725},{"@type":"BreadcrumbList","@id":"https:\/\/batijournal.com\/index.php\/onze-nouvelles-maisons-des-illustres\/103662\/#breadcrumb","itemListElement":[{"@type":"ListItem","position":1,"name":"Accueil","item":"https:\/\/batijournal.com\/"},{"@type":"ListItem","position":2,"name":"Actualit\u00e9s","item":"https:\/\/batijournal.com\/index.php\/category\/actualites\/"},{"@type":"ListItem","position":3,"name":"Onze nouvelles Maisons des Illustres"}]},{"@type":"WebSite","@id":"https:\/\/batijournal.com\/#website","url":"https:\/\/batijournal.com\/","name":"Batijournal","description":"L&#039;actualit\u00e9 du b\u00e2timent","potentialAction":[{"@type":"SearchAction","target":{"@type":"EntryPoint","urlTemplate":"https:\/\/batijournal.com\/?s={search_term_string}"},"query-input":{"@type":"PropertyValueSpecification","valueRequired":true,"valueName":"search_term_string"}}],"inLanguage":"fr-FR"},{"@type":"Person","@id":"https:\/\/batijournal.com\/#\/schema\/person\/1dc96ec6957aa1ccb25ebe78bb19f100","name":"St\u00e9phane Miget","image":{"@type":"ImageObject","inLanguage":"fr-FR","@id":"https:\/\/secure.gravatar.com\/avatar\/89915563d925342126b8ef0281b93d9d7fc337043e8df017f780908eb9644451?s=96&d=mm&r=g","url":"https:\/\/secure.gravatar.com\/avatar\/89915563d925342126b8ef0281b93d9d7fc337043e8df017f780908eb9644451?s=96&d=mm&r=g","contentUrl":"https:\/\/secure.gravatar.com\/avatar\/89915563d925342126b8ef0281b93d9d7fc337043e8df017f780908eb9644451?s=96&d=mm&r=g","caption":"St\u00e9phane Miget"},"url":"https:\/\/batijournal.com\/index.php\/author\/stephane\/"}]}},"_links":{"self":[{"href":"https:\/\/batijournal.com\/index.php\/wp-json\/wp\/v2\/posts\/103662","targetHints":{"allow":["GET"]}}],"collection":[{"href":"https:\/\/batijournal.com\/index.php\/wp-json\/wp\/v2\/posts"}],"about":[{"href":"https:\/\/batijournal.com\/index.php\/wp-json\/wp\/v2\/types\/post"}],"author":[{"embeddable":true,"href":"https:\/\/batijournal.com\/index.php\/wp-json\/wp\/v2\/users\/17"}],"replies":[{"embeddable":true,"href":"https:\/\/batijournal.com\/index.php\/wp-json\/wp\/v2\/comments?post=103662"}],"version-history":[{"count":0,"href":"https:\/\/batijournal.com\/index.php\/wp-json\/wp\/v2\/posts\/103662\/revisions"}],"wp:featuredmedia":[{"embeddable":true,"href":"https:\/\/batijournal.com\/index.php\/wp-json\/wp\/v2\/media\/103663"}],"wp:attachment":[{"href":"https:\/\/batijournal.com\/index.php\/wp-json\/wp\/v2\/media?parent=103662"}],"wp:term":[{"taxonomy":"category","embeddable":true,"href":"https:\/\/batijournal.com\/index.php\/wp-json\/wp\/v2\/categories?post=103662"},{"taxonomy":"post_tag","embeddable":true,"href":"https:\/\/batijournal.com\/index.php\/wp-json\/wp\/v2\/tags?post=103662"}],"curies":[{"name":"wp","href":"https:\/\/api.w.org\/{rel}","templated":true}]}}