{"id":103666,"date":"2020-01-29T09:04:57","date_gmt":"2020-01-29T08:04:57","guid":{"rendered":"https:\/\/batijournal.com\/?p=103666"},"modified":"2020-01-29T09:04:58","modified_gmt":"2020-01-29T08:04:58","slug":"declaration-douverture-des-monuments-historiques","status":"publish","type":"post","link":"https:\/\/batijournal.com\/index.php\/declaration-douverture-des-monuments-historiques\/103666\/","title":{"rendered":"D\u00e9claration d&rsquo;ouverture des monuments historiques"},"content":{"rendered":"\n<p>Pour b\u00e9n\u00e9ficier des avantages fiscaux li\u00e9s \u00e0 l\u2019ouverture au public de son monument, le propri\u00e9taire d\u2019un monument historique ouvert au public est tenu de d\u00e9clarer au plus tard le 29 f\u00e9vrier 2020. Le formulaire de d\u00e9claration des conditions d&rsquo;ouverture pour l&rsquo;ann\u00e9e 2020 est disponible sur le site de la Direction R\u00e9gionale des Entreprises, de la Concurrence, de la Consommation, du Travail et de l\u2019Emploi (DIRECCTE) de chaque r\u00e9gion. Pour que l\u2019immeuble soit consid\u00e9r\u00e9 comme ouvert au public, il doit satisfaire les conditions fix\u00e9es par l\u2019arr\u00eat\u00e9 du 27\/02\/2008, \u00e0 savoir \u00eatre ouvert \u00e0 la visite :<\/p>\n\n\n\n<ul class=\"wp-block-list\"><li>Soit 50 jours par an, dont 25 jours non ouvrables, au cours des mois d\u2019avril \u00e0 septembre inclus<\/li><li>Soit 40 jours pendant les mois de juillet, ao\u00fbt et septembre.<\/li><\/ul>\n\n\n\n<p><a href=\"https:\/\/www.entreprises.gouv.fr\/tourisme\/ouverture-au-public-des-monuments-historiques\">https:\/\/www.entreprises.gouv.fr\/tourisme\/ouverture-au-public-des-monuments-historiques<\/a><\/p>\n","protected":false},"excerpt":{"rendered":"<p>Pour b\u00e9n\u00e9ficier des avantages fiscaux li\u00e9s \u00e0 l\u2019ouverture au public de son monument, le propri\u00e9taire d\u2019un monument historique ouvert au public est tenu de d\u00e9clarer au plus tard le 29 f\u00e9vrier 2020. Le formulaire de d\u00e9claration des conditions d&rsquo;ouverture pour l&rsquo;ann\u00e9e 2020 est disponible sur le site de la Direction R\u00e9gionale des Entreprises, de la [&hellip;]<\/p>\n","protected":false},"author":17,"featured_media":89497,"comment_status":"closed","ping_status":"closed","sticky":false,"template":"","format":"standard","meta":{"_et_pb_use_builder":"","_et_pb_old_content":"","_et_gb_content_width":"","footnotes":""},"categories":[10530,6340,10789,10785],"tags":[4474],"class_list":["post-103666","post","type-post","status-publish","format-standard","has-post-thumbnail","hentry","category-actualites","category-architecture-conception","category-publications-atrium","category-atrium","tag-monuments-historiques"],"yoast_head":"<!-- This site is optimized with the Yoast SEO plugin v27.4 - https:\/\/yoast.com\/product\/yoast-seo-wordpress\/ -->\n<title>D\u00e9claration d&#039;ouverture des monuments historiques<\/title>\n<meta name=\"robots\" content=\"index, follow, max-snippet:-1, max-image-preview:large, max-video-preview:-1\" \/>\n<link rel=\"canonical\" href=\"https:\/\/batijournal.com\/index.php\/declaration-douverture-des-monuments-historiques\/103666\/\" \/>\n<meta property=\"og:locale\" content=\"fr_FR\" \/>\n<meta property=\"og:type\" content=\"article\" \/>\n<meta property=\"og:title\" content=\"D\u00e9claration d&#039;ouverture des monuments historiques\" \/>\n<meta property=\"og:description\" content=\"Pour b\u00e9n\u00e9ficier des avantages fiscaux li\u00e9s \u00e0 l\u2019ouverture au public de son monument, le propri\u00e9taire d\u2019un monument historique ouvert au public est tenu de d\u00e9clarer au plus tard le 29 f\u00e9vrier 2020. Le formulaire de d\u00e9claration des conditions d&rsquo;ouverture pour l&rsquo;ann\u00e9e 2020 est disponible sur le site de la Direction R\u00e9gionale des Entreprises, de la [&hellip;]\" \/>\n<meta property=\"og:url\" content=\"https:\/\/batijournal.com\/index.php\/declaration-douverture-des-monuments-historiques\/103666\/\" \/>\n<meta property=\"og:site_name\" content=\"Batijournal\" \/>\n<meta property=\"article:published_time\" content=\"2020-01-29T08:04:57+00:00\" \/>\n<meta property=\"article:modified_time\" content=\"2020-01-29T08:04:58+00:00\" \/>\n<meta property=\"og:image\" content=\"https:\/\/batijournal.com\/wp-content\/uploads\/2015\/09\/monument-historique.jpg\" \/>\n\t<meta property=\"og:image:width\" content=\"683\" \/>\n\t<meta property=\"og:image:height\" content=\"1024\" \/>\n\t<meta property=\"og:image:type\" content=\"image\/jpeg\" \/>\n<meta name=\"author\" content=\"St\u00e9phane Miget\" \/>\n<meta name=\"twitter:card\" content=\"summary_large_image\" \/>\n<meta name=\"twitter:creator\" content=\"@bati_journal\" \/>\n<meta name=\"twitter:site\" content=\"@bati_journal\" \/>\n<meta name=\"twitter:label1\" content=\"\u00c9crit par\" \/>\n\t<meta name=\"twitter:data1\" content=\"St\u00e9phane Miget\" \/>\n\t<meta name=\"twitter:label2\" content=\"Dur\u00e9e de lecture estim\u00e9e\" \/>\n\t<meta name=\"twitter:data2\" content=\"1 minute\" \/>\n<script type=\"application\/ld+json\" class=\"yoast-schema-graph\">{\"@context\":\"https:\\\/\\\/schema.org\",\"@graph\":[{\"@type\":\"Article\",\"@id\":\"https:\\\/\\\/batijournal.com\\\/index.php\\\/declaration-douverture-des-monuments-historiques\\\/103666\\\/#article\",\"isPartOf\":{\"@id\":\"https:\\\/\\\/batijournal.com\\\/index.php\\\/declaration-douverture-des-monuments-historiques\\\/103666\\\/\"},\"author\":{\"name\":\"St\u00e9phane Miget\",\"@id\":\"https:\\\/\\\/batijournal.com\\\/#\\\/schema\\\/person\\\/1dc96ec6957aa1ccb25ebe78bb19f100\"},\"headline\":\"D\u00e9claration d&rsquo;ouverture des monuments historiques\",\"datePublished\":\"2020-01-29T08:04:57+00:00\",\"dateModified\":\"2020-01-29T08:04:58+00:00\",\"mainEntityOfPage\":{\"@id\":\"https:\\\/\\\/batijournal.com\\\/index.php\\\/declaration-douverture-des-monuments-historiques\\\/103666\\\/\"},\"wordCount\":148,\"image\":{\"@id\":\"https:\\\/\\\/batijournal.com\\\/index.php\\\/declaration-douverture-des-monuments-historiques\\\/103666\\\/#primaryimage\"},\"thumbnailUrl\":\"https:\\\/\\\/batijournal.com\\\/wp-content\\\/uploads\\\/2015\\\/09\\\/monument-historique.jpg\",\"keywords\":[\"monuments historiques\"],\"articleSection\":[\"Actualit\u00e9s\",\"Architecture &amp; Conception\",\"zz_Actualit\u00e9s - Atrium\",\"zz_Atrium Patrimoine\"],\"inLanguage\":\"fr-FR\"},{\"@type\":\"WebPage\",\"@id\":\"https:\\\/\\\/batijournal.com\\\/index.php\\\/declaration-douverture-des-monuments-historiques\\\/103666\\\/\",\"url\":\"https:\\\/\\\/batijournal.com\\\/index.php\\\/declaration-douverture-des-monuments-historiques\\\/103666\\\/\",\"name\":\"D\u00e9claration d'ouverture des monuments historiques\",\"isPartOf\":{\"@id\":\"https:\\\/\\\/batijournal.com\\\/#website\"},\"primaryImageOfPage\":{\"@id\":\"https:\\\/\\\/batijournal.com\\\/index.php\\\/declaration-douverture-des-monuments-historiques\\\/103666\\\/#primaryimage\"},\"image\":{\"@id\":\"https:\\\/\\\/batijournal.com\\\/index.php\\\/declaration-douverture-des-monuments-historiques\\\/103666\\\/#primaryimage\"},\"thumbnailUrl\":\"https:\\\/\\\/batijournal.com\\\/wp-content\\\/uploads\\\/2015\\\/09\\\/monument-historique.jpg\",\"datePublished\":\"2020-01-29T08:04:57+00:00\",\"dateModified\":\"2020-01-29T08:04:58+00:00\",\"author\":{\"@id\":\"https:\\\/\\\/batijournal.com\\\/#\\\/schema\\\/person\\\/1dc96ec6957aa1ccb25ebe78bb19f100\"},\"breadcrumb\":{\"@id\":\"https:\\\/\\\/batijournal.com\\\/index.php\\\/declaration-douverture-des-monuments-historiques\\\/103666\\\/#breadcrumb\"},\"inLanguage\":\"fr-FR\",\"potentialAction\":[{\"@type\":\"ReadAction\",\"target\":[\"https:\\\/\\\/batijournal.com\\\/index.php\\\/declaration-douverture-des-monuments-historiques\\\/103666\\\/\"]}]},{\"@type\":\"ImageObject\",\"inLanguage\":\"fr-FR\",\"@id\":\"https:\\\/\\\/batijournal.com\\\/index.php\\\/declaration-douverture-des-monuments-historiques\\\/103666\\\/#primaryimage\",\"url\":\"https:\\\/\\\/batijournal.com\\\/wp-content\\\/uploads\\\/2015\\\/09\\\/monument-historique.jpg\",\"contentUrl\":\"https:\\\/\\\/batijournal.com\\\/wp-content\\\/uploads\\\/2015\\\/09\\\/monument-historique.jpg\",\"width\":683,\"height\":1024},{\"@type\":\"BreadcrumbList\",\"@id\":\"https:\\\/\\\/batijournal.com\\\/index.php\\\/declaration-douverture-des-monuments-historiques\\\/103666\\\/#breadcrumb\",\"itemListElement\":[{\"@type\":\"ListItem\",\"position\":1,\"name\":\"Accueil\",\"item\":\"https:\\\/\\\/batijournal.com\\\/\"},{\"@type\":\"ListItem\",\"position\":2,\"name\":\"Actualit\u00e9s\",\"item\":\"https:\\\/\\\/batijournal.com\\\/index.php\\\/category\\\/actualites\\\/\"},{\"@type\":\"ListItem\",\"position\":3,\"name\":\"D\u00e9claration d&rsquo;ouverture des monuments historiques\"}]},{\"@type\":\"WebSite\",\"@id\":\"https:\\\/\\\/batijournal.com\\\/#website\",\"url\":\"https:\\\/\\\/batijournal.com\\\/\",\"name\":\"Batijournal\",\"description\":\"L&#039;actualit\u00e9 du b\u00e2timent\",\"potentialAction\":[{\"@type\":\"SearchAction\",\"target\":{\"@type\":\"EntryPoint\",\"urlTemplate\":\"https:\\\/\\\/batijournal.com\\\/?s={search_term_string}\"},\"query-input\":{\"@type\":\"PropertyValueSpecification\",\"valueRequired\":true,\"valueName\":\"search_term_string\"}}],\"inLanguage\":\"fr-FR\"},{\"@type\":\"Person\",\"@id\":\"https:\\\/\\\/batijournal.com\\\/#\\\/schema\\\/person\\\/1dc96ec6957aa1ccb25ebe78bb19f100\",\"name\":\"St\u00e9phane Miget\",\"image\":{\"@type\":\"ImageObject\",\"inLanguage\":\"fr-FR\",\"@id\":\"https:\\\/\\\/secure.gravatar.com\\\/avatar\\\/89915563d925342126b8ef0281b93d9d7fc337043e8df017f780908eb9644451?s=96&d=mm&r=g\",\"url\":\"https:\\\/\\\/secure.gravatar.com\\\/avatar\\\/89915563d925342126b8ef0281b93d9d7fc337043e8df017f780908eb9644451?s=96&d=mm&r=g\",\"contentUrl\":\"https:\\\/\\\/secure.gravatar.com\\\/avatar\\\/89915563d925342126b8ef0281b93d9d7fc337043e8df017f780908eb9644451?s=96&d=mm&r=g\",\"caption\":\"St\u00e9phane Miget\"},\"url\":\"https:\\\/\\\/batijournal.com\\\/index.php\\\/author\\\/stephane\\\/\"}]}<\/script>\n<!-- \/ Yoast SEO plugin. -->","yoast_head_json":{"title":"D\u00e9claration d'ouverture des monuments historiques","robots":{"index":"index","follow":"follow","max-snippet":"max-snippet:-1","max-image-preview":"max-image-preview:large","max-video-preview":"max-video-preview:-1"},"canonical":"https:\/\/batijournal.com\/index.php\/declaration-douverture-des-monuments-historiques\/103666\/","og_locale":"fr_FR","og_type":"article","og_title":"D\u00e9claration d'ouverture des monuments historiques","og_description":"Pour b\u00e9n\u00e9ficier des avantages fiscaux li\u00e9s \u00e0 l\u2019ouverture au public de son monument, le propri\u00e9taire d\u2019un monument historique ouvert au public est tenu de d\u00e9clarer au plus tard le 29 f\u00e9vrier 2020. Le formulaire de d\u00e9claration des conditions d&rsquo;ouverture pour l&rsquo;ann\u00e9e 2020 est disponible sur le site de la Direction R\u00e9gionale des Entreprises, de la [&hellip;]","og_url":"https:\/\/batijournal.com\/index.php\/declaration-douverture-des-monuments-historiques\/103666\/","og_site_name":"Batijournal","article_published_time":"2020-01-29T08:04:57+00:00","article_modified_time":"2020-01-29T08:04:58+00:00","og_image":[{"width":683,"height":1024,"url":"https:\/\/batijournal.com\/wp-content\/uploads\/2015\/09\/monument-historique.jpg","type":"image\/jpeg"}],"author":"St\u00e9phane Miget","twitter_card":"summary_large_image","twitter_creator":"@bati_journal","twitter_site":"@bati_journal","twitter_misc":{"\u00c9crit par":"St\u00e9phane Miget","Dur\u00e9e de lecture estim\u00e9e":"1 minute"},"schema":{"@context":"https:\/\/schema.org","@graph":[{"@type":"Article","@id":"https:\/\/batijournal.com\/index.php\/declaration-douverture-des-monuments-historiques\/103666\/#article","isPartOf":{"@id":"https:\/\/batijournal.com\/index.php\/declaration-douverture-des-monuments-historiques\/103666\/"},"author":{"name":"St\u00e9phane Miget","@id":"https:\/\/batijournal.com\/#\/schema\/person\/1dc96ec6957aa1ccb25ebe78bb19f100"},"headline":"D\u00e9claration d&rsquo;ouverture des monuments historiques","datePublished":"2020-01-29T08:04:57+00:00","dateModified":"2020-01-29T08:04:58+00:00","mainEntityOfPage":{"@id":"https:\/\/batijournal.com\/index.php\/declaration-douverture-des-monuments-historiques\/103666\/"},"wordCount":148,"image":{"@id":"https:\/\/batijournal.com\/index.php\/declaration-douverture-des-monuments-historiques\/103666\/#primaryimage"},"thumbnailUrl":"https:\/\/batijournal.com\/wp-content\/uploads\/2015\/09\/monument-historique.jpg","keywords":["monuments historiques"],"articleSection":["Actualit\u00e9s","Architecture &amp; Conception","zz_Actualit\u00e9s - Atrium","zz_Atrium Patrimoine"],"inLanguage":"fr-FR"},{"@type":"WebPage","@id":"https:\/\/batijournal.com\/index.php\/declaration-douverture-des-monuments-historiques\/103666\/","url":"https:\/\/batijournal.com\/index.php\/declaration-douverture-des-monuments-historiques\/103666\/","name":"D\u00e9claration d'ouverture des monuments historiques","isPartOf":{"@id":"https:\/\/batijournal.com\/#website"},"primaryImageOfPage":{"@id":"https:\/\/batijournal.com\/index.php\/declaration-douverture-des-monuments-historiques\/103666\/#primaryimage"},"image":{"@id":"https:\/\/batijournal.com\/index.php\/declaration-douverture-des-monuments-historiques\/103666\/#primaryimage"},"thumbnailUrl":"https:\/\/batijournal.com\/wp-content\/uploads\/2015\/09\/monument-historique.jpg","datePublished":"2020-01-29T08:04:57+00:00","dateModified":"2020-01-29T08:04:58+00:00","author":{"@id":"https:\/\/batijournal.com\/#\/schema\/person\/1dc96ec6957aa1ccb25ebe78bb19f100"},"breadcrumb":{"@id":"https:\/\/batijournal.com\/index.php\/declaration-douverture-des-monuments-historiques\/103666\/#breadcrumb"},"inLanguage":"fr-FR","potentialAction":[{"@type":"ReadAction","target":["https:\/\/batijournal.com\/index.php\/declaration-douverture-des-monuments-historiques\/103666\/"]}]},{"@type":"ImageObject","inLanguage":"fr-FR","@id":"https:\/\/batijournal.com\/index.php\/declaration-douverture-des-monuments-historiques\/103666\/#primaryimage","url":"https:\/\/batijournal.com\/wp-content\/uploads\/2015\/09\/monument-historique.jpg","contentUrl":"https:\/\/batijournal.com\/wp-content\/uploads\/2015\/09\/monument-historique.jpg","width":683,"height":1024},{"@type":"BreadcrumbList","@id":"https:\/\/batijournal.com\/index.php\/declaration-douverture-des-monuments-historiques\/103666\/#breadcrumb","itemListElement":[{"@type":"ListItem","position":1,"name":"Accueil","item":"https:\/\/batijournal.com\/"},{"@type":"ListItem","position":2,"name":"Actualit\u00e9s","item":"https:\/\/batijournal.com\/index.php\/category\/actualites\/"},{"@type":"ListItem","position":3,"name":"D\u00e9claration d&rsquo;ouverture des monuments historiques"}]},{"@type":"WebSite","@id":"https:\/\/batijournal.com\/#website","url":"https:\/\/batijournal.com\/","name":"Batijournal","description":"L&#039;actualit\u00e9 du b\u00e2timent","potentialAction":[{"@type":"SearchAction","target":{"@type":"EntryPoint","urlTemplate":"https:\/\/batijournal.com\/?s={search_term_string}"},"query-input":{"@type":"PropertyValueSpecification","valueRequired":true,"valueName":"search_term_string"}}],"inLanguage":"fr-FR"},{"@type":"Person","@id":"https:\/\/batijournal.com\/#\/schema\/person\/1dc96ec6957aa1ccb25ebe78bb19f100","name":"St\u00e9phane Miget","image":{"@type":"ImageObject","inLanguage":"fr-FR","@id":"https:\/\/secure.gravatar.com\/avatar\/89915563d925342126b8ef0281b93d9d7fc337043e8df017f780908eb9644451?s=96&d=mm&r=g","url":"https:\/\/secure.gravatar.com\/avatar\/89915563d925342126b8ef0281b93d9d7fc337043e8df017f780908eb9644451?s=96&d=mm&r=g","contentUrl":"https:\/\/secure.gravatar.com\/avatar\/89915563d925342126b8ef0281b93d9d7fc337043e8df017f780908eb9644451?s=96&d=mm&r=g","caption":"St\u00e9phane Miget"},"url":"https:\/\/batijournal.com\/index.php\/author\/stephane\/"}]}},"_links":{"self":[{"href":"https:\/\/batijournal.com\/index.php\/wp-json\/wp\/v2\/posts\/103666","targetHints":{"allow":["GET"]}}],"collection":[{"href":"https:\/\/batijournal.com\/index.php\/wp-json\/wp\/v2\/posts"}],"about":[{"href":"https:\/\/batijournal.com\/index.php\/wp-json\/wp\/v2\/types\/post"}],"author":[{"embeddable":true,"href":"https:\/\/batijournal.com\/index.php\/wp-json\/wp\/v2\/users\/17"}],"replies":[{"embeddable":true,"href":"https:\/\/batijournal.com\/index.php\/wp-json\/wp\/v2\/comments?post=103666"}],"version-history":[{"count":0,"href":"https:\/\/batijournal.com\/index.php\/wp-json\/wp\/v2\/posts\/103666\/revisions"}],"wp:featuredmedia":[{"embeddable":true,"href":"https:\/\/batijournal.com\/index.php\/wp-json\/wp\/v2\/media\/89497"}],"wp:attachment":[{"href":"https:\/\/batijournal.com\/index.php\/wp-json\/wp\/v2\/media?parent=103666"}],"wp:term":[{"taxonomy":"category","embeddable":true,"href":"https:\/\/batijournal.com\/index.php\/wp-json\/wp\/v2\/categories?post=103666"},{"taxonomy":"post_tag","embeddable":true,"href":"https:\/\/batijournal.com\/index.php\/wp-json\/wp\/v2\/tags?post=103666"}],"curies":[{"name":"wp","href":"https:\/\/api.w.org\/{rel}","templated":true}]}}