{"id":103667,"date":"2020-01-29T09:14:01","date_gmt":"2020-01-29T08:14:01","guid":{"rendered":"https:\/\/batijournal.com\/?p=103667"},"modified":"2020-01-29T09:14:03","modified_gmt":"2020-01-29T08:14:03","slug":"un-site-du-haut-moyen-age-et-une-occupation-mesolithique-a-pontarlier","status":"publish","type":"post","link":"https:\/\/batijournal.com\/index.php\/un-site-du-haut-moyen-age-et-une-occupation-mesolithique-a-pontarlier\/103667\/","title":{"rendered":"Un site du haut moyen \u00e2ge et une occupation m\u00e9solithique \u00e0 Pontarlier"},"content":{"rendered":"\n<p><strong>\u00c0 Pontarlier dans le Doubs, l&rsquo;Inrap a mis au jour une occupation m\u00e9solithique (9600 \u00e0 5500 ans avant notre \u00e8re) et un site du haut Moyen \u00c2ge (Ve-XIe si\u00e8cle) enti\u00e8rement conserv\u00e9, une d\u00e9couverte majeure pour la compr\u00e9hension de la dynamique de l&rsquo;habitat rural m\u00e9di\u00e9val.<\/strong><\/p>\n\n\n\n<p><strong>Un vaste habitat rural du premier moyen-\u00e2ge<\/strong><\/p>\n\n\n\n<p>Les premiers \u00e9l\u00e9ments de datation indiquent une fondation de l\u2019ensemble au cours de l\u2019\u00e9poque m\u00e9rovingienne (Ve-VIIIe si\u00e8cle). Plusieurs habitations se d\u00e9ploient sur environ 8 hectares pendant une p\u00e9riode relativement courte (moins de 200 ans environ). Les vestiges sont principalement des trous de poteau, t\u00e9moins d\u2019anciens \u00e9difices domestiques et agricoles, mais aussi de petits b\u00e2timents excav\u00e9s, pouvant \u00eatre des annexes de l\u2019habitat ou des structures de stockage. Mesurant entre 200 et 300 m2, les b\u00e2timents sur poteaux sont imposants et suivent des plans jusqu\u2019alors peu document\u00e9s. Les comparaisons les plus pertinentes se situent en Suisse al\u00e9manique et en Allemagne (For\u00eat Noire, Bavi\u00e8re). L\u2019activit\u00e9 \u00e9conomique principale du site semble \u00eatre l\u2019\u00e9levage : en t\u00e9moigne une vaste zone de boucherie identifi\u00e9e en contre-bas du site aupr\u00e8s d\u2019une source am\u00e9nag\u00e9e. <\/p>\n\n\n\n<p><strong>Sur les traces des chasseurs-cueilleurs du m\u00e9solithique<\/strong><\/p>\n\n\n\n<p>\u00c0 Pontarlier, cette p\u00e9riode est repr\u00e9sent\u00e9e par du mat\u00e9riel en silex (outillage et d\u00e9chets de taille) abandonn\u00e9 par les M\u00e9solithiques. L\u2019essentiel de ces restes t\u00e9moigne d\u2019activit\u00e9s de taille qui rel\u00e8vent de la fabrication d\u2019armatures microlithiques (petits \u00e9l\u00e9ments retouch\u00e9s, de forme g\u00e9om\u00e9trique, fix\u00e9s sur les hampes de fl\u00e8ches en pointe et en barbelure). Ces armatures sont des marqueurs culturels, c\u2019est-\u00e0-dire que leur type va varier selon les p\u00e9riodes et les cultures. Ainsi, les restes retrouv\u00e9s permettent de dire que le site est occup\u00e9 durant toute la dur\u00e9e du M\u00e9solithique entre 9600 et 6000 avant notre \u00e8re.<\/p>\n\n\n\n<p>Dans cet intervalle, plusieurs phases se distinguent. Si le site est fr\u00e9quent\u00e9 de fa\u00e7on discr\u00e8te au d\u00e9but de la p\u00e9riode, l\u2019occupation semble s\u2019intensifier pendant la seconde moiti\u00e9 du Premier M\u00e9solithique, entre 8500 et 7400 avant notre \u00e8re. Deux datations obtenues sur coquilles de noisette carbonis\u00e9es confirment ces observations avec une premi\u00e8re situ\u00e9e entre 8353 et 8278 et une seconde entre 7498 et 7323 avant notre \u00e8re. Les types d\u2019armatures dominants sont alors les triangles scal\u00e8nes et les pointes de Sauveterre. Ces \u00e9l\u00e9ments, qui traduisent des influences culturelles m\u00e9ridionales (culture du Sauveterrien), se rencontrent \u00e9galement \u00e0 la m\u00eame p\u00e9riode sur les gisements situ\u00e9s en bordure du Jura (\u00e0 Ruffey-sur-Seille ou \u00e0 Dammartin-Marpain, par exemple). Pour la fabrication de ces armatures, les tailleurs semblent privil\u00e9gier l\u2019utilisation de silex locaux pr\u00e9sents dans un rayon de 10 km autour de Pontarlier, ainsi que des mat\u00e9riaux plus lointains provenant notamment du plateau l\u00e9manique.<\/p>\n\n\n\n<p><strong>Les chasseurs du second m\u00e9solithique<\/strong><\/p>\n\n\n\n<p>A ces groupes sauveterriens vont succ\u00e9der les chasseurs du Second M\u00e9solithique, qui occupent le site entre 7500 et 6000 avant notre \u00e8re. Ces groupent modifient leurs techniques de taille et adoptent une m\u00e9thode de d\u00e9bitage des lamelles par percussion indirecte (qui s\u2019oppose \u00e0 la percussion directe utilis\u00e9e durant la phase pr\u00e9c\u00e9dente). Les lamelles sont transform\u00e9es en armatures caract\u00e9ristiques de forme trap\u00e9zo\u00efdale. Une partie de ces lamelles vont \u00e9galement \u00eatre am\u00e9nag\u00e9es de plusieurs encoches, destin\u00e9es notamment \u00e0 la r\u00e9gularisation des hampes de fl\u00e8che (lamelles dites \u00ab Montbani \u00bb). Ces changements techniques semblent s\u2019accompagner d\u2019une modification dans les strat\u00e9gies d\u2019approvisionnement avec une utilisation majoritaire de silex provenant de la bordure du premier plateau jurassien, les affleurements les plus proches se trouvant dans la vall\u00e9e de la Loue. Globalement, la nature des vestiges \u00e9voque une multitude d\u2019occupations courtes qui se succ\u00e8dent au m\u00eame endroit sur un intervalle de temps relativement long. Ce type d\u2019occupation peut en partie s\u2019expliquer par la position strat\u00e9gique du site, \u00e0 la fois situ\u00e9 au d\u00e9bouch\u00e9 du d\u00e9crochement de Pontarlier (axe de passage majeur qui permet de traverser le massif du Jura d\u2019ouest en est) et en bordure de la vaste zone humide de la Chaux d\u2019Arlier qui pouvait constituer un secteur de chasse privil\u00e9gi\u00e9. Le passage au N\u00e9olithique et au mode de de vie d\u2019agriculteur-\u00e9leveur semble marquer l\u2019abandon du site.<\/p>\n\n\n\n<p>Source et photo : Inrap<br \/>Am\u00e9nagement : Communaut\u00e9 de communes du Grand Pontarlier<br \/>Prescription et contr\u00f4le scientifique : Service r\u00e9gional de l\u2019Arch\u00e9ologie, Drac Franche-Comt\u00e9<br \/>Recherche arch\u00e9ologique : Inrap <br \/>Responsable scientifique : Michel Gazenbeek, Inrap<br \/>Responsable du secteur m\u00e9solithique : Jean-Baptiste Lajoux, Inrap<\/p>\n","protected":false},"excerpt":{"rendered":"<p>\u00c0 Pontarlier dans le Doubs, l&rsquo;Inrap a mis au jour une occupation m\u00e9solithique (9600 \u00e0 5500 ans avant notre \u00e8re) et un site du haut Moyen \u00c2ge (Ve-XIe si\u00e8cle) enti\u00e8rement conserv\u00e9, une d\u00e9couverte majeure pour la compr\u00e9hension de la dynamique de l&rsquo;habitat rural m\u00e9di\u00e9val. Un vaste habitat rural du premier moyen-\u00e2ge Les premiers \u00e9l\u00e9ments de [&hellip;]<\/p>\n","protected":false},"author":17,"featured_media":103668,"comment_status":"closed","ping_status":"closed","sticky":false,"template":"","format":"standard","meta":{"_et_pb_use_builder":"","_et_pb_old_content":"","_et_gb_content_width":"","footnotes":""},"categories":[10530,6340,10789,10785],"tags":[12875,6454],"class_list":["post-103667","post","type-post","status-publish","format-standard","has-post-thumbnail","hentry","category-actualites","category-architecture-conception","category-publications-atrium","category-atrium","tag-archeologie","tag-inrap"],"yoast_head":"<!-- This site is optimized with the Yoast SEO plugin v27.4 - https:\/\/yoast.com\/product\/yoast-seo-wordpress\/ -->\n<title>Un site du haut moyen \u00e2ge et une occupation m\u00e9solithique \u00e0 Pontarlier<\/title>\n<meta name=\"robots\" content=\"index, follow, max-snippet:-1, max-image-preview:large, max-video-preview:-1\" \/>\n<link rel=\"canonical\" href=\"https:\/\/batijournal.com\/index.php\/un-site-du-haut-moyen-age-et-une-occupation-mesolithique-a-pontarlier\/103667\/\" \/>\n<meta property=\"og:locale\" content=\"fr_FR\" \/>\n<meta property=\"og:type\" content=\"article\" \/>\n<meta property=\"og:title\" content=\"Un site du haut moyen \u00e2ge et une occupation m\u00e9solithique \u00e0 Pontarlier\" \/>\n<meta property=\"og:description\" content=\"\u00c0 Pontarlier dans le Doubs, l&rsquo;Inrap a mis au jour une occupation m\u00e9solithique (9600 \u00e0 5500 ans avant notre \u00e8re) et un site du haut Moyen \u00c2ge (Ve-XIe si\u00e8cle) enti\u00e8rement conserv\u00e9, une d\u00e9couverte majeure pour la compr\u00e9hension de la dynamique de l&rsquo;habitat rural m\u00e9di\u00e9val. Un vaste habitat rural du premier moyen-\u00e2ge Les premiers \u00e9l\u00e9ments de [&hellip;]\" \/>\n<meta property=\"og:url\" content=\"https:\/\/batijournal.com\/index.php\/un-site-du-haut-moyen-age-et-une-occupation-mesolithique-a-pontarlier\/103667\/\" \/>\n<meta property=\"og:site_name\" content=\"Batijournal\" \/>\n<meta property=\"article:published_time\" content=\"2020-01-29T08:14:01+00:00\" \/>\n<meta property=\"article:modified_time\" content=\"2020-01-29T08:14:03+00:00\" \/>\n<meta property=\"og:image\" content=\"https:\/\/batijournal.com\/wp-content\/uploads\/2020\/01\/fouilles-archeologiques-inrap-pontarlier.jpg\" \/>\n\t<meta property=\"og:image:width\" content=\"1920\" \/>\n\t<meta property=\"og:image:height\" content=\"1080\" \/>\n\t<meta property=\"og:image:type\" content=\"image\/jpeg\" \/>\n<meta name=\"author\" content=\"St\u00e9phane Miget\" \/>\n<meta name=\"twitter:card\" content=\"summary_large_image\" \/>\n<meta name=\"twitter:creator\" content=\"@bati_journal\" \/>\n<meta name=\"twitter:site\" content=\"@bati_journal\" \/>\n<meta name=\"twitter:label1\" content=\"\u00c9crit par\" \/>\n\t<meta name=\"twitter:data1\" content=\"St\u00e9phane Miget\" \/>\n\t<meta name=\"twitter:label2\" content=\"Dur\u00e9e de lecture estim\u00e9e\" \/>\n\t<meta name=\"twitter:data2\" content=\"4 minutes\" \/>\n<script type=\"application\/ld+json\" class=\"yoast-schema-graph\">{\"@context\":\"https:\\\/\\\/schema.org\",\"@graph\":[{\"@type\":\"Article\",\"@id\":\"https:\\\/\\\/batijournal.com\\\/index.php\\\/un-site-du-haut-moyen-age-et-une-occupation-mesolithique-a-pontarlier\\\/103667\\\/#article\",\"isPartOf\":{\"@id\":\"https:\\\/\\\/batijournal.com\\\/index.php\\\/un-site-du-haut-moyen-age-et-une-occupation-mesolithique-a-pontarlier\\\/103667\\\/\"},\"author\":{\"name\":\"St\u00e9phane Miget\",\"@id\":\"https:\\\/\\\/batijournal.com\\\/#\\\/schema\\\/person\\\/1dc96ec6957aa1ccb25ebe78bb19f100\"},\"headline\":\"Un site du haut moyen \u00e2ge et une occupation m\u00e9solithique \u00e0 Pontarlier\",\"datePublished\":\"2020-01-29T08:14:01+00:00\",\"dateModified\":\"2020-01-29T08:14:03+00:00\",\"mainEntityOfPage\":{\"@id\":\"https:\\\/\\\/batijournal.com\\\/index.php\\\/un-site-du-haut-moyen-age-et-une-occupation-mesolithique-a-pontarlier\\\/103667\\\/\"},\"wordCount\":799,\"image\":{\"@id\":\"https:\\\/\\\/batijournal.com\\\/index.php\\\/un-site-du-haut-moyen-age-et-une-occupation-mesolithique-a-pontarlier\\\/103667\\\/#primaryimage\"},\"thumbnailUrl\":\"https:\\\/\\\/batijournal.com\\\/wp-content\\\/uploads\\\/2020\\\/01\\\/fouilles-archeologiques-inrap-pontarlier.jpg\",\"keywords\":[\"arch\u00e9ologie\",\"inrap\"],\"articleSection\":[\"Actualit\u00e9s\",\"Architecture &amp; Conception\",\"zz_Actualit\u00e9s - Atrium\",\"zz_Atrium Patrimoine\"],\"inLanguage\":\"fr-FR\"},{\"@type\":\"WebPage\",\"@id\":\"https:\\\/\\\/batijournal.com\\\/index.php\\\/un-site-du-haut-moyen-age-et-une-occupation-mesolithique-a-pontarlier\\\/103667\\\/\",\"url\":\"https:\\\/\\\/batijournal.com\\\/index.php\\\/un-site-du-haut-moyen-age-et-une-occupation-mesolithique-a-pontarlier\\\/103667\\\/\",\"name\":\"Un site du haut moyen \u00e2ge et une occupation m\u00e9solithique \u00e0 Pontarlier\",\"isPartOf\":{\"@id\":\"https:\\\/\\\/batijournal.com\\\/#website\"},\"primaryImageOfPage\":{\"@id\":\"https:\\\/\\\/batijournal.com\\\/index.php\\\/un-site-du-haut-moyen-age-et-une-occupation-mesolithique-a-pontarlier\\\/103667\\\/#primaryimage\"},\"image\":{\"@id\":\"https:\\\/\\\/batijournal.com\\\/index.php\\\/un-site-du-haut-moyen-age-et-une-occupation-mesolithique-a-pontarlier\\\/103667\\\/#primaryimage\"},\"thumbnailUrl\":\"https:\\\/\\\/batijournal.com\\\/wp-content\\\/uploads\\\/2020\\\/01\\\/fouilles-archeologiques-inrap-pontarlier.jpg\",\"datePublished\":\"2020-01-29T08:14:01+00:00\",\"dateModified\":\"2020-01-29T08:14:03+00:00\",\"author\":{\"@id\":\"https:\\\/\\\/batijournal.com\\\/#\\\/schema\\\/person\\\/1dc96ec6957aa1ccb25ebe78bb19f100\"},\"breadcrumb\":{\"@id\":\"https:\\\/\\\/batijournal.com\\\/index.php\\\/un-site-du-haut-moyen-age-et-une-occupation-mesolithique-a-pontarlier\\\/103667\\\/#breadcrumb\"},\"inLanguage\":\"fr-FR\",\"potentialAction\":[{\"@type\":\"ReadAction\",\"target\":[\"https:\\\/\\\/batijournal.com\\\/index.php\\\/un-site-du-haut-moyen-age-et-une-occupation-mesolithique-a-pontarlier\\\/103667\\\/\"]}]},{\"@type\":\"ImageObject\",\"inLanguage\":\"fr-FR\",\"@id\":\"https:\\\/\\\/batijournal.com\\\/index.php\\\/un-site-du-haut-moyen-age-et-une-occupation-mesolithique-a-pontarlier\\\/103667\\\/#primaryimage\",\"url\":\"https:\\\/\\\/batijournal.com\\\/wp-content\\\/uploads\\\/2020\\\/01\\\/fouilles-archeologiques-inrap-pontarlier.jpg\",\"contentUrl\":\"https:\\\/\\\/batijournal.com\\\/wp-content\\\/uploads\\\/2020\\\/01\\\/fouilles-archeologiques-inrap-pontarlier.jpg\",\"width\":1920,\"height\":1080},{\"@type\":\"BreadcrumbList\",\"@id\":\"https:\\\/\\\/batijournal.com\\\/index.php\\\/un-site-du-haut-moyen-age-et-une-occupation-mesolithique-a-pontarlier\\\/103667\\\/#breadcrumb\",\"itemListElement\":[{\"@type\":\"ListItem\",\"position\":1,\"name\":\"Accueil\",\"item\":\"https:\\\/\\\/batijournal.com\\\/\"},{\"@type\":\"ListItem\",\"position\":2,\"name\":\"Actualit\u00e9s\",\"item\":\"https:\\\/\\\/batijournal.com\\\/index.php\\\/category\\\/actualites\\\/\"},{\"@type\":\"ListItem\",\"position\":3,\"name\":\"Un site du haut moyen \u00e2ge et une occupation m\u00e9solithique \u00e0 Pontarlier\"}]},{\"@type\":\"WebSite\",\"@id\":\"https:\\\/\\\/batijournal.com\\\/#website\",\"url\":\"https:\\\/\\\/batijournal.com\\\/\",\"name\":\"Batijournal\",\"description\":\"L&#039;actualit\u00e9 du b\u00e2timent\",\"potentialAction\":[{\"@type\":\"SearchAction\",\"target\":{\"@type\":\"EntryPoint\",\"urlTemplate\":\"https:\\\/\\\/batijournal.com\\\/?s={search_term_string}\"},\"query-input\":{\"@type\":\"PropertyValueSpecification\",\"valueRequired\":true,\"valueName\":\"search_term_string\"}}],\"inLanguage\":\"fr-FR\"},{\"@type\":\"Person\",\"@id\":\"https:\\\/\\\/batijournal.com\\\/#\\\/schema\\\/person\\\/1dc96ec6957aa1ccb25ebe78bb19f100\",\"name\":\"St\u00e9phane Miget\",\"image\":{\"@type\":\"ImageObject\",\"inLanguage\":\"fr-FR\",\"@id\":\"https:\\\/\\\/secure.gravatar.com\\\/avatar\\\/89915563d925342126b8ef0281b93d9d7fc337043e8df017f780908eb9644451?s=96&d=mm&r=g\",\"url\":\"https:\\\/\\\/secure.gravatar.com\\\/avatar\\\/89915563d925342126b8ef0281b93d9d7fc337043e8df017f780908eb9644451?s=96&d=mm&r=g\",\"contentUrl\":\"https:\\\/\\\/secure.gravatar.com\\\/avatar\\\/89915563d925342126b8ef0281b93d9d7fc337043e8df017f780908eb9644451?s=96&d=mm&r=g\",\"caption\":\"St\u00e9phane Miget\"},\"url\":\"https:\\\/\\\/batijournal.com\\\/index.php\\\/author\\\/stephane\\\/\"}]}<\/script>\n<!-- \/ Yoast SEO plugin. -->","yoast_head_json":{"title":"Un site du haut moyen \u00e2ge et une occupation m\u00e9solithique \u00e0 Pontarlier","robots":{"index":"index","follow":"follow","max-snippet":"max-snippet:-1","max-image-preview":"max-image-preview:large","max-video-preview":"max-video-preview:-1"},"canonical":"https:\/\/batijournal.com\/index.php\/un-site-du-haut-moyen-age-et-une-occupation-mesolithique-a-pontarlier\/103667\/","og_locale":"fr_FR","og_type":"article","og_title":"Un site du haut moyen \u00e2ge et une occupation m\u00e9solithique \u00e0 Pontarlier","og_description":"\u00c0 Pontarlier dans le Doubs, l&rsquo;Inrap a mis au jour une occupation m\u00e9solithique (9600 \u00e0 5500 ans avant notre \u00e8re) et un site du haut Moyen \u00c2ge (Ve-XIe si\u00e8cle) enti\u00e8rement conserv\u00e9, une d\u00e9couverte majeure pour la compr\u00e9hension de la dynamique de l&rsquo;habitat rural m\u00e9di\u00e9val. Un vaste habitat rural du premier moyen-\u00e2ge Les premiers \u00e9l\u00e9ments de [&hellip;]","og_url":"https:\/\/batijournal.com\/index.php\/un-site-du-haut-moyen-age-et-une-occupation-mesolithique-a-pontarlier\/103667\/","og_site_name":"Batijournal","article_published_time":"2020-01-29T08:14:01+00:00","article_modified_time":"2020-01-29T08:14:03+00:00","og_image":[{"width":1920,"height":1080,"url":"https:\/\/batijournal.com\/wp-content\/uploads\/2020\/01\/fouilles-archeologiques-inrap-pontarlier.jpg","type":"image\/jpeg"}],"author":"St\u00e9phane Miget","twitter_card":"summary_large_image","twitter_creator":"@bati_journal","twitter_site":"@bati_journal","twitter_misc":{"\u00c9crit par":"St\u00e9phane Miget","Dur\u00e9e de lecture estim\u00e9e":"4 minutes"},"schema":{"@context":"https:\/\/schema.org","@graph":[{"@type":"Article","@id":"https:\/\/batijournal.com\/index.php\/un-site-du-haut-moyen-age-et-une-occupation-mesolithique-a-pontarlier\/103667\/#article","isPartOf":{"@id":"https:\/\/batijournal.com\/index.php\/un-site-du-haut-moyen-age-et-une-occupation-mesolithique-a-pontarlier\/103667\/"},"author":{"name":"St\u00e9phane Miget","@id":"https:\/\/batijournal.com\/#\/schema\/person\/1dc96ec6957aa1ccb25ebe78bb19f100"},"headline":"Un site du haut moyen \u00e2ge et une occupation m\u00e9solithique \u00e0 Pontarlier","datePublished":"2020-01-29T08:14:01+00:00","dateModified":"2020-01-29T08:14:03+00:00","mainEntityOfPage":{"@id":"https:\/\/batijournal.com\/index.php\/un-site-du-haut-moyen-age-et-une-occupation-mesolithique-a-pontarlier\/103667\/"},"wordCount":799,"image":{"@id":"https:\/\/batijournal.com\/index.php\/un-site-du-haut-moyen-age-et-une-occupation-mesolithique-a-pontarlier\/103667\/#primaryimage"},"thumbnailUrl":"https:\/\/batijournal.com\/wp-content\/uploads\/2020\/01\/fouilles-archeologiques-inrap-pontarlier.jpg","keywords":["arch\u00e9ologie","inrap"],"articleSection":["Actualit\u00e9s","Architecture &amp; Conception","zz_Actualit\u00e9s - Atrium","zz_Atrium Patrimoine"],"inLanguage":"fr-FR"},{"@type":"WebPage","@id":"https:\/\/batijournal.com\/index.php\/un-site-du-haut-moyen-age-et-une-occupation-mesolithique-a-pontarlier\/103667\/","url":"https:\/\/batijournal.com\/index.php\/un-site-du-haut-moyen-age-et-une-occupation-mesolithique-a-pontarlier\/103667\/","name":"Un site du haut moyen \u00e2ge et une occupation m\u00e9solithique \u00e0 Pontarlier","isPartOf":{"@id":"https:\/\/batijournal.com\/#website"},"primaryImageOfPage":{"@id":"https:\/\/batijournal.com\/index.php\/un-site-du-haut-moyen-age-et-une-occupation-mesolithique-a-pontarlier\/103667\/#primaryimage"},"image":{"@id":"https:\/\/batijournal.com\/index.php\/un-site-du-haut-moyen-age-et-une-occupation-mesolithique-a-pontarlier\/103667\/#primaryimage"},"thumbnailUrl":"https:\/\/batijournal.com\/wp-content\/uploads\/2020\/01\/fouilles-archeologiques-inrap-pontarlier.jpg","datePublished":"2020-01-29T08:14:01+00:00","dateModified":"2020-01-29T08:14:03+00:00","author":{"@id":"https:\/\/batijournal.com\/#\/schema\/person\/1dc96ec6957aa1ccb25ebe78bb19f100"},"breadcrumb":{"@id":"https:\/\/batijournal.com\/index.php\/un-site-du-haut-moyen-age-et-une-occupation-mesolithique-a-pontarlier\/103667\/#breadcrumb"},"inLanguage":"fr-FR","potentialAction":[{"@type":"ReadAction","target":["https:\/\/batijournal.com\/index.php\/un-site-du-haut-moyen-age-et-une-occupation-mesolithique-a-pontarlier\/103667\/"]}]},{"@type":"ImageObject","inLanguage":"fr-FR","@id":"https:\/\/batijournal.com\/index.php\/un-site-du-haut-moyen-age-et-une-occupation-mesolithique-a-pontarlier\/103667\/#primaryimage","url":"https:\/\/batijournal.com\/wp-content\/uploads\/2020\/01\/fouilles-archeologiques-inrap-pontarlier.jpg","contentUrl":"https:\/\/batijournal.com\/wp-content\/uploads\/2020\/01\/fouilles-archeologiques-inrap-pontarlier.jpg","width":1920,"height":1080},{"@type":"BreadcrumbList","@id":"https:\/\/batijournal.com\/index.php\/un-site-du-haut-moyen-age-et-une-occupation-mesolithique-a-pontarlier\/103667\/#breadcrumb","itemListElement":[{"@type":"ListItem","position":1,"name":"Accueil","item":"https:\/\/batijournal.com\/"},{"@type":"ListItem","position":2,"name":"Actualit\u00e9s","item":"https:\/\/batijournal.com\/index.php\/category\/actualites\/"},{"@type":"ListItem","position":3,"name":"Un site du haut moyen \u00e2ge et une occupation m\u00e9solithique \u00e0 Pontarlier"}]},{"@type":"WebSite","@id":"https:\/\/batijournal.com\/#website","url":"https:\/\/batijournal.com\/","name":"Batijournal","description":"L&#039;actualit\u00e9 du b\u00e2timent","potentialAction":[{"@type":"SearchAction","target":{"@type":"EntryPoint","urlTemplate":"https:\/\/batijournal.com\/?s={search_term_string}"},"query-input":{"@type":"PropertyValueSpecification","valueRequired":true,"valueName":"search_term_string"}}],"inLanguage":"fr-FR"},{"@type":"Person","@id":"https:\/\/batijournal.com\/#\/schema\/person\/1dc96ec6957aa1ccb25ebe78bb19f100","name":"St\u00e9phane Miget","image":{"@type":"ImageObject","inLanguage":"fr-FR","@id":"https:\/\/secure.gravatar.com\/avatar\/89915563d925342126b8ef0281b93d9d7fc337043e8df017f780908eb9644451?s=96&d=mm&r=g","url":"https:\/\/secure.gravatar.com\/avatar\/89915563d925342126b8ef0281b93d9d7fc337043e8df017f780908eb9644451?s=96&d=mm&r=g","contentUrl":"https:\/\/secure.gravatar.com\/avatar\/89915563d925342126b8ef0281b93d9d7fc337043e8df017f780908eb9644451?s=96&d=mm&r=g","caption":"St\u00e9phane Miget"},"url":"https:\/\/batijournal.com\/index.php\/author\/stephane\/"}]}},"_links":{"self":[{"href":"https:\/\/batijournal.com\/index.php\/wp-json\/wp\/v2\/posts\/103667","targetHints":{"allow":["GET"]}}],"collection":[{"href":"https:\/\/batijournal.com\/index.php\/wp-json\/wp\/v2\/posts"}],"about":[{"href":"https:\/\/batijournal.com\/index.php\/wp-json\/wp\/v2\/types\/post"}],"author":[{"embeddable":true,"href":"https:\/\/batijournal.com\/index.php\/wp-json\/wp\/v2\/users\/17"}],"replies":[{"embeddable":true,"href":"https:\/\/batijournal.com\/index.php\/wp-json\/wp\/v2\/comments?post=103667"}],"version-history":[{"count":0,"href":"https:\/\/batijournal.com\/index.php\/wp-json\/wp\/v2\/posts\/103667\/revisions"}],"wp:featuredmedia":[{"embeddable":true,"href":"https:\/\/batijournal.com\/index.php\/wp-json\/wp\/v2\/media\/103668"}],"wp:attachment":[{"href":"https:\/\/batijournal.com\/index.php\/wp-json\/wp\/v2\/media?parent=103667"}],"wp:term":[{"taxonomy":"category","embeddable":true,"href":"https:\/\/batijournal.com\/index.php\/wp-json\/wp\/v2\/categories?post=103667"},{"taxonomy":"post_tag","embeddable":true,"href":"https:\/\/batijournal.com\/index.php\/wp-json\/wp\/v2\/tags?post=103667"}],"curies":[{"name":"wp","href":"https:\/\/api.w.org\/{rel}","templated":true}]}}