{"id":103676,"date":"2020-01-30T07:36:36","date_gmt":"2020-01-30T06:36:36","guid":{"rendered":"https:\/\/batijournal.com\/?p=103676"},"modified":"2020-01-30T07:36:38","modified_gmt":"2020-01-30T06:36:38","slug":"lancement-de-la-19eme-edition-du-palmares-architecture-aluminium-technal","status":"publish","type":"post","link":"https:\/\/batijournal.com\/index.php\/lancement-de-la-19eme-edition-du-palmares-architecture-aluminium-technal\/103676\/","title":{"rendered":"Lancement de la 19\u00e8me \u00e9dition du palmar\u00e8s architecture aluminium Technal"},"content":{"rendered":"\n<p>TECHNAL lance son 19\u00e8me PALMAR\u00c8S ARCHITECTURE ALUMINIUM TECHNAL. Pour cette \u00e9dition 2020, la marque fran\u00e7aise met le cap sur la nouveaut\u00e9 en l\u2019ouvrant pour la premi\u00e8re fois \u00e0 ses clients fabricants-installateurs implant\u00e9s en France et dans les pays francophones. De la m\u00e9topole aux DOM-TOM, en passant par le Maghreb, le B\u00e9nin, le Cameroun, le Togo, le Qu\u00e9bec\u2026, tous les architectes ayant r\u00e9alis\u00e9 un ouvrage avec des menuiseries en aluminium TECHNAL pourront d\u00e9sormais concourir. Cette \u00e9volution majeure confirme l\u2019envergure nationale et la valorisation du PALMAR\u00c8S ARCHITECTURE ALUMINIUM TECHNAL au-del\u00e0 des fronti\u00e8res. Il mettra en lumi\u00e8re le mat\u00e9riau aluminium, noble, durable et esth\u00e9tique, et contribuera \u00e0 la promotion de l\u2019architecture, de l\u2019innovation et du design. <\/p>\n\n\n\n<p>Un jury d\u2019experts ind\u00e9pendants les r\u00e9compensera \u00e0 travers six cat\u00e9gories : habiter &#8211; logements collectifs ; habiter &#8211; logements individuels ; \u00e9tudier &#8211; culture et enseignement ; d\u00e9couvrir &#8211; loisirs et centres sportifs ; r\u00e9habiliter &#8211; r\u00e9novations et extensions, et travailler &#8211; tertiaire, bureaux, \u00e9quipements publics, commerces et industries. Le \u00ab PRIX 4114 \u00bb, en r\u00e9f\u00e9rence au Club du m\u00eame nom, distinguera le projet qui aura recueilli le plus de votes aupr\u00e8s de la communaut\u00e9 \u00ab4114\u00bb. Une reconnaissance pour l\u2019architecte prim\u00e9 par ses pairs. Tous les laur\u00e9ats participeront au concours international TECHNAL \u00ab WATA 2021 \u00bb (WORLD ARCHITECTURE TECHNAL AWARDS).<\/p>\n\n\n\n<p>Les acteurs de l\u2019architecture ont jusqu\u2019au 17 avril pour s\u2019inscrire sur le site <a href=\"http:\/\/www.technal-palmares.com\" target=\"_blank\" rel=\"noreferrer noopener\" aria-label=\"www.technal-palmares.com (s\u2019ouvre dans un nouvel onglet)\">www.technal-palmares.com<\/a>.<\/p>\n\n\n\n<figure class=\"wp-block-embed-youtube wp-block-embed is-type-video is-provider-youtube wp-embed-aspect-16-9 wp-has-aspect-ratio\"><div class=\"wp-block-embed__wrapper\">\n<iframe loading=\"lazy\" title=\"Les Coulisses du Palmar\u00e8s 2019\" width=\"1080\" height=\"608\" src=\"https:\/\/www.youtube.com\/embed\/dYJYrGEKHBA?feature=oembed\"  allow=\"accelerometer; autoplay; clipboard-write; encrypted-media; gyroscope; picture-in-picture; web-share\" referrerpolicy=\"strict-origin-when-cross-origin\" allowfullscreen><\/iframe>\n<\/div><\/figure>\n","protected":false},"excerpt":{"rendered":"<p>TECHNAL lance son 19\u00e8me PALMAR\u00c8S ARCHITECTURE ALUMINIUM TECHNAL. Pour cette \u00e9dition 2020, la marque fran\u00e7aise met le cap sur la nouveaut\u00e9 en l\u2019ouvrant pour la premi\u00e8re fois \u00e0 ses clients fabricants-installateurs implant\u00e9s en France et dans les pays francophones. De la m\u00e9topole aux DOM-TOM, en passant par le Maghreb, le B\u00e9nin, le Cameroun, le Togo, [&hellip;]<\/p>\n","protected":false},"author":17,"featured_media":103677,"comment_status":"closed","ping_status":"closed","sticky":false,"template":"","format":"standard","meta":{"_et_pb_use_builder":"","_et_pb_old_content":"","_et_gb_content_width":"","footnotes":""},"categories":[10530,6340,10771,10775],"tags":[11005],"class_list":["post-103676","post","type-post","status-publish","format-standard","has-post-thumbnail","hentry","category-actualites","category-architecture-conception","category-5facades","category-actualites-5facades","tag-concours"],"yoast_head":"<!-- This site is optimized with the Yoast SEO plugin v27.4 - https:\/\/yoast.com\/product\/yoast-seo-wordpress\/ -->\n<title>Lancement de la 19\u00e8me \u00e9dition du palmar\u00e8s architecture aluminium Technal<\/title>\n<meta name=\"robots\" content=\"index, follow, max-snippet:-1, max-image-preview:large, max-video-preview:-1\" \/>\n<link rel=\"canonical\" href=\"https:\/\/batijournal.com\/index.php\/lancement-de-la-19eme-edition-du-palmares-architecture-aluminium-technal\/103676\/\" \/>\n<meta property=\"og:locale\" content=\"fr_FR\" \/>\n<meta property=\"og:type\" content=\"article\" \/>\n<meta property=\"og:title\" content=\"Lancement de la 19\u00e8me \u00e9dition du palmar\u00e8s architecture aluminium Technal\" \/>\n<meta property=\"og:description\" content=\"TECHNAL lance son 19\u00e8me PALMAR\u00c8S ARCHITECTURE ALUMINIUM TECHNAL. Pour cette \u00e9dition 2020, la marque fran\u00e7aise met le cap sur la nouveaut\u00e9 en l\u2019ouvrant pour la premi\u00e8re fois \u00e0 ses clients fabricants-installateurs implant\u00e9s en France et dans les pays francophones. De la m\u00e9topole aux DOM-TOM, en passant par le Maghreb, le B\u00e9nin, le Cameroun, le Togo, [&hellip;]\" \/>\n<meta property=\"og:url\" content=\"https:\/\/batijournal.com\/index.php\/lancement-de-la-19eme-edition-du-palmares-architecture-aluminium-technal\/103676\/\" \/>\n<meta property=\"og:site_name\" content=\"Batijournal\" \/>\n<meta property=\"article:published_time\" content=\"2020-01-30T06:36:36+00:00\" \/>\n<meta property=\"article:modified_time\" content=\"2020-01-30T06:36:38+00:00\" \/>\n<meta property=\"og:image\" content=\"https:\/\/batijournal.com\/wp-content\/uploads\/2020\/01\/19eme-edition-du-palmares-architecture-aluminium-technal.png\" \/>\n\t<meta property=\"og:image:width\" content=\"845\" \/>\n\t<meta property=\"og:image:height\" content=\"473\" \/>\n\t<meta property=\"og:image:type\" content=\"image\/png\" \/>\n<meta name=\"author\" content=\"St\u00e9phane Miget\" \/>\n<meta name=\"twitter:card\" content=\"summary_large_image\" \/>\n<meta name=\"twitter:creator\" content=\"@bati_journal\" \/>\n<meta name=\"twitter:site\" content=\"@bati_journal\" \/>\n<meta name=\"twitter:label1\" content=\"\u00c9crit par\" \/>\n\t<meta name=\"twitter:data1\" content=\"St\u00e9phane Miget\" \/>\n\t<meta name=\"twitter:label2\" content=\"Dur\u00e9e de lecture estim\u00e9e\" \/>\n\t<meta name=\"twitter:data2\" content=\"1 minute\" \/>\n<script type=\"application\/ld+json\" class=\"yoast-schema-graph\">{\"@context\":\"https:\\\/\\\/schema.org\",\"@graph\":[{\"@type\":\"Article\",\"@id\":\"https:\\\/\\\/batijournal.com\\\/index.php\\\/lancement-de-la-19eme-edition-du-palmares-architecture-aluminium-technal\\\/103676\\\/#article\",\"isPartOf\":{\"@id\":\"https:\\\/\\\/batijournal.com\\\/index.php\\\/lancement-de-la-19eme-edition-du-palmares-architecture-aluminium-technal\\\/103676\\\/\"},\"author\":{\"name\":\"St\u00e9phane Miget\",\"@id\":\"https:\\\/\\\/batijournal.com\\\/#\\\/schema\\\/person\\\/1dc96ec6957aa1ccb25ebe78bb19f100\"},\"headline\":\"Lancement de la 19\u00e8me \u00e9dition du palmar\u00e8s architecture aluminium Technal\",\"datePublished\":\"2020-01-30T06:36:36+00:00\",\"dateModified\":\"2020-01-30T06:36:38+00:00\",\"mainEntityOfPage\":{\"@id\":\"https:\\\/\\\/batijournal.com\\\/index.php\\\/lancement-de-la-19eme-edition-du-palmares-architecture-aluminium-technal\\\/103676\\\/\"},\"wordCount\":264,\"image\":{\"@id\":\"https:\\\/\\\/batijournal.com\\\/index.php\\\/lancement-de-la-19eme-edition-du-palmares-architecture-aluminium-technal\\\/103676\\\/#primaryimage\"},\"thumbnailUrl\":\"https:\\\/\\\/batijournal.com\\\/wp-content\\\/uploads\\\/2020\\\/01\\\/19eme-edition-du-palmares-architecture-aluminium-technal.png\",\"keywords\":[\"concours\"],\"articleSection\":[\"Actualit\u00e9s\",\"Architecture &amp; Conception\",\"zz_5fa\u00e7ades\",\"zz_Actualit\u00e9s - 5fa\u00e7ades\"],\"inLanguage\":\"fr-FR\"},{\"@type\":\"WebPage\",\"@id\":\"https:\\\/\\\/batijournal.com\\\/index.php\\\/lancement-de-la-19eme-edition-du-palmares-architecture-aluminium-technal\\\/103676\\\/\",\"url\":\"https:\\\/\\\/batijournal.com\\\/index.php\\\/lancement-de-la-19eme-edition-du-palmares-architecture-aluminium-technal\\\/103676\\\/\",\"name\":\"Lancement de la 19\u00e8me \u00e9dition du palmar\u00e8s architecture aluminium Technal\",\"isPartOf\":{\"@id\":\"https:\\\/\\\/batijournal.com\\\/#website\"},\"primaryImageOfPage\":{\"@id\":\"https:\\\/\\\/batijournal.com\\\/index.php\\\/lancement-de-la-19eme-edition-du-palmares-architecture-aluminium-technal\\\/103676\\\/#primaryimage\"},\"image\":{\"@id\":\"https:\\\/\\\/batijournal.com\\\/index.php\\\/lancement-de-la-19eme-edition-du-palmares-architecture-aluminium-technal\\\/103676\\\/#primaryimage\"},\"thumbnailUrl\":\"https:\\\/\\\/batijournal.com\\\/wp-content\\\/uploads\\\/2020\\\/01\\\/19eme-edition-du-palmares-architecture-aluminium-technal.png\",\"datePublished\":\"2020-01-30T06:36:36+00:00\",\"dateModified\":\"2020-01-30T06:36:38+00:00\",\"author\":{\"@id\":\"https:\\\/\\\/batijournal.com\\\/#\\\/schema\\\/person\\\/1dc96ec6957aa1ccb25ebe78bb19f100\"},\"breadcrumb\":{\"@id\":\"https:\\\/\\\/batijournal.com\\\/index.php\\\/lancement-de-la-19eme-edition-du-palmares-architecture-aluminium-technal\\\/103676\\\/#breadcrumb\"},\"inLanguage\":\"fr-FR\",\"potentialAction\":[{\"@type\":\"ReadAction\",\"target\":[\"https:\\\/\\\/batijournal.com\\\/index.php\\\/lancement-de-la-19eme-edition-du-palmares-architecture-aluminium-technal\\\/103676\\\/\"]}]},{\"@type\":\"ImageObject\",\"inLanguage\":\"fr-FR\",\"@id\":\"https:\\\/\\\/batijournal.com\\\/index.php\\\/lancement-de-la-19eme-edition-du-palmares-architecture-aluminium-technal\\\/103676\\\/#primaryimage\",\"url\":\"https:\\\/\\\/batijournal.com\\\/wp-content\\\/uploads\\\/2020\\\/01\\\/19eme-edition-du-palmares-architecture-aluminium-technal.png\",\"contentUrl\":\"https:\\\/\\\/batijournal.com\\\/wp-content\\\/uploads\\\/2020\\\/01\\\/19eme-edition-du-palmares-architecture-aluminium-technal.png\",\"width\":845,\"height\":473},{\"@type\":\"BreadcrumbList\",\"@id\":\"https:\\\/\\\/batijournal.com\\\/index.php\\\/lancement-de-la-19eme-edition-du-palmares-architecture-aluminium-technal\\\/103676\\\/#breadcrumb\",\"itemListElement\":[{\"@type\":\"ListItem\",\"position\":1,\"name\":\"Accueil\",\"item\":\"https:\\\/\\\/batijournal.com\\\/\"},{\"@type\":\"ListItem\",\"position\":2,\"name\":\"Actualit\u00e9s\",\"item\":\"https:\\\/\\\/batijournal.com\\\/index.php\\\/category\\\/actualites\\\/\"},{\"@type\":\"ListItem\",\"position\":3,\"name\":\"Lancement de la 19\u00e8me \u00e9dition du palmar\u00e8s architecture aluminium Technal\"}]},{\"@type\":\"WebSite\",\"@id\":\"https:\\\/\\\/batijournal.com\\\/#website\",\"url\":\"https:\\\/\\\/batijournal.com\\\/\",\"name\":\"Batijournal\",\"description\":\"L&#039;actualit\u00e9 du b\u00e2timent\",\"potentialAction\":[{\"@type\":\"SearchAction\",\"target\":{\"@type\":\"EntryPoint\",\"urlTemplate\":\"https:\\\/\\\/batijournal.com\\\/?s={search_term_string}\"},\"query-input\":{\"@type\":\"PropertyValueSpecification\",\"valueRequired\":true,\"valueName\":\"search_term_string\"}}],\"inLanguage\":\"fr-FR\"},{\"@type\":\"Person\",\"@id\":\"https:\\\/\\\/batijournal.com\\\/#\\\/schema\\\/person\\\/1dc96ec6957aa1ccb25ebe78bb19f100\",\"name\":\"St\u00e9phane Miget\",\"image\":{\"@type\":\"ImageObject\",\"inLanguage\":\"fr-FR\",\"@id\":\"https:\\\/\\\/secure.gravatar.com\\\/avatar\\\/89915563d925342126b8ef0281b93d9d7fc337043e8df017f780908eb9644451?s=96&d=mm&r=g\",\"url\":\"https:\\\/\\\/secure.gravatar.com\\\/avatar\\\/89915563d925342126b8ef0281b93d9d7fc337043e8df017f780908eb9644451?s=96&d=mm&r=g\",\"contentUrl\":\"https:\\\/\\\/secure.gravatar.com\\\/avatar\\\/89915563d925342126b8ef0281b93d9d7fc337043e8df017f780908eb9644451?s=96&d=mm&r=g\",\"caption\":\"St\u00e9phane Miget\"},\"url\":\"https:\\\/\\\/batijournal.com\\\/index.php\\\/author\\\/stephane\\\/\"}]}<\/script>\n<!-- \/ Yoast SEO plugin. -->","yoast_head_json":{"title":"Lancement de la 19\u00e8me \u00e9dition du palmar\u00e8s architecture aluminium Technal","robots":{"index":"index","follow":"follow","max-snippet":"max-snippet:-1","max-image-preview":"max-image-preview:large","max-video-preview":"max-video-preview:-1"},"canonical":"https:\/\/batijournal.com\/index.php\/lancement-de-la-19eme-edition-du-palmares-architecture-aluminium-technal\/103676\/","og_locale":"fr_FR","og_type":"article","og_title":"Lancement de la 19\u00e8me \u00e9dition du palmar\u00e8s architecture aluminium Technal","og_description":"TECHNAL lance son 19\u00e8me PALMAR\u00c8S ARCHITECTURE ALUMINIUM TECHNAL. Pour cette \u00e9dition 2020, la marque fran\u00e7aise met le cap sur la nouveaut\u00e9 en l\u2019ouvrant pour la premi\u00e8re fois \u00e0 ses clients fabricants-installateurs implant\u00e9s en France et dans les pays francophones. De la m\u00e9topole aux DOM-TOM, en passant par le Maghreb, le B\u00e9nin, le Cameroun, le Togo, [&hellip;]","og_url":"https:\/\/batijournal.com\/index.php\/lancement-de-la-19eme-edition-du-palmares-architecture-aluminium-technal\/103676\/","og_site_name":"Batijournal","article_published_time":"2020-01-30T06:36:36+00:00","article_modified_time":"2020-01-30T06:36:38+00:00","og_image":[{"width":845,"height":473,"url":"https:\/\/batijournal.com\/wp-content\/uploads\/2020\/01\/19eme-edition-du-palmares-architecture-aluminium-technal.png","type":"image\/png"}],"author":"St\u00e9phane Miget","twitter_card":"summary_large_image","twitter_creator":"@bati_journal","twitter_site":"@bati_journal","twitter_misc":{"\u00c9crit par":"St\u00e9phane Miget","Dur\u00e9e de lecture estim\u00e9e":"1 minute"},"schema":{"@context":"https:\/\/schema.org","@graph":[{"@type":"Article","@id":"https:\/\/batijournal.com\/index.php\/lancement-de-la-19eme-edition-du-palmares-architecture-aluminium-technal\/103676\/#article","isPartOf":{"@id":"https:\/\/batijournal.com\/index.php\/lancement-de-la-19eme-edition-du-palmares-architecture-aluminium-technal\/103676\/"},"author":{"name":"St\u00e9phane Miget","@id":"https:\/\/batijournal.com\/#\/schema\/person\/1dc96ec6957aa1ccb25ebe78bb19f100"},"headline":"Lancement de la 19\u00e8me \u00e9dition du palmar\u00e8s architecture aluminium Technal","datePublished":"2020-01-30T06:36:36+00:00","dateModified":"2020-01-30T06:36:38+00:00","mainEntityOfPage":{"@id":"https:\/\/batijournal.com\/index.php\/lancement-de-la-19eme-edition-du-palmares-architecture-aluminium-technal\/103676\/"},"wordCount":264,"image":{"@id":"https:\/\/batijournal.com\/index.php\/lancement-de-la-19eme-edition-du-palmares-architecture-aluminium-technal\/103676\/#primaryimage"},"thumbnailUrl":"https:\/\/batijournal.com\/wp-content\/uploads\/2020\/01\/19eme-edition-du-palmares-architecture-aluminium-technal.png","keywords":["concours"],"articleSection":["Actualit\u00e9s","Architecture &amp; Conception","zz_5fa\u00e7ades","zz_Actualit\u00e9s - 5fa\u00e7ades"],"inLanguage":"fr-FR"},{"@type":"WebPage","@id":"https:\/\/batijournal.com\/index.php\/lancement-de-la-19eme-edition-du-palmares-architecture-aluminium-technal\/103676\/","url":"https:\/\/batijournal.com\/index.php\/lancement-de-la-19eme-edition-du-palmares-architecture-aluminium-technal\/103676\/","name":"Lancement de la 19\u00e8me \u00e9dition du palmar\u00e8s architecture aluminium Technal","isPartOf":{"@id":"https:\/\/batijournal.com\/#website"},"primaryImageOfPage":{"@id":"https:\/\/batijournal.com\/index.php\/lancement-de-la-19eme-edition-du-palmares-architecture-aluminium-technal\/103676\/#primaryimage"},"image":{"@id":"https:\/\/batijournal.com\/index.php\/lancement-de-la-19eme-edition-du-palmares-architecture-aluminium-technal\/103676\/#primaryimage"},"thumbnailUrl":"https:\/\/batijournal.com\/wp-content\/uploads\/2020\/01\/19eme-edition-du-palmares-architecture-aluminium-technal.png","datePublished":"2020-01-30T06:36:36+00:00","dateModified":"2020-01-30T06:36:38+00:00","author":{"@id":"https:\/\/batijournal.com\/#\/schema\/person\/1dc96ec6957aa1ccb25ebe78bb19f100"},"breadcrumb":{"@id":"https:\/\/batijournal.com\/index.php\/lancement-de-la-19eme-edition-du-palmares-architecture-aluminium-technal\/103676\/#breadcrumb"},"inLanguage":"fr-FR","potentialAction":[{"@type":"ReadAction","target":["https:\/\/batijournal.com\/index.php\/lancement-de-la-19eme-edition-du-palmares-architecture-aluminium-technal\/103676\/"]}]},{"@type":"ImageObject","inLanguage":"fr-FR","@id":"https:\/\/batijournal.com\/index.php\/lancement-de-la-19eme-edition-du-palmares-architecture-aluminium-technal\/103676\/#primaryimage","url":"https:\/\/batijournal.com\/wp-content\/uploads\/2020\/01\/19eme-edition-du-palmares-architecture-aluminium-technal.png","contentUrl":"https:\/\/batijournal.com\/wp-content\/uploads\/2020\/01\/19eme-edition-du-palmares-architecture-aluminium-technal.png","width":845,"height":473},{"@type":"BreadcrumbList","@id":"https:\/\/batijournal.com\/index.php\/lancement-de-la-19eme-edition-du-palmares-architecture-aluminium-technal\/103676\/#breadcrumb","itemListElement":[{"@type":"ListItem","position":1,"name":"Accueil","item":"https:\/\/batijournal.com\/"},{"@type":"ListItem","position":2,"name":"Actualit\u00e9s","item":"https:\/\/batijournal.com\/index.php\/category\/actualites\/"},{"@type":"ListItem","position":3,"name":"Lancement de la 19\u00e8me \u00e9dition du palmar\u00e8s architecture aluminium Technal"}]},{"@type":"WebSite","@id":"https:\/\/batijournal.com\/#website","url":"https:\/\/batijournal.com\/","name":"Batijournal","description":"L&#039;actualit\u00e9 du b\u00e2timent","potentialAction":[{"@type":"SearchAction","target":{"@type":"EntryPoint","urlTemplate":"https:\/\/batijournal.com\/?s={search_term_string}"},"query-input":{"@type":"PropertyValueSpecification","valueRequired":true,"valueName":"search_term_string"}}],"inLanguage":"fr-FR"},{"@type":"Person","@id":"https:\/\/batijournal.com\/#\/schema\/person\/1dc96ec6957aa1ccb25ebe78bb19f100","name":"St\u00e9phane Miget","image":{"@type":"ImageObject","inLanguage":"fr-FR","@id":"https:\/\/secure.gravatar.com\/avatar\/89915563d925342126b8ef0281b93d9d7fc337043e8df017f780908eb9644451?s=96&d=mm&r=g","url":"https:\/\/secure.gravatar.com\/avatar\/89915563d925342126b8ef0281b93d9d7fc337043e8df017f780908eb9644451?s=96&d=mm&r=g","contentUrl":"https:\/\/secure.gravatar.com\/avatar\/89915563d925342126b8ef0281b93d9d7fc337043e8df017f780908eb9644451?s=96&d=mm&r=g","caption":"St\u00e9phane Miget"},"url":"https:\/\/batijournal.com\/index.php\/author\/stephane\/"}]}},"_links":{"self":[{"href":"https:\/\/batijournal.com\/index.php\/wp-json\/wp\/v2\/posts\/103676","targetHints":{"allow":["GET"]}}],"collection":[{"href":"https:\/\/batijournal.com\/index.php\/wp-json\/wp\/v2\/posts"}],"about":[{"href":"https:\/\/batijournal.com\/index.php\/wp-json\/wp\/v2\/types\/post"}],"author":[{"embeddable":true,"href":"https:\/\/batijournal.com\/index.php\/wp-json\/wp\/v2\/users\/17"}],"replies":[{"embeddable":true,"href":"https:\/\/batijournal.com\/index.php\/wp-json\/wp\/v2\/comments?post=103676"}],"version-history":[{"count":0,"href":"https:\/\/batijournal.com\/index.php\/wp-json\/wp\/v2\/posts\/103676\/revisions"}],"wp:featuredmedia":[{"embeddable":true,"href":"https:\/\/batijournal.com\/index.php\/wp-json\/wp\/v2\/media\/103677"}],"wp:attachment":[{"href":"https:\/\/batijournal.com\/index.php\/wp-json\/wp\/v2\/media?parent=103676"}],"wp:term":[{"taxonomy":"category","embeddable":true,"href":"https:\/\/batijournal.com\/index.php\/wp-json\/wp\/v2\/categories?post=103676"},{"taxonomy":"post_tag","embeddable":true,"href":"https:\/\/batijournal.com\/index.php\/wp-json\/wp\/v2\/tags?post=103676"}],"curies":[{"name":"wp","href":"https:\/\/api.w.org\/{rel}","templated":true}]}}