{"id":103698,"date":"2020-02-04T13:06:32","date_gmt":"2020-02-04T12:06:32","guid":{"rendered":"https:\/\/batijournal.com\/?p=103698"},"modified":"2020-02-04T13:06:35","modified_gmt":"2020-02-04T12:06:35","slug":"les-energies-renouvelables-de-plus-en-plus-competitives","status":"publish","type":"post","link":"https:\/\/batijournal.com\/index.php\/les-energies-renouvelables-de-plus-en-plus-competitives\/103698\/","title":{"rendered":"Les \u00e9nergies renouvelables, de plus en plus comp\u00e9titives"},"content":{"rendered":"\n<p>A l\u2019occasion des Assises de la Transition Energ\u00e9tique, l\u2019ADEME a publi\u00e9 une mise \u00e0 jour de son \u00e9tude 2017 sur les \u00ab Co\u00fbt des \u00e9nergies renouvelables en France \u00bb. <\/p>\n\n\n\n<p>L\u2019\u00e9olien terrestre et les centrales au sol photovolta\u00efques sont aujourd\u2019hui des moyens de production d\u2019\u00e9lectricit\u00e9 comp\u00e9titifs vis-\u00e0-vis des moyens conventionnels : pour les installations mises en service entre 2018 et 2020, les co\u00fbts de production pour l\u2019\u00e9olien terrestre seront compris entre 50 et 71 \u20ac\/MWh et 45 et 81 \u20ac\/MWh pour les centrales au sol photovolta\u00efques, alors que les co\u00fbts de production d\u2019une nouvelle centrale \u00e0 gaz \u00e0 cycle combin\u00e9 sont compris entre 50 et 66 \u20ac\/MWh. Ainsi, sur la p\u00e9riode 2015-2020, les co\u00fbts de production de ces deux technologies devraient baisser respectivement de 18 et 40%. Ces r\u00e9sultats confirment ceux de la publication de la Commission de R\u00e9gulation de l\u2019Energie de f\u00e9vrier 2019, qui constate, par exemple, que 30% des projets de centrales au sol de grande taille ont un co\u00fbt moyen de 48\u20ac\/MWh.<\/p>\n\n\n\n<p>Chez les particuliers, les solutions bois \u00e9nergie offrent des co\u00fbts de revient moins \u00e9lev\u00e9s et donc globalement plus comp\u00e9titifs que leurs concurrents conventionnels : entre 62 et 129 \u20ac\/MWh contre une fourchette de 129 \u00e0161 \u20ac\/MWh pour le fioul et de 99 \u00e0 115 \u20ac\/MWh pour le gaz. Les pompes \u00e0 chaleur g\u00e9othermiques se rapprochent de la solution gaz avec des co\u00fbts de production entre 81 et 126 \u20ac\/MWh. Le m\u00eame constat est observ\u00e9 pour les pompes \u00e0 chaleur air\/eau dont les co\u00fbts de production sont respectivement compris entre 87 et 143 \u20ac\/MWh. N\u00e9anmoins, le d\u00e9veloppement des solutions EnR chez le particulier n\u00e9cessite le maintien des aides publiques. En effet, m\u00eame les solutions les plus comp\u00e9titives (bois \u00e9nergie et g\u00e9othermie), peinent \u00e0 se d\u00e9velopper \u00e0 cause de barri\u00e8res freinant le passage \u00e0 l\u2019action (le co\u00fbt de l\u2019investissement initial est particuli\u00e8rement \u00e9lev\u00e9).<\/p>\n\n\n\n<p>Dans le collectif, hors subvention, les solutions EnR ayant le plus fort potentiel de d\u00e9veloppement (biomasse, solaire thermique ou g\u00e9othermie de surface) sont plus co\u00fbteuses que les solutions gaz : la biomasse (51-96 \u20ac\/MWh), le solaire thermique sur toiture (64-165 \u20ac\/MWh) et la g\u00e9othermie de surface (88\u2013140 \u20ac\/MWh) ont un co\u00fbt sup\u00e9rieur \u00e0 ceux d\u2019une chaudi\u00e8re gaz (51-85 \u20ac\/MWh). La g\u00e9othermie profonde (15 -55 \u20ac\/MWh) et la r\u00e9cup\u00e9ration de chaleur sur UIOM (15-29\u20ac\/MWh) ont, elles, des co\u00fbts de production tr\u00e8s comp\u00e9titifs, mais leur potentiel de d\u00e9veloppement est plus limit\u00e9 et elles n\u00e9cessitent le d\u00e9veloppement d\u2019un r\u00e9seau de chaleur pour \u00eatre exploit\u00e9es; leurs co\u00fbts de production ne sont donc pas directement comparables \u00e0 ceux d\u2019une chaudi\u00e8re gaz en pied d\u2019immeuble.<\/p>\n","protected":false},"excerpt":{"rendered":"<p>A l\u2019occasion des Assises de la Transition Energ\u00e9tique, l\u2019ADEME a publi\u00e9 une mise \u00e0 jour de son \u00e9tude 2017 sur les \u00ab Co\u00fbt des \u00e9nergies renouvelables en France \u00bb. L\u2019\u00e9olien terrestre et les centrales au sol photovolta\u00efques sont aujourd\u2019hui des moyens de production d\u2019\u00e9lectricit\u00e9 comp\u00e9titifs vis-\u00e0-vis des moyens conventionnels : pour les installations mises en [&hellip;]<\/p>\n","protected":false},"author":17,"featured_media":93627,"comment_status":"closed","ping_status":"closed","sticky":false,"template":"","format":"standard","meta":{"_et_pb_use_builder":"","_et_pb_old_content":"","_et_gb_content_width":"","footnotes":""},"categories":[10530,6351,10781,10778],"tags":[8775],"class_list":["post-103698","post","type-post","status-publish","format-standard","has-post-thumbnail","hentry","category-actualites","category-energie-environnement","category-publications-planete","category-planete","tag-energie-renouvelables"],"yoast_head":"<!-- This site is optimized with the Yoast SEO plugin v27.4 - https:\/\/yoast.com\/product\/yoast-seo-wordpress\/ -->\n<title>Les \u00e9nergies renouvelables, de plus en plus comp\u00e9titives<\/title>\n<meta name=\"robots\" content=\"index, follow, max-snippet:-1, max-image-preview:large, max-video-preview:-1\" \/>\n<link rel=\"canonical\" href=\"https:\/\/batijournal.com\/index.php\/les-energies-renouvelables-de-plus-en-plus-competitives\/103698\/\" \/>\n<meta property=\"og:locale\" content=\"fr_FR\" \/>\n<meta property=\"og:type\" content=\"article\" \/>\n<meta property=\"og:title\" content=\"Les \u00e9nergies renouvelables, de plus en plus comp\u00e9titives\" \/>\n<meta property=\"og:description\" content=\"A l\u2019occasion des Assises de la Transition Energ\u00e9tique, l\u2019ADEME a publi\u00e9 une mise \u00e0 jour de son \u00e9tude 2017 sur les \u00ab Co\u00fbt des \u00e9nergies renouvelables en France \u00bb. L\u2019\u00e9olien terrestre et les centrales au sol photovolta\u00efques sont aujourd\u2019hui des moyens de production d\u2019\u00e9lectricit\u00e9 comp\u00e9titifs vis-\u00e0-vis des moyens conventionnels : pour les installations mises en [&hellip;]\" \/>\n<meta property=\"og:url\" content=\"https:\/\/batijournal.com\/index.php\/les-energies-renouvelables-de-plus-en-plus-competitives\/103698\/\" \/>\n<meta property=\"og:site_name\" content=\"Batijournal\" \/>\n<meta property=\"article:published_time\" content=\"2020-02-04T12:06:32+00:00\" \/>\n<meta property=\"article:modified_time\" content=\"2020-02-04T12:06:35+00:00\" \/>\n<meta property=\"og:image\" content=\"https:\/\/batijournal.com\/wp-content\/uploads\/2016\/09\/photovoltaique3.jpg\" \/>\n\t<meta property=\"og:image:width\" content=\"1000\" \/>\n\t<meta property=\"og:image:height\" content=\"485\" \/>\n\t<meta property=\"og:image:type\" content=\"image\/jpeg\" \/>\n<meta name=\"author\" content=\"St\u00e9phane Miget\" \/>\n<meta name=\"twitter:card\" content=\"summary_large_image\" \/>\n<meta name=\"twitter:creator\" content=\"@bati_journal\" \/>\n<meta name=\"twitter:site\" content=\"@bati_journal\" \/>\n<meta name=\"twitter:label1\" content=\"\u00c9crit par\" \/>\n\t<meta name=\"twitter:data1\" content=\"St\u00e9phane Miget\" \/>\n\t<meta name=\"twitter:label2\" content=\"Dur\u00e9e de lecture estim\u00e9e\" \/>\n\t<meta name=\"twitter:data2\" content=\"2 minutes\" \/>\n<script type=\"application\/ld+json\" class=\"yoast-schema-graph\">{\"@context\":\"https:\\\/\\\/schema.org\",\"@graph\":[{\"@type\":\"Article\",\"@id\":\"https:\\\/\\\/batijournal.com\\\/index.php\\\/les-energies-renouvelables-de-plus-en-plus-competitives\\\/103698\\\/#article\",\"isPartOf\":{\"@id\":\"https:\\\/\\\/batijournal.com\\\/index.php\\\/les-energies-renouvelables-de-plus-en-plus-competitives\\\/103698\\\/\"},\"author\":{\"name\":\"St\u00e9phane Miget\",\"@id\":\"https:\\\/\\\/batijournal.com\\\/#\\\/schema\\\/person\\\/1dc96ec6957aa1ccb25ebe78bb19f100\"},\"headline\":\"Les \u00e9nergies renouvelables, de plus en plus comp\u00e9titives\",\"datePublished\":\"2020-02-04T12:06:32+00:00\",\"dateModified\":\"2020-02-04T12:06:35+00:00\",\"mainEntityOfPage\":{\"@id\":\"https:\\\/\\\/batijournal.com\\\/index.php\\\/les-energies-renouvelables-de-plus-en-plus-competitives\\\/103698\\\/\"},\"wordCount\":459,\"image\":{\"@id\":\"https:\\\/\\\/batijournal.com\\\/index.php\\\/les-energies-renouvelables-de-plus-en-plus-competitives\\\/103698\\\/#primaryimage\"},\"thumbnailUrl\":\"https:\\\/\\\/batijournal.com\\\/wp-content\\\/uploads\\\/2016\\\/09\\\/photovoltaique3.jpg\",\"keywords\":[\"energie renouvelables\"],\"articleSection\":[\"Actualit\u00e9s\",\"\u00c9nergie &amp; Environnement\",\"zz_Actualit\u00e9s - Plan\u00e8te\",\"zz_Plan\u00e8te B\u00e2timent\"],\"inLanguage\":\"fr-FR\"},{\"@type\":\"WebPage\",\"@id\":\"https:\\\/\\\/batijournal.com\\\/index.php\\\/les-energies-renouvelables-de-plus-en-plus-competitives\\\/103698\\\/\",\"url\":\"https:\\\/\\\/batijournal.com\\\/index.php\\\/les-energies-renouvelables-de-plus-en-plus-competitives\\\/103698\\\/\",\"name\":\"Les \u00e9nergies renouvelables, de plus en plus comp\u00e9titives\",\"isPartOf\":{\"@id\":\"https:\\\/\\\/batijournal.com\\\/#website\"},\"primaryImageOfPage\":{\"@id\":\"https:\\\/\\\/batijournal.com\\\/index.php\\\/les-energies-renouvelables-de-plus-en-plus-competitives\\\/103698\\\/#primaryimage\"},\"image\":{\"@id\":\"https:\\\/\\\/batijournal.com\\\/index.php\\\/les-energies-renouvelables-de-plus-en-plus-competitives\\\/103698\\\/#primaryimage\"},\"thumbnailUrl\":\"https:\\\/\\\/batijournal.com\\\/wp-content\\\/uploads\\\/2016\\\/09\\\/photovoltaique3.jpg\",\"datePublished\":\"2020-02-04T12:06:32+00:00\",\"dateModified\":\"2020-02-04T12:06:35+00:00\",\"author\":{\"@id\":\"https:\\\/\\\/batijournal.com\\\/#\\\/schema\\\/person\\\/1dc96ec6957aa1ccb25ebe78bb19f100\"},\"breadcrumb\":{\"@id\":\"https:\\\/\\\/batijournal.com\\\/index.php\\\/les-energies-renouvelables-de-plus-en-plus-competitives\\\/103698\\\/#breadcrumb\"},\"inLanguage\":\"fr-FR\",\"potentialAction\":[{\"@type\":\"ReadAction\",\"target\":[\"https:\\\/\\\/batijournal.com\\\/index.php\\\/les-energies-renouvelables-de-plus-en-plus-competitives\\\/103698\\\/\"]}]},{\"@type\":\"ImageObject\",\"inLanguage\":\"fr-FR\",\"@id\":\"https:\\\/\\\/batijournal.com\\\/index.php\\\/les-energies-renouvelables-de-plus-en-plus-competitives\\\/103698\\\/#primaryimage\",\"url\":\"https:\\\/\\\/batijournal.com\\\/wp-content\\\/uploads\\\/2016\\\/09\\\/photovoltaique3.jpg\",\"contentUrl\":\"https:\\\/\\\/batijournal.com\\\/wp-content\\\/uploads\\\/2016\\\/09\\\/photovoltaique3.jpg\",\"width\":1000,\"height\":485},{\"@type\":\"BreadcrumbList\",\"@id\":\"https:\\\/\\\/batijournal.com\\\/index.php\\\/les-energies-renouvelables-de-plus-en-plus-competitives\\\/103698\\\/#breadcrumb\",\"itemListElement\":[{\"@type\":\"ListItem\",\"position\":1,\"name\":\"Accueil\",\"item\":\"https:\\\/\\\/batijournal.com\\\/\"},{\"@type\":\"ListItem\",\"position\":2,\"name\":\"Actualit\u00e9s\",\"item\":\"https:\\\/\\\/batijournal.com\\\/index.php\\\/category\\\/actualites\\\/\"},{\"@type\":\"ListItem\",\"position\":3,\"name\":\"Les \u00e9nergies renouvelables, de plus en plus comp\u00e9titives\"}]},{\"@type\":\"WebSite\",\"@id\":\"https:\\\/\\\/batijournal.com\\\/#website\",\"url\":\"https:\\\/\\\/batijournal.com\\\/\",\"name\":\"Batijournal\",\"description\":\"L&#039;actualit\u00e9 du b\u00e2timent\",\"potentialAction\":[{\"@type\":\"SearchAction\",\"target\":{\"@type\":\"EntryPoint\",\"urlTemplate\":\"https:\\\/\\\/batijournal.com\\\/?s={search_term_string}\"},\"query-input\":{\"@type\":\"PropertyValueSpecification\",\"valueRequired\":true,\"valueName\":\"search_term_string\"}}],\"inLanguage\":\"fr-FR\"},{\"@type\":\"Person\",\"@id\":\"https:\\\/\\\/batijournal.com\\\/#\\\/schema\\\/person\\\/1dc96ec6957aa1ccb25ebe78bb19f100\",\"name\":\"St\u00e9phane Miget\",\"image\":{\"@type\":\"ImageObject\",\"inLanguage\":\"fr-FR\",\"@id\":\"https:\\\/\\\/secure.gravatar.com\\\/avatar\\\/89915563d925342126b8ef0281b93d9d7fc337043e8df017f780908eb9644451?s=96&d=mm&r=g\",\"url\":\"https:\\\/\\\/secure.gravatar.com\\\/avatar\\\/89915563d925342126b8ef0281b93d9d7fc337043e8df017f780908eb9644451?s=96&d=mm&r=g\",\"contentUrl\":\"https:\\\/\\\/secure.gravatar.com\\\/avatar\\\/89915563d925342126b8ef0281b93d9d7fc337043e8df017f780908eb9644451?s=96&d=mm&r=g\",\"caption\":\"St\u00e9phane Miget\"},\"url\":\"https:\\\/\\\/batijournal.com\\\/index.php\\\/author\\\/stephane\\\/\"}]}<\/script>\n<!-- \/ Yoast SEO plugin. -->","yoast_head_json":{"title":"Les \u00e9nergies renouvelables, de plus en plus comp\u00e9titives","robots":{"index":"index","follow":"follow","max-snippet":"max-snippet:-1","max-image-preview":"max-image-preview:large","max-video-preview":"max-video-preview:-1"},"canonical":"https:\/\/batijournal.com\/index.php\/les-energies-renouvelables-de-plus-en-plus-competitives\/103698\/","og_locale":"fr_FR","og_type":"article","og_title":"Les \u00e9nergies renouvelables, de plus en plus comp\u00e9titives","og_description":"A l\u2019occasion des Assises de la Transition Energ\u00e9tique, l\u2019ADEME a publi\u00e9 une mise \u00e0 jour de son \u00e9tude 2017 sur les \u00ab Co\u00fbt des \u00e9nergies renouvelables en France \u00bb. L\u2019\u00e9olien terrestre et les centrales au sol photovolta\u00efques sont aujourd\u2019hui des moyens de production d\u2019\u00e9lectricit\u00e9 comp\u00e9titifs vis-\u00e0-vis des moyens conventionnels : pour les installations mises en [&hellip;]","og_url":"https:\/\/batijournal.com\/index.php\/les-energies-renouvelables-de-plus-en-plus-competitives\/103698\/","og_site_name":"Batijournal","article_published_time":"2020-02-04T12:06:32+00:00","article_modified_time":"2020-02-04T12:06:35+00:00","og_image":[{"width":1000,"height":485,"url":"https:\/\/batijournal.com\/wp-content\/uploads\/2016\/09\/photovoltaique3.jpg","type":"image\/jpeg"}],"author":"St\u00e9phane Miget","twitter_card":"summary_large_image","twitter_creator":"@bati_journal","twitter_site":"@bati_journal","twitter_misc":{"\u00c9crit par":"St\u00e9phane Miget","Dur\u00e9e de lecture estim\u00e9e":"2 minutes"},"schema":{"@context":"https:\/\/schema.org","@graph":[{"@type":"Article","@id":"https:\/\/batijournal.com\/index.php\/les-energies-renouvelables-de-plus-en-plus-competitives\/103698\/#article","isPartOf":{"@id":"https:\/\/batijournal.com\/index.php\/les-energies-renouvelables-de-plus-en-plus-competitives\/103698\/"},"author":{"name":"St\u00e9phane Miget","@id":"https:\/\/batijournal.com\/#\/schema\/person\/1dc96ec6957aa1ccb25ebe78bb19f100"},"headline":"Les \u00e9nergies renouvelables, de plus en plus comp\u00e9titives","datePublished":"2020-02-04T12:06:32+00:00","dateModified":"2020-02-04T12:06:35+00:00","mainEntityOfPage":{"@id":"https:\/\/batijournal.com\/index.php\/les-energies-renouvelables-de-plus-en-plus-competitives\/103698\/"},"wordCount":459,"image":{"@id":"https:\/\/batijournal.com\/index.php\/les-energies-renouvelables-de-plus-en-plus-competitives\/103698\/#primaryimage"},"thumbnailUrl":"https:\/\/batijournal.com\/wp-content\/uploads\/2016\/09\/photovoltaique3.jpg","keywords":["energie renouvelables"],"articleSection":["Actualit\u00e9s","\u00c9nergie &amp; Environnement","zz_Actualit\u00e9s - Plan\u00e8te","zz_Plan\u00e8te B\u00e2timent"],"inLanguage":"fr-FR"},{"@type":"WebPage","@id":"https:\/\/batijournal.com\/index.php\/les-energies-renouvelables-de-plus-en-plus-competitives\/103698\/","url":"https:\/\/batijournal.com\/index.php\/les-energies-renouvelables-de-plus-en-plus-competitives\/103698\/","name":"Les \u00e9nergies renouvelables, de plus en plus comp\u00e9titives","isPartOf":{"@id":"https:\/\/batijournal.com\/#website"},"primaryImageOfPage":{"@id":"https:\/\/batijournal.com\/index.php\/les-energies-renouvelables-de-plus-en-plus-competitives\/103698\/#primaryimage"},"image":{"@id":"https:\/\/batijournal.com\/index.php\/les-energies-renouvelables-de-plus-en-plus-competitives\/103698\/#primaryimage"},"thumbnailUrl":"https:\/\/batijournal.com\/wp-content\/uploads\/2016\/09\/photovoltaique3.jpg","datePublished":"2020-02-04T12:06:32+00:00","dateModified":"2020-02-04T12:06:35+00:00","author":{"@id":"https:\/\/batijournal.com\/#\/schema\/person\/1dc96ec6957aa1ccb25ebe78bb19f100"},"breadcrumb":{"@id":"https:\/\/batijournal.com\/index.php\/les-energies-renouvelables-de-plus-en-plus-competitives\/103698\/#breadcrumb"},"inLanguage":"fr-FR","potentialAction":[{"@type":"ReadAction","target":["https:\/\/batijournal.com\/index.php\/les-energies-renouvelables-de-plus-en-plus-competitives\/103698\/"]}]},{"@type":"ImageObject","inLanguage":"fr-FR","@id":"https:\/\/batijournal.com\/index.php\/les-energies-renouvelables-de-plus-en-plus-competitives\/103698\/#primaryimage","url":"https:\/\/batijournal.com\/wp-content\/uploads\/2016\/09\/photovoltaique3.jpg","contentUrl":"https:\/\/batijournal.com\/wp-content\/uploads\/2016\/09\/photovoltaique3.jpg","width":1000,"height":485},{"@type":"BreadcrumbList","@id":"https:\/\/batijournal.com\/index.php\/les-energies-renouvelables-de-plus-en-plus-competitives\/103698\/#breadcrumb","itemListElement":[{"@type":"ListItem","position":1,"name":"Accueil","item":"https:\/\/batijournal.com\/"},{"@type":"ListItem","position":2,"name":"Actualit\u00e9s","item":"https:\/\/batijournal.com\/index.php\/category\/actualites\/"},{"@type":"ListItem","position":3,"name":"Les \u00e9nergies renouvelables, de plus en plus comp\u00e9titives"}]},{"@type":"WebSite","@id":"https:\/\/batijournal.com\/#website","url":"https:\/\/batijournal.com\/","name":"Batijournal","description":"L&#039;actualit\u00e9 du b\u00e2timent","potentialAction":[{"@type":"SearchAction","target":{"@type":"EntryPoint","urlTemplate":"https:\/\/batijournal.com\/?s={search_term_string}"},"query-input":{"@type":"PropertyValueSpecification","valueRequired":true,"valueName":"search_term_string"}}],"inLanguage":"fr-FR"},{"@type":"Person","@id":"https:\/\/batijournal.com\/#\/schema\/person\/1dc96ec6957aa1ccb25ebe78bb19f100","name":"St\u00e9phane Miget","image":{"@type":"ImageObject","inLanguage":"fr-FR","@id":"https:\/\/secure.gravatar.com\/avatar\/89915563d925342126b8ef0281b93d9d7fc337043e8df017f780908eb9644451?s=96&d=mm&r=g","url":"https:\/\/secure.gravatar.com\/avatar\/89915563d925342126b8ef0281b93d9d7fc337043e8df017f780908eb9644451?s=96&d=mm&r=g","contentUrl":"https:\/\/secure.gravatar.com\/avatar\/89915563d925342126b8ef0281b93d9d7fc337043e8df017f780908eb9644451?s=96&d=mm&r=g","caption":"St\u00e9phane Miget"},"url":"https:\/\/batijournal.com\/index.php\/author\/stephane\/"}]}},"_links":{"self":[{"href":"https:\/\/batijournal.com\/index.php\/wp-json\/wp\/v2\/posts\/103698","targetHints":{"allow":["GET"]}}],"collection":[{"href":"https:\/\/batijournal.com\/index.php\/wp-json\/wp\/v2\/posts"}],"about":[{"href":"https:\/\/batijournal.com\/index.php\/wp-json\/wp\/v2\/types\/post"}],"author":[{"embeddable":true,"href":"https:\/\/batijournal.com\/index.php\/wp-json\/wp\/v2\/users\/17"}],"replies":[{"embeddable":true,"href":"https:\/\/batijournal.com\/index.php\/wp-json\/wp\/v2\/comments?post=103698"}],"version-history":[{"count":0,"href":"https:\/\/batijournal.com\/index.php\/wp-json\/wp\/v2\/posts\/103698\/revisions"}],"wp:featuredmedia":[{"embeddable":true,"href":"https:\/\/batijournal.com\/index.php\/wp-json\/wp\/v2\/media\/93627"}],"wp:attachment":[{"href":"https:\/\/batijournal.com\/index.php\/wp-json\/wp\/v2\/media?parent=103698"}],"wp:term":[{"taxonomy":"category","embeddable":true,"href":"https:\/\/batijournal.com\/index.php\/wp-json\/wp\/v2\/categories?post=103698"},{"taxonomy":"post_tag","embeddable":true,"href":"https:\/\/batijournal.com\/index.php\/wp-json\/wp\/v2\/tags?post=103698"}],"curies":[{"name":"wp","href":"https:\/\/api.w.org\/{rel}","templated":true}]}}