{"id":103706,"date":"2020-02-05T09:16:50","date_gmt":"2020-02-05T08:16:50","guid":{"rendered":"https:\/\/batijournal.com\/?p=103706"},"modified":"2020-02-05T09:16:53","modified_gmt":"2020-02-05T08:16:53","slug":"un-atelier-de-faiencerie-du-xviiie-siecle-exhume-a-rouen","status":"publish","type":"post","link":"https:\/\/batijournal.com\/index.php\/un-atelier-de-faiencerie-du-xviiie-siecle-exhume-a-rouen\/103706\/","title":{"rendered":"Un atelier de fa\u00efencerie du xviiie si\u00e8cle exhum\u00e9 \u00e0 Rouen"},"content":{"rendered":"\n<p>Une \u00e9quipe de l&rsquo;Inrap intervient depuis fin septembre 2019 sur la rive gauche de la Seine \u00e0 Rouen, \u00e0 l\u2019emplacement de l\u2019ancien CFA Lanfry, dans le cadre d\u2019un projet immobilier port\u00e9 par le groupe Edouard Denis. Cette fouille permet d\u2019\u00e9tudier les vestiges d\u2019une manufacture de fa\u00efence du XVIIIe si\u00e8cle et de la filature qui lui a succ\u00e9d\u00e9 au XIXe si\u00e8cle. Dans les archives, peu d\u2019indications sont fournies sur la fa\u00efencerie, en dehors de l\u2019existence de deux fours, que les arch\u00e9ologues ont refait sortir de terre. Plut\u00f4t bien conserv\u00e9s, ces deux fours forment un ensemble solidaire, comprenant des parties souterraines \u2013 chambre de chauffe et alandier\/foyer, ainsi que des pi\u00e8ces dites de service. Deux d\u2019entre elles s\u2019organisent autour des foyers et servent \u00e0 leur entretien. Elles communiquent par des escaliers avec d\u2019autres salles situ\u00e9es \u00e0 l\u2019arri\u00e8re, destin\u00e9es \u00e0 la pr\u00e9paration des fourn\u00e9es. L\u2019usure des rev\u00eatements de sol r\u00e9v\u00e8le le cheminement des ouvriers. Le b\u00e2timent des fours dans sa totalit\u00e9 est estim\u00e9 \u00e0 15 m\u00e8tres de longueur sur 8,80 m\u00e8tres de largeur ; de mani\u00e8re inattendue, les fours eux-m\u00eames sont am\u00e9nag\u00e9s directement au contact de la rue Saint-Julien. Diverses zones d\u2019activit\u00e9 se dessinent \u00e0 proximit\u00e9 des fours. Au nord, une vingtaine de fosses regorgent de mat\u00e9riel d\u2019enfournement bris\u00e9, de morceaux de fours d\u00e9t\u00e9rior\u00e9s et de fragments de vaisselle, de vases, de fontaines murales, de jardini\u00e8res et de b\u00e9nitiers \u00e0 diff\u00e9rents stades de leur \u00e9laboration, certains portant d\u00e9j\u00e0 les d\u00e9cors peints. Au nord-ouest, une rang\u00e9e de bacs, ma\u00e7onn\u00e9s ou simplement creus\u00e9s dans le sable du sous-sol, sont enduits d\u2019un rev\u00eatement blanc. Apr\u00e8s leur abandon, ils sont combl\u00e9s par des rebuts de fabrication. Au sud, les vestiges d\u2019une ma\u00e7onnerie circulaire indiquent l\u2019emplacement probable d\u2019un moulin \u00e0 broyer les \u00e9maux. Sur le m\u00eame alignement, un long b\u00e2timent de plus de 20 m\u00e8tres de longueur sur 6 m\u00e8tres de largeur est divis\u00e9 en quatre pi\u00e8ces ; l\u2019une d\u2019entre elles au moins livre un d\u00e9p\u00f4t d\u2019argile. Des bacs \u00e0 argile ont \u00e9t\u00e9 \u00e9galement retrouv\u00e9s autour de ce b\u00e2timent. Enfin \u00e0 l\u2019ouest, \u00e0 la limite du jardin de la fa\u00efencerie, les arch\u00e9ologues ont identifi\u00e9 plusieurs fosses circulaires contenant des r\u00e9sidus argileux. Apr\u00e8s la cessation d\u2019activit\u00e9 du dernier fa\u00efencier en 1796, une filature est construite. Cet \u00e9tablissement est constitu\u00e9 d\u2019un tr\u00e8s grand atelier de pr\u00e8s de 40 m\u00e8tres sur 15 m\u00e8tres, divis\u00e9 en deux nefs par une ligne de piliers. S\u2019y accolent des structures imposantes en calcaire destin\u00e9es \u00e0 servir de socle \u00e0 de lourdes machines. Un b\u00e2timent de plus petit gabarit est prolong\u00e9 par une cave profonde et une autre plus modeste qui a servi de soute \u00e0 charbon. <\/p>\n\n\n\n<p>Photo : La salle de pr\u00e9paration des fourn\u00e9es en cours de fouille, au premier plan la chambre de chauffe et l\u2019alandier du four nord <br \/>Paola Calderoni, Inrap<\/p>\n\n\n\n<p>Am\u00e9nagement : Groupe Edouard Denis<br \/> Contr\u00f4le scientifique : Service r\u00e9gional de l\u2019arch\u00e9ologie (Drac Normandie)<br \/> Recherche arch\u00e9ologique : Inrap<br \/> Responsable scientifique : Paola Caledroni, Inrap<\/p>\n\n\n\n<p><\/p>\n","protected":false},"excerpt":{"rendered":"<p>Une \u00e9quipe de l&rsquo;Inrap intervient depuis fin septembre 2019 sur la rive gauche de la Seine \u00e0 Rouen, \u00e0 l\u2019emplacement de l\u2019ancien CFA Lanfry, dans le cadre d\u2019un projet immobilier port\u00e9 par le groupe Edouard Denis. Cette fouille permet d\u2019\u00e9tudier les vestiges d\u2019une manufacture de fa\u00efence du XVIIIe si\u00e8cle et de la filature qui lui [&hellip;]<\/p>\n","protected":false},"author":17,"featured_media":103707,"comment_status":"closed","ping_status":"closed","sticky":false,"template":"","format":"standard","meta":{"_et_pb_use_builder":"","_et_pb_old_content":"","_et_gb_content_width":"","footnotes":""},"categories":[10530,6340,10789,10785],"tags":[6454],"class_list":["post-103706","post","type-post","status-publish","format-standard","has-post-thumbnail","hentry","category-actualites","category-architecture-conception","category-publications-atrium","category-atrium","tag-inrap"],"yoast_head":"<!-- This site is optimized with the Yoast SEO plugin v27.4 - https:\/\/yoast.com\/product\/yoast-seo-wordpress\/ -->\n<title>Un atelier de fa\u00efencerie du xviiie si\u00e8cle exhum\u00e9 \u00e0 Rouen<\/title>\n<meta name=\"robots\" content=\"index, follow, max-snippet:-1, max-image-preview:large, max-video-preview:-1\" \/>\n<link rel=\"canonical\" href=\"https:\/\/batijournal.com\/index.php\/un-atelier-de-faiencerie-du-xviiie-siecle-exhume-a-rouen\/103706\/\" \/>\n<meta property=\"og:locale\" content=\"fr_FR\" \/>\n<meta property=\"og:type\" content=\"article\" \/>\n<meta property=\"og:title\" content=\"Un atelier de fa\u00efencerie du xviiie si\u00e8cle exhum\u00e9 \u00e0 Rouen\" \/>\n<meta property=\"og:description\" content=\"Une \u00e9quipe de l&rsquo;Inrap intervient depuis fin septembre 2019 sur la rive gauche de la Seine \u00e0 Rouen, \u00e0 l\u2019emplacement de l\u2019ancien CFA Lanfry, dans le cadre d\u2019un projet immobilier port\u00e9 par le groupe Edouard Denis. Cette fouille permet d\u2019\u00e9tudier les vestiges d\u2019une manufacture de fa\u00efence du XVIIIe si\u00e8cle et de la filature qui lui [&hellip;]\" \/>\n<meta property=\"og:url\" content=\"https:\/\/batijournal.com\/index.php\/un-atelier-de-faiencerie-du-xviiie-siecle-exhume-a-rouen\/103706\/\" \/>\n<meta property=\"og:site_name\" content=\"Batijournal\" \/>\n<meta property=\"article:published_time\" content=\"2020-02-05T08:16:50+00:00\" \/>\n<meta property=\"article:modified_time\" content=\"2020-02-05T08:16:53+00:00\" \/>\n<meta property=\"og:image\" content=\"https:\/\/batijournal.com\/wp-content\/uploads\/2020\/02\/atelier-faiencerie-rouen-inrap.jpg\" \/>\n\t<meta property=\"og:image:width\" content=\"1920\" \/>\n\t<meta property=\"og:image:height\" content=\"1440\" \/>\n\t<meta property=\"og:image:type\" content=\"image\/jpeg\" \/>\n<meta name=\"author\" content=\"St\u00e9phane Miget\" \/>\n<meta name=\"twitter:card\" content=\"summary_large_image\" \/>\n<meta name=\"twitter:creator\" content=\"@bati_journal\" \/>\n<meta name=\"twitter:site\" content=\"@bati_journal\" \/>\n<meta name=\"twitter:label1\" content=\"\u00c9crit par\" \/>\n\t<meta name=\"twitter:data1\" content=\"St\u00e9phane Miget\" \/>\n\t<meta name=\"twitter:label2\" content=\"Dur\u00e9e de lecture estim\u00e9e\" \/>\n\t<meta name=\"twitter:data2\" content=\"3 minutes\" \/>\n<script type=\"application\/ld+json\" class=\"yoast-schema-graph\">{\"@context\":\"https:\\\/\\\/schema.org\",\"@graph\":[{\"@type\":\"Article\",\"@id\":\"https:\\\/\\\/batijournal.com\\\/index.php\\\/un-atelier-de-faiencerie-du-xviiie-siecle-exhume-a-rouen\\\/103706\\\/#article\",\"isPartOf\":{\"@id\":\"https:\\\/\\\/batijournal.com\\\/index.php\\\/un-atelier-de-faiencerie-du-xviiie-siecle-exhume-a-rouen\\\/103706\\\/\"},\"author\":{\"name\":\"St\u00e9phane Miget\",\"@id\":\"https:\\\/\\\/batijournal.com\\\/#\\\/schema\\\/person\\\/1dc96ec6957aa1ccb25ebe78bb19f100\"},\"headline\":\"Un atelier de fa\u00efencerie du xviiie si\u00e8cle exhum\u00e9 \u00e0 Rouen\",\"datePublished\":\"2020-02-05T08:16:50+00:00\",\"dateModified\":\"2020-02-05T08:16:53+00:00\",\"mainEntityOfPage\":{\"@id\":\"https:\\\/\\\/batijournal.com\\\/index.php\\\/un-atelier-de-faiencerie-du-xviiie-siecle-exhume-a-rouen\\\/103706\\\/\"},\"wordCount\":559,\"image\":{\"@id\":\"https:\\\/\\\/batijournal.com\\\/index.php\\\/un-atelier-de-faiencerie-du-xviiie-siecle-exhume-a-rouen\\\/103706\\\/#primaryimage\"},\"thumbnailUrl\":\"https:\\\/\\\/batijournal.com\\\/wp-content\\\/uploads\\\/2020\\\/02\\\/atelier-faiencerie-rouen-inrap.jpg\",\"keywords\":[\"inrap\"],\"articleSection\":[\"Actualit\u00e9s\",\"Architecture &amp; Conception\",\"zz_Actualit\u00e9s - Atrium\",\"zz_Atrium Patrimoine\"],\"inLanguage\":\"fr-FR\"},{\"@type\":\"WebPage\",\"@id\":\"https:\\\/\\\/batijournal.com\\\/index.php\\\/un-atelier-de-faiencerie-du-xviiie-siecle-exhume-a-rouen\\\/103706\\\/\",\"url\":\"https:\\\/\\\/batijournal.com\\\/index.php\\\/un-atelier-de-faiencerie-du-xviiie-siecle-exhume-a-rouen\\\/103706\\\/\",\"name\":\"Un atelier de fa\u00efencerie du xviiie si\u00e8cle exhum\u00e9 \u00e0 Rouen\",\"isPartOf\":{\"@id\":\"https:\\\/\\\/batijournal.com\\\/#website\"},\"primaryImageOfPage\":{\"@id\":\"https:\\\/\\\/batijournal.com\\\/index.php\\\/un-atelier-de-faiencerie-du-xviiie-siecle-exhume-a-rouen\\\/103706\\\/#primaryimage\"},\"image\":{\"@id\":\"https:\\\/\\\/batijournal.com\\\/index.php\\\/un-atelier-de-faiencerie-du-xviiie-siecle-exhume-a-rouen\\\/103706\\\/#primaryimage\"},\"thumbnailUrl\":\"https:\\\/\\\/batijournal.com\\\/wp-content\\\/uploads\\\/2020\\\/02\\\/atelier-faiencerie-rouen-inrap.jpg\",\"datePublished\":\"2020-02-05T08:16:50+00:00\",\"dateModified\":\"2020-02-05T08:16:53+00:00\",\"author\":{\"@id\":\"https:\\\/\\\/batijournal.com\\\/#\\\/schema\\\/person\\\/1dc96ec6957aa1ccb25ebe78bb19f100\"},\"breadcrumb\":{\"@id\":\"https:\\\/\\\/batijournal.com\\\/index.php\\\/un-atelier-de-faiencerie-du-xviiie-siecle-exhume-a-rouen\\\/103706\\\/#breadcrumb\"},\"inLanguage\":\"fr-FR\",\"potentialAction\":[{\"@type\":\"ReadAction\",\"target\":[\"https:\\\/\\\/batijournal.com\\\/index.php\\\/un-atelier-de-faiencerie-du-xviiie-siecle-exhume-a-rouen\\\/103706\\\/\"]}]},{\"@type\":\"ImageObject\",\"inLanguage\":\"fr-FR\",\"@id\":\"https:\\\/\\\/batijournal.com\\\/index.php\\\/un-atelier-de-faiencerie-du-xviiie-siecle-exhume-a-rouen\\\/103706\\\/#primaryimage\",\"url\":\"https:\\\/\\\/batijournal.com\\\/wp-content\\\/uploads\\\/2020\\\/02\\\/atelier-faiencerie-rouen-inrap.jpg\",\"contentUrl\":\"https:\\\/\\\/batijournal.com\\\/wp-content\\\/uploads\\\/2020\\\/02\\\/atelier-faiencerie-rouen-inrap.jpg\",\"width\":1920,\"height\":1440},{\"@type\":\"BreadcrumbList\",\"@id\":\"https:\\\/\\\/batijournal.com\\\/index.php\\\/un-atelier-de-faiencerie-du-xviiie-siecle-exhume-a-rouen\\\/103706\\\/#breadcrumb\",\"itemListElement\":[{\"@type\":\"ListItem\",\"position\":1,\"name\":\"Accueil\",\"item\":\"https:\\\/\\\/batijournal.com\\\/\"},{\"@type\":\"ListItem\",\"position\":2,\"name\":\"Actualit\u00e9s\",\"item\":\"https:\\\/\\\/batijournal.com\\\/index.php\\\/category\\\/actualites\\\/\"},{\"@type\":\"ListItem\",\"position\":3,\"name\":\"Un atelier de fa\u00efencerie du xviiie si\u00e8cle exhum\u00e9 \u00e0 Rouen\"}]},{\"@type\":\"WebSite\",\"@id\":\"https:\\\/\\\/batijournal.com\\\/#website\",\"url\":\"https:\\\/\\\/batijournal.com\\\/\",\"name\":\"Batijournal\",\"description\":\"L&#039;actualit\u00e9 du b\u00e2timent\",\"potentialAction\":[{\"@type\":\"SearchAction\",\"target\":{\"@type\":\"EntryPoint\",\"urlTemplate\":\"https:\\\/\\\/batijournal.com\\\/?s={search_term_string}\"},\"query-input\":{\"@type\":\"PropertyValueSpecification\",\"valueRequired\":true,\"valueName\":\"search_term_string\"}}],\"inLanguage\":\"fr-FR\"},{\"@type\":\"Person\",\"@id\":\"https:\\\/\\\/batijournal.com\\\/#\\\/schema\\\/person\\\/1dc96ec6957aa1ccb25ebe78bb19f100\",\"name\":\"St\u00e9phane Miget\",\"image\":{\"@type\":\"ImageObject\",\"inLanguage\":\"fr-FR\",\"@id\":\"https:\\\/\\\/secure.gravatar.com\\\/avatar\\\/89915563d925342126b8ef0281b93d9d7fc337043e8df017f780908eb9644451?s=96&d=mm&r=g\",\"url\":\"https:\\\/\\\/secure.gravatar.com\\\/avatar\\\/89915563d925342126b8ef0281b93d9d7fc337043e8df017f780908eb9644451?s=96&d=mm&r=g\",\"contentUrl\":\"https:\\\/\\\/secure.gravatar.com\\\/avatar\\\/89915563d925342126b8ef0281b93d9d7fc337043e8df017f780908eb9644451?s=96&d=mm&r=g\",\"caption\":\"St\u00e9phane Miget\"},\"url\":\"https:\\\/\\\/batijournal.com\\\/index.php\\\/author\\\/stephane\\\/\"}]}<\/script>\n<!-- \/ Yoast SEO plugin. -->","yoast_head_json":{"title":"Un atelier de fa\u00efencerie du xviiie si\u00e8cle exhum\u00e9 \u00e0 Rouen","robots":{"index":"index","follow":"follow","max-snippet":"max-snippet:-1","max-image-preview":"max-image-preview:large","max-video-preview":"max-video-preview:-1"},"canonical":"https:\/\/batijournal.com\/index.php\/un-atelier-de-faiencerie-du-xviiie-siecle-exhume-a-rouen\/103706\/","og_locale":"fr_FR","og_type":"article","og_title":"Un atelier de fa\u00efencerie du xviiie si\u00e8cle exhum\u00e9 \u00e0 Rouen","og_description":"Une \u00e9quipe de l&rsquo;Inrap intervient depuis fin septembre 2019 sur la rive gauche de la Seine \u00e0 Rouen, \u00e0 l\u2019emplacement de l\u2019ancien CFA Lanfry, dans le cadre d\u2019un projet immobilier port\u00e9 par le groupe Edouard Denis. Cette fouille permet d\u2019\u00e9tudier les vestiges d\u2019une manufacture de fa\u00efence du XVIIIe si\u00e8cle et de la filature qui lui [&hellip;]","og_url":"https:\/\/batijournal.com\/index.php\/un-atelier-de-faiencerie-du-xviiie-siecle-exhume-a-rouen\/103706\/","og_site_name":"Batijournal","article_published_time":"2020-02-05T08:16:50+00:00","article_modified_time":"2020-02-05T08:16:53+00:00","og_image":[{"width":1920,"height":1440,"url":"https:\/\/batijournal.com\/wp-content\/uploads\/2020\/02\/atelier-faiencerie-rouen-inrap.jpg","type":"image\/jpeg"}],"author":"St\u00e9phane Miget","twitter_card":"summary_large_image","twitter_creator":"@bati_journal","twitter_site":"@bati_journal","twitter_misc":{"\u00c9crit par":"St\u00e9phane Miget","Dur\u00e9e de lecture estim\u00e9e":"3 minutes"},"schema":{"@context":"https:\/\/schema.org","@graph":[{"@type":"Article","@id":"https:\/\/batijournal.com\/index.php\/un-atelier-de-faiencerie-du-xviiie-siecle-exhume-a-rouen\/103706\/#article","isPartOf":{"@id":"https:\/\/batijournal.com\/index.php\/un-atelier-de-faiencerie-du-xviiie-siecle-exhume-a-rouen\/103706\/"},"author":{"name":"St\u00e9phane Miget","@id":"https:\/\/batijournal.com\/#\/schema\/person\/1dc96ec6957aa1ccb25ebe78bb19f100"},"headline":"Un atelier de fa\u00efencerie du xviiie si\u00e8cle exhum\u00e9 \u00e0 Rouen","datePublished":"2020-02-05T08:16:50+00:00","dateModified":"2020-02-05T08:16:53+00:00","mainEntityOfPage":{"@id":"https:\/\/batijournal.com\/index.php\/un-atelier-de-faiencerie-du-xviiie-siecle-exhume-a-rouen\/103706\/"},"wordCount":559,"image":{"@id":"https:\/\/batijournal.com\/index.php\/un-atelier-de-faiencerie-du-xviiie-siecle-exhume-a-rouen\/103706\/#primaryimage"},"thumbnailUrl":"https:\/\/batijournal.com\/wp-content\/uploads\/2020\/02\/atelier-faiencerie-rouen-inrap.jpg","keywords":["inrap"],"articleSection":["Actualit\u00e9s","Architecture &amp; Conception","zz_Actualit\u00e9s - Atrium","zz_Atrium Patrimoine"],"inLanguage":"fr-FR"},{"@type":"WebPage","@id":"https:\/\/batijournal.com\/index.php\/un-atelier-de-faiencerie-du-xviiie-siecle-exhume-a-rouen\/103706\/","url":"https:\/\/batijournal.com\/index.php\/un-atelier-de-faiencerie-du-xviiie-siecle-exhume-a-rouen\/103706\/","name":"Un atelier de fa\u00efencerie du xviiie si\u00e8cle exhum\u00e9 \u00e0 Rouen","isPartOf":{"@id":"https:\/\/batijournal.com\/#website"},"primaryImageOfPage":{"@id":"https:\/\/batijournal.com\/index.php\/un-atelier-de-faiencerie-du-xviiie-siecle-exhume-a-rouen\/103706\/#primaryimage"},"image":{"@id":"https:\/\/batijournal.com\/index.php\/un-atelier-de-faiencerie-du-xviiie-siecle-exhume-a-rouen\/103706\/#primaryimage"},"thumbnailUrl":"https:\/\/batijournal.com\/wp-content\/uploads\/2020\/02\/atelier-faiencerie-rouen-inrap.jpg","datePublished":"2020-02-05T08:16:50+00:00","dateModified":"2020-02-05T08:16:53+00:00","author":{"@id":"https:\/\/batijournal.com\/#\/schema\/person\/1dc96ec6957aa1ccb25ebe78bb19f100"},"breadcrumb":{"@id":"https:\/\/batijournal.com\/index.php\/un-atelier-de-faiencerie-du-xviiie-siecle-exhume-a-rouen\/103706\/#breadcrumb"},"inLanguage":"fr-FR","potentialAction":[{"@type":"ReadAction","target":["https:\/\/batijournal.com\/index.php\/un-atelier-de-faiencerie-du-xviiie-siecle-exhume-a-rouen\/103706\/"]}]},{"@type":"ImageObject","inLanguage":"fr-FR","@id":"https:\/\/batijournal.com\/index.php\/un-atelier-de-faiencerie-du-xviiie-siecle-exhume-a-rouen\/103706\/#primaryimage","url":"https:\/\/batijournal.com\/wp-content\/uploads\/2020\/02\/atelier-faiencerie-rouen-inrap.jpg","contentUrl":"https:\/\/batijournal.com\/wp-content\/uploads\/2020\/02\/atelier-faiencerie-rouen-inrap.jpg","width":1920,"height":1440},{"@type":"BreadcrumbList","@id":"https:\/\/batijournal.com\/index.php\/un-atelier-de-faiencerie-du-xviiie-siecle-exhume-a-rouen\/103706\/#breadcrumb","itemListElement":[{"@type":"ListItem","position":1,"name":"Accueil","item":"https:\/\/batijournal.com\/"},{"@type":"ListItem","position":2,"name":"Actualit\u00e9s","item":"https:\/\/batijournal.com\/index.php\/category\/actualites\/"},{"@type":"ListItem","position":3,"name":"Un atelier de fa\u00efencerie du xviiie si\u00e8cle exhum\u00e9 \u00e0 Rouen"}]},{"@type":"WebSite","@id":"https:\/\/batijournal.com\/#website","url":"https:\/\/batijournal.com\/","name":"Batijournal","description":"L&#039;actualit\u00e9 du b\u00e2timent","potentialAction":[{"@type":"SearchAction","target":{"@type":"EntryPoint","urlTemplate":"https:\/\/batijournal.com\/?s={search_term_string}"},"query-input":{"@type":"PropertyValueSpecification","valueRequired":true,"valueName":"search_term_string"}}],"inLanguage":"fr-FR"},{"@type":"Person","@id":"https:\/\/batijournal.com\/#\/schema\/person\/1dc96ec6957aa1ccb25ebe78bb19f100","name":"St\u00e9phane Miget","image":{"@type":"ImageObject","inLanguage":"fr-FR","@id":"https:\/\/secure.gravatar.com\/avatar\/89915563d925342126b8ef0281b93d9d7fc337043e8df017f780908eb9644451?s=96&d=mm&r=g","url":"https:\/\/secure.gravatar.com\/avatar\/89915563d925342126b8ef0281b93d9d7fc337043e8df017f780908eb9644451?s=96&d=mm&r=g","contentUrl":"https:\/\/secure.gravatar.com\/avatar\/89915563d925342126b8ef0281b93d9d7fc337043e8df017f780908eb9644451?s=96&d=mm&r=g","caption":"St\u00e9phane Miget"},"url":"https:\/\/batijournal.com\/index.php\/author\/stephane\/"}]}},"_links":{"self":[{"href":"https:\/\/batijournal.com\/index.php\/wp-json\/wp\/v2\/posts\/103706","targetHints":{"allow":["GET"]}}],"collection":[{"href":"https:\/\/batijournal.com\/index.php\/wp-json\/wp\/v2\/posts"}],"about":[{"href":"https:\/\/batijournal.com\/index.php\/wp-json\/wp\/v2\/types\/post"}],"author":[{"embeddable":true,"href":"https:\/\/batijournal.com\/index.php\/wp-json\/wp\/v2\/users\/17"}],"replies":[{"embeddable":true,"href":"https:\/\/batijournal.com\/index.php\/wp-json\/wp\/v2\/comments?post=103706"}],"version-history":[{"count":0,"href":"https:\/\/batijournal.com\/index.php\/wp-json\/wp\/v2\/posts\/103706\/revisions"}],"wp:featuredmedia":[{"embeddable":true,"href":"https:\/\/batijournal.com\/index.php\/wp-json\/wp\/v2\/media\/103707"}],"wp:attachment":[{"href":"https:\/\/batijournal.com\/index.php\/wp-json\/wp\/v2\/media?parent=103706"}],"wp:term":[{"taxonomy":"category","embeddable":true,"href":"https:\/\/batijournal.com\/index.php\/wp-json\/wp\/v2\/categories?post=103706"},{"taxonomy":"post_tag","embeddable":true,"href":"https:\/\/batijournal.com\/index.php\/wp-json\/wp\/v2\/tags?post=103706"}],"curies":[{"name":"wp","href":"https:\/\/api.w.org\/{rel}","templated":true}]}}