{"id":103766,"date":"2020-02-10T08:24:50","date_gmt":"2020-02-10T07:24:50","guid":{"rendered":"https:\/\/batijournal.com\/?p=103766"},"modified":"2020-02-10T08:24:52","modified_gmt":"2020-02-10T07:24:52","slug":"habiter-la-ville-de-demain","status":"publish","type":"post","link":"https:\/\/batijournal.com\/index.php\/habiter-la-ville-de-demain\/103766\/","title":{"rendered":"Habiter la ville de demain"},"content":{"rendered":"\n<p><strong>A l&rsquo;occasion des 10 ans du Plan Ville Durable, \u00ab\u00a0Habiter la ville de demain\u00a0\u00bb, Julien Denormandie, ministre charg\u00e9 de la Ville et du Logement a annonc\u00e9 10 nouvelles mesures pour pr\u00e9parer la ville et des territoires sobres, r\u00e9silients et inclusifs.<\/strong><\/p>\n\n\n\n<h2 class=\"wp-block-heading\">Acc\u00e9l\u00e9rer les transitions en faveur de l\u2019am\u00e9nagement urbain durable<\/h2>\n\n\n\n<p><strong>100 quartiers fertiles : renforcer l\u2019agriculture urbaine dans les quartiers prioritaires<\/strong><br \/> L\u2019Agence Nationale de la R\u00e9novation Urbaine d\u00e9veloppera un appel \u00e0 projet sp\u00e9cifique en faveur de l\u2019agriculture urbaine dans les quartiers prioritaires de la ville. Il permettra d\u2019encourager la cr\u00e9ation de 100 \u00ab quartiers fertiles \u00bb, des fermes urbaines dans les quartiers prioritaires de la politique de la ville. Les 30 premiers quartiers seront s\u00e9lectionn\u00e9s d\u2019ici l\u2019\u00e9t\u00e9, avec un financement d\u00e9di\u00e9 de 20 millions d\u2019euros.<\/p>\n\n\n\n<p><strong>Lancer une exp\u00e9rimentation de quartiers \u00e0 \u00e9nergie positive et \u00e0 faible impact carbone.<\/strong><\/p>\n\n\n\n<p>En 2020 et pendant deux ans l\u2019ADEME accompagnera 22 quartiers volontaires pour d\u00e9velopper leur projet \u00e0 \u00e9nergie positive et faible impact carbone. Jusqu\u2019ici la mise en \u0153uvre de leurs objectifs \u00e9nergie et carbone \u00e9tait limit\u00e9e \u00e0 l\u2019\u00e9chelle du b\u00e2timent (r\u00e9glementation E+C-). En proposant une aide op\u00e9rationnelle via la mise \u00e0 disposition d\u2019une assistance \u00e0 la ma\u00eetrise d\u2019ouvrage mutualis\u00e9e et interdisciplinaire, l\u2019ADEME a pour ambition d\u2019animer un vivier d\u2019exp\u00e9rimentations concr\u00e8tes sur le moyen terme et une communaut\u00e9 de travail p\u00e9renne sur le sujet afin de cr\u00e9er un v\u00e9ritable dynamique d\u2019essaimage et d\u00e9ploiement de la d\u00e9marche. Cette exp\u00e9rimentation est valoris\u00e9e par le ministre dans le cadre du projet l\u2019initiative europ\u00e9enne Positive Energy District.<\/p>\n\n\n\n<p><strong>Unifier les d\u00e9marches de ville durable dans le label EcoQuartiers<\/strong><\/p>\n\n\n\n<p><strong>Exemplarit\u00e9 de l\u2019Etat : Fixer des objectifs ambitieux aux op\u00e9rations d\u2019am\u00e9nagement conduites par l\u2019\u00c9tat<\/strong><\/p>\n\n\n\n<p>Ces objectifs portent sur :<\/p>\n\n\n\n<ul class=\"wp-block-list\"><li>l\u2019\u00e9conomie circulaire : 20% de terres excav\u00e9es r\u00e9employ\u00e9es, valorisation de 30 % de d\u00e9chets de chantier,<\/li><li>la sobri\u00e9t\u00e9 \u00e9nerg\u00e9tique et carbone : d\u00e9ploiement de quartiers E+C-,<\/li><li>l\u2019\u00e9co-conception : 50 % des op\u00e9rations int\u00e9grant des mat\u00e9riaux biosourc\u00e9s ou g\u00e9osourc\u00e9s,<\/li><li>la biodiversit\u00e9 : 20% de la surface totale de l\u2019op\u00e9ration favorable \u00e0 la biodiversit\u00e9.<\/li><\/ul>\n\n\n\n<h2 class=\"wp-block-heading\">Accompagner les acteurs et dynamiques locales<\/h2>\n\n\n\n<p><strong>Rapprocher l\u2019innovation des territoires via une plateforme d\u2019open-innovation<\/strong><\/p>\n\n\n\n<p>Cluster, acc\u00e9l\u00e9rateurs, incubateurs, acteurs institutionnels, acteurs de la recherche, associations, clubs d\u2019entreprises, collectivit\u00e9s, p\u00f4les de comp\u00e9titivit\u00e9, grands groupes\u2026 \u00e0 l\u2019\u00e9chelle locale comme natio- nale, l\u2019\u00e9cosyst\u00e8me et les outils de l\u2019innovation urbaine \u00e9voluent et il convient d\u2019en \u00e9valuer la r\u00e9alit\u00e9 et les impacts.<\/p>\n\n\n\n<p><strong>D\u00e9multiplier les \u00ab ateliers des territoires \u00bb pour faire \u00e9merger les strat\u00e9gies locales<\/strong><\/p>\n\n\n\n<p>L\u2019exp\u00e9rience des \u00ab ateliers \u00e0 la carte \u00bb est tr\u00e8s sollicit\u00e9e par les collectivit\u00e9s : le dispositif sera donc d\u00e9multipli\u00e9. 50 nouveaux territoires seront accompagn\u00e9s d\u00e8s 2020 par les \u00ab ateliers des territoires \u00bb mettant l\u2019accent sur la transition \u00e9cologique.<\/p>\n\n\n\n<p><strong>Faciliter l\u2019acc\u00e8s aux aides \u00e0 l\u2019ing\u00e9nierie et aux aides financi\u00e8res<\/strong><\/p>\n\n\n\n<p>Un r\u00e9f\u00e9rent sp\u00e9cialis\u00e9 dans ces questions sera progressivement d\u00e9sign\u00e9 dans les services d\u00e9concentr\u00e9s de l\u2019Etat (chaque Direction D\u00e9partementale des Territoires et chaque Direction R\u00e9gionale de l\u2019Environnement, de l\u2019Am\u00e9nagement et du Logement).<br \/>\nSon objectif : conseiller les collectivit\u00e9s, accompagner les projets des territoires (instruction, acc\u00e8s aux aides\u2026), mettre en \u0153uvre les programmes nationaux.<br \/>\nLe minist\u00e8re facilitera \u00e9galement l\u2019acc\u00e8s aux aides en d\u00e9ployant l\u2019outil \u00ab Aides territoires \u00bb, un site recensant toutes les aides financi\u00e8res et aides en ing\u00e9nierie disponibles aux collectivit\u00e9s locales pour financer leurs projets.<\/p>\n\n\n\n<h2 class=\"wp-block-heading\">Conforter le mod\u00e8le fran\u00e7ais de la ville Durable et le porter \u00e0 l\u2019international<\/h2>\n\n\n\n<p><strong>F\u00e9d\u00e9rer les initiatives de tous les acteurs au sein de France Ville Durable pour mieux les valoriser<\/strong><\/p>\n\n\n\n<p>D\u00e8s janvier 2020 sera cr\u00e9\u00e9 France Ville Durable par la fusion du r\u00e9seau Vivapolis et de l\u2019Institut de la Ville Durable.<\/p>\n\n\n\n<p><strong>Structurer une fili\u00e8re d\u2019excellence de la ville durable<\/strong><\/p>\n\n\n\n<p>la nouvelle universit\u00e9 Gustave Eiffel formera les architectes, urbanistes et ing\u00e9nieurs de demain autour d\u2019un axe central fort : Penser la ville durable comme une ville \u00e9conome en ressources, s\u00fbre et r\u00e9siliente et intelligente. Elle a \u00e9t\u00e9 officiellement lanc\u00e9e le 28 janvier \u00e0 Marne-La-Vall\u00e9e avec le regroupement de six \u00e9tablissements.<\/p>\n\n\n\n<p><strong>Construire la feuille de route internationale de la France<\/strong><\/p>\n\n\n\n<p>Au plan international, l\u2019ann\u00e9e 2020 est jalonn\u00e9e d\u2019\u00e9v\u00e8nements de haut niveau pour lesquels la ville durable sera une th\u00e9matique majeure et sur laquelle la France souhaite porter sa voix, en particulier le forum urbain mondial (f\u00e9vrier 2020), le sommet Afrique France (juin 2020) et l\u2019exposition universelle (\u00e0 partir d\u2019octobre 2020). L\u2019enjeu pour la France est de faire partager le plus largement sa vision des territoires durables. Le Partenariat Fran\u00e7ais pour la Ville et les Territoires a organis\u00e9 dix groupes de travail en 2019, en partenariat avec le minist\u00e8re charg\u00e9 de la Ville et du Logement.<\/p>\n\n\n\n<p><\/p>\n\n\n\n<p>Visuel : Pershing (13e), Laur\u00e9at : \u00ab Mille arbres \u00bb du concours r\u00e9inventer Paris<\/p>\n","protected":false},"excerpt":{"rendered":"<p>A l&rsquo;occasion des 10 ans du Plan Ville Durable, \u00ab\u00a0Habiter la ville de demain\u00a0\u00bb, Julien Denormandie, ministre charg\u00e9 de la Ville et du Logement a annonc\u00e9 10 nouvelles mesures pour pr\u00e9parer la ville et des territoires sobres, r\u00e9silients et inclusifs. Acc\u00e9l\u00e9rer les transitions en faveur de l\u2019am\u00e9nagement urbain durable 100 quartiers fertiles : renforcer l\u2019agriculture [&hellip;]<\/p>\n","protected":false},"author":17,"featured_media":91316,"comment_status":"closed","ping_status":"closed","sticky":false,"template":"","format":"standard","meta":{"_et_pb_use_builder":"","_et_pb_old_content":"","_et_gb_content_width":"","footnotes":""},"categories":[10736,10530,6340,6345],"tags":[1663],"class_list":["post-103766","post","type-post","status-publish","format-standard","has-post-thumbnail","hentry","category-a-la-une","category-actualites","category-architecture-conception","category-economie-marches","tag-ville-durable"],"yoast_head":"<!-- This site is optimized with the Yoast SEO plugin v27.4 - https:\/\/yoast.com\/product\/yoast-seo-wordpress\/ -->\n<title>Habiter la ville de demain<\/title>\n<meta name=\"robots\" content=\"index, follow, max-snippet:-1, max-image-preview:large, max-video-preview:-1\" \/>\n<link rel=\"canonical\" href=\"https:\/\/batijournal.com\/index.php\/habiter-la-ville-de-demain\/103766\/\" \/>\n<meta property=\"og:locale\" content=\"fr_FR\" \/>\n<meta property=\"og:type\" content=\"article\" \/>\n<meta property=\"og:title\" content=\"Habiter la ville de demain\" \/>\n<meta property=\"og:description\" content=\"A l&rsquo;occasion des 10 ans du Plan Ville Durable, \u00ab\u00a0Habiter la ville de demain\u00a0\u00bb, Julien Denormandie, ministre charg\u00e9 de la Ville et du Logement a annonc\u00e9 10 nouvelles mesures pour pr\u00e9parer la ville et des territoires sobres, r\u00e9silients et inclusifs. Acc\u00e9l\u00e9rer les transitions en faveur de l\u2019am\u00e9nagement urbain durable 100 quartiers fertiles : renforcer l\u2019agriculture [&hellip;]\" \/>\n<meta property=\"og:url\" content=\"https:\/\/batijournal.com\/index.php\/habiter-la-ville-de-demain\/103766\/\" \/>\n<meta property=\"og:site_name\" content=\"Batijournal\" \/>\n<meta property=\"article:published_time\" content=\"2020-02-10T07:24:50+00:00\" \/>\n<meta property=\"article:modified_time\" content=\"2020-02-10T07:24:52+00:00\" \/>\n<meta property=\"og:image\" content=\"https:\/\/batijournal.com\/wp-content\/uploads\/2016\/02\/PershingReinventer-Paris-.jpg\" \/>\n\t<meta property=\"og:image:width\" content=\"1200\" \/>\n\t<meta property=\"og:image:height\" content=\"546\" \/>\n\t<meta property=\"og:image:type\" content=\"image\/jpeg\" \/>\n<meta name=\"author\" content=\"St\u00e9phane Miget\" \/>\n<meta name=\"twitter:card\" content=\"summary_large_image\" \/>\n<meta name=\"twitter:creator\" content=\"@bati_journal\" \/>\n<meta name=\"twitter:site\" content=\"@bati_journal\" \/>\n<meta name=\"twitter:label1\" content=\"\u00c9crit par\" \/>\n\t<meta name=\"twitter:data1\" content=\"St\u00e9phane Miget\" \/>\n\t<meta name=\"twitter:label2\" content=\"Dur\u00e9e de lecture estim\u00e9e\" \/>\n\t<meta name=\"twitter:data2\" content=\"4 minutes\" \/>\n<script type=\"application\/ld+json\" class=\"yoast-schema-graph\">{\"@context\":\"https:\\\/\\\/schema.org\",\"@graph\":[{\"@type\":\"Article\",\"@id\":\"https:\\\/\\\/batijournal.com\\\/index.php\\\/habiter-la-ville-de-demain\\\/103766\\\/#article\",\"isPartOf\":{\"@id\":\"https:\\\/\\\/batijournal.com\\\/index.php\\\/habiter-la-ville-de-demain\\\/103766\\\/\"},\"author\":{\"name\":\"St\u00e9phane Miget\",\"@id\":\"https:\\\/\\\/batijournal.com\\\/#\\\/schema\\\/person\\\/1dc96ec6957aa1ccb25ebe78bb19f100\"},\"headline\":\"Habiter la ville de demain\",\"datePublished\":\"2020-02-10T07:24:50+00:00\",\"dateModified\":\"2020-02-10T07:24:52+00:00\",\"mainEntityOfPage\":{\"@id\":\"https:\\\/\\\/batijournal.com\\\/index.php\\\/habiter-la-ville-de-demain\\\/103766\\\/\"},\"wordCount\":860,\"image\":{\"@id\":\"https:\\\/\\\/batijournal.com\\\/index.php\\\/habiter-la-ville-de-demain\\\/103766\\\/#primaryimage\"},\"thumbnailUrl\":\"https:\\\/\\\/batijournal.com\\\/wp-content\\\/uploads\\\/2016\\\/02\\\/PershingReinventer-Paris-.jpg\",\"keywords\":[\"ville durable\"],\"articleSection\":[\"A la Une\",\"Actualit\u00e9s\",\"Architecture &amp; Conception\",\"\u00c9conomie &amp; March\u00e9s\"],\"inLanguage\":\"fr-FR\"},{\"@type\":\"WebPage\",\"@id\":\"https:\\\/\\\/batijournal.com\\\/index.php\\\/habiter-la-ville-de-demain\\\/103766\\\/\",\"url\":\"https:\\\/\\\/batijournal.com\\\/index.php\\\/habiter-la-ville-de-demain\\\/103766\\\/\",\"name\":\"Habiter la ville de demain\",\"isPartOf\":{\"@id\":\"https:\\\/\\\/batijournal.com\\\/#website\"},\"primaryImageOfPage\":{\"@id\":\"https:\\\/\\\/batijournal.com\\\/index.php\\\/habiter-la-ville-de-demain\\\/103766\\\/#primaryimage\"},\"image\":{\"@id\":\"https:\\\/\\\/batijournal.com\\\/index.php\\\/habiter-la-ville-de-demain\\\/103766\\\/#primaryimage\"},\"thumbnailUrl\":\"https:\\\/\\\/batijournal.com\\\/wp-content\\\/uploads\\\/2016\\\/02\\\/PershingReinventer-Paris-.jpg\",\"datePublished\":\"2020-02-10T07:24:50+00:00\",\"dateModified\":\"2020-02-10T07:24:52+00:00\",\"author\":{\"@id\":\"https:\\\/\\\/batijournal.com\\\/#\\\/schema\\\/person\\\/1dc96ec6957aa1ccb25ebe78bb19f100\"},\"breadcrumb\":{\"@id\":\"https:\\\/\\\/batijournal.com\\\/index.php\\\/habiter-la-ville-de-demain\\\/103766\\\/#breadcrumb\"},\"inLanguage\":\"fr-FR\",\"potentialAction\":[{\"@type\":\"ReadAction\",\"target\":[\"https:\\\/\\\/batijournal.com\\\/index.php\\\/habiter-la-ville-de-demain\\\/103766\\\/\"]}]},{\"@type\":\"ImageObject\",\"inLanguage\":\"fr-FR\",\"@id\":\"https:\\\/\\\/batijournal.com\\\/index.php\\\/habiter-la-ville-de-demain\\\/103766\\\/#primaryimage\",\"url\":\"https:\\\/\\\/batijournal.com\\\/wp-content\\\/uploads\\\/2016\\\/02\\\/PershingReinventer-Paris-.jpg\",\"contentUrl\":\"https:\\\/\\\/batijournal.com\\\/wp-content\\\/uploads\\\/2016\\\/02\\\/PershingReinventer-Paris-.jpg\",\"width\":1200,\"height\":546,\"caption\":\"Pershing (13e), Laur\u00e9at : \u00ab Mille arbres \u00bb\"},{\"@type\":\"BreadcrumbList\",\"@id\":\"https:\\\/\\\/batijournal.com\\\/index.php\\\/habiter-la-ville-de-demain\\\/103766\\\/#breadcrumb\",\"itemListElement\":[{\"@type\":\"ListItem\",\"position\":1,\"name\":\"Accueil\",\"item\":\"https:\\\/\\\/batijournal.com\\\/\"},{\"@type\":\"ListItem\",\"position\":2,\"name\":\"A la Une\",\"item\":\"https:\\\/\\\/batijournal.com\\\/index.php\\\/category\\\/a-la-une\\\/\"},{\"@type\":\"ListItem\",\"position\":3,\"name\":\"Habiter la ville de demain\"}]},{\"@type\":\"WebSite\",\"@id\":\"https:\\\/\\\/batijournal.com\\\/#website\",\"url\":\"https:\\\/\\\/batijournal.com\\\/\",\"name\":\"Batijournal\",\"description\":\"L&#039;actualit\u00e9 du b\u00e2timent\",\"potentialAction\":[{\"@type\":\"SearchAction\",\"target\":{\"@type\":\"EntryPoint\",\"urlTemplate\":\"https:\\\/\\\/batijournal.com\\\/?s={search_term_string}\"},\"query-input\":{\"@type\":\"PropertyValueSpecification\",\"valueRequired\":true,\"valueName\":\"search_term_string\"}}],\"inLanguage\":\"fr-FR\"},{\"@type\":\"Person\",\"@id\":\"https:\\\/\\\/batijournal.com\\\/#\\\/schema\\\/person\\\/1dc96ec6957aa1ccb25ebe78bb19f100\",\"name\":\"St\u00e9phane Miget\",\"image\":{\"@type\":\"ImageObject\",\"inLanguage\":\"fr-FR\",\"@id\":\"https:\\\/\\\/secure.gravatar.com\\\/avatar\\\/89915563d925342126b8ef0281b93d9d7fc337043e8df017f780908eb9644451?s=96&d=mm&r=g\",\"url\":\"https:\\\/\\\/secure.gravatar.com\\\/avatar\\\/89915563d925342126b8ef0281b93d9d7fc337043e8df017f780908eb9644451?s=96&d=mm&r=g\",\"contentUrl\":\"https:\\\/\\\/secure.gravatar.com\\\/avatar\\\/89915563d925342126b8ef0281b93d9d7fc337043e8df017f780908eb9644451?s=96&d=mm&r=g\",\"caption\":\"St\u00e9phane Miget\"},\"url\":\"https:\\\/\\\/batijournal.com\\\/index.php\\\/author\\\/stephane\\\/\"}]}<\/script>\n<!-- \/ Yoast SEO plugin. -->","yoast_head_json":{"title":"Habiter la ville de demain","robots":{"index":"index","follow":"follow","max-snippet":"max-snippet:-1","max-image-preview":"max-image-preview:large","max-video-preview":"max-video-preview:-1"},"canonical":"https:\/\/batijournal.com\/index.php\/habiter-la-ville-de-demain\/103766\/","og_locale":"fr_FR","og_type":"article","og_title":"Habiter la ville de demain","og_description":"A l&rsquo;occasion des 10 ans du Plan Ville Durable, \u00ab\u00a0Habiter la ville de demain\u00a0\u00bb, Julien Denormandie, ministre charg\u00e9 de la Ville et du Logement a annonc\u00e9 10 nouvelles mesures pour pr\u00e9parer la ville et des territoires sobres, r\u00e9silients et inclusifs. Acc\u00e9l\u00e9rer les transitions en faveur de l\u2019am\u00e9nagement urbain durable 100 quartiers fertiles : renforcer l\u2019agriculture [&hellip;]","og_url":"https:\/\/batijournal.com\/index.php\/habiter-la-ville-de-demain\/103766\/","og_site_name":"Batijournal","article_published_time":"2020-02-10T07:24:50+00:00","article_modified_time":"2020-02-10T07:24:52+00:00","og_image":[{"width":1200,"height":546,"url":"https:\/\/batijournal.com\/wp-content\/uploads\/2016\/02\/PershingReinventer-Paris-.jpg","type":"image\/jpeg"}],"author":"St\u00e9phane Miget","twitter_card":"summary_large_image","twitter_creator":"@bati_journal","twitter_site":"@bati_journal","twitter_misc":{"\u00c9crit par":"St\u00e9phane Miget","Dur\u00e9e de lecture estim\u00e9e":"4 minutes"},"schema":{"@context":"https:\/\/schema.org","@graph":[{"@type":"Article","@id":"https:\/\/batijournal.com\/index.php\/habiter-la-ville-de-demain\/103766\/#article","isPartOf":{"@id":"https:\/\/batijournal.com\/index.php\/habiter-la-ville-de-demain\/103766\/"},"author":{"name":"St\u00e9phane Miget","@id":"https:\/\/batijournal.com\/#\/schema\/person\/1dc96ec6957aa1ccb25ebe78bb19f100"},"headline":"Habiter la ville de demain","datePublished":"2020-02-10T07:24:50+00:00","dateModified":"2020-02-10T07:24:52+00:00","mainEntityOfPage":{"@id":"https:\/\/batijournal.com\/index.php\/habiter-la-ville-de-demain\/103766\/"},"wordCount":860,"image":{"@id":"https:\/\/batijournal.com\/index.php\/habiter-la-ville-de-demain\/103766\/#primaryimage"},"thumbnailUrl":"https:\/\/batijournal.com\/wp-content\/uploads\/2016\/02\/PershingReinventer-Paris-.jpg","keywords":["ville durable"],"articleSection":["A la Une","Actualit\u00e9s","Architecture &amp; Conception","\u00c9conomie &amp; March\u00e9s"],"inLanguage":"fr-FR"},{"@type":"WebPage","@id":"https:\/\/batijournal.com\/index.php\/habiter-la-ville-de-demain\/103766\/","url":"https:\/\/batijournal.com\/index.php\/habiter-la-ville-de-demain\/103766\/","name":"Habiter la ville de demain","isPartOf":{"@id":"https:\/\/batijournal.com\/#website"},"primaryImageOfPage":{"@id":"https:\/\/batijournal.com\/index.php\/habiter-la-ville-de-demain\/103766\/#primaryimage"},"image":{"@id":"https:\/\/batijournal.com\/index.php\/habiter-la-ville-de-demain\/103766\/#primaryimage"},"thumbnailUrl":"https:\/\/batijournal.com\/wp-content\/uploads\/2016\/02\/PershingReinventer-Paris-.jpg","datePublished":"2020-02-10T07:24:50+00:00","dateModified":"2020-02-10T07:24:52+00:00","author":{"@id":"https:\/\/batijournal.com\/#\/schema\/person\/1dc96ec6957aa1ccb25ebe78bb19f100"},"breadcrumb":{"@id":"https:\/\/batijournal.com\/index.php\/habiter-la-ville-de-demain\/103766\/#breadcrumb"},"inLanguage":"fr-FR","potentialAction":[{"@type":"ReadAction","target":["https:\/\/batijournal.com\/index.php\/habiter-la-ville-de-demain\/103766\/"]}]},{"@type":"ImageObject","inLanguage":"fr-FR","@id":"https:\/\/batijournal.com\/index.php\/habiter-la-ville-de-demain\/103766\/#primaryimage","url":"https:\/\/batijournal.com\/wp-content\/uploads\/2016\/02\/PershingReinventer-Paris-.jpg","contentUrl":"https:\/\/batijournal.com\/wp-content\/uploads\/2016\/02\/PershingReinventer-Paris-.jpg","width":1200,"height":546,"caption":"Pershing (13e), Laur\u00e9at : \u00ab Mille arbres \u00bb"},{"@type":"BreadcrumbList","@id":"https:\/\/batijournal.com\/index.php\/habiter-la-ville-de-demain\/103766\/#breadcrumb","itemListElement":[{"@type":"ListItem","position":1,"name":"Accueil","item":"https:\/\/batijournal.com\/"},{"@type":"ListItem","position":2,"name":"A la Une","item":"https:\/\/batijournal.com\/index.php\/category\/a-la-une\/"},{"@type":"ListItem","position":3,"name":"Habiter la ville de demain"}]},{"@type":"WebSite","@id":"https:\/\/batijournal.com\/#website","url":"https:\/\/batijournal.com\/","name":"Batijournal","description":"L&#039;actualit\u00e9 du b\u00e2timent","potentialAction":[{"@type":"SearchAction","target":{"@type":"EntryPoint","urlTemplate":"https:\/\/batijournal.com\/?s={search_term_string}"},"query-input":{"@type":"PropertyValueSpecification","valueRequired":true,"valueName":"search_term_string"}}],"inLanguage":"fr-FR"},{"@type":"Person","@id":"https:\/\/batijournal.com\/#\/schema\/person\/1dc96ec6957aa1ccb25ebe78bb19f100","name":"St\u00e9phane Miget","image":{"@type":"ImageObject","inLanguage":"fr-FR","@id":"https:\/\/secure.gravatar.com\/avatar\/89915563d925342126b8ef0281b93d9d7fc337043e8df017f780908eb9644451?s=96&d=mm&r=g","url":"https:\/\/secure.gravatar.com\/avatar\/89915563d925342126b8ef0281b93d9d7fc337043e8df017f780908eb9644451?s=96&d=mm&r=g","contentUrl":"https:\/\/secure.gravatar.com\/avatar\/89915563d925342126b8ef0281b93d9d7fc337043e8df017f780908eb9644451?s=96&d=mm&r=g","caption":"St\u00e9phane Miget"},"url":"https:\/\/batijournal.com\/index.php\/author\/stephane\/"}]}},"_links":{"self":[{"href":"https:\/\/batijournal.com\/index.php\/wp-json\/wp\/v2\/posts\/103766","targetHints":{"allow":["GET"]}}],"collection":[{"href":"https:\/\/batijournal.com\/index.php\/wp-json\/wp\/v2\/posts"}],"about":[{"href":"https:\/\/batijournal.com\/index.php\/wp-json\/wp\/v2\/types\/post"}],"author":[{"embeddable":true,"href":"https:\/\/batijournal.com\/index.php\/wp-json\/wp\/v2\/users\/17"}],"replies":[{"embeddable":true,"href":"https:\/\/batijournal.com\/index.php\/wp-json\/wp\/v2\/comments?post=103766"}],"version-history":[{"count":0,"href":"https:\/\/batijournal.com\/index.php\/wp-json\/wp\/v2\/posts\/103766\/revisions"}],"wp:featuredmedia":[{"embeddable":true,"href":"https:\/\/batijournal.com\/index.php\/wp-json\/wp\/v2\/media\/91316"}],"wp:attachment":[{"href":"https:\/\/batijournal.com\/index.php\/wp-json\/wp\/v2\/media?parent=103766"}],"wp:term":[{"taxonomy":"category","embeddable":true,"href":"https:\/\/batijournal.com\/index.php\/wp-json\/wp\/v2\/categories?post=103766"},{"taxonomy":"post_tag","embeddable":true,"href":"https:\/\/batijournal.com\/index.php\/wp-json\/wp\/v2\/tags?post=103766"}],"curies":[{"name":"wp","href":"https:\/\/api.w.org\/{rel}","templated":true}]}}