{"id":103777,"date":"2020-02-11T07:16:51","date_gmt":"2020-02-11T06:16:51","guid":{"rendered":"https:\/\/batijournal.com\/?p=103777"},"modified":"2020-02-11T07:16:53","modified_gmt":"2020-02-11T06:16:53","slug":"appel-a-projets-pour-reduire-les-dechets-du-batiment","status":"publish","type":"post","link":"https:\/\/batijournal.com\/index.php\/appel-a-projets-pour-reduire-les-dechets-du-batiment\/103777\/","title":{"rendered":"Appel \u00e0 projets pour r\u00e9duire les d\u00e9chets du b\u00e2timent"},"content":{"rendered":"\n<p>Brune Poirson, secr\u00e9taire d\u2019\u00c9tat aupr\u00e8s de la ministre de la Transition \u00e9cologique et solidaire, a annonc\u00e9 le lancement d\u2019un appel \u00e0 projets op\u00e9r\u00e9 par l\u2019ADEME dans le cadre du Programme d\u2019investissements d\u2019avenir visant \u00e0 r\u00e9duire les d\u00e9chets du b\u00e2timent. Cet appel \u00e0 projet, dont l\u2019enveloppe est de 20 millions d\u2019euros, permettra d\u2019encourager des solutions innovantes pour mieux r\u00e9employer les mat\u00e9riaux issus de d\u00e9construction, mais aussi pour am\u00e9liorer le taux de recyclage des d\u00e9chets de la construction et de la r\u00e9novation.<\/p>\n\n\n\n<p><a href=\"https:\/\/appelsaprojets.ademe.fr\/aap\/AAPRRVDB2020-19\">https:\/\/appelsaprojets.ademe.fr\/aap\/AAPRRVDB2020-19<\/a><\/p>\n","protected":false},"excerpt":{"rendered":"<p>Brune Poirson, secr\u00e9taire d\u2019\u00c9tat aupr\u00e8s de la ministre de la Transition \u00e9cologique et solidaire, a annonc\u00e9 le lancement d\u2019un appel \u00e0 projets op\u00e9r\u00e9 par l\u2019ADEME dans le cadre du Programme d\u2019investissements d\u2019avenir visant \u00e0 r\u00e9duire les d\u00e9chets du b\u00e2timent. Cet appel \u00e0 projet, dont l\u2019enveloppe est de 20 millions d\u2019euros, permettra d\u2019encourager des solutions innovantes [&hellip;]<\/p>\n","protected":false},"author":17,"featured_media":92803,"comment_status":"closed","ping_status":"closed","sticky":false,"template":"","format":"standard","meta":{"_et_pb_use_builder":"","_et_pb_old_content":"","_et_gb_content_width":"","footnotes":""},"categories":[10530,6351,10781,10778],"tags":[1211,11430],"class_list":["post-103777","post","type-post","status-publish","format-standard","has-post-thumbnail","hentry","category-actualites","category-energie-environnement","category-publications-planete","category-planete","tag-dechets","tag-economie-circulaire"],"yoast_head":"<!-- This site is optimized with the Yoast SEO plugin v27.4 - https:\/\/yoast.com\/product\/yoast-seo-wordpress\/ -->\n<title>Appel \u00e0 projets pour r\u00e9duire les d\u00e9chets du b\u00e2timent<\/title>\n<meta name=\"robots\" content=\"index, follow, max-snippet:-1, max-image-preview:large, max-video-preview:-1\" \/>\n<link rel=\"canonical\" href=\"https:\/\/batijournal.com\/index.php\/appel-a-projets-pour-reduire-les-dechets-du-batiment\/103777\/\" \/>\n<meta property=\"og:locale\" content=\"fr_FR\" \/>\n<meta property=\"og:type\" content=\"article\" \/>\n<meta property=\"og:title\" content=\"Appel \u00e0 projets pour r\u00e9duire les d\u00e9chets du b\u00e2timent\" \/>\n<meta property=\"og:description\" content=\"Brune Poirson, secr\u00e9taire d\u2019\u00c9tat aupr\u00e8s de la ministre de la Transition \u00e9cologique et solidaire, a annonc\u00e9 le lancement d\u2019un appel \u00e0 projets op\u00e9r\u00e9 par l\u2019ADEME dans le cadre du Programme d\u2019investissements d\u2019avenir visant \u00e0 r\u00e9duire les d\u00e9chets du b\u00e2timent. Cet appel \u00e0 projet, dont l\u2019enveloppe est de 20 millions d\u2019euros, permettra d\u2019encourager des solutions innovantes [&hellip;]\" \/>\n<meta property=\"og:url\" content=\"https:\/\/batijournal.com\/index.php\/appel-a-projets-pour-reduire-les-dechets-du-batiment\/103777\/\" \/>\n<meta property=\"og:site_name\" content=\"Batijournal\" \/>\n<meta property=\"article:published_time\" content=\"2020-02-11T06:16:51+00:00\" \/>\n<meta property=\"article:modified_time\" content=\"2020-02-11T06:16:53+00:00\" \/>\n<meta property=\"og:image\" content=\"https:\/\/batijournal.com\/wp-content\/uploads\/2016\/05\/dechets-inertes.jpg\" \/>\n\t<meta property=\"og:image:width\" content=\"1000\" \/>\n\t<meta property=\"og:image:height\" content=\"627\" \/>\n\t<meta property=\"og:image:type\" content=\"image\/jpeg\" \/>\n<meta name=\"author\" content=\"St\u00e9phane Miget\" \/>\n<meta name=\"twitter:card\" content=\"summary_large_image\" \/>\n<meta name=\"twitter:creator\" content=\"@bati_journal\" \/>\n<meta name=\"twitter:site\" content=\"@bati_journal\" \/>\n<meta name=\"twitter:label1\" content=\"\u00c9crit par\" \/>\n\t<meta name=\"twitter:data1\" content=\"St\u00e9phane Miget\" \/>\n\t<meta name=\"twitter:label2\" content=\"Dur\u00e9e de lecture estim\u00e9e\" \/>\n\t<meta name=\"twitter:data2\" content=\"1 minute\" \/>\n<script type=\"application\/ld+json\" class=\"yoast-schema-graph\">{\"@context\":\"https:\\\/\\\/schema.org\",\"@graph\":[{\"@type\":\"Article\",\"@id\":\"https:\\\/\\\/batijournal.com\\\/index.php\\\/appel-a-projets-pour-reduire-les-dechets-du-batiment\\\/103777\\\/#article\",\"isPartOf\":{\"@id\":\"https:\\\/\\\/batijournal.com\\\/index.php\\\/appel-a-projets-pour-reduire-les-dechets-du-batiment\\\/103777\\\/\"},\"author\":{\"name\":\"St\u00e9phane Miget\",\"@id\":\"https:\\\/\\\/batijournal.com\\\/#\\\/schema\\\/person\\\/1dc96ec6957aa1ccb25ebe78bb19f100\"},\"headline\":\"Appel \u00e0 projets pour r\u00e9duire les d\u00e9chets du b\u00e2timent\",\"datePublished\":\"2020-02-11T06:16:51+00:00\",\"dateModified\":\"2020-02-11T06:16:53+00:00\",\"mainEntityOfPage\":{\"@id\":\"https:\\\/\\\/batijournal.com\\\/index.php\\\/appel-a-projets-pour-reduire-les-dechets-du-batiment\\\/103777\\\/\"},\"wordCount\":114,\"image\":{\"@id\":\"https:\\\/\\\/batijournal.com\\\/index.php\\\/appel-a-projets-pour-reduire-les-dechets-du-batiment\\\/103777\\\/#primaryimage\"},\"thumbnailUrl\":\"https:\\\/\\\/batijournal.com\\\/wp-content\\\/uploads\\\/2016\\\/05\\\/dechets-inertes.jpg\",\"keywords\":[\"d\u00e9chets\",\"\u00e9conomie circulaire\"],\"articleSection\":[\"Actualit\u00e9s\",\"\u00c9nergie &amp; Environnement\",\"zz_Actualit\u00e9s - Plan\u00e8te\",\"zz_Plan\u00e8te B\u00e2timent\"],\"inLanguage\":\"fr-FR\"},{\"@type\":\"WebPage\",\"@id\":\"https:\\\/\\\/batijournal.com\\\/index.php\\\/appel-a-projets-pour-reduire-les-dechets-du-batiment\\\/103777\\\/\",\"url\":\"https:\\\/\\\/batijournal.com\\\/index.php\\\/appel-a-projets-pour-reduire-les-dechets-du-batiment\\\/103777\\\/\",\"name\":\"Appel \u00e0 projets pour r\u00e9duire les d\u00e9chets du b\u00e2timent\",\"isPartOf\":{\"@id\":\"https:\\\/\\\/batijournal.com\\\/#website\"},\"primaryImageOfPage\":{\"@id\":\"https:\\\/\\\/batijournal.com\\\/index.php\\\/appel-a-projets-pour-reduire-les-dechets-du-batiment\\\/103777\\\/#primaryimage\"},\"image\":{\"@id\":\"https:\\\/\\\/batijournal.com\\\/index.php\\\/appel-a-projets-pour-reduire-les-dechets-du-batiment\\\/103777\\\/#primaryimage\"},\"thumbnailUrl\":\"https:\\\/\\\/batijournal.com\\\/wp-content\\\/uploads\\\/2016\\\/05\\\/dechets-inertes.jpg\",\"datePublished\":\"2020-02-11T06:16:51+00:00\",\"dateModified\":\"2020-02-11T06:16:53+00:00\",\"author\":{\"@id\":\"https:\\\/\\\/batijournal.com\\\/#\\\/schema\\\/person\\\/1dc96ec6957aa1ccb25ebe78bb19f100\"},\"breadcrumb\":{\"@id\":\"https:\\\/\\\/batijournal.com\\\/index.php\\\/appel-a-projets-pour-reduire-les-dechets-du-batiment\\\/103777\\\/#breadcrumb\"},\"inLanguage\":\"fr-FR\",\"potentialAction\":[{\"@type\":\"ReadAction\",\"target\":[\"https:\\\/\\\/batijournal.com\\\/index.php\\\/appel-a-projets-pour-reduire-les-dechets-du-batiment\\\/103777\\\/\"]}]},{\"@type\":\"ImageObject\",\"inLanguage\":\"fr-FR\",\"@id\":\"https:\\\/\\\/batijournal.com\\\/index.php\\\/appel-a-projets-pour-reduire-les-dechets-du-batiment\\\/103777\\\/#primaryimage\",\"url\":\"https:\\\/\\\/batijournal.com\\\/wp-content\\\/uploads\\\/2016\\\/05\\\/dechets-inertes.jpg\",\"contentUrl\":\"https:\\\/\\\/batijournal.com\\\/wp-content\\\/uploads\\\/2016\\\/05\\\/dechets-inertes.jpg\",\"width\":1000,\"height\":627},{\"@type\":\"BreadcrumbList\",\"@id\":\"https:\\\/\\\/batijournal.com\\\/index.php\\\/appel-a-projets-pour-reduire-les-dechets-du-batiment\\\/103777\\\/#breadcrumb\",\"itemListElement\":[{\"@type\":\"ListItem\",\"position\":1,\"name\":\"Accueil\",\"item\":\"https:\\\/\\\/batijournal.com\\\/\"},{\"@type\":\"ListItem\",\"position\":2,\"name\":\"Actualit\u00e9s\",\"item\":\"https:\\\/\\\/batijournal.com\\\/index.php\\\/category\\\/actualites\\\/\"},{\"@type\":\"ListItem\",\"position\":3,\"name\":\"Appel \u00e0 projets pour r\u00e9duire les d\u00e9chets du b\u00e2timent\"}]},{\"@type\":\"WebSite\",\"@id\":\"https:\\\/\\\/batijournal.com\\\/#website\",\"url\":\"https:\\\/\\\/batijournal.com\\\/\",\"name\":\"Batijournal\",\"description\":\"L&#039;actualit\u00e9 du b\u00e2timent\",\"potentialAction\":[{\"@type\":\"SearchAction\",\"target\":{\"@type\":\"EntryPoint\",\"urlTemplate\":\"https:\\\/\\\/batijournal.com\\\/?s={search_term_string}\"},\"query-input\":{\"@type\":\"PropertyValueSpecification\",\"valueRequired\":true,\"valueName\":\"search_term_string\"}}],\"inLanguage\":\"fr-FR\"},{\"@type\":\"Person\",\"@id\":\"https:\\\/\\\/batijournal.com\\\/#\\\/schema\\\/person\\\/1dc96ec6957aa1ccb25ebe78bb19f100\",\"name\":\"St\u00e9phane Miget\",\"image\":{\"@type\":\"ImageObject\",\"inLanguage\":\"fr-FR\",\"@id\":\"https:\\\/\\\/secure.gravatar.com\\\/avatar\\\/89915563d925342126b8ef0281b93d9d7fc337043e8df017f780908eb9644451?s=96&d=mm&r=g\",\"url\":\"https:\\\/\\\/secure.gravatar.com\\\/avatar\\\/89915563d925342126b8ef0281b93d9d7fc337043e8df017f780908eb9644451?s=96&d=mm&r=g\",\"contentUrl\":\"https:\\\/\\\/secure.gravatar.com\\\/avatar\\\/89915563d925342126b8ef0281b93d9d7fc337043e8df017f780908eb9644451?s=96&d=mm&r=g\",\"caption\":\"St\u00e9phane Miget\"},\"url\":\"https:\\\/\\\/batijournal.com\\\/index.php\\\/author\\\/stephane\\\/\"}]}<\/script>\n<!-- \/ Yoast SEO plugin. -->","yoast_head_json":{"title":"Appel \u00e0 projets pour r\u00e9duire les d\u00e9chets du b\u00e2timent","robots":{"index":"index","follow":"follow","max-snippet":"max-snippet:-1","max-image-preview":"max-image-preview:large","max-video-preview":"max-video-preview:-1"},"canonical":"https:\/\/batijournal.com\/index.php\/appel-a-projets-pour-reduire-les-dechets-du-batiment\/103777\/","og_locale":"fr_FR","og_type":"article","og_title":"Appel \u00e0 projets pour r\u00e9duire les d\u00e9chets du b\u00e2timent","og_description":"Brune Poirson, secr\u00e9taire d\u2019\u00c9tat aupr\u00e8s de la ministre de la Transition \u00e9cologique et solidaire, a annonc\u00e9 le lancement d\u2019un appel \u00e0 projets op\u00e9r\u00e9 par l\u2019ADEME dans le cadre du Programme d\u2019investissements d\u2019avenir visant \u00e0 r\u00e9duire les d\u00e9chets du b\u00e2timent. Cet appel \u00e0 projet, dont l\u2019enveloppe est de 20 millions d\u2019euros, permettra d\u2019encourager des solutions innovantes [&hellip;]","og_url":"https:\/\/batijournal.com\/index.php\/appel-a-projets-pour-reduire-les-dechets-du-batiment\/103777\/","og_site_name":"Batijournal","article_published_time":"2020-02-11T06:16:51+00:00","article_modified_time":"2020-02-11T06:16:53+00:00","og_image":[{"width":1000,"height":627,"url":"https:\/\/batijournal.com\/wp-content\/uploads\/2016\/05\/dechets-inertes.jpg","type":"image\/jpeg"}],"author":"St\u00e9phane Miget","twitter_card":"summary_large_image","twitter_creator":"@bati_journal","twitter_site":"@bati_journal","twitter_misc":{"\u00c9crit par":"St\u00e9phane Miget","Dur\u00e9e de lecture estim\u00e9e":"1 minute"},"schema":{"@context":"https:\/\/schema.org","@graph":[{"@type":"Article","@id":"https:\/\/batijournal.com\/index.php\/appel-a-projets-pour-reduire-les-dechets-du-batiment\/103777\/#article","isPartOf":{"@id":"https:\/\/batijournal.com\/index.php\/appel-a-projets-pour-reduire-les-dechets-du-batiment\/103777\/"},"author":{"name":"St\u00e9phane Miget","@id":"https:\/\/batijournal.com\/#\/schema\/person\/1dc96ec6957aa1ccb25ebe78bb19f100"},"headline":"Appel \u00e0 projets pour r\u00e9duire les d\u00e9chets du b\u00e2timent","datePublished":"2020-02-11T06:16:51+00:00","dateModified":"2020-02-11T06:16:53+00:00","mainEntityOfPage":{"@id":"https:\/\/batijournal.com\/index.php\/appel-a-projets-pour-reduire-les-dechets-du-batiment\/103777\/"},"wordCount":114,"image":{"@id":"https:\/\/batijournal.com\/index.php\/appel-a-projets-pour-reduire-les-dechets-du-batiment\/103777\/#primaryimage"},"thumbnailUrl":"https:\/\/batijournal.com\/wp-content\/uploads\/2016\/05\/dechets-inertes.jpg","keywords":["d\u00e9chets","\u00e9conomie circulaire"],"articleSection":["Actualit\u00e9s","\u00c9nergie &amp; Environnement","zz_Actualit\u00e9s - Plan\u00e8te","zz_Plan\u00e8te B\u00e2timent"],"inLanguage":"fr-FR"},{"@type":"WebPage","@id":"https:\/\/batijournal.com\/index.php\/appel-a-projets-pour-reduire-les-dechets-du-batiment\/103777\/","url":"https:\/\/batijournal.com\/index.php\/appel-a-projets-pour-reduire-les-dechets-du-batiment\/103777\/","name":"Appel \u00e0 projets pour r\u00e9duire les d\u00e9chets du b\u00e2timent","isPartOf":{"@id":"https:\/\/batijournal.com\/#website"},"primaryImageOfPage":{"@id":"https:\/\/batijournal.com\/index.php\/appel-a-projets-pour-reduire-les-dechets-du-batiment\/103777\/#primaryimage"},"image":{"@id":"https:\/\/batijournal.com\/index.php\/appel-a-projets-pour-reduire-les-dechets-du-batiment\/103777\/#primaryimage"},"thumbnailUrl":"https:\/\/batijournal.com\/wp-content\/uploads\/2016\/05\/dechets-inertes.jpg","datePublished":"2020-02-11T06:16:51+00:00","dateModified":"2020-02-11T06:16:53+00:00","author":{"@id":"https:\/\/batijournal.com\/#\/schema\/person\/1dc96ec6957aa1ccb25ebe78bb19f100"},"breadcrumb":{"@id":"https:\/\/batijournal.com\/index.php\/appel-a-projets-pour-reduire-les-dechets-du-batiment\/103777\/#breadcrumb"},"inLanguage":"fr-FR","potentialAction":[{"@type":"ReadAction","target":["https:\/\/batijournal.com\/index.php\/appel-a-projets-pour-reduire-les-dechets-du-batiment\/103777\/"]}]},{"@type":"ImageObject","inLanguage":"fr-FR","@id":"https:\/\/batijournal.com\/index.php\/appel-a-projets-pour-reduire-les-dechets-du-batiment\/103777\/#primaryimage","url":"https:\/\/batijournal.com\/wp-content\/uploads\/2016\/05\/dechets-inertes.jpg","contentUrl":"https:\/\/batijournal.com\/wp-content\/uploads\/2016\/05\/dechets-inertes.jpg","width":1000,"height":627},{"@type":"BreadcrumbList","@id":"https:\/\/batijournal.com\/index.php\/appel-a-projets-pour-reduire-les-dechets-du-batiment\/103777\/#breadcrumb","itemListElement":[{"@type":"ListItem","position":1,"name":"Accueil","item":"https:\/\/batijournal.com\/"},{"@type":"ListItem","position":2,"name":"Actualit\u00e9s","item":"https:\/\/batijournal.com\/index.php\/category\/actualites\/"},{"@type":"ListItem","position":3,"name":"Appel \u00e0 projets pour r\u00e9duire les d\u00e9chets du b\u00e2timent"}]},{"@type":"WebSite","@id":"https:\/\/batijournal.com\/#website","url":"https:\/\/batijournal.com\/","name":"Batijournal","description":"L&#039;actualit\u00e9 du b\u00e2timent","potentialAction":[{"@type":"SearchAction","target":{"@type":"EntryPoint","urlTemplate":"https:\/\/batijournal.com\/?s={search_term_string}"},"query-input":{"@type":"PropertyValueSpecification","valueRequired":true,"valueName":"search_term_string"}}],"inLanguage":"fr-FR"},{"@type":"Person","@id":"https:\/\/batijournal.com\/#\/schema\/person\/1dc96ec6957aa1ccb25ebe78bb19f100","name":"St\u00e9phane Miget","image":{"@type":"ImageObject","inLanguage":"fr-FR","@id":"https:\/\/secure.gravatar.com\/avatar\/89915563d925342126b8ef0281b93d9d7fc337043e8df017f780908eb9644451?s=96&d=mm&r=g","url":"https:\/\/secure.gravatar.com\/avatar\/89915563d925342126b8ef0281b93d9d7fc337043e8df017f780908eb9644451?s=96&d=mm&r=g","contentUrl":"https:\/\/secure.gravatar.com\/avatar\/89915563d925342126b8ef0281b93d9d7fc337043e8df017f780908eb9644451?s=96&d=mm&r=g","caption":"St\u00e9phane Miget"},"url":"https:\/\/batijournal.com\/index.php\/author\/stephane\/"}]}},"_links":{"self":[{"href":"https:\/\/batijournal.com\/index.php\/wp-json\/wp\/v2\/posts\/103777","targetHints":{"allow":["GET"]}}],"collection":[{"href":"https:\/\/batijournal.com\/index.php\/wp-json\/wp\/v2\/posts"}],"about":[{"href":"https:\/\/batijournal.com\/index.php\/wp-json\/wp\/v2\/types\/post"}],"author":[{"embeddable":true,"href":"https:\/\/batijournal.com\/index.php\/wp-json\/wp\/v2\/users\/17"}],"replies":[{"embeddable":true,"href":"https:\/\/batijournal.com\/index.php\/wp-json\/wp\/v2\/comments?post=103777"}],"version-history":[{"count":0,"href":"https:\/\/batijournal.com\/index.php\/wp-json\/wp\/v2\/posts\/103777\/revisions"}],"wp:featuredmedia":[{"embeddable":true,"href":"https:\/\/batijournal.com\/index.php\/wp-json\/wp\/v2\/media\/92803"}],"wp:attachment":[{"href":"https:\/\/batijournal.com\/index.php\/wp-json\/wp\/v2\/media?parent=103777"}],"wp:term":[{"taxonomy":"category","embeddable":true,"href":"https:\/\/batijournal.com\/index.php\/wp-json\/wp\/v2\/categories?post=103777"},{"taxonomy":"post_tag","embeddable":true,"href":"https:\/\/batijournal.com\/index.php\/wp-json\/wp\/v2\/tags?post=103777"}],"curies":[{"name":"wp","href":"https:\/\/api.w.org\/{rel}","templated":true}]}}