{"id":103830,"date":"2020-02-19T07:23:05","date_gmt":"2020-02-19T06:23:05","guid":{"rendered":"https:\/\/batijournal.com\/?p=103830"},"modified":"2020-02-19T07:23:07","modified_gmt":"2020-02-19T06:23:07","slug":"le-chateau-du-clos-luce-va-ouvrir-un-nouvel-espace-dedie-a-leonard-de-vinci","status":"publish","type":"post","link":"https:\/\/batijournal.com\/index.php\/le-chateau-du-clos-luce-va-ouvrir-un-nouvel-espace-dedie-a-leonard-de-vinci\/103830\/","title":{"rendered":"Le Ch\u00e2teau du Clos Luc\u00e9 va ouvrir un nouvel espace d\u00e9di\u00e9 \u00e0 L\u00e9onard de Vinci"},"content":{"rendered":"\n<p>Les c\u00e9l\u00e9brations du 500e anniversaire de la mort de L\u00e9onard de Vinci au Ch\u00e2teau du Clos Luc\u00e9, en Indre-et-Loire, ont attir\u00e9 520 000 visiteurs soit une augmentation de la fr\u00e9quentation de 33 % par rapport \u00e0 2018. Cela positionne le Clos Luc\u00e9 \u00e0 la troisi\u00e8me place des monuments les plus visit\u00e9s du Val de Loire. Le Ch\u00e2teau poursuit son d\u00e9veloppement en 2020 avec l\u2019ouverture d\u2019un nouvel espace d\u00e9di\u00e9 \u00e0 L\u00e9onard de Vinci au c\u0153ur du parc, cet \u00e9t\u00e9. Sur deux \u00e9tages, le visiteur est invit\u00e9 \u00e0 d\u00e9couvrir L\u00e9onard de Vinci Peintre et Architecte. Au rez-de- chauss\u00e9e, un spectacle immersif plonge chacun dans l\u2019univers peint du ma\u00eetre et ses dessins pr\u00e9paratoires, gr\u00e2ce \u00e0 un dispositif technologique de pointe. Au premier \u00e9tage, plac\u00e9s sous l\u2019autorit\u00e9 de Pascal Brioist, ce sont tous les univers de L\u00e9onard de Vinci architecte civil, militaire et religieux qui sont mis en sc\u00e8ne \u00e0 travers un parcours ponctu\u00e9 de maquettes, d\u2019animations 3D et de manipulations.<\/p>\n","protected":false},"excerpt":{"rendered":"<p>Les c\u00e9l\u00e9brations du 500e anniversaire de la mort de L\u00e9onard de Vinci au Ch\u00e2teau du Clos Luc\u00e9, en Indre-et-Loire, ont attir\u00e9 520 000 visiteurs soit une augmentation de la fr\u00e9quentation de 33 % par rapport \u00e0 2018. Cela positionne le Clos Luc\u00e9 \u00e0 la troisi\u00e8me place des monuments les plus visit\u00e9s du Val de Loire. [&hellip;]<\/p>\n","protected":false},"author":17,"featured_media":103831,"comment_status":"closed","ping_status":"closed","sticky":false,"template":"","format":"standard","meta":{"_et_pb_use_builder":"","_et_pb_old_content":"","_et_gb_content_width":"","footnotes":""},"categories":[10530,6340,10789,10785],"tags":[3640],"class_list":["post-103830","post","type-post","status-publish","format-standard","has-post-thumbnail","hentry","category-actualites","category-architecture-conception","category-publications-atrium","category-atrium","tag-musee"],"yoast_head":"<!-- This site is optimized with the Yoast SEO plugin v27.4 - https:\/\/yoast.com\/product\/yoast-seo-wordpress\/ -->\n<title>Le Ch\u00e2teau du Clos Luc\u00e9 va ouvrir un nouvel espace d\u00e9di\u00e9 \u00e0 L\u00e9onard de Vinci<\/title>\n<meta name=\"robots\" content=\"index, follow, max-snippet:-1, max-image-preview:large, max-video-preview:-1\" \/>\n<link rel=\"canonical\" href=\"https:\/\/batijournal.com\/index.php\/le-chateau-du-clos-luce-va-ouvrir-un-nouvel-espace-dedie-a-leonard-de-vinci\/103830\/\" \/>\n<meta property=\"og:locale\" content=\"fr_FR\" \/>\n<meta property=\"og:type\" content=\"article\" \/>\n<meta property=\"og:title\" content=\"Le Ch\u00e2teau du Clos Luc\u00e9 va ouvrir un nouvel espace d\u00e9di\u00e9 \u00e0 L\u00e9onard de Vinci\" \/>\n<meta property=\"og:description\" content=\"Les c\u00e9l\u00e9brations du 500e anniversaire de la mort de L\u00e9onard de Vinci au Ch\u00e2teau du Clos Luc\u00e9, en Indre-et-Loire, ont attir\u00e9 520 000 visiteurs soit une augmentation de la fr\u00e9quentation de 33 % par rapport \u00e0 2018. Cela positionne le Clos Luc\u00e9 \u00e0 la troisi\u00e8me place des monuments les plus visit\u00e9s du Val de Loire. [&hellip;]\" \/>\n<meta property=\"og:url\" content=\"https:\/\/batijournal.com\/index.php\/le-chateau-du-clos-luce-va-ouvrir-un-nouvel-espace-dedie-a-leonard-de-vinci\/103830\/\" \/>\n<meta property=\"og:site_name\" content=\"Batijournal\" \/>\n<meta property=\"article:published_time\" content=\"2020-02-19T06:23:05+00:00\" \/>\n<meta property=\"article:modified_time\" content=\"2020-02-19T06:23:07+00:00\" \/>\n<meta property=\"og:image\" content=\"https:\/\/batijournal.com\/wp-content\/uploads\/2020\/02\/Chateau-du-Clos-Luce-espace-leonard-de-vinci.jpg\" \/>\n\t<meta property=\"og:image:width\" content=\"500\" \/>\n\t<meta property=\"og:image:height\" content=\"345\" \/>\n\t<meta property=\"og:image:type\" content=\"image\/jpeg\" \/>\n<meta name=\"author\" content=\"St\u00e9phane Miget\" \/>\n<meta name=\"twitter:card\" content=\"summary_large_image\" \/>\n<meta name=\"twitter:creator\" content=\"@bati_journal\" \/>\n<meta name=\"twitter:site\" content=\"@bati_journal\" \/>\n<meta name=\"twitter:label1\" content=\"\u00c9crit par\" \/>\n\t<meta name=\"twitter:data1\" content=\"St\u00e9phane Miget\" \/>\n\t<meta name=\"twitter:label2\" content=\"Dur\u00e9e de lecture estim\u00e9e\" \/>\n\t<meta name=\"twitter:data2\" content=\"1 minute\" \/>\n<script type=\"application\/ld+json\" class=\"yoast-schema-graph\">{\"@context\":\"https:\\\/\\\/schema.org\",\"@graph\":[{\"@type\":\"Article\",\"@id\":\"https:\\\/\\\/batijournal.com\\\/index.php\\\/le-chateau-du-clos-luce-va-ouvrir-un-nouvel-espace-dedie-a-leonard-de-vinci\\\/103830\\\/#article\",\"isPartOf\":{\"@id\":\"https:\\\/\\\/batijournal.com\\\/index.php\\\/le-chateau-du-clos-luce-va-ouvrir-un-nouvel-espace-dedie-a-leonard-de-vinci\\\/103830\\\/\"},\"author\":{\"name\":\"St\u00e9phane Miget\",\"@id\":\"https:\\\/\\\/batijournal.com\\\/#\\\/schema\\\/person\\\/1dc96ec6957aa1ccb25ebe78bb19f100\"},\"headline\":\"Le Ch\u00e2teau du Clos Luc\u00e9 va ouvrir un nouvel espace d\u00e9di\u00e9 \u00e0 L\u00e9onard de Vinci\",\"datePublished\":\"2020-02-19T06:23:05+00:00\",\"dateModified\":\"2020-02-19T06:23:07+00:00\",\"mainEntityOfPage\":{\"@id\":\"https:\\\/\\\/batijournal.com\\\/index.php\\\/le-chateau-du-clos-luce-va-ouvrir-un-nouvel-espace-dedie-a-leonard-de-vinci\\\/103830\\\/\"},\"wordCount\":188,\"image\":{\"@id\":\"https:\\\/\\\/batijournal.com\\\/index.php\\\/le-chateau-du-clos-luce-va-ouvrir-un-nouvel-espace-dedie-a-leonard-de-vinci\\\/103830\\\/#primaryimage\"},\"thumbnailUrl\":\"https:\\\/\\\/batijournal.com\\\/wp-content\\\/uploads\\\/2020\\\/02\\\/Chateau-du-Clos-Luce-espace-leonard-de-vinci.jpg\",\"keywords\":[\"mus\u00e9e\"],\"articleSection\":[\"Actualit\u00e9s\",\"Architecture &amp; Conception\",\"zz_Actualit\u00e9s - Atrium\",\"zz_Atrium Patrimoine\"],\"inLanguage\":\"fr-FR\"},{\"@type\":\"WebPage\",\"@id\":\"https:\\\/\\\/batijournal.com\\\/index.php\\\/le-chateau-du-clos-luce-va-ouvrir-un-nouvel-espace-dedie-a-leonard-de-vinci\\\/103830\\\/\",\"url\":\"https:\\\/\\\/batijournal.com\\\/index.php\\\/le-chateau-du-clos-luce-va-ouvrir-un-nouvel-espace-dedie-a-leonard-de-vinci\\\/103830\\\/\",\"name\":\"Le Ch\u00e2teau du Clos Luc\u00e9 va ouvrir un nouvel espace d\u00e9di\u00e9 \u00e0 L\u00e9onard de Vinci\",\"isPartOf\":{\"@id\":\"https:\\\/\\\/batijournal.com\\\/#website\"},\"primaryImageOfPage\":{\"@id\":\"https:\\\/\\\/batijournal.com\\\/index.php\\\/le-chateau-du-clos-luce-va-ouvrir-un-nouvel-espace-dedie-a-leonard-de-vinci\\\/103830\\\/#primaryimage\"},\"image\":{\"@id\":\"https:\\\/\\\/batijournal.com\\\/index.php\\\/le-chateau-du-clos-luce-va-ouvrir-un-nouvel-espace-dedie-a-leonard-de-vinci\\\/103830\\\/#primaryimage\"},\"thumbnailUrl\":\"https:\\\/\\\/batijournal.com\\\/wp-content\\\/uploads\\\/2020\\\/02\\\/Chateau-du-Clos-Luce-espace-leonard-de-vinci.jpg\",\"datePublished\":\"2020-02-19T06:23:05+00:00\",\"dateModified\":\"2020-02-19T06:23:07+00:00\",\"author\":{\"@id\":\"https:\\\/\\\/batijournal.com\\\/#\\\/schema\\\/person\\\/1dc96ec6957aa1ccb25ebe78bb19f100\"},\"breadcrumb\":{\"@id\":\"https:\\\/\\\/batijournal.com\\\/index.php\\\/le-chateau-du-clos-luce-va-ouvrir-un-nouvel-espace-dedie-a-leonard-de-vinci\\\/103830\\\/#breadcrumb\"},\"inLanguage\":\"fr-FR\",\"potentialAction\":[{\"@type\":\"ReadAction\",\"target\":[\"https:\\\/\\\/batijournal.com\\\/index.php\\\/le-chateau-du-clos-luce-va-ouvrir-un-nouvel-espace-dedie-a-leonard-de-vinci\\\/103830\\\/\"]}]},{\"@type\":\"ImageObject\",\"inLanguage\":\"fr-FR\",\"@id\":\"https:\\\/\\\/batijournal.com\\\/index.php\\\/le-chateau-du-clos-luce-va-ouvrir-un-nouvel-espace-dedie-a-leonard-de-vinci\\\/103830\\\/#primaryimage\",\"url\":\"https:\\\/\\\/batijournal.com\\\/wp-content\\\/uploads\\\/2020\\\/02\\\/Chateau-du-Clos-Luce-espace-leonard-de-vinci.jpg\",\"contentUrl\":\"https:\\\/\\\/batijournal.com\\\/wp-content\\\/uploads\\\/2020\\\/02\\\/Chateau-du-Clos-Luce-espace-leonard-de-vinci.jpg\",\"width\":500,\"height\":345},{\"@type\":\"BreadcrumbList\",\"@id\":\"https:\\\/\\\/batijournal.com\\\/index.php\\\/le-chateau-du-clos-luce-va-ouvrir-un-nouvel-espace-dedie-a-leonard-de-vinci\\\/103830\\\/#breadcrumb\",\"itemListElement\":[{\"@type\":\"ListItem\",\"position\":1,\"name\":\"Accueil\",\"item\":\"https:\\\/\\\/batijournal.com\\\/\"},{\"@type\":\"ListItem\",\"position\":2,\"name\":\"Actualit\u00e9s\",\"item\":\"https:\\\/\\\/batijournal.com\\\/index.php\\\/category\\\/actualites\\\/\"},{\"@type\":\"ListItem\",\"position\":3,\"name\":\"Le Ch\u00e2teau du Clos Luc\u00e9 va ouvrir un nouvel espace d\u00e9di\u00e9 \u00e0 L\u00e9onard de Vinci\"}]},{\"@type\":\"WebSite\",\"@id\":\"https:\\\/\\\/batijournal.com\\\/#website\",\"url\":\"https:\\\/\\\/batijournal.com\\\/\",\"name\":\"Batijournal\",\"description\":\"L&#039;actualit\u00e9 du b\u00e2timent\",\"potentialAction\":[{\"@type\":\"SearchAction\",\"target\":{\"@type\":\"EntryPoint\",\"urlTemplate\":\"https:\\\/\\\/batijournal.com\\\/?s={search_term_string}\"},\"query-input\":{\"@type\":\"PropertyValueSpecification\",\"valueRequired\":true,\"valueName\":\"search_term_string\"}}],\"inLanguage\":\"fr-FR\"},{\"@type\":\"Person\",\"@id\":\"https:\\\/\\\/batijournal.com\\\/#\\\/schema\\\/person\\\/1dc96ec6957aa1ccb25ebe78bb19f100\",\"name\":\"St\u00e9phane Miget\",\"image\":{\"@type\":\"ImageObject\",\"inLanguage\":\"fr-FR\",\"@id\":\"https:\\\/\\\/secure.gravatar.com\\\/avatar\\\/89915563d925342126b8ef0281b93d9d7fc337043e8df017f780908eb9644451?s=96&d=mm&r=g\",\"url\":\"https:\\\/\\\/secure.gravatar.com\\\/avatar\\\/89915563d925342126b8ef0281b93d9d7fc337043e8df017f780908eb9644451?s=96&d=mm&r=g\",\"contentUrl\":\"https:\\\/\\\/secure.gravatar.com\\\/avatar\\\/89915563d925342126b8ef0281b93d9d7fc337043e8df017f780908eb9644451?s=96&d=mm&r=g\",\"caption\":\"St\u00e9phane Miget\"},\"url\":\"https:\\\/\\\/batijournal.com\\\/index.php\\\/author\\\/stephane\\\/\"}]}<\/script>\n<!-- \/ Yoast SEO plugin. -->","yoast_head_json":{"title":"Le Ch\u00e2teau du Clos Luc\u00e9 va ouvrir un nouvel espace d\u00e9di\u00e9 \u00e0 L\u00e9onard de Vinci","robots":{"index":"index","follow":"follow","max-snippet":"max-snippet:-1","max-image-preview":"max-image-preview:large","max-video-preview":"max-video-preview:-1"},"canonical":"https:\/\/batijournal.com\/index.php\/le-chateau-du-clos-luce-va-ouvrir-un-nouvel-espace-dedie-a-leonard-de-vinci\/103830\/","og_locale":"fr_FR","og_type":"article","og_title":"Le Ch\u00e2teau du Clos Luc\u00e9 va ouvrir un nouvel espace d\u00e9di\u00e9 \u00e0 L\u00e9onard de Vinci","og_description":"Les c\u00e9l\u00e9brations du 500e anniversaire de la mort de L\u00e9onard de Vinci au Ch\u00e2teau du Clos Luc\u00e9, en Indre-et-Loire, ont attir\u00e9 520 000 visiteurs soit une augmentation de la fr\u00e9quentation de 33 % par rapport \u00e0 2018. Cela positionne le Clos Luc\u00e9 \u00e0 la troisi\u00e8me place des monuments les plus visit\u00e9s du Val de Loire. [&hellip;]","og_url":"https:\/\/batijournal.com\/index.php\/le-chateau-du-clos-luce-va-ouvrir-un-nouvel-espace-dedie-a-leonard-de-vinci\/103830\/","og_site_name":"Batijournal","article_published_time":"2020-02-19T06:23:05+00:00","article_modified_time":"2020-02-19T06:23:07+00:00","og_image":[{"width":500,"height":345,"url":"https:\/\/batijournal.com\/wp-content\/uploads\/2020\/02\/Chateau-du-Clos-Luce-espace-leonard-de-vinci.jpg","type":"image\/jpeg"}],"author":"St\u00e9phane Miget","twitter_card":"summary_large_image","twitter_creator":"@bati_journal","twitter_site":"@bati_journal","twitter_misc":{"\u00c9crit par":"St\u00e9phane Miget","Dur\u00e9e de lecture estim\u00e9e":"1 minute"},"schema":{"@context":"https:\/\/schema.org","@graph":[{"@type":"Article","@id":"https:\/\/batijournal.com\/index.php\/le-chateau-du-clos-luce-va-ouvrir-un-nouvel-espace-dedie-a-leonard-de-vinci\/103830\/#article","isPartOf":{"@id":"https:\/\/batijournal.com\/index.php\/le-chateau-du-clos-luce-va-ouvrir-un-nouvel-espace-dedie-a-leonard-de-vinci\/103830\/"},"author":{"name":"St\u00e9phane Miget","@id":"https:\/\/batijournal.com\/#\/schema\/person\/1dc96ec6957aa1ccb25ebe78bb19f100"},"headline":"Le Ch\u00e2teau du Clos Luc\u00e9 va ouvrir un nouvel espace d\u00e9di\u00e9 \u00e0 L\u00e9onard de Vinci","datePublished":"2020-02-19T06:23:05+00:00","dateModified":"2020-02-19T06:23:07+00:00","mainEntityOfPage":{"@id":"https:\/\/batijournal.com\/index.php\/le-chateau-du-clos-luce-va-ouvrir-un-nouvel-espace-dedie-a-leonard-de-vinci\/103830\/"},"wordCount":188,"image":{"@id":"https:\/\/batijournal.com\/index.php\/le-chateau-du-clos-luce-va-ouvrir-un-nouvel-espace-dedie-a-leonard-de-vinci\/103830\/#primaryimage"},"thumbnailUrl":"https:\/\/batijournal.com\/wp-content\/uploads\/2020\/02\/Chateau-du-Clos-Luce-espace-leonard-de-vinci.jpg","keywords":["mus\u00e9e"],"articleSection":["Actualit\u00e9s","Architecture &amp; Conception","zz_Actualit\u00e9s - Atrium","zz_Atrium Patrimoine"],"inLanguage":"fr-FR"},{"@type":"WebPage","@id":"https:\/\/batijournal.com\/index.php\/le-chateau-du-clos-luce-va-ouvrir-un-nouvel-espace-dedie-a-leonard-de-vinci\/103830\/","url":"https:\/\/batijournal.com\/index.php\/le-chateau-du-clos-luce-va-ouvrir-un-nouvel-espace-dedie-a-leonard-de-vinci\/103830\/","name":"Le Ch\u00e2teau du Clos Luc\u00e9 va ouvrir un nouvel espace d\u00e9di\u00e9 \u00e0 L\u00e9onard de Vinci","isPartOf":{"@id":"https:\/\/batijournal.com\/#website"},"primaryImageOfPage":{"@id":"https:\/\/batijournal.com\/index.php\/le-chateau-du-clos-luce-va-ouvrir-un-nouvel-espace-dedie-a-leonard-de-vinci\/103830\/#primaryimage"},"image":{"@id":"https:\/\/batijournal.com\/index.php\/le-chateau-du-clos-luce-va-ouvrir-un-nouvel-espace-dedie-a-leonard-de-vinci\/103830\/#primaryimage"},"thumbnailUrl":"https:\/\/batijournal.com\/wp-content\/uploads\/2020\/02\/Chateau-du-Clos-Luce-espace-leonard-de-vinci.jpg","datePublished":"2020-02-19T06:23:05+00:00","dateModified":"2020-02-19T06:23:07+00:00","author":{"@id":"https:\/\/batijournal.com\/#\/schema\/person\/1dc96ec6957aa1ccb25ebe78bb19f100"},"breadcrumb":{"@id":"https:\/\/batijournal.com\/index.php\/le-chateau-du-clos-luce-va-ouvrir-un-nouvel-espace-dedie-a-leonard-de-vinci\/103830\/#breadcrumb"},"inLanguage":"fr-FR","potentialAction":[{"@type":"ReadAction","target":["https:\/\/batijournal.com\/index.php\/le-chateau-du-clos-luce-va-ouvrir-un-nouvel-espace-dedie-a-leonard-de-vinci\/103830\/"]}]},{"@type":"ImageObject","inLanguage":"fr-FR","@id":"https:\/\/batijournal.com\/index.php\/le-chateau-du-clos-luce-va-ouvrir-un-nouvel-espace-dedie-a-leonard-de-vinci\/103830\/#primaryimage","url":"https:\/\/batijournal.com\/wp-content\/uploads\/2020\/02\/Chateau-du-Clos-Luce-espace-leonard-de-vinci.jpg","contentUrl":"https:\/\/batijournal.com\/wp-content\/uploads\/2020\/02\/Chateau-du-Clos-Luce-espace-leonard-de-vinci.jpg","width":500,"height":345},{"@type":"BreadcrumbList","@id":"https:\/\/batijournal.com\/index.php\/le-chateau-du-clos-luce-va-ouvrir-un-nouvel-espace-dedie-a-leonard-de-vinci\/103830\/#breadcrumb","itemListElement":[{"@type":"ListItem","position":1,"name":"Accueil","item":"https:\/\/batijournal.com\/"},{"@type":"ListItem","position":2,"name":"Actualit\u00e9s","item":"https:\/\/batijournal.com\/index.php\/category\/actualites\/"},{"@type":"ListItem","position":3,"name":"Le Ch\u00e2teau du Clos Luc\u00e9 va ouvrir un nouvel espace d\u00e9di\u00e9 \u00e0 L\u00e9onard de Vinci"}]},{"@type":"WebSite","@id":"https:\/\/batijournal.com\/#website","url":"https:\/\/batijournal.com\/","name":"Batijournal","description":"L&#039;actualit\u00e9 du b\u00e2timent","potentialAction":[{"@type":"SearchAction","target":{"@type":"EntryPoint","urlTemplate":"https:\/\/batijournal.com\/?s={search_term_string}"},"query-input":{"@type":"PropertyValueSpecification","valueRequired":true,"valueName":"search_term_string"}}],"inLanguage":"fr-FR"},{"@type":"Person","@id":"https:\/\/batijournal.com\/#\/schema\/person\/1dc96ec6957aa1ccb25ebe78bb19f100","name":"St\u00e9phane Miget","image":{"@type":"ImageObject","inLanguage":"fr-FR","@id":"https:\/\/secure.gravatar.com\/avatar\/89915563d925342126b8ef0281b93d9d7fc337043e8df017f780908eb9644451?s=96&d=mm&r=g","url":"https:\/\/secure.gravatar.com\/avatar\/89915563d925342126b8ef0281b93d9d7fc337043e8df017f780908eb9644451?s=96&d=mm&r=g","contentUrl":"https:\/\/secure.gravatar.com\/avatar\/89915563d925342126b8ef0281b93d9d7fc337043e8df017f780908eb9644451?s=96&d=mm&r=g","caption":"St\u00e9phane Miget"},"url":"https:\/\/batijournal.com\/index.php\/author\/stephane\/"}]}},"_links":{"self":[{"href":"https:\/\/batijournal.com\/index.php\/wp-json\/wp\/v2\/posts\/103830","targetHints":{"allow":["GET"]}}],"collection":[{"href":"https:\/\/batijournal.com\/index.php\/wp-json\/wp\/v2\/posts"}],"about":[{"href":"https:\/\/batijournal.com\/index.php\/wp-json\/wp\/v2\/types\/post"}],"author":[{"embeddable":true,"href":"https:\/\/batijournal.com\/index.php\/wp-json\/wp\/v2\/users\/17"}],"replies":[{"embeddable":true,"href":"https:\/\/batijournal.com\/index.php\/wp-json\/wp\/v2\/comments?post=103830"}],"version-history":[{"count":0,"href":"https:\/\/batijournal.com\/index.php\/wp-json\/wp\/v2\/posts\/103830\/revisions"}],"wp:featuredmedia":[{"embeddable":true,"href":"https:\/\/batijournal.com\/index.php\/wp-json\/wp\/v2\/media\/103831"}],"wp:attachment":[{"href":"https:\/\/batijournal.com\/index.php\/wp-json\/wp\/v2\/media?parent=103830"}],"wp:term":[{"taxonomy":"category","embeddable":true,"href":"https:\/\/batijournal.com\/index.php\/wp-json\/wp\/v2\/categories?post=103830"},{"taxonomy":"post_tag","embeddable":true,"href":"https:\/\/batijournal.com\/index.php\/wp-json\/wp\/v2\/tags?post=103830"}],"curies":[{"name":"wp","href":"https:\/\/api.w.org\/{rel}","templated":true}]}}