{"id":103832,"date":"2020-02-19T07:35:06","date_gmt":"2020-02-19T06:35:06","guid":{"rendered":"https:\/\/batijournal.com\/?p=103832"},"modified":"2020-02-19T07:35:08","modified_gmt":"2020-02-19T06:35:08","slug":"la-cour-de-lensa-de-dijon-devoile-des-sepultures-medievales","status":"publish","type":"post","link":"https:\/\/batijournal.com\/index.php\/la-cour-de-lensa-de-dijon-devoile-des-sepultures-medievales\/103832\/","title":{"rendered":"La cour de l\u2019ENSA de Dijon d\u00e9voile des s\u00e9pultures m\u00e9di\u00e9vales"},"content":{"rendered":"\n<p>Lors du creusement d\u2019une tranch\u00e9e pr\u00e9alable \u00e0 l&rsquo;installation d&rsquo;un r\u00e9seau pour l\u2019am\u00e9nagement d\u2019un acc\u00e8s PMR dans la cour de l\u2019ENSA de Dijon (\u00c9cole Nationale Sup\u00e9rieure d\u2019Arts), une vingtaine de s\u00e9pultures, partiellement conserv\u00e9es, ont \u00e9t\u00e9 d\u00e9gag\u00e9es par les arch\u00e9ologues de l&rsquo;Inrap. Le chantier se situe non loin de la crypte de la cath\u00e9drale Saint-B\u00e9nigne et d&rsquo;un ancien monast\u00e8re m\u00e9di\u00e9val. Les s\u00e9pultures repr\u00e9sentent les vestiges les plus notables : elles sont pratiqu\u00e9es selon diff\u00e9rents modes fun\u00e9raires. La plupart des inhum\u00e9s sont plac\u00e9s dans des coffrages : ces constructions install\u00e9es in situ prennent diverses formes. En bois ou en pierre, certaines sont aussi mixtes. Les parois des coffrages de pierre peuvent \u00eatre constitu\u00e9es de petits murets ou de dalles dispos\u00e9es de chant. Ces bordures soutiennent des couvertures en dalles calcaires. Parmi ces s\u00e9pultures, la plus ancienne para\u00eet plus exceptionnelle dans le contexte r\u00e9gional : le d\u00e9funt a \u00e9t\u00e9 install\u00e9 dans une tombe anthropomorphe aux parois recouvertes de mortier. Celui-ci a pi\u00e9g\u00e9 des restes de tissus qu\u2019il reste \u00e0 \u00e9tudier. Une premi\u00e8re datation radiocarbone attribue cette tombe aux XIe-XIIe si\u00e8cles ce qui correspond au plein d\u00e9veloppement du monast\u00e8re apr\u00e8s la r\u00e9forme de Guillaume de Volpiano, abb\u00e9 associ\u00e9 \u00e0 l&rsquo;ordre clunisien et \u00e0 l&rsquo;origine de la reconstruction de l&rsquo;\u00e9glise de Saint-B\u00e9nigne au d\u00e9but du XIe si\u00e8cle.<\/p>\n\n\n\n<p>Am\u00e9nagement : OPPIC<br \/>Contr\u00f4le scientifique : Service r\u00e9gional de l\u2019arch\u00e9ologie (Drac Bourgogne-Franche-Comt\u00e9)<br \/>Recherche arch\u00e9ologique : Inrap\u200b<br \/>Responsable scientifique : Carole Fossurier, Inrap<\/p>\n\n\n\n<p>Photo : S\u00e9pulture 27 en coffrage mixte, une construction in situ faite pierres et de bois. La s\u00e9pulture a \u00e9t\u00e9 ab\u00eem\u00e9e sur son bord gauche par la construction d\u2019un b\u00e2timent dans les ann\u00e9es 80 : le cr\u00e2ne et une partie du squelette ont \u00e9t\u00e9 d\u00e9truits. \u00a9 S\u00e9verine Baudin, Inrap<\/p>\n","protected":false},"excerpt":{"rendered":"<p>Lors du creusement d\u2019une tranch\u00e9e pr\u00e9alable \u00e0 l&rsquo;installation d&rsquo;un r\u00e9seau pour l\u2019am\u00e9nagement d\u2019un acc\u00e8s PMR dans la cour de l\u2019ENSA de Dijon (\u00c9cole Nationale Sup\u00e9rieure d\u2019Arts), une vingtaine de s\u00e9pultures, partiellement conserv\u00e9es, ont \u00e9t\u00e9 d\u00e9gag\u00e9es par les arch\u00e9ologues de l&rsquo;Inrap. Le chantier se situe non loin de la crypte de la cath\u00e9drale Saint-B\u00e9nigne et d&rsquo;un [&hellip;]<\/p>\n","protected":false},"author":17,"featured_media":103833,"comment_status":"closed","ping_status":"closed","sticky":false,"template":"","format":"standard","meta":{"_et_pb_use_builder":"","_et_pb_old_content":"","_et_gb_content_width":"","footnotes":""},"categories":[10530,6340,10789,10785],"tags":[12875,6454],"class_list":["post-103832","post","type-post","status-publish","format-standard","has-post-thumbnail","hentry","category-actualites","category-architecture-conception","category-publications-atrium","category-atrium","tag-archeologie","tag-inrap"],"yoast_head":"<!-- This site is optimized with the Yoast SEO plugin v27.4 - https:\/\/yoast.com\/product\/yoast-seo-wordpress\/ -->\n<title>La cour de l\u2019ENSA de Dijon d\u00e9voile des s\u00e9pultures m\u00e9di\u00e9vales<\/title>\n<meta name=\"robots\" content=\"index, follow, max-snippet:-1, max-image-preview:large, max-video-preview:-1\" \/>\n<link rel=\"canonical\" href=\"https:\/\/batijournal.com\/index.php\/la-cour-de-lensa-de-dijon-devoile-des-sepultures-medievales\/103832\/\" \/>\n<meta property=\"og:locale\" content=\"fr_FR\" \/>\n<meta property=\"og:type\" content=\"article\" \/>\n<meta property=\"og:title\" content=\"La cour de l\u2019ENSA de Dijon d\u00e9voile des s\u00e9pultures m\u00e9di\u00e9vales\" \/>\n<meta property=\"og:description\" content=\"Lors du creusement d\u2019une tranch\u00e9e pr\u00e9alable \u00e0 l&rsquo;installation d&rsquo;un r\u00e9seau pour l\u2019am\u00e9nagement d\u2019un acc\u00e8s PMR dans la cour de l\u2019ENSA de Dijon (\u00c9cole Nationale Sup\u00e9rieure d\u2019Arts), une vingtaine de s\u00e9pultures, partiellement conserv\u00e9es, ont \u00e9t\u00e9 d\u00e9gag\u00e9es par les arch\u00e9ologues de l&rsquo;Inrap. Le chantier se situe non loin de la crypte de la cath\u00e9drale Saint-B\u00e9nigne et d&rsquo;un [&hellip;]\" \/>\n<meta property=\"og:url\" content=\"https:\/\/batijournal.com\/index.php\/la-cour-de-lensa-de-dijon-devoile-des-sepultures-medievales\/103832\/\" \/>\n<meta property=\"og:site_name\" content=\"Batijournal\" \/>\n<meta property=\"article:published_time\" content=\"2020-02-19T06:35:06+00:00\" \/>\n<meta property=\"article:modified_time\" content=\"2020-02-19T06:35:08+00:00\" \/>\n<meta property=\"og:image\" content=\"https:\/\/batijournal.com\/wp-content\/uploads\/2020\/02\/sepulture-medievale-cour-ensa-dijon.jpg\" \/>\n\t<meta property=\"og:image:width\" content=\"1920\" \/>\n\t<meta property=\"og:image:height\" content=\"1440\" \/>\n\t<meta property=\"og:image:type\" content=\"image\/jpeg\" \/>\n<meta name=\"author\" content=\"St\u00e9phane Miget\" \/>\n<meta name=\"twitter:card\" content=\"summary_large_image\" \/>\n<meta name=\"twitter:creator\" content=\"@bati_journal\" \/>\n<meta name=\"twitter:site\" content=\"@bati_journal\" \/>\n<meta name=\"twitter:label1\" content=\"\u00c9crit par\" \/>\n\t<meta name=\"twitter:data1\" content=\"St\u00e9phane Miget\" \/>\n\t<meta name=\"twitter:label2\" content=\"Dur\u00e9e de lecture estim\u00e9e\" \/>\n\t<meta name=\"twitter:data2\" content=\"2 minutes\" \/>\n<script type=\"application\/ld+json\" class=\"yoast-schema-graph\">{\"@context\":\"https:\\\/\\\/schema.org\",\"@graph\":[{\"@type\":\"Article\",\"@id\":\"https:\\\/\\\/batijournal.com\\\/index.php\\\/la-cour-de-lensa-de-dijon-devoile-des-sepultures-medievales\\\/103832\\\/#article\",\"isPartOf\":{\"@id\":\"https:\\\/\\\/batijournal.com\\\/index.php\\\/la-cour-de-lensa-de-dijon-devoile-des-sepultures-medievales\\\/103832\\\/\"},\"author\":{\"name\":\"St\u00e9phane Miget\",\"@id\":\"https:\\\/\\\/batijournal.com\\\/#\\\/schema\\\/person\\\/1dc96ec6957aa1ccb25ebe78bb19f100\"},\"headline\":\"La cour de l\u2019ENSA de Dijon d\u00e9voile des s\u00e9pultures m\u00e9di\u00e9vales\",\"datePublished\":\"2020-02-19T06:35:06+00:00\",\"dateModified\":\"2020-02-19T06:35:08+00:00\",\"mainEntityOfPage\":{\"@id\":\"https:\\\/\\\/batijournal.com\\\/index.php\\\/la-cour-de-lensa-de-dijon-devoile-des-sepultures-medievales\\\/103832\\\/\"},\"wordCount\":349,\"image\":{\"@id\":\"https:\\\/\\\/batijournal.com\\\/index.php\\\/la-cour-de-lensa-de-dijon-devoile-des-sepultures-medievales\\\/103832\\\/#primaryimage\"},\"thumbnailUrl\":\"https:\\\/\\\/batijournal.com\\\/wp-content\\\/uploads\\\/2020\\\/02\\\/sepulture-medievale-cour-ensa-dijon.jpg\",\"keywords\":[\"arch\u00e9ologie\",\"inrap\"],\"articleSection\":[\"Actualit\u00e9s\",\"Architecture &amp; Conception\",\"zz_Actualit\u00e9s - Atrium\",\"zz_Atrium Patrimoine\"],\"inLanguage\":\"fr-FR\"},{\"@type\":\"WebPage\",\"@id\":\"https:\\\/\\\/batijournal.com\\\/index.php\\\/la-cour-de-lensa-de-dijon-devoile-des-sepultures-medievales\\\/103832\\\/\",\"url\":\"https:\\\/\\\/batijournal.com\\\/index.php\\\/la-cour-de-lensa-de-dijon-devoile-des-sepultures-medievales\\\/103832\\\/\",\"name\":\"La cour de l\u2019ENSA de Dijon d\u00e9voile des s\u00e9pultures m\u00e9di\u00e9vales\",\"isPartOf\":{\"@id\":\"https:\\\/\\\/batijournal.com\\\/#website\"},\"primaryImageOfPage\":{\"@id\":\"https:\\\/\\\/batijournal.com\\\/index.php\\\/la-cour-de-lensa-de-dijon-devoile-des-sepultures-medievales\\\/103832\\\/#primaryimage\"},\"image\":{\"@id\":\"https:\\\/\\\/batijournal.com\\\/index.php\\\/la-cour-de-lensa-de-dijon-devoile-des-sepultures-medievales\\\/103832\\\/#primaryimage\"},\"thumbnailUrl\":\"https:\\\/\\\/batijournal.com\\\/wp-content\\\/uploads\\\/2020\\\/02\\\/sepulture-medievale-cour-ensa-dijon.jpg\",\"datePublished\":\"2020-02-19T06:35:06+00:00\",\"dateModified\":\"2020-02-19T06:35:08+00:00\",\"author\":{\"@id\":\"https:\\\/\\\/batijournal.com\\\/#\\\/schema\\\/person\\\/1dc96ec6957aa1ccb25ebe78bb19f100\"},\"breadcrumb\":{\"@id\":\"https:\\\/\\\/batijournal.com\\\/index.php\\\/la-cour-de-lensa-de-dijon-devoile-des-sepultures-medievales\\\/103832\\\/#breadcrumb\"},\"inLanguage\":\"fr-FR\",\"potentialAction\":[{\"@type\":\"ReadAction\",\"target\":[\"https:\\\/\\\/batijournal.com\\\/index.php\\\/la-cour-de-lensa-de-dijon-devoile-des-sepultures-medievales\\\/103832\\\/\"]}]},{\"@type\":\"ImageObject\",\"inLanguage\":\"fr-FR\",\"@id\":\"https:\\\/\\\/batijournal.com\\\/index.php\\\/la-cour-de-lensa-de-dijon-devoile-des-sepultures-medievales\\\/103832\\\/#primaryimage\",\"url\":\"https:\\\/\\\/batijournal.com\\\/wp-content\\\/uploads\\\/2020\\\/02\\\/sepulture-medievale-cour-ensa-dijon.jpg\",\"contentUrl\":\"https:\\\/\\\/batijournal.com\\\/wp-content\\\/uploads\\\/2020\\\/02\\\/sepulture-medievale-cour-ensa-dijon.jpg\",\"width\":1920,\"height\":1440},{\"@type\":\"BreadcrumbList\",\"@id\":\"https:\\\/\\\/batijournal.com\\\/index.php\\\/la-cour-de-lensa-de-dijon-devoile-des-sepultures-medievales\\\/103832\\\/#breadcrumb\",\"itemListElement\":[{\"@type\":\"ListItem\",\"position\":1,\"name\":\"Accueil\",\"item\":\"https:\\\/\\\/batijournal.com\\\/\"},{\"@type\":\"ListItem\",\"position\":2,\"name\":\"Actualit\u00e9s\",\"item\":\"https:\\\/\\\/batijournal.com\\\/index.php\\\/category\\\/actualites\\\/\"},{\"@type\":\"ListItem\",\"position\":3,\"name\":\"La cour de l\u2019ENSA de Dijon d\u00e9voile des s\u00e9pultures m\u00e9di\u00e9vales\"}]},{\"@type\":\"WebSite\",\"@id\":\"https:\\\/\\\/batijournal.com\\\/#website\",\"url\":\"https:\\\/\\\/batijournal.com\\\/\",\"name\":\"Batijournal\",\"description\":\"L&#039;actualit\u00e9 du b\u00e2timent\",\"potentialAction\":[{\"@type\":\"SearchAction\",\"target\":{\"@type\":\"EntryPoint\",\"urlTemplate\":\"https:\\\/\\\/batijournal.com\\\/?s={search_term_string}\"},\"query-input\":{\"@type\":\"PropertyValueSpecification\",\"valueRequired\":true,\"valueName\":\"search_term_string\"}}],\"inLanguage\":\"fr-FR\"},{\"@type\":\"Person\",\"@id\":\"https:\\\/\\\/batijournal.com\\\/#\\\/schema\\\/person\\\/1dc96ec6957aa1ccb25ebe78bb19f100\",\"name\":\"St\u00e9phane Miget\",\"image\":{\"@type\":\"ImageObject\",\"inLanguage\":\"fr-FR\",\"@id\":\"https:\\\/\\\/secure.gravatar.com\\\/avatar\\\/89915563d925342126b8ef0281b93d9d7fc337043e8df017f780908eb9644451?s=96&d=mm&r=g\",\"url\":\"https:\\\/\\\/secure.gravatar.com\\\/avatar\\\/89915563d925342126b8ef0281b93d9d7fc337043e8df017f780908eb9644451?s=96&d=mm&r=g\",\"contentUrl\":\"https:\\\/\\\/secure.gravatar.com\\\/avatar\\\/89915563d925342126b8ef0281b93d9d7fc337043e8df017f780908eb9644451?s=96&d=mm&r=g\",\"caption\":\"St\u00e9phane Miget\"},\"url\":\"https:\\\/\\\/batijournal.com\\\/index.php\\\/author\\\/stephane\\\/\"}]}<\/script>\n<!-- \/ Yoast SEO plugin. -->","yoast_head_json":{"title":"La cour de l\u2019ENSA de Dijon d\u00e9voile des s\u00e9pultures m\u00e9di\u00e9vales","robots":{"index":"index","follow":"follow","max-snippet":"max-snippet:-1","max-image-preview":"max-image-preview:large","max-video-preview":"max-video-preview:-1"},"canonical":"https:\/\/batijournal.com\/index.php\/la-cour-de-lensa-de-dijon-devoile-des-sepultures-medievales\/103832\/","og_locale":"fr_FR","og_type":"article","og_title":"La cour de l\u2019ENSA de Dijon d\u00e9voile des s\u00e9pultures m\u00e9di\u00e9vales","og_description":"Lors du creusement d\u2019une tranch\u00e9e pr\u00e9alable \u00e0 l&rsquo;installation d&rsquo;un r\u00e9seau pour l\u2019am\u00e9nagement d\u2019un acc\u00e8s PMR dans la cour de l\u2019ENSA de Dijon (\u00c9cole Nationale Sup\u00e9rieure d\u2019Arts), une vingtaine de s\u00e9pultures, partiellement conserv\u00e9es, ont \u00e9t\u00e9 d\u00e9gag\u00e9es par les arch\u00e9ologues de l&rsquo;Inrap. Le chantier se situe non loin de la crypte de la cath\u00e9drale Saint-B\u00e9nigne et d&rsquo;un [&hellip;]","og_url":"https:\/\/batijournal.com\/index.php\/la-cour-de-lensa-de-dijon-devoile-des-sepultures-medievales\/103832\/","og_site_name":"Batijournal","article_published_time":"2020-02-19T06:35:06+00:00","article_modified_time":"2020-02-19T06:35:08+00:00","og_image":[{"width":1920,"height":1440,"url":"https:\/\/batijournal.com\/wp-content\/uploads\/2020\/02\/sepulture-medievale-cour-ensa-dijon.jpg","type":"image\/jpeg"}],"author":"St\u00e9phane Miget","twitter_card":"summary_large_image","twitter_creator":"@bati_journal","twitter_site":"@bati_journal","twitter_misc":{"\u00c9crit par":"St\u00e9phane Miget","Dur\u00e9e de lecture estim\u00e9e":"2 minutes"},"schema":{"@context":"https:\/\/schema.org","@graph":[{"@type":"Article","@id":"https:\/\/batijournal.com\/index.php\/la-cour-de-lensa-de-dijon-devoile-des-sepultures-medievales\/103832\/#article","isPartOf":{"@id":"https:\/\/batijournal.com\/index.php\/la-cour-de-lensa-de-dijon-devoile-des-sepultures-medievales\/103832\/"},"author":{"name":"St\u00e9phane Miget","@id":"https:\/\/batijournal.com\/#\/schema\/person\/1dc96ec6957aa1ccb25ebe78bb19f100"},"headline":"La cour de l\u2019ENSA de Dijon d\u00e9voile des s\u00e9pultures m\u00e9di\u00e9vales","datePublished":"2020-02-19T06:35:06+00:00","dateModified":"2020-02-19T06:35:08+00:00","mainEntityOfPage":{"@id":"https:\/\/batijournal.com\/index.php\/la-cour-de-lensa-de-dijon-devoile-des-sepultures-medievales\/103832\/"},"wordCount":349,"image":{"@id":"https:\/\/batijournal.com\/index.php\/la-cour-de-lensa-de-dijon-devoile-des-sepultures-medievales\/103832\/#primaryimage"},"thumbnailUrl":"https:\/\/batijournal.com\/wp-content\/uploads\/2020\/02\/sepulture-medievale-cour-ensa-dijon.jpg","keywords":["arch\u00e9ologie","inrap"],"articleSection":["Actualit\u00e9s","Architecture &amp; Conception","zz_Actualit\u00e9s - Atrium","zz_Atrium Patrimoine"],"inLanguage":"fr-FR"},{"@type":"WebPage","@id":"https:\/\/batijournal.com\/index.php\/la-cour-de-lensa-de-dijon-devoile-des-sepultures-medievales\/103832\/","url":"https:\/\/batijournal.com\/index.php\/la-cour-de-lensa-de-dijon-devoile-des-sepultures-medievales\/103832\/","name":"La cour de l\u2019ENSA de Dijon d\u00e9voile des s\u00e9pultures m\u00e9di\u00e9vales","isPartOf":{"@id":"https:\/\/batijournal.com\/#website"},"primaryImageOfPage":{"@id":"https:\/\/batijournal.com\/index.php\/la-cour-de-lensa-de-dijon-devoile-des-sepultures-medievales\/103832\/#primaryimage"},"image":{"@id":"https:\/\/batijournal.com\/index.php\/la-cour-de-lensa-de-dijon-devoile-des-sepultures-medievales\/103832\/#primaryimage"},"thumbnailUrl":"https:\/\/batijournal.com\/wp-content\/uploads\/2020\/02\/sepulture-medievale-cour-ensa-dijon.jpg","datePublished":"2020-02-19T06:35:06+00:00","dateModified":"2020-02-19T06:35:08+00:00","author":{"@id":"https:\/\/batijournal.com\/#\/schema\/person\/1dc96ec6957aa1ccb25ebe78bb19f100"},"breadcrumb":{"@id":"https:\/\/batijournal.com\/index.php\/la-cour-de-lensa-de-dijon-devoile-des-sepultures-medievales\/103832\/#breadcrumb"},"inLanguage":"fr-FR","potentialAction":[{"@type":"ReadAction","target":["https:\/\/batijournal.com\/index.php\/la-cour-de-lensa-de-dijon-devoile-des-sepultures-medievales\/103832\/"]}]},{"@type":"ImageObject","inLanguage":"fr-FR","@id":"https:\/\/batijournal.com\/index.php\/la-cour-de-lensa-de-dijon-devoile-des-sepultures-medievales\/103832\/#primaryimage","url":"https:\/\/batijournal.com\/wp-content\/uploads\/2020\/02\/sepulture-medievale-cour-ensa-dijon.jpg","contentUrl":"https:\/\/batijournal.com\/wp-content\/uploads\/2020\/02\/sepulture-medievale-cour-ensa-dijon.jpg","width":1920,"height":1440},{"@type":"BreadcrumbList","@id":"https:\/\/batijournal.com\/index.php\/la-cour-de-lensa-de-dijon-devoile-des-sepultures-medievales\/103832\/#breadcrumb","itemListElement":[{"@type":"ListItem","position":1,"name":"Accueil","item":"https:\/\/batijournal.com\/"},{"@type":"ListItem","position":2,"name":"Actualit\u00e9s","item":"https:\/\/batijournal.com\/index.php\/category\/actualites\/"},{"@type":"ListItem","position":3,"name":"La cour de l\u2019ENSA de Dijon d\u00e9voile des s\u00e9pultures m\u00e9di\u00e9vales"}]},{"@type":"WebSite","@id":"https:\/\/batijournal.com\/#website","url":"https:\/\/batijournal.com\/","name":"Batijournal","description":"L&#039;actualit\u00e9 du b\u00e2timent","potentialAction":[{"@type":"SearchAction","target":{"@type":"EntryPoint","urlTemplate":"https:\/\/batijournal.com\/?s={search_term_string}"},"query-input":{"@type":"PropertyValueSpecification","valueRequired":true,"valueName":"search_term_string"}}],"inLanguage":"fr-FR"},{"@type":"Person","@id":"https:\/\/batijournal.com\/#\/schema\/person\/1dc96ec6957aa1ccb25ebe78bb19f100","name":"St\u00e9phane Miget","image":{"@type":"ImageObject","inLanguage":"fr-FR","@id":"https:\/\/secure.gravatar.com\/avatar\/89915563d925342126b8ef0281b93d9d7fc337043e8df017f780908eb9644451?s=96&d=mm&r=g","url":"https:\/\/secure.gravatar.com\/avatar\/89915563d925342126b8ef0281b93d9d7fc337043e8df017f780908eb9644451?s=96&d=mm&r=g","contentUrl":"https:\/\/secure.gravatar.com\/avatar\/89915563d925342126b8ef0281b93d9d7fc337043e8df017f780908eb9644451?s=96&d=mm&r=g","caption":"St\u00e9phane Miget"},"url":"https:\/\/batijournal.com\/index.php\/author\/stephane\/"}]}},"_links":{"self":[{"href":"https:\/\/batijournal.com\/index.php\/wp-json\/wp\/v2\/posts\/103832","targetHints":{"allow":["GET"]}}],"collection":[{"href":"https:\/\/batijournal.com\/index.php\/wp-json\/wp\/v2\/posts"}],"about":[{"href":"https:\/\/batijournal.com\/index.php\/wp-json\/wp\/v2\/types\/post"}],"author":[{"embeddable":true,"href":"https:\/\/batijournal.com\/index.php\/wp-json\/wp\/v2\/users\/17"}],"replies":[{"embeddable":true,"href":"https:\/\/batijournal.com\/index.php\/wp-json\/wp\/v2\/comments?post=103832"}],"version-history":[{"count":0,"href":"https:\/\/batijournal.com\/index.php\/wp-json\/wp\/v2\/posts\/103832\/revisions"}],"wp:featuredmedia":[{"embeddable":true,"href":"https:\/\/batijournal.com\/index.php\/wp-json\/wp\/v2\/media\/103833"}],"wp:attachment":[{"href":"https:\/\/batijournal.com\/index.php\/wp-json\/wp\/v2\/media?parent=103832"}],"wp:term":[{"taxonomy":"category","embeddable":true,"href":"https:\/\/batijournal.com\/index.php\/wp-json\/wp\/v2\/categories?post=103832"},{"taxonomy":"post_tag","embeddable":true,"href":"https:\/\/batijournal.com\/index.php\/wp-json\/wp\/v2\/tags?post=103832"}],"curies":[{"name":"wp","href":"https:\/\/api.w.org\/{rel}","templated":true}]}}