{"id":103840,"date":"2020-02-20T07:29:33","date_gmt":"2020-02-20T06:29:33","guid":{"rendered":"https:\/\/batijournal.com\/?p=103840"},"modified":"2020-02-20T07:29:35","modified_gmt":"2020-02-20T06:29:35","slug":"tuile-carree-en-toiture-et-en-facade-dune-maison-alsacienne","status":"publish","type":"post","link":"https:\/\/batijournal.com\/index.php\/tuile-carree-en-toiture-et-en-facade-dune-maison-alsacienne\/103840\/","title":{"rendered":"Tuile carr\u00e9e en toiture et en fa\u00e7ade d&rsquo;une maison alsacienne"},"content":{"rendered":"\n<p>Le cabinet d\u2019architecture IDEAA s\u2019est lanc\u00e9 dans le projet de construction de cette maison individuelle, aux pieds des collines vosgiennes, face \u00e0 la For\u00eat-Noire allemande, avec l\u2019id\u00e9e de m\u00ealer identit\u00e9 r\u00e9gionale et design contemporain. Pour se faire, les recherches ont abouti \u00e0 la s\u00e9lection de la tuile Koramic Vauban droite pour la toiture et la fa\u00e7ade. La r\u00e9glementation r\u00e9gionale impose une toiture, \u00e0 deux pans, inclin\u00e9e entre 45\u00b0 et 55\u00b0 et de couleur terre cuite. Le cabinet d\u2019architecture IDEAA a tr\u00e8s souvent prescrit la tuile Vauban en demi rond ou \u00e0 bord droit pour faire respecter les exigences traditionnelles sur les diff\u00e9rentes maisons individuelles alsaciennes.<br \/>\nPour affirmer les lignes contemporaines de ce nouvel ouvrage d\u2019exception, les architectes ont s\u00e9lectionn\u00e9 le format carr\u00e9 de la tuile. Utilis\u00e9e en toiture et en fa\u00e7ade, elle donne tout son sens au mariage de la tradition et de la modernit\u00e9, en offrant une continuit\u00e9 esth\u00e9tique \u00e0 l\u2019ensemble de la r\u00e9alisation.<\/p>\n\n\n\n<p>Architecte : Architecture IDEAA <br \/>\nEntreprise de pose : RCK Constructions<\/p>\n\n\n\n<p>Photo : Alain-Marc OBERLE<\/p>\n","protected":false},"excerpt":{"rendered":"<p>Le cabinet d\u2019architecture IDEAA s\u2019est lanc\u00e9 dans le projet de construction de cette maison individuelle, aux pieds des collines vosgiennes, face \u00e0 la For\u00eat-Noire allemande, avec l\u2019id\u00e9e de m\u00ealer identit\u00e9 r\u00e9gionale et design contemporain. Pour se faire, les recherches ont abouti \u00e0 la s\u00e9lection de la tuile Koramic Vauban droite pour la toiture et la [&hellip;]<\/p>\n","protected":false},"author":17,"featured_media":103841,"comment_status":"closed","ping_status":"closed","sticky":false,"template":"","format":"standard","meta":{"_et_pb_use_builder":"","_et_pb_old_content":"","_et_gb_content_width":"","footnotes":""},"categories":[10530,6340,10771,10775],"tags":[925],"class_list":["post-103840","post","type-post","status-publish","format-standard","has-post-thumbnail","hentry","category-actualites","category-architecture-conception","category-5facades","category-actualites-5facades","tag-tuiles"],"yoast_head":"<!-- This site is optimized with the Yoast SEO plugin v27.4 - https:\/\/yoast.com\/product\/yoast-seo-wordpress\/ -->\n<title>Tuile carr\u00e9e en toiture et en fa\u00e7ade d&#039;une maison alsacienne<\/title>\n<meta name=\"robots\" content=\"index, follow, max-snippet:-1, max-image-preview:large, max-video-preview:-1\" \/>\n<link rel=\"canonical\" href=\"https:\/\/batijournal.com\/index.php\/tuile-carree-en-toiture-et-en-facade-dune-maison-alsacienne\/103840\/\" \/>\n<meta property=\"og:locale\" content=\"fr_FR\" \/>\n<meta property=\"og:type\" content=\"article\" \/>\n<meta property=\"og:title\" content=\"Tuile carr\u00e9e en toiture et en fa\u00e7ade d&#039;une maison alsacienne\" \/>\n<meta property=\"og:description\" content=\"Le cabinet d\u2019architecture IDEAA s\u2019est lanc\u00e9 dans le projet de construction de cette maison individuelle, aux pieds des collines vosgiennes, face \u00e0 la For\u00eat-Noire allemande, avec l\u2019id\u00e9e de m\u00ealer identit\u00e9 r\u00e9gionale et design contemporain. Pour se faire, les recherches ont abouti \u00e0 la s\u00e9lection de la tuile Koramic Vauban droite pour la toiture et la [&hellip;]\" \/>\n<meta property=\"og:url\" content=\"https:\/\/batijournal.com\/index.php\/tuile-carree-en-toiture-et-en-facade-dune-maison-alsacienne\/103840\/\" \/>\n<meta property=\"og:site_name\" content=\"Batijournal\" \/>\n<meta property=\"article:published_time\" content=\"2020-02-20T06:29:33+00:00\" \/>\n<meta property=\"article:modified_time\" content=\"2020-02-20T06:29:35+00:00\" \/>\n<meta property=\"og:image\" content=\"https:\/\/batijournal.com\/wp-content\/uploads\/2020\/02\/Wienerberger-Maison-Individuelle-Wettolsheim.jpg\" \/>\n\t<meta property=\"og:image:width\" content=\"1065\" \/>\n\t<meta property=\"og:image:height\" content=\"577\" \/>\n\t<meta property=\"og:image:type\" content=\"image\/jpeg\" \/>\n<meta name=\"author\" content=\"St\u00e9phane Miget\" \/>\n<meta name=\"twitter:card\" content=\"summary_large_image\" \/>\n<meta name=\"twitter:creator\" content=\"@bati_journal\" \/>\n<meta name=\"twitter:site\" content=\"@bati_journal\" \/>\n<meta name=\"twitter:label1\" content=\"\u00c9crit par\" \/>\n\t<meta name=\"twitter:data1\" content=\"St\u00e9phane Miget\" \/>\n\t<meta name=\"twitter:label2\" content=\"Dur\u00e9e de lecture estim\u00e9e\" \/>\n\t<meta name=\"twitter:data2\" content=\"1 minute\" \/>\n<script type=\"application\/ld+json\" class=\"yoast-schema-graph\">{\"@context\":\"https:\\\/\\\/schema.org\",\"@graph\":[{\"@type\":\"Article\",\"@id\":\"https:\\\/\\\/batijournal.com\\\/index.php\\\/tuile-carree-en-toiture-et-en-facade-dune-maison-alsacienne\\\/103840\\\/#article\",\"isPartOf\":{\"@id\":\"https:\\\/\\\/batijournal.com\\\/index.php\\\/tuile-carree-en-toiture-et-en-facade-dune-maison-alsacienne\\\/103840\\\/\"},\"author\":{\"name\":\"St\u00e9phane Miget\",\"@id\":\"https:\\\/\\\/batijournal.com\\\/#\\\/schema\\\/person\\\/1dc96ec6957aa1ccb25ebe78bb19f100\"},\"headline\":\"Tuile carr\u00e9e en toiture et en fa\u00e7ade d&rsquo;une maison alsacienne\",\"datePublished\":\"2020-02-20T06:29:33+00:00\",\"dateModified\":\"2020-02-20T06:29:35+00:00\",\"mainEntityOfPage\":{\"@id\":\"https:\\\/\\\/batijournal.com\\\/index.php\\\/tuile-carree-en-toiture-et-en-facade-dune-maison-alsacienne\\\/103840\\\/\"},\"wordCount\":194,\"image\":{\"@id\":\"https:\\\/\\\/batijournal.com\\\/index.php\\\/tuile-carree-en-toiture-et-en-facade-dune-maison-alsacienne\\\/103840\\\/#primaryimage\"},\"thumbnailUrl\":\"https:\\\/\\\/batijournal.com\\\/wp-content\\\/uploads\\\/2020\\\/02\\\/Wienerberger-Maison-Individuelle-Wettolsheim.jpg\",\"keywords\":[\"tuiles\"],\"articleSection\":[\"Actualit\u00e9s\",\"Architecture &amp; Conception\",\"zz_5fa\u00e7ades\",\"zz_Actualit\u00e9s - 5fa\u00e7ades\"],\"inLanguage\":\"fr-FR\"},{\"@type\":\"WebPage\",\"@id\":\"https:\\\/\\\/batijournal.com\\\/index.php\\\/tuile-carree-en-toiture-et-en-facade-dune-maison-alsacienne\\\/103840\\\/\",\"url\":\"https:\\\/\\\/batijournal.com\\\/index.php\\\/tuile-carree-en-toiture-et-en-facade-dune-maison-alsacienne\\\/103840\\\/\",\"name\":\"Tuile carr\u00e9e en toiture et en fa\u00e7ade d'une maison alsacienne\",\"isPartOf\":{\"@id\":\"https:\\\/\\\/batijournal.com\\\/#website\"},\"primaryImageOfPage\":{\"@id\":\"https:\\\/\\\/batijournal.com\\\/index.php\\\/tuile-carree-en-toiture-et-en-facade-dune-maison-alsacienne\\\/103840\\\/#primaryimage\"},\"image\":{\"@id\":\"https:\\\/\\\/batijournal.com\\\/index.php\\\/tuile-carree-en-toiture-et-en-facade-dune-maison-alsacienne\\\/103840\\\/#primaryimage\"},\"thumbnailUrl\":\"https:\\\/\\\/batijournal.com\\\/wp-content\\\/uploads\\\/2020\\\/02\\\/Wienerberger-Maison-Individuelle-Wettolsheim.jpg\",\"datePublished\":\"2020-02-20T06:29:33+00:00\",\"dateModified\":\"2020-02-20T06:29:35+00:00\",\"author\":{\"@id\":\"https:\\\/\\\/batijournal.com\\\/#\\\/schema\\\/person\\\/1dc96ec6957aa1ccb25ebe78bb19f100\"},\"breadcrumb\":{\"@id\":\"https:\\\/\\\/batijournal.com\\\/index.php\\\/tuile-carree-en-toiture-et-en-facade-dune-maison-alsacienne\\\/103840\\\/#breadcrumb\"},\"inLanguage\":\"fr-FR\",\"potentialAction\":[{\"@type\":\"ReadAction\",\"target\":[\"https:\\\/\\\/batijournal.com\\\/index.php\\\/tuile-carree-en-toiture-et-en-facade-dune-maison-alsacienne\\\/103840\\\/\"]}]},{\"@type\":\"ImageObject\",\"inLanguage\":\"fr-FR\",\"@id\":\"https:\\\/\\\/batijournal.com\\\/index.php\\\/tuile-carree-en-toiture-et-en-facade-dune-maison-alsacienne\\\/103840\\\/#primaryimage\",\"url\":\"https:\\\/\\\/batijournal.com\\\/wp-content\\\/uploads\\\/2020\\\/02\\\/Wienerberger-Maison-Individuelle-Wettolsheim.jpg\",\"contentUrl\":\"https:\\\/\\\/batijournal.com\\\/wp-content\\\/uploads\\\/2020\\\/02\\\/Wienerberger-Maison-Individuelle-Wettolsheim.jpg\",\"width\":1065,\"height\":577},{\"@type\":\"BreadcrumbList\",\"@id\":\"https:\\\/\\\/batijournal.com\\\/index.php\\\/tuile-carree-en-toiture-et-en-facade-dune-maison-alsacienne\\\/103840\\\/#breadcrumb\",\"itemListElement\":[{\"@type\":\"ListItem\",\"position\":1,\"name\":\"Accueil\",\"item\":\"https:\\\/\\\/batijournal.com\\\/\"},{\"@type\":\"ListItem\",\"position\":2,\"name\":\"Actualit\u00e9s\",\"item\":\"https:\\\/\\\/batijournal.com\\\/index.php\\\/category\\\/actualites\\\/\"},{\"@type\":\"ListItem\",\"position\":3,\"name\":\"Tuile carr\u00e9e en toiture et en fa\u00e7ade d&rsquo;une maison alsacienne\"}]},{\"@type\":\"WebSite\",\"@id\":\"https:\\\/\\\/batijournal.com\\\/#website\",\"url\":\"https:\\\/\\\/batijournal.com\\\/\",\"name\":\"Batijournal\",\"description\":\"L&#039;actualit\u00e9 du b\u00e2timent\",\"potentialAction\":[{\"@type\":\"SearchAction\",\"target\":{\"@type\":\"EntryPoint\",\"urlTemplate\":\"https:\\\/\\\/batijournal.com\\\/?s={search_term_string}\"},\"query-input\":{\"@type\":\"PropertyValueSpecification\",\"valueRequired\":true,\"valueName\":\"search_term_string\"}}],\"inLanguage\":\"fr-FR\"},{\"@type\":\"Person\",\"@id\":\"https:\\\/\\\/batijournal.com\\\/#\\\/schema\\\/person\\\/1dc96ec6957aa1ccb25ebe78bb19f100\",\"name\":\"St\u00e9phane Miget\",\"image\":{\"@type\":\"ImageObject\",\"inLanguage\":\"fr-FR\",\"@id\":\"https:\\\/\\\/secure.gravatar.com\\\/avatar\\\/89915563d925342126b8ef0281b93d9d7fc337043e8df017f780908eb9644451?s=96&d=mm&r=g\",\"url\":\"https:\\\/\\\/secure.gravatar.com\\\/avatar\\\/89915563d925342126b8ef0281b93d9d7fc337043e8df017f780908eb9644451?s=96&d=mm&r=g\",\"contentUrl\":\"https:\\\/\\\/secure.gravatar.com\\\/avatar\\\/89915563d925342126b8ef0281b93d9d7fc337043e8df017f780908eb9644451?s=96&d=mm&r=g\",\"caption\":\"St\u00e9phane Miget\"},\"url\":\"https:\\\/\\\/batijournal.com\\\/index.php\\\/author\\\/stephane\\\/\"}]}<\/script>\n<!-- \/ Yoast SEO plugin. -->","yoast_head_json":{"title":"Tuile carr\u00e9e en toiture et en fa\u00e7ade d'une maison alsacienne","robots":{"index":"index","follow":"follow","max-snippet":"max-snippet:-1","max-image-preview":"max-image-preview:large","max-video-preview":"max-video-preview:-1"},"canonical":"https:\/\/batijournal.com\/index.php\/tuile-carree-en-toiture-et-en-facade-dune-maison-alsacienne\/103840\/","og_locale":"fr_FR","og_type":"article","og_title":"Tuile carr\u00e9e en toiture et en fa\u00e7ade d'une maison alsacienne","og_description":"Le cabinet d\u2019architecture IDEAA s\u2019est lanc\u00e9 dans le projet de construction de cette maison individuelle, aux pieds des collines vosgiennes, face \u00e0 la For\u00eat-Noire allemande, avec l\u2019id\u00e9e de m\u00ealer identit\u00e9 r\u00e9gionale et design contemporain. Pour se faire, les recherches ont abouti \u00e0 la s\u00e9lection de la tuile Koramic Vauban droite pour la toiture et la [&hellip;]","og_url":"https:\/\/batijournal.com\/index.php\/tuile-carree-en-toiture-et-en-facade-dune-maison-alsacienne\/103840\/","og_site_name":"Batijournal","article_published_time":"2020-02-20T06:29:33+00:00","article_modified_time":"2020-02-20T06:29:35+00:00","og_image":[{"width":1065,"height":577,"url":"https:\/\/batijournal.com\/wp-content\/uploads\/2020\/02\/Wienerberger-Maison-Individuelle-Wettolsheim.jpg","type":"image\/jpeg"}],"author":"St\u00e9phane Miget","twitter_card":"summary_large_image","twitter_creator":"@bati_journal","twitter_site":"@bati_journal","twitter_misc":{"\u00c9crit par":"St\u00e9phane Miget","Dur\u00e9e de lecture estim\u00e9e":"1 minute"},"schema":{"@context":"https:\/\/schema.org","@graph":[{"@type":"Article","@id":"https:\/\/batijournal.com\/index.php\/tuile-carree-en-toiture-et-en-facade-dune-maison-alsacienne\/103840\/#article","isPartOf":{"@id":"https:\/\/batijournal.com\/index.php\/tuile-carree-en-toiture-et-en-facade-dune-maison-alsacienne\/103840\/"},"author":{"name":"St\u00e9phane Miget","@id":"https:\/\/batijournal.com\/#\/schema\/person\/1dc96ec6957aa1ccb25ebe78bb19f100"},"headline":"Tuile carr\u00e9e en toiture et en fa\u00e7ade d&rsquo;une maison alsacienne","datePublished":"2020-02-20T06:29:33+00:00","dateModified":"2020-02-20T06:29:35+00:00","mainEntityOfPage":{"@id":"https:\/\/batijournal.com\/index.php\/tuile-carree-en-toiture-et-en-facade-dune-maison-alsacienne\/103840\/"},"wordCount":194,"image":{"@id":"https:\/\/batijournal.com\/index.php\/tuile-carree-en-toiture-et-en-facade-dune-maison-alsacienne\/103840\/#primaryimage"},"thumbnailUrl":"https:\/\/batijournal.com\/wp-content\/uploads\/2020\/02\/Wienerberger-Maison-Individuelle-Wettolsheim.jpg","keywords":["tuiles"],"articleSection":["Actualit\u00e9s","Architecture &amp; Conception","zz_5fa\u00e7ades","zz_Actualit\u00e9s - 5fa\u00e7ades"],"inLanguage":"fr-FR"},{"@type":"WebPage","@id":"https:\/\/batijournal.com\/index.php\/tuile-carree-en-toiture-et-en-facade-dune-maison-alsacienne\/103840\/","url":"https:\/\/batijournal.com\/index.php\/tuile-carree-en-toiture-et-en-facade-dune-maison-alsacienne\/103840\/","name":"Tuile carr\u00e9e en toiture et en fa\u00e7ade d'une maison alsacienne","isPartOf":{"@id":"https:\/\/batijournal.com\/#website"},"primaryImageOfPage":{"@id":"https:\/\/batijournal.com\/index.php\/tuile-carree-en-toiture-et-en-facade-dune-maison-alsacienne\/103840\/#primaryimage"},"image":{"@id":"https:\/\/batijournal.com\/index.php\/tuile-carree-en-toiture-et-en-facade-dune-maison-alsacienne\/103840\/#primaryimage"},"thumbnailUrl":"https:\/\/batijournal.com\/wp-content\/uploads\/2020\/02\/Wienerberger-Maison-Individuelle-Wettolsheim.jpg","datePublished":"2020-02-20T06:29:33+00:00","dateModified":"2020-02-20T06:29:35+00:00","author":{"@id":"https:\/\/batijournal.com\/#\/schema\/person\/1dc96ec6957aa1ccb25ebe78bb19f100"},"breadcrumb":{"@id":"https:\/\/batijournal.com\/index.php\/tuile-carree-en-toiture-et-en-facade-dune-maison-alsacienne\/103840\/#breadcrumb"},"inLanguage":"fr-FR","potentialAction":[{"@type":"ReadAction","target":["https:\/\/batijournal.com\/index.php\/tuile-carree-en-toiture-et-en-facade-dune-maison-alsacienne\/103840\/"]}]},{"@type":"ImageObject","inLanguage":"fr-FR","@id":"https:\/\/batijournal.com\/index.php\/tuile-carree-en-toiture-et-en-facade-dune-maison-alsacienne\/103840\/#primaryimage","url":"https:\/\/batijournal.com\/wp-content\/uploads\/2020\/02\/Wienerberger-Maison-Individuelle-Wettolsheim.jpg","contentUrl":"https:\/\/batijournal.com\/wp-content\/uploads\/2020\/02\/Wienerberger-Maison-Individuelle-Wettolsheim.jpg","width":1065,"height":577},{"@type":"BreadcrumbList","@id":"https:\/\/batijournal.com\/index.php\/tuile-carree-en-toiture-et-en-facade-dune-maison-alsacienne\/103840\/#breadcrumb","itemListElement":[{"@type":"ListItem","position":1,"name":"Accueil","item":"https:\/\/batijournal.com\/"},{"@type":"ListItem","position":2,"name":"Actualit\u00e9s","item":"https:\/\/batijournal.com\/index.php\/category\/actualites\/"},{"@type":"ListItem","position":3,"name":"Tuile carr\u00e9e en toiture et en fa\u00e7ade d&rsquo;une maison alsacienne"}]},{"@type":"WebSite","@id":"https:\/\/batijournal.com\/#website","url":"https:\/\/batijournal.com\/","name":"Batijournal","description":"L&#039;actualit\u00e9 du b\u00e2timent","potentialAction":[{"@type":"SearchAction","target":{"@type":"EntryPoint","urlTemplate":"https:\/\/batijournal.com\/?s={search_term_string}"},"query-input":{"@type":"PropertyValueSpecification","valueRequired":true,"valueName":"search_term_string"}}],"inLanguage":"fr-FR"},{"@type":"Person","@id":"https:\/\/batijournal.com\/#\/schema\/person\/1dc96ec6957aa1ccb25ebe78bb19f100","name":"St\u00e9phane Miget","image":{"@type":"ImageObject","inLanguage":"fr-FR","@id":"https:\/\/secure.gravatar.com\/avatar\/89915563d925342126b8ef0281b93d9d7fc337043e8df017f780908eb9644451?s=96&d=mm&r=g","url":"https:\/\/secure.gravatar.com\/avatar\/89915563d925342126b8ef0281b93d9d7fc337043e8df017f780908eb9644451?s=96&d=mm&r=g","contentUrl":"https:\/\/secure.gravatar.com\/avatar\/89915563d925342126b8ef0281b93d9d7fc337043e8df017f780908eb9644451?s=96&d=mm&r=g","caption":"St\u00e9phane Miget"},"url":"https:\/\/batijournal.com\/index.php\/author\/stephane\/"}]}},"_links":{"self":[{"href":"https:\/\/batijournal.com\/index.php\/wp-json\/wp\/v2\/posts\/103840","targetHints":{"allow":["GET"]}}],"collection":[{"href":"https:\/\/batijournal.com\/index.php\/wp-json\/wp\/v2\/posts"}],"about":[{"href":"https:\/\/batijournal.com\/index.php\/wp-json\/wp\/v2\/types\/post"}],"author":[{"embeddable":true,"href":"https:\/\/batijournal.com\/index.php\/wp-json\/wp\/v2\/users\/17"}],"replies":[{"embeddable":true,"href":"https:\/\/batijournal.com\/index.php\/wp-json\/wp\/v2\/comments?post=103840"}],"version-history":[{"count":0,"href":"https:\/\/batijournal.com\/index.php\/wp-json\/wp\/v2\/posts\/103840\/revisions"}],"wp:featuredmedia":[{"embeddable":true,"href":"https:\/\/batijournal.com\/index.php\/wp-json\/wp\/v2\/media\/103841"}],"wp:attachment":[{"href":"https:\/\/batijournal.com\/index.php\/wp-json\/wp\/v2\/media?parent=103840"}],"wp:term":[{"taxonomy":"category","embeddable":true,"href":"https:\/\/batijournal.com\/index.php\/wp-json\/wp\/v2\/categories?post=103840"},{"taxonomy":"post_tag","embeddable":true,"href":"https:\/\/batijournal.com\/index.php\/wp-json\/wp\/v2\/tags?post=103840"}],"curies":[{"name":"wp","href":"https:\/\/api.w.org\/{rel}","templated":true}]}}