{"id":103857,"date":"2020-02-25T09:59:03","date_gmt":"2020-02-25T08:59:03","guid":{"rendered":"https:\/\/batijournal.com\/?p=103857"},"modified":"2020-02-25T09:59:05","modified_gmt":"2020-02-25T08:59:05","slug":"le-developpement-des-energies-renouvelables-benefique-a-leconomie-francaise","status":"publish","type":"post","link":"https:\/\/batijournal.com\/index.php\/le-developpement-des-energies-renouvelables-benefique-a-leconomie-francaise\/103857\/","title":{"rendered":"Le d\u00e9veloppement des \u00e9nergies renouvelables b\u00e9n\u00e9fique \u00e0 l&rsquo;\u00e9conomie fran\u00e7aise"},"content":{"rendered":"\n<p><strong>Le Syndicat des \u00e9nergies renouvelables (SER) a publi\u00e9 une \u00e9tude qui apporte un nouvel \u00e9clairage sur la mani\u00e8re avec laquelle les \u00e9nergies renouvelables contribuent \u00e0 l\u2019\u00e9conomie de notre pays. Quatre indicateurs (cr\u00e9ation d\u2019emplois, cr\u00e9ation de valeur ajout\u00e9e, retomb\u00e9es fiscales et impact sur la facture \u00e9nerg\u00e9tique) ont \u00e9t\u00e9 mod\u00e9lis\u00e9s et deux sc\u00e9narios alternatifs ont \u00e9t\u00e9 \u00e9tudi\u00e9s afin de mesurer l\u2019impact d\u2019objectifs renouvelables plus ambitieux d\u2019une part, et d\u2019une politique industrielle renforc\u00e9e d\u2019autre part.<\/strong><\/p>\n\n\n\n<p>Cette \u00e9tude nous enseigne, ainsi, que le d\u00e9veloppement des \u00e9nergies renouvelables, en suivant la trajectoire de la PPE, fera passer le nombre d\u2019emplois \u00c9quivalent temps plein (ETP) total de 152 000 \u00e0 236 000 entre 2019 et 2028. La valeur ajout\u00e9e cr\u00e9\u00e9e par le d\u00e9veloppement des \u00e9nergies renouvelables profite largement \u00e0 l\u2019\u00e9conomie nationale, avec plus de 80 % de la valeur \u00e9conomique localis\u00e9e en France. Ce d\u00e9veloppement va g\u00e9n\u00e9rer un tr\u00e8s fort dynamisme \u00e9conomique avec l\u2019atteinte en 2028 de 21 milliards d\u2019euros de valeur ajout\u00e9e brute en France, soit 10 % de la valeur ajout\u00e9e cr\u00e9\u00e9e actuellement par le secteur industriel. Les retomb\u00e9es fiscales et la valeur ajout\u00e9e g\u00e9n\u00e9r\u00e9es par les \u00e9nergies renouvelables sont bien sup\u00e9rieures aux montants des soutiens publics qui leur sont consacr\u00e9s. Chaque euro de soutien public investi dans les \u00e9nergies renouvelables g\u00e9n\u00e8re en moyenne 2 euros de valeur ajout\u00e9e en 2019.<br \/> Les employ\u00e9s sont les premiers b\u00e9n\u00e9ficiaires de cette activit\u00e9 \u00e9conomique, les salaires correspondant \u00e0 environ 50% de la valeur ajout\u00e9e cr\u00e9\u00e9e. Les \u00e9nergies renouvelables repr\u00e9senteront 236 000 emplois (\u00c9quivalent temps plein \u2013 ETP) directs et indirects en 2028.<br \/>Les territoires sont tr\u00e8s largement b\u00e9n\u00e9ficiaires du d\u00e9veloppement des \u00e9nergies renouvelables. Les retomb\u00e9es fiscales des \u00e9nergies renouvelables vers les collectivit\u00e9s locales sont estim\u00e9es \u00e0 1 milliard d\u2019euros en 2019, et \u00e0 1,6 milliard d\u2019euros en 2028. Pr\u00e8s d\u2019un tiers de ces retomb\u00e9es b\u00e9n\u00e9ficient directement aux communes et intercommunalit\u00e9s.<br \/>Les \u00e9nergies renouvelables jouent un r\u00f4le important dans l\u2019am\u00e9lioration de la facture \u00e9nerg\u00e9tique de la France : elles ont permis d\u2019\u00e9conomiser 4,6 milliards d\u2019euros d\u2019importations en \u00e9nergies fossiles en 2019 dans les secteurs de la chaleur et des transports.<\/p>\n\n\n\n<p>Visuel :  Valeur ajout\u00e9e g\u00e9n\u00e9r\u00e9e dans les territoires en 2028 en suivant la trajectoire PPE (en milliards d\u2019euros), source : SER<\/p>\n","protected":false},"excerpt":{"rendered":"<p>Le Syndicat des \u00e9nergies renouvelables (SER) a publi\u00e9 une \u00e9tude qui apporte un nouvel \u00e9clairage sur la mani\u00e8re avec laquelle les \u00e9nergies renouvelables contribuent \u00e0 l\u2019\u00e9conomie de notre pays. Quatre indicateurs (cr\u00e9ation d\u2019emplois, cr\u00e9ation de valeur ajout\u00e9e, retomb\u00e9es fiscales et impact sur la facture \u00e9nerg\u00e9tique) ont \u00e9t\u00e9 mod\u00e9lis\u00e9s et deux sc\u00e9narios alternatifs ont \u00e9t\u00e9 \u00e9tudi\u00e9s [&hellip;]<\/p>\n","protected":false},"author":17,"featured_media":103855,"comment_status":"closed","ping_status":"closed","sticky":false,"template":"","format":"standard","meta":{"_et_pb_use_builder":"","_et_pb_old_content":"","_et_gb_content_width":"","footnotes":""},"categories":[10530,6351,10781,10778],"tags":[1628],"class_list":["post-103857","post","type-post","status-publish","format-standard","has-post-thumbnail","hentry","category-actualites","category-energie-environnement","category-publications-planete","category-planete","tag-energies-renouvelables"],"yoast_head":"<!-- This site is optimized with the Yoast SEO plugin v27.4 - https:\/\/yoast.com\/product\/yoast-seo-wordpress\/ -->\n<title>Le d\u00e9veloppement des \u00e9nergies renouvelables b\u00e9n\u00e9fique \u00e0 l&#039;\u00e9conomie fran\u00e7aise<\/title>\n<meta name=\"robots\" content=\"index, follow, max-snippet:-1, max-image-preview:large, max-video-preview:-1\" \/>\n<link rel=\"canonical\" href=\"https:\/\/batijournal.com\/index.php\/le-developpement-des-energies-renouvelables-benefique-a-leconomie-francaise\/103857\/\" \/>\n<meta property=\"og:locale\" content=\"fr_FR\" \/>\n<meta property=\"og:type\" content=\"article\" \/>\n<meta property=\"og:title\" content=\"Le d\u00e9veloppement des \u00e9nergies renouvelables b\u00e9n\u00e9fique \u00e0 l&#039;\u00e9conomie fran\u00e7aise\" \/>\n<meta property=\"og:description\" content=\"Le Syndicat des \u00e9nergies renouvelables (SER) a publi\u00e9 une \u00e9tude qui apporte un nouvel \u00e9clairage sur la mani\u00e8re avec laquelle les \u00e9nergies renouvelables contribuent \u00e0 l\u2019\u00e9conomie de notre pays. Quatre indicateurs (cr\u00e9ation d\u2019emplois, cr\u00e9ation de valeur ajout\u00e9e, retomb\u00e9es fiscales et impact sur la facture \u00e9nerg\u00e9tique) ont \u00e9t\u00e9 mod\u00e9lis\u00e9s et deux sc\u00e9narios alternatifs ont \u00e9t\u00e9 \u00e9tudi\u00e9s [&hellip;]\" \/>\n<meta property=\"og:url\" content=\"https:\/\/batijournal.com\/index.php\/le-developpement-des-energies-renouvelables-benefique-a-leconomie-francaise\/103857\/\" \/>\n<meta property=\"og:site_name\" content=\"Batijournal\" \/>\n<meta property=\"article:published_time\" content=\"2020-02-25T08:59:03+00:00\" \/>\n<meta property=\"article:modified_time\" content=\"2020-02-25T08:59:05+00:00\" \/>\n<meta property=\"og:image\" content=\"https:\/\/batijournal.com\/wp-content\/uploads\/2020\/02\/valeur-ajoutee-energies-renouvelables-territoire-france.png\" \/>\n\t<meta property=\"og:image:width\" content=\"876\" \/>\n\t<meta property=\"og:image:height\" content=\"797\" \/>\n\t<meta property=\"og:image:type\" content=\"image\/png\" \/>\n<meta name=\"author\" content=\"St\u00e9phane Miget\" \/>\n<meta name=\"twitter:card\" content=\"summary_large_image\" \/>\n<meta name=\"twitter:creator\" content=\"@bati_journal\" \/>\n<meta name=\"twitter:site\" content=\"@bati_journal\" \/>\n<meta name=\"twitter:label1\" content=\"\u00c9crit par\" \/>\n\t<meta name=\"twitter:data1\" content=\"St\u00e9phane Miget\" \/>\n\t<meta name=\"twitter:label2\" content=\"Dur\u00e9e de lecture estim\u00e9e\" \/>\n\t<meta name=\"twitter:data2\" content=\"2 minutes\" \/>\n<script type=\"application\/ld+json\" class=\"yoast-schema-graph\">{\"@context\":\"https:\\\/\\\/schema.org\",\"@graph\":[{\"@type\":\"Article\",\"@id\":\"https:\\\/\\\/batijournal.com\\\/index.php\\\/le-developpement-des-energies-renouvelables-benefique-a-leconomie-francaise\\\/103857\\\/#article\",\"isPartOf\":{\"@id\":\"https:\\\/\\\/batijournal.com\\\/index.php\\\/le-developpement-des-energies-renouvelables-benefique-a-leconomie-francaise\\\/103857\\\/\"},\"author\":{\"name\":\"St\u00e9phane Miget\",\"@id\":\"https:\\\/\\\/batijournal.com\\\/#\\\/schema\\\/person\\\/1dc96ec6957aa1ccb25ebe78bb19f100\"},\"headline\":\"Le d\u00e9veloppement des \u00e9nergies renouvelables b\u00e9n\u00e9fique \u00e0 l&rsquo;\u00e9conomie fran\u00e7aise\",\"datePublished\":\"2020-02-25T08:59:03+00:00\",\"dateModified\":\"2020-02-25T08:59:05+00:00\",\"mainEntityOfPage\":{\"@id\":\"https:\\\/\\\/batijournal.com\\\/index.php\\\/le-developpement-des-energies-renouvelables-benefique-a-leconomie-francaise\\\/103857\\\/\"},\"wordCount\":418,\"image\":{\"@id\":\"https:\\\/\\\/batijournal.com\\\/index.php\\\/le-developpement-des-energies-renouvelables-benefique-a-leconomie-francaise\\\/103857\\\/#primaryimage\"},\"thumbnailUrl\":\"https:\\\/\\\/batijournal.com\\\/wp-content\\\/uploads\\\/2020\\\/02\\\/valeur-ajoutee-energies-renouvelables-territoire-france.png\",\"keywords\":[\"\u00e9nergies renouvelables\"],\"articleSection\":[\"Actualit\u00e9s\",\"\u00c9nergie &amp; Environnement\",\"zz_Actualit\u00e9s - Plan\u00e8te\",\"zz_Plan\u00e8te B\u00e2timent\"],\"inLanguage\":\"fr-FR\"},{\"@type\":\"WebPage\",\"@id\":\"https:\\\/\\\/batijournal.com\\\/index.php\\\/le-developpement-des-energies-renouvelables-benefique-a-leconomie-francaise\\\/103857\\\/\",\"url\":\"https:\\\/\\\/batijournal.com\\\/index.php\\\/le-developpement-des-energies-renouvelables-benefique-a-leconomie-francaise\\\/103857\\\/\",\"name\":\"Le d\u00e9veloppement des \u00e9nergies renouvelables b\u00e9n\u00e9fique \u00e0 l'\u00e9conomie fran\u00e7aise\",\"isPartOf\":{\"@id\":\"https:\\\/\\\/batijournal.com\\\/#website\"},\"primaryImageOfPage\":{\"@id\":\"https:\\\/\\\/batijournal.com\\\/index.php\\\/le-developpement-des-energies-renouvelables-benefique-a-leconomie-francaise\\\/103857\\\/#primaryimage\"},\"image\":{\"@id\":\"https:\\\/\\\/batijournal.com\\\/index.php\\\/le-developpement-des-energies-renouvelables-benefique-a-leconomie-francaise\\\/103857\\\/#primaryimage\"},\"thumbnailUrl\":\"https:\\\/\\\/batijournal.com\\\/wp-content\\\/uploads\\\/2020\\\/02\\\/valeur-ajoutee-energies-renouvelables-territoire-france.png\",\"datePublished\":\"2020-02-25T08:59:03+00:00\",\"dateModified\":\"2020-02-25T08:59:05+00:00\",\"author\":{\"@id\":\"https:\\\/\\\/batijournal.com\\\/#\\\/schema\\\/person\\\/1dc96ec6957aa1ccb25ebe78bb19f100\"},\"breadcrumb\":{\"@id\":\"https:\\\/\\\/batijournal.com\\\/index.php\\\/le-developpement-des-energies-renouvelables-benefique-a-leconomie-francaise\\\/103857\\\/#breadcrumb\"},\"inLanguage\":\"fr-FR\",\"potentialAction\":[{\"@type\":\"ReadAction\",\"target\":[\"https:\\\/\\\/batijournal.com\\\/index.php\\\/le-developpement-des-energies-renouvelables-benefique-a-leconomie-francaise\\\/103857\\\/\"]}]},{\"@type\":\"ImageObject\",\"inLanguage\":\"fr-FR\",\"@id\":\"https:\\\/\\\/batijournal.com\\\/index.php\\\/le-developpement-des-energies-renouvelables-benefique-a-leconomie-francaise\\\/103857\\\/#primaryimage\",\"url\":\"https:\\\/\\\/batijournal.com\\\/wp-content\\\/uploads\\\/2020\\\/02\\\/valeur-ajoutee-energies-renouvelables-territoire-france.png\",\"contentUrl\":\"https:\\\/\\\/batijournal.com\\\/wp-content\\\/uploads\\\/2020\\\/02\\\/valeur-ajoutee-energies-renouvelables-territoire-france.png\",\"width\":876,\"height\":797},{\"@type\":\"BreadcrumbList\",\"@id\":\"https:\\\/\\\/batijournal.com\\\/index.php\\\/le-developpement-des-energies-renouvelables-benefique-a-leconomie-francaise\\\/103857\\\/#breadcrumb\",\"itemListElement\":[{\"@type\":\"ListItem\",\"position\":1,\"name\":\"Accueil\",\"item\":\"https:\\\/\\\/batijournal.com\\\/\"},{\"@type\":\"ListItem\",\"position\":2,\"name\":\"Actualit\u00e9s\",\"item\":\"https:\\\/\\\/batijournal.com\\\/index.php\\\/category\\\/actualites\\\/\"},{\"@type\":\"ListItem\",\"position\":3,\"name\":\"Le d\u00e9veloppement des \u00e9nergies renouvelables b\u00e9n\u00e9fique \u00e0 l&rsquo;\u00e9conomie fran\u00e7aise\"}]},{\"@type\":\"WebSite\",\"@id\":\"https:\\\/\\\/batijournal.com\\\/#website\",\"url\":\"https:\\\/\\\/batijournal.com\\\/\",\"name\":\"Batijournal\",\"description\":\"L&#039;actualit\u00e9 du b\u00e2timent\",\"potentialAction\":[{\"@type\":\"SearchAction\",\"target\":{\"@type\":\"EntryPoint\",\"urlTemplate\":\"https:\\\/\\\/batijournal.com\\\/?s={search_term_string}\"},\"query-input\":{\"@type\":\"PropertyValueSpecification\",\"valueRequired\":true,\"valueName\":\"search_term_string\"}}],\"inLanguage\":\"fr-FR\"},{\"@type\":\"Person\",\"@id\":\"https:\\\/\\\/batijournal.com\\\/#\\\/schema\\\/person\\\/1dc96ec6957aa1ccb25ebe78bb19f100\",\"name\":\"St\u00e9phane Miget\",\"image\":{\"@type\":\"ImageObject\",\"inLanguage\":\"fr-FR\",\"@id\":\"https:\\\/\\\/secure.gravatar.com\\\/avatar\\\/89915563d925342126b8ef0281b93d9d7fc337043e8df017f780908eb9644451?s=96&d=mm&r=g\",\"url\":\"https:\\\/\\\/secure.gravatar.com\\\/avatar\\\/89915563d925342126b8ef0281b93d9d7fc337043e8df017f780908eb9644451?s=96&d=mm&r=g\",\"contentUrl\":\"https:\\\/\\\/secure.gravatar.com\\\/avatar\\\/89915563d925342126b8ef0281b93d9d7fc337043e8df017f780908eb9644451?s=96&d=mm&r=g\",\"caption\":\"St\u00e9phane Miget\"},\"url\":\"https:\\\/\\\/batijournal.com\\\/index.php\\\/author\\\/stephane\\\/\"}]}<\/script>\n<!-- \/ Yoast SEO plugin. -->","yoast_head_json":{"title":"Le d\u00e9veloppement des \u00e9nergies renouvelables b\u00e9n\u00e9fique \u00e0 l'\u00e9conomie fran\u00e7aise","robots":{"index":"index","follow":"follow","max-snippet":"max-snippet:-1","max-image-preview":"max-image-preview:large","max-video-preview":"max-video-preview:-1"},"canonical":"https:\/\/batijournal.com\/index.php\/le-developpement-des-energies-renouvelables-benefique-a-leconomie-francaise\/103857\/","og_locale":"fr_FR","og_type":"article","og_title":"Le d\u00e9veloppement des \u00e9nergies renouvelables b\u00e9n\u00e9fique \u00e0 l'\u00e9conomie fran\u00e7aise","og_description":"Le Syndicat des \u00e9nergies renouvelables (SER) a publi\u00e9 une \u00e9tude qui apporte un nouvel \u00e9clairage sur la mani\u00e8re avec laquelle les \u00e9nergies renouvelables contribuent \u00e0 l\u2019\u00e9conomie de notre pays. Quatre indicateurs (cr\u00e9ation d\u2019emplois, cr\u00e9ation de valeur ajout\u00e9e, retomb\u00e9es fiscales et impact sur la facture \u00e9nerg\u00e9tique) ont \u00e9t\u00e9 mod\u00e9lis\u00e9s et deux sc\u00e9narios alternatifs ont \u00e9t\u00e9 \u00e9tudi\u00e9s [&hellip;]","og_url":"https:\/\/batijournal.com\/index.php\/le-developpement-des-energies-renouvelables-benefique-a-leconomie-francaise\/103857\/","og_site_name":"Batijournal","article_published_time":"2020-02-25T08:59:03+00:00","article_modified_time":"2020-02-25T08:59:05+00:00","og_image":[{"width":876,"height":797,"url":"https:\/\/batijournal.com\/wp-content\/uploads\/2020\/02\/valeur-ajoutee-energies-renouvelables-territoire-france.png","type":"image\/png"}],"author":"St\u00e9phane Miget","twitter_card":"summary_large_image","twitter_creator":"@bati_journal","twitter_site":"@bati_journal","twitter_misc":{"\u00c9crit par":"St\u00e9phane Miget","Dur\u00e9e de lecture estim\u00e9e":"2 minutes"},"schema":{"@context":"https:\/\/schema.org","@graph":[{"@type":"Article","@id":"https:\/\/batijournal.com\/index.php\/le-developpement-des-energies-renouvelables-benefique-a-leconomie-francaise\/103857\/#article","isPartOf":{"@id":"https:\/\/batijournal.com\/index.php\/le-developpement-des-energies-renouvelables-benefique-a-leconomie-francaise\/103857\/"},"author":{"name":"St\u00e9phane Miget","@id":"https:\/\/batijournal.com\/#\/schema\/person\/1dc96ec6957aa1ccb25ebe78bb19f100"},"headline":"Le d\u00e9veloppement des \u00e9nergies renouvelables b\u00e9n\u00e9fique \u00e0 l&rsquo;\u00e9conomie fran\u00e7aise","datePublished":"2020-02-25T08:59:03+00:00","dateModified":"2020-02-25T08:59:05+00:00","mainEntityOfPage":{"@id":"https:\/\/batijournal.com\/index.php\/le-developpement-des-energies-renouvelables-benefique-a-leconomie-francaise\/103857\/"},"wordCount":418,"image":{"@id":"https:\/\/batijournal.com\/index.php\/le-developpement-des-energies-renouvelables-benefique-a-leconomie-francaise\/103857\/#primaryimage"},"thumbnailUrl":"https:\/\/batijournal.com\/wp-content\/uploads\/2020\/02\/valeur-ajoutee-energies-renouvelables-territoire-france.png","keywords":["\u00e9nergies renouvelables"],"articleSection":["Actualit\u00e9s","\u00c9nergie &amp; Environnement","zz_Actualit\u00e9s - Plan\u00e8te","zz_Plan\u00e8te B\u00e2timent"],"inLanguage":"fr-FR"},{"@type":"WebPage","@id":"https:\/\/batijournal.com\/index.php\/le-developpement-des-energies-renouvelables-benefique-a-leconomie-francaise\/103857\/","url":"https:\/\/batijournal.com\/index.php\/le-developpement-des-energies-renouvelables-benefique-a-leconomie-francaise\/103857\/","name":"Le d\u00e9veloppement des \u00e9nergies renouvelables b\u00e9n\u00e9fique \u00e0 l'\u00e9conomie fran\u00e7aise","isPartOf":{"@id":"https:\/\/batijournal.com\/#website"},"primaryImageOfPage":{"@id":"https:\/\/batijournal.com\/index.php\/le-developpement-des-energies-renouvelables-benefique-a-leconomie-francaise\/103857\/#primaryimage"},"image":{"@id":"https:\/\/batijournal.com\/index.php\/le-developpement-des-energies-renouvelables-benefique-a-leconomie-francaise\/103857\/#primaryimage"},"thumbnailUrl":"https:\/\/batijournal.com\/wp-content\/uploads\/2020\/02\/valeur-ajoutee-energies-renouvelables-territoire-france.png","datePublished":"2020-02-25T08:59:03+00:00","dateModified":"2020-02-25T08:59:05+00:00","author":{"@id":"https:\/\/batijournal.com\/#\/schema\/person\/1dc96ec6957aa1ccb25ebe78bb19f100"},"breadcrumb":{"@id":"https:\/\/batijournal.com\/index.php\/le-developpement-des-energies-renouvelables-benefique-a-leconomie-francaise\/103857\/#breadcrumb"},"inLanguage":"fr-FR","potentialAction":[{"@type":"ReadAction","target":["https:\/\/batijournal.com\/index.php\/le-developpement-des-energies-renouvelables-benefique-a-leconomie-francaise\/103857\/"]}]},{"@type":"ImageObject","inLanguage":"fr-FR","@id":"https:\/\/batijournal.com\/index.php\/le-developpement-des-energies-renouvelables-benefique-a-leconomie-francaise\/103857\/#primaryimage","url":"https:\/\/batijournal.com\/wp-content\/uploads\/2020\/02\/valeur-ajoutee-energies-renouvelables-territoire-france.png","contentUrl":"https:\/\/batijournal.com\/wp-content\/uploads\/2020\/02\/valeur-ajoutee-energies-renouvelables-territoire-france.png","width":876,"height":797},{"@type":"BreadcrumbList","@id":"https:\/\/batijournal.com\/index.php\/le-developpement-des-energies-renouvelables-benefique-a-leconomie-francaise\/103857\/#breadcrumb","itemListElement":[{"@type":"ListItem","position":1,"name":"Accueil","item":"https:\/\/batijournal.com\/"},{"@type":"ListItem","position":2,"name":"Actualit\u00e9s","item":"https:\/\/batijournal.com\/index.php\/category\/actualites\/"},{"@type":"ListItem","position":3,"name":"Le d\u00e9veloppement des \u00e9nergies renouvelables b\u00e9n\u00e9fique \u00e0 l&rsquo;\u00e9conomie fran\u00e7aise"}]},{"@type":"WebSite","@id":"https:\/\/batijournal.com\/#website","url":"https:\/\/batijournal.com\/","name":"Batijournal","description":"L&#039;actualit\u00e9 du b\u00e2timent","potentialAction":[{"@type":"SearchAction","target":{"@type":"EntryPoint","urlTemplate":"https:\/\/batijournal.com\/?s={search_term_string}"},"query-input":{"@type":"PropertyValueSpecification","valueRequired":true,"valueName":"search_term_string"}}],"inLanguage":"fr-FR"},{"@type":"Person","@id":"https:\/\/batijournal.com\/#\/schema\/person\/1dc96ec6957aa1ccb25ebe78bb19f100","name":"St\u00e9phane Miget","image":{"@type":"ImageObject","inLanguage":"fr-FR","@id":"https:\/\/secure.gravatar.com\/avatar\/89915563d925342126b8ef0281b93d9d7fc337043e8df017f780908eb9644451?s=96&d=mm&r=g","url":"https:\/\/secure.gravatar.com\/avatar\/89915563d925342126b8ef0281b93d9d7fc337043e8df017f780908eb9644451?s=96&d=mm&r=g","contentUrl":"https:\/\/secure.gravatar.com\/avatar\/89915563d925342126b8ef0281b93d9d7fc337043e8df017f780908eb9644451?s=96&d=mm&r=g","caption":"St\u00e9phane Miget"},"url":"https:\/\/batijournal.com\/index.php\/author\/stephane\/"}]}},"_links":{"self":[{"href":"https:\/\/batijournal.com\/index.php\/wp-json\/wp\/v2\/posts\/103857","targetHints":{"allow":["GET"]}}],"collection":[{"href":"https:\/\/batijournal.com\/index.php\/wp-json\/wp\/v2\/posts"}],"about":[{"href":"https:\/\/batijournal.com\/index.php\/wp-json\/wp\/v2\/types\/post"}],"author":[{"embeddable":true,"href":"https:\/\/batijournal.com\/index.php\/wp-json\/wp\/v2\/users\/17"}],"replies":[{"embeddable":true,"href":"https:\/\/batijournal.com\/index.php\/wp-json\/wp\/v2\/comments?post=103857"}],"version-history":[{"count":0,"href":"https:\/\/batijournal.com\/index.php\/wp-json\/wp\/v2\/posts\/103857\/revisions"}],"wp:featuredmedia":[{"embeddable":true,"href":"https:\/\/batijournal.com\/index.php\/wp-json\/wp\/v2\/media\/103855"}],"wp:attachment":[{"href":"https:\/\/batijournal.com\/index.php\/wp-json\/wp\/v2\/media?parent=103857"}],"wp:term":[{"taxonomy":"category","embeddable":true,"href":"https:\/\/batijournal.com\/index.php\/wp-json\/wp\/v2\/categories?post=103857"},{"taxonomy":"post_tag","embeddable":true,"href":"https:\/\/batijournal.com\/index.php\/wp-json\/wp\/v2\/tags?post=103857"}],"curies":[{"name":"wp","href":"https:\/\/api.w.org\/{rel}","templated":true}]}}