{"id":103858,"date":"2020-02-26T09:04:15","date_gmt":"2020-02-26T08:04:15","guid":{"rendered":"https:\/\/batijournal.com\/?p=103858"},"modified":"2020-02-26T09:04:18","modified_gmt":"2020-02-26T08:04:18","slug":"le-mobilier-national-promeut-la-laine-francaise-avec-sheila-hicks","status":"publish","type":"post","link":"https:\/\/batijournal.com\/index.php\/le-mobilier-national-promeut-la-laine-francaise-avec-sheila-hicks\/103858\/","title":{"rendered":"Le Mobilier national promeut la laine fran\u00e7aise avec Sheila Hicks"},"content":{"rendered":"\n<p><strong>Pour l&rsquo;\u00e9dition 2020 des Journ\u00e9es Europ\u00e9ennes des M\u00e9tiers d\u2019Arts, Le Mobilier national s&rsquo;associe \u00e0 l\u2019Institut national des m\u00e9tiers d&rsquo;art pour proposer l\u2019exposition Mati\u00e8res \u00e0 l&rsquo;\u0153uvre dans la Galerie des Gobelins (Paris 13e). Cet \u00e9v\u00e9nement est l\u2019occasion de d\u00e9couvrir des individualit\u00e9s, des savoir-faire mais \u00e9galement des mati\u00e8res qui occupent une place incontournable dans les m\u00e9tiers d\u2019art. La cr\u00e9ation est \u00e9galement mise \u00e0 l\u2019honneur avec la Carte blanche \u00e0 Sheila Hicks et une pr\u00e9sentation de la jeune artiste-designer Camille Gasser.<\/strong><\/p>\n\n\n\n<p>Depuis le XVIIe si\u00e8cle, les manufactures nationales tissent ses tapis et ses tapisseries avec de la laine. Ces fibres textiles n\u2019ont que tr\u00e8s rarement \u00e9t\u00e9 d\u2019origine fran\u00e7aise. Il apparaissait urgent de repenser l\u2019origine de ces mati\u00e8res premi\u00e8res. Aussi, le Mobilier national a-t-il entrepris une d\u00e9marche en vue de d\u00e9velopper une production de tapisserie et de tapis qui int\u00e8gre progressivement les laines venant des troupeaux fran\u00e7ais. Ce projet a s\u00e9duit Sheila Hicks, la grande artiste am\u00e9ricaine vivant en France et qui, depuis de nombreuses ann\u00e9es, int\u00e8gre cette mati\u00e8re premi\u00e8re dans la r\u00e9alisation de ses \u0153uvres internationalement reconnues. La Carte blanche raconte une histoire de la laine fran\u00e7aise, depuis la mati\u00e8re brute jusqu\u2019au fil, tiss\u00e9, qui devient art. C\u2019est une histoire de fibre, mais c\u2019est avant tout une histoire de paysage et de territoire, de femmes et d\u2019hommes, d\u2019animaux et de filatures qui, avec patience et savoir-faire, \u00e9laborent une mati\u00e8re qui devient \u0153uvre. Exposition gratuite du 3 avril au 3 mai 2020.<\/p>\n","protected":false},"excerpt":{"rendered":"<p>Pour l&rsquo;\u00e9dition 2020 des Journ\u00e9es Europ\u00e9ennes des M\u00e9tiers d\u2019Arts, Le Mobilier national s&rsquo;associe \u00e0 l\u2019Institut national des m\u00e9tiers d&rsquo;art pour proposer l\u2019exposition Mati\u00e8res \u00e0 l&rsquo;\u0153uvre dans la Galerie des Gobelins (Paris 13e). Cet \u00e9v\u00e9nement est l\u2019occasion de d\u00e9couvrir des individualit\u00e9s, des savoir-faire mais \u00e9galement des mati\u00e8res qui occupent une place incontournable dans les m\u00e9tiers d\u2019art. [&hellip;]<\/p>\n","protected":false},"author":17,"featured_media":103859,"comment_status":"closed","ping_status":"closed","sticky":false,"template":"","format":"standard","meta":{"_et_pb_use_builder":"","_et_pb_old_content":"","_et_gb_content_width":"","footnotes":""},"categories":[10530,6362,10789,10785],"tags":[],"class_list":["post-103858","post","type-post","status-publish","format-standard","has-post-thumbnail","hentry","category-actualites","category-services-equipements","category-publications-atrium","category-atrium"],"yoast_head":"<!-- This site is optimized with the Yoast SEO plugin v27.4 - https:\/\/yoast.com\/product\/yoast-seo-wordpress\/ -->\n<title>Le Mobilier national promeut la laine fran\u00e7aise avec Sheila Hicks<\/title>\n<meta name=\"robots\" content=\"index, follow, max-snippet:-1, max-image-preview:large, max-video-preview:-1\" \/>\n<link rel=\"canonical\" href=\"https:\/\/batijournal.com\/index.php\/le-mobilier-national-promeut-la-laine-francaise-avec-sheila-hicks\/103858\/\" \/>\n<meta property=\"og:locale\" content=\"fr_FR\" \/>\n<meta property=\"og:type\" content=\"article\" \/>\n<meta property=\"og:title\" content=\"Le Mobilier national promeut la laine fran\u00e7aise avec Sheila Hicks\" \/>\n<meta property=\"og:description\" content=\"Pour l&rsquo;\u00e9dition 2020 des Journ\u00e9es Europ\u00e9ennes des M\u00e9tiers d\u2019Arts, Le Mobilier national s&rsquo;associe \u00e0 l\u2019Institut national des m\u00e9tiers d&rsquo;art pour proposer l\u2019exposition Mati\u00e8res \u00e0 l&rsquo;\u0153uvre dans la Galerie des Gobelins (Paris 13e). Cet \u00e9v\u00e9nement est l\u2019occasion de d\u00e9couvrir des individualit\u00e9s, des savoir-faire mais \u00e9galement des mati\u00e8res qui occupent une place incontournable dans les m\u00e9tiers d\u2019art. [&hellip;]\" \/>\n<meta property=\"og:url\" content=\"https:\/\/batijournal.com\/index.php\/le-mobilier-national-promeut-la-laine-francaise-avec-sheila-hicks\/103858\/\" \/>\n<meta property=\"og:site_name\" content=\"Batijournal\" \/>\n<meta property=\"article:published_time\" content=\"2020-02-26T08:04:15+00:00\" \/>\n<meta property=\"article:modified_time\" content=\"2020-02-26T08:04:18+00:00\" \/>\n<meta property=\"og:image\" content=\"https:\/\/batijournal.com\/wp-content\/uploads\/2020\/02\/carte-blanche-sheila-hicks-mobilier-nationa-metiers-art.jpg\" \/>\n\t<meta property=\"og:image:width\" content=\"1200\" \/>\n\t<meta property=\"og:image:height\" content=\"675\" \/>\n\t<meta property=\"og:image:type\" content=\"image\/jpeg\" \/>\n<meta name=\"author\" content=\"St\u00e9phane Miget\" \/>\n<meta name=\"twitter:card\" content=\"summary_large_image\" \/>\n<meta name=\"twitter:creator\" content=\"@bati_journal\" \/>\n<meta name=\"twitter:site\" content=\"@bati_journal\" \/>\n<meta name=\"twitter:label1\" content=\"\u00c9crit par\" \/>\n\t<meta name=\"twitter:data1\" content=\"St\u00e9phane Miget\" \/>\n\t<meta name=\"twitter:label2\" content=\"Dur\u00e9e de lecture estim\u00e9e\" \/>\n\t<meta name=\"twitter:data2\" content=\"1 minute\" \/>\n<script type=\"application\/ld+json\" class=\"yoast-schema-graph\">{\"@context\":\"https:\\\/\\\/schema.org\",\"@graph\":[{\"@type\":\"Article\",\"@id\":\"https:\\\/\\\/batijournal.com\\\/index.php\\\/le-mobilier-national-promeut-la-laine-francaise-avec-sheila-hicks\\\/103858\\\/#article\",\"isPartOf\":{\"@id\":\"https:\\\/\\\/batijournal.com\\\/index.php\\\/le-mobilier-national-promeut-la-laine-francaise-avec-sheila-hicks\\\/103858\\\/\"},\"author\":{\"name\":\"St\u00e9phane Miget\",\"@id\":\"https:\\\/\\\/batijournal.com\\\/#\\\/schema\\\/person\\\/1dc96ec6957aa1ccb25ebe78bb19f100\"},\"headline\":\"Le Mobilier national promeut la laine fran\u00e7aise avec Sheila Hicks\",\"datePublished\":\"2020-02-26T08:04:15+00:00\",\"dateModified\":\"2020-02-26T08:04:18+00:00\",\"mainEntityOfPage\":{\"@id\":\"https:\\\/\\\/batijournal.com\\\/index.php\\\/le-mobilier-national-promeut-la-laine-francaise-avec-sheila-hicks\\\/103858\\\/\"},\"wordCount\":290,\"image\":{\"@id\":\"https:\\\/\\\/batijournal.com\\\/index.php\\\/le-mobilier-national-promeut-la-laine-francaise-avec-sheila-hicks\\\/103858\\\/#primaryimage\"},\"thumbnailUrl\":\"https:\\\/\\\/batijournal.com\\\/wp-content\\\/uploads\\\/2020\\\/02\\\/carte-blanche-sheila-hicks-mobilier-nationa-metiers-art.jpg\",\"articleSection\":[\"Actualit\u00e9s\",\"Divers\",\"zz_Actualit\u00e9s - Atrium\",\"zz_Atrium Patrimoine\"],\"inLanguage\":\"fr-FR\"},{\"@type\":\"WebPage\",\"@id\":\"https:\\\/\\\/batijournal.com\\\/index.php\\\/le-mobilier-national-promeut-la-laine-francaise-avec-sheila-hicks\\\/103858\\\/\",\"url\":\"https:\\\/\\\/batijournal.com\\\/index.php\\\/le-mobilier-national-promeut-la-laine-francaise-avec-sheila-hicks\\\/103858\\\/\",\"name\":\"Le Mobilier national promeut la laine fran\u00e7aise avec Sheila Hicks\",\"isPartOf\":{\"@id\":\"https:\\\/\\\/batijournal.com\\\/#website\"},\"primaryImageOfPage\":{\"@id\":\"https:\\\/\\\/batijournal.com\\\/index.php\\\/le-mobilier-national-promeut-la-laine-francaise-avec-sheila-hicks\\\/103858\\\/#primaryimage\"},\"image\":{\"@id\":\"https:\\\/\\\/batijournal.com\\\/index.php\\\/le-mobilier-national-promeut-la-laine-francaise-avec-sheila-hicks\\\/103858\\\/#primaryimage\"},\"thumbnailUrl\":\"https:\\\/\\\/batijournal.com\\\/wp-content\\\/uploads\\\/2020\\\/02\\\/carte-blanche-sheila-hicks-mobilier-nationa-metiers-art.jpg\",\"datePublished\":\"2020-02-26T08:04:15+00:00\",\"dateModified\":\"2020-02-26T08:04:18+00:00\",\"author\":{\"@id\":\"https:\\\/\\\/batijournal.com\\\/#\\\/schema\\\/person\\\/1dc96ec6957aa1ccb25ebe78bb19f100\"},\"breadcrumb\":{\"@id\":\"https:\\\/\\\/batijournal.com\\\/index.php\\\/le-mobilier-national-promeut-la-laine-francaise-avec-sheila-hicks\\\/103858\\\/#breadcrumb\"},\"inLanguage\":\"fr-FR\",\"potentialAction\":[{\"@type\":\"ReadAction\",\"target\":[\"https:\\\/\\\/batijournal.com\\\/index.php\\\/le-mobilier-national-promeut-la-laine-francaise-avec-sheila-hicks\\\/103858\\\/\"]}]},{\"@type\":\"ImageObject\",\"inLanguage\":\"fr-FR\",\"@id\":\"https:\\\/\\\/batijournal.com\\\/index.php\\\/le-mobilier-national-promeut-la-laine-francaise-avec-sheila-hicks\\\/103858\\\/#primaryimage\",\"url\":\"https:\\\/\\\/batijournal.com\\\/wp-content\\\/uploads\\\/2020\\\/02\\\/carte-blanche-sheila-hicks-mobilier-nationa-metiers-art.jpg\",\"contentUrl\":\"https:\\\/\\\/batijournal.com\\\/wp-content\\\/uploads\\\/2020\\\/02\\\/carte-blanche-sheila-hicks-mobilier-nationa-metiers-art.jpg\",\"width\":1200,\"height\":675},{\"@type\":\"BreadcrumbList\",\"@id\":\"https:\\\/\\\/batijournal.com\\\/index.php\\\/le-mobilier-national-promeut-la-laine-francaise-avec-sheila-hicks\\\/103858\\\/#breadcrumb\",\"itemListElement\":[{\"@type\":\"ListItem\",\"position\":1,\"name\":\"Accueil\",\"item\":\"https:\\\/\\\/batijournal.com\\\/\"},{\"@type\":\"ListItem\",\"position\":2,\"name\":\"Actualit\u00e9s\",\"item\":\"https:\\\/\\\/batijournal.com\\\/index.php\\\/category\\\/actualites\\\/\"},{\"@type\":\"ListItem\",\"position\":3,\"name\":\"Le Mobilier national promeut la laine fran\u00e7aise avec Sheila Hicks\"}]},{\"@type\":\"WebSite\",\"@id\":\"https:\\\/\\\/batijournal.com\\\/#website\",\"url\":\"https:\\\/\\\/batijournal.com\\\/\",\"name\":\"Batijournal\",\"description\":\"L&#039;actualit\u00e9 du b\u00e2timent\",\"potentialAction\":[{\"@type\":\"SearchAction\",\"target\":{\"@type\":\"EntryPoint\",\"urlTemplate\":\"https:\\\/\\\/batijournal.com\\\/?s={search_term_string}\"},\"query-input\":{\"@type\":\"PropertyValueSpecification\",\"valueRequired\":true,\"valueName\":\"search_term_string\"}}],\"inLanguage\":\"fr-FR\"},{\"@type\":\"Person\",\"@id\":\"https:\\\/\\\/batijournal.com\\\/#\\\/schema\\\/person\\\/1dc96ec6957aa1ccb25ebe78bb19f100\",\"name\":\"St\u00e9phane Miget\",\"image\":{\"@type\":\"ImageObject\",\"inLanguage\":\"fr-FR\",\"@id\":\"https:\\\/\\\/secure.gravatar.com\\\/avatar\\\/89915563d925342126b8ef0281b93d9d7fc337043e8df017f780908eb9644451?s=96&d=mm&r=g\",\"url\":\"https:\\\/\\\/secure.gravatar.com\\\/avatar\\\/89915563d925342126b8ef0281b93d9d7fc337043e8df017f780908eb9644451?s=96&d=mm&r=g\",\"contentUrl\":\"https:\\\/\\\/secure.gravatar.com\\\/avatar\\\/89915563d925342126b8ef0281b93d9d7fc337043e8df017f780908eb9644451?s=96&d=mm&r=g\",\"caption\":\"St\u00e9phane Miget\"},\"url\":\"https:\\\/\\\/batijournal.com\\\/index.php\\\/author\\\/stephane\\\/\"}]}<\/script>\n<!-- \/ Yoast SEO plugin. -->","yoast_head_json":{"title":"Le Mobilier national promeut la laine fran\u00e7aise avec Sheila Hicks","robots":{"index":"index","follow":"follow","max-snippet":"max-snippet:-1","max-image-preview":"max-image-preview:large","max-video-preview":"max-video-preview:-1"},"canonical":"https:\/\/batijournal.com\/index.php\/le-mobilier-national-promeut-la-laine-francaise-avec-sheila-hicks\/103858\/","og_locale":"fr_FR","og_type":"article","og_title":"Le Mobilier national promeut la laine fran\u00e7aise avec Sheila Hicks","og_description":"Pour l&rsquo;\u00e9dition 2020 des Journ\u00e9es Europ\u00e9ennes des M\u00e9tiers d\u2019Arts, Le Mobilier national s&rsquo;associe \u00e0 l\u2019Institut national des m\u00e9tiers d&rsquo;art pour proposer l\u2019exposition Mati\u00e8res \u00e0 l&rsquo;\u0153uvre dans la Galerie des Gobelins (Paris 13e). Cet \u00e9v\u00e9nement est l\u2019occasion de d\u00e9couvrir des individualit\u00e9s, des savoir-faire mais \u00e9galement des mati\u00e8res qui occupent une place incontournable dans les m\u00e9tiers d\u2019art. [&hellip;]","og_url":"https:\/\/batijournal.com\/index.php\/le-mobilier-national-promeut-la-laine-francaise-avec-sheila-hicks\/103858\/","og_site_name":"Batijournal","article_published_time":"2020-02-26T08:04:15+00:00","article_modified_time":"2020-02-26T08:04:18+00:00","og_image":[{"width":1200,"height":675,"url":"https:\/\/batijournal.com\/wp-content\/uploads\/2020\/02\/carte-blanche-sheila-hicks-mobilier-nationa-metiers-art.jpg","type":"image\/jpeg"}],"author":"St\u00e9phane Miget","twitter_card":"summary_large_image","twitter_creator":"@bati_journal","twitter_site":"@bati_journal","twitter_misc":{"\u00c9crit par":"St\u00e9phane Miget","Dur\u00e9e de lecture estim\u00e9e":"1 minute"},"schema":{"@context":"https:\/\/schema.org","@graph":[{"@type":"Article","@id":"https:\/\/batijournal.com\/index.php\/le-mobilier-national-promeut-la-laine-francaise-avec-sheila-hicks\/103858\/#article","isPartOf":{"@id":"https:\/\/batijournal.com\/index.php\/le-mobilier-national-promeut-la-laine-francaise-avec-sheila-hicks\/103858\/"},"author":{"name":"St\u00e9phane Miget","@id":"https:\/\/batijournal.com\/#\/schema\/person\/1dc96ec6957aa1ccb25ebe78bb19f100"},"headline":"Le Mobilier national promeut la laine fran\u00e7aise avec Sheila Hicks","datePublished":"2020-02-26T08:04:15+00:00","dateModified":"2020-02-26T08:04:18+00:00","mainEntityOfPage":{"@id":"https:\/\/batijournal.com\/index.php\/le-mobilier-national-promeut-la-laine-francaise-avec-sheila-hicks\/103858\/"},"wordCount":290,"image":{"@id":"https:\/\/batijournal.com\/index.php\/le-mobilier-national-promeut-la-laine-francaise-avec-sheila-hicks\/103858\/#primaryimage"},"thumbnailUrl":"https:\/\/batijournal.com\/wp-content\/uploads\/2020\/02\/carte-blanche-sheila-hicks-mobilier-nationa-metiers-art.jpg","articleSection":["Actualit\u00e9s","Divers","zz_Actualit\u00e9s - Atrium","zz_Atrium Patrimoine"],"inLanguage":"fr-FR"},{"@type":"WebPage","@id":"https:\/\/batijournal.com\/index.php\/le-mobilier-national-promeut-la-laine-francaise-avec-sheila-hicks\/103858\/","url":"https:\/\/batijournal.com\/index.php\/le-mobilier-national-promeut-la-laine-francaise-avec-sheila-hicks\/103858\/","name":"Le Mobilier national promeut la laine fran\u00e7aise avec Sheila Hicks","isPartOf":{"@id":"https:\/\/batijournal.com\/#website"},"primaryImageOfPage":{"@id":"https:\/\/batijournal.com\/index.php\/le-mobilier-national-promeut-la-laine-francaise-avec-sheila-hicks\/103858\/#primaryimage"},"image":{"@id":"https:\/\/batijournal.com\/index.php\/le-mobilier-national-promeut-la-laine-francaise-avec-sheila-hicks\/103858\/#primaryimage"},"thumbnailUrl":"https:\/\/batijournal.com\/wp-content\/uploads\/2020\/02\/carte-blanche-sheila-hicks-mobilier-nationa-metiers-art.jpg","datePublished":"2020-02-26T08:04:15+00:00","dateModified":"2020-02-26T08:04:18+00:00","author":{"@id":"https:\/\/batijournal.com\/#\/schema\/person\/1dc96ec6957aa1ccb25ebe78bb19f100"},"breadcrumb":{"@id":"https:\/\/batijournal.com\/index.php\/le-mobilier-national-promeut-la-laine-francaise-avec-sheila-hicks\/103858\/#breadcrumb"},"inLanguage":"fr-FR","potentialAction":[{"@type":"ReadAction","target":["https:\/\/batijournal.com\/index.php\/le-mobilier-national-promeut-la-laine-francaise-avec-sheila-hicks\/103858\/"]}]},{"@type":"ImageObject","inLanguage":"fr-FR","@id":"https:\/\/batijournal.com\/index.php\/le-mobilier-national-promeut-la-laine-francaise-avec-sheila-hicks\/103858\/#primaryimage","url":"https:\/\/batijournal.com\/wp-content\/uploads\/2020\/02\/carte-blanche-sheila-hicks-mobilier-nationa-metiers-art.jpg","contentUrl":"https:\/\/batijournal.com\/wp-content\/uploads\/2020\/02\/carte-blanche-sheila-hicks-mobilier-nationa-metiers-art.jpg","width":1200,"height":675},{"@type":"BreadcrumbList","@id":"https:\/\/batijournal.com\/index.php\/le-mobilier-national-promeut-la-laine-francaise-avec-sheila-hicks\/103858\/#breadcrumb","itemListElement":[{"@type":"ListItem","position":1,"name":"Accueil","item":"https:\/\/batijournal.com\/"},{"@type":"ListItem","position":2,"name":"Actualit\u00e9s","item":"https:\/\/batijournal.com\/index.php\/category\/actualites\/"},{"@type":"ListItem","position":3,"name":"Le Mobilier national promeut la laine fran\u00e7aise avec Sheila Hicks"}]},{"@type":"WebSite","@id":"https:\/\/batijournal.com\/#website","url":"https:\/\/batijournal.com\/","name":"Batijournal","description":"L&#039;actualit\u00e9 du b\u00e2timent","potentialAction":[{"@type":"SearchAction","target":{"@type":"EntryPoint","urlTemplate":"https:\/\/batijournal.com\/?s={search_term_string}"},"query-input":{"@type":"PropertyValueSpecification","valueRequired":true,"valueName":"search_term_string"}}],"inLanguage":"fr-FR"},{"@type":"Person","@id":"https:\/\/batijournal.com\/#\/schema\/person\/1dc96ec6957aa1ccb25ebe78bb19f100","name":"St\u00e9phane Miget","image":{"@type":"ImageObject","inLanguage":"fr-FR","@id":"https:\/\/secure.gravatar.com\/avatar\/89915563d925342126b8ef0281b93d9d7fc337043e8df017f780908eb9644451?s=96&d=mm&r=g","url":"https:\/\/secure.gravatar.com\/avatar\/89915563d925342126b8ef0281b93d9d7fc337043e8df017f780908eb9644451?s=96&d=mm&r=g","contentUrl":"https:\/\/secure.gravatar.com\/avatar\/89915563d925342126b8ef0281b93d9d7fc337043e8df017f780908eb9644451?s=96&d=mm&r=g","caption":"St\u00e9phane Miget"},"url":"https:\/\/batijournal.com\/index.php\/author\/stephane\/"}]}},"_links":{"self":[{"href":"https:\/\/batijournal.com\/index.php\/wp-json\/wp\/v2\/posts\/103858","targetHints":{"allow":["GET"]}}],"collection":[{"href":"https:\/\/batijournal.com\/index.php\/wp-json\/wp\/v2\/posts"}],"about":[{"href":"https:\/\/batijournal.com\/index.php\/wp-json\/wp\/v2\/types\/post"}],"author":[{"embeddable":true,"href":"https:\/\/batijournal.com\/index.php\/wp-json\/wp\/v2\/users\/17"}],"replies":[{"embeddable":true,"href":"https:\/\/batijournal.com\/index.php\/wp-json\/wp\/v2\/comments?post=103858"}],"version-history":[{"count":0,"href":"https:\/\/batijournal.com\/index.php\/wp-json\/wp\/v2\/posts\/103858\/revisions"}],"wp:featuredmedia":[{"embeddable":true,"href":"https:\/\/batijournal.com\/index.php\/wp-json\/wp\/v2\/media\/103859"}],"wp:attachment":[{"href":"https:\/\/batijournal.com\/index.php\/wp-json\/wp\/v2\/media?parent=103858"}],"wp:term":[{"taxonomy":"category","embeddable":true,"href":"https:\/\/batijournal.com\/index.php\/wp-json\/wp\/v2\/categories?post=103858"},{"taxonomy":"post_tag","embeddable":true,"href":"https:\/\/batijournal.com\/index.php\/wp-json\/wp\/v2\/tags?post=103858"}],"curies":[{"name":"wp","href":"https:\/\/api.w.org\/{rel}","templated":true}]}}