{"id":103860,"date":"2020-02-26T09:17:06","date_gmt":"2020-02-26T08:17:06","guid":{"rendered":"https:\/\/batijournal.com\/?p=103860"},"modified":"2020-02-26T09:17:08","modified_gmt":"2020-02-26T08:17:08","slug":"le-pont-de-loire-de-nevers-enfin-mis-en-lumiere","status":"publish","type":"post","link":"https:\/\/batijournal.com\/index.php\/le-pont-de-loire-de-nevers-enfin-mis-en-lumiere\/103860\/","title":{"rendered":"Le pont de Loire de Nevers enfin mis en lumi\u00e8re"},"content":{"rendered":"\n<p>Les luminaires vieillissants du pont de Loire qui marque l&rsquo;entr\u00e9e sud de Nevers ont \u00e9t\u00e9 remplac\u00e9s par de nouveaux \u00e9clairages \u00e9quip\u00e9s de leds qui permettent une \u00e9conomie de 3 247 kWh \u00e0 l\u2019ann\u00e9e pour la collectivit\u00e9. La commune a profit\u00e9 de ces travaux pour changer radicalement la perception du pont de Loire la nuit . Ce joyau architectural du XVIIIe si\u00e8cle, con\u00e7u par l\u2019architecte Louis de R\u00e9gemortes, est d\u00e9sormais mis en lumi\u00e8re gr\u00e2ce \u00e0 la pose de 56 projecteurs polychromes \u00e0 leds au niveau des arches. Ces \u00e9clairages pourront \u00eatre programm\u00e9s pour cr\u00e9er des ambiances lumineuses en fonction de certains \u00e9v\u00e9nements (jaune et bleu les soirs de matches de l\u2019USON Nevers Rugby au stade du Pr\u00e9 Fleuri ou bien encore Bleu-blanc-rouge en pr\u00e9mabule du feu d\u2019artifice du 14 juillet tir\u00e9 \u00e0 quelques m\u00e8tres du pont ou tout rose pour Octobre rose). <\/p>\n","protected":false},"excerpt":{"rendered":"<p>Les luminaires vieillissants du pont de Loire qui marque l&rsquo;entr\u00e9e sud de Nevers ont \u00e9t\u00e9 remplac\u00e9s par de nouveaux \u00e9clairages \u00e9quip\u00e9s de leds qui permettent une \u00e9conomie de 3 247 kWh \u00e0 l\u2019ann\u00e9e pour la collectivit\u00e9. La commune a profit\u00e9 de ces travaux pour changer radicalement la perception du pont de Loire la nuit . [&hellip;]<\/p>\n","protected":false},"author":17,"featured_media":103861,"comment_status":"closed","ping_status":"closed","sticky":false,"template":"","format":"standard","meta":{"_et_pb_use_builder":"","_et_pb_old_content":"","_et_gb_content_width":"","footnotes":""},"categories":[10530,6340,10789,10785],"tags":[1409],"class_list":["post-103860","post","type-post","status-publish","format-standard","has-post-thumbnail","hentry","category-actualites","category-architecture-conception","category-publications-atrium","category-atrium","tag-eclairage"],"yoast_head":"<!-- This site is optimized with the Yoast SEO plugin v27.4 - https:\/\/yoast.com\/product\/yoast-seo-wordpress\/ -->\n<title>Le pont de Loire de Nevers enfin mis en lumi\u00e8re<\/title>\n<meta name=\"robots\" content=\"index, follow, max-snippet:-1, max-image-preview:large, max-video-preview:-1\" \/>\n<link rel=\"canonical\" href=\"https:\/\/batijournal.com\/index.php\/le-pont-de-loire-de-nevers-enfin-mis-en-lumiere\/103860\/\" \/>\n<meta property=\"og:locale\" content=\"fr_FR\" \/>\n<meta property=\"og:type\" content=\"article\" \/>\n<meta property=\"og:title\" content=\"Le pont de Loire de Nevers enfin mis en lumi\u00e8re\" \/>\n<meta property=\"og:description\" content=\"Les luminaires vieillissants du pont de Loire qui marque l&rsquo;entr\u00e9e sud de Nevers ont \u00e9t\u00e9 remplac\u00e9s par de nouveaux \u00e9clairages \u00e9quip\u00e9s de leds qui permettent une \u00e9conomie de 3 247 kWh \u00e0 l\u2019ann\u00e9e pour la collectivit\u00e9. La commune a profit\u00e9 de ces travaux pour changer radicalement la perception du pont de Loire la nuit . [&hellip;]\" \/>\n<meta property=\"og:url\" content=\"https:\/\/batijournal.com\/index.php\/le-pont-de-loire-de-nevers-enfin-mis-en-lumiere\/103860\/\" \/>\n<meta property=\"og:site_name\" content=\"Batijournal\" \/>\n<meta property=\"article:published_time\" content=\"2020-02-26T08:17:06+00:00\" \/>\n<meta property=\"article:modified_time\" content=\"2020-02-26T08:17:08+00:00\" \/>\n<meta property=\"og:image\" content=\"https:\/\/batijournal.com\/wp-content\/uploads\/2020\/02\/Le-pont-de-Loire-de-Nevers-enfin-mis-en-lumiere.jpg\" \/>\n\t<meta property=\"og:image:width\" content=\"642\" \/>\n\t<meta property=\"og:image:height\" content=\"428\" \/>\n\t<meta property=\"og:image:type\" content=\"image\/jpeg\" \/>\n<meta name=\"author\" content=\"St\u00e9phane Miget\" \/>\n<meta name=\"twitter:card\" content=\"summary_large_image\" \/>\n<meta name=\"twitter:creator\" content=\"@bati_journal\" \/>\n<meta name=\"twitter:site\" content=\"@bati_journal\" \/>\n<meta name=\"twitter:label1\" content=\"\u00c9crit par\" \/>\n\t<meta name=\"twitter:data1\" content=\"St\u00e9phane Miget\" \/>\n\t<meta name=\"twitter:label2\" content=\"Dur\u00e9e de lecture estim\u00e9e\" \/>\n\t<meta name=\"twitter:data2\" content=\"1 minute\" \/>\n<script type=\"application\/ld+json\" class=\"yoast-schema-graph\">{\"@context\":\"https:\\\/\\\/schema.org\",\"@graph\":[{\"@type\":\"Article\",\"@id\":\"https:\\\/\\\/batijournal.com\\\/index.php\\\/le-pont-de-loire-de-nevers-enfin-mis-en-lumiere\\\/103860\\\/#article\",\"isPartOf\":{\"@id\":\"https:\\\/\\\/batijournal.com\\\/index.php\\\/le-pont-de-loire-de-nevers-enfin-mis-en-lumiere\\\/103860\\\/\"},\"author\":{\"name\":\"St\u00e9phane Miget\",\"@id\":\"https:\\\/\\\/batijournal.com\\\/#\\\/schema\\\/person\\\/1dc96ec6957aa1ccb25ebe78bb19f100\"},\"headline\":\"Le pont de Loire de Nevers enfin mis en lumi\u00e8re\",\"datePublished\":\"2020-02-26T08:17:06+00:00\",\"dateModified\":\"2020-02-26T08:17:08+00:00\",\"mainEntityOfPage\":{\"@id\":\"https:\\\/\\\/batijournal.com\\\/index.php\\\/le-pont-de-loire-de-nevers-enfin-mis-en-lumiere\\\/103860\\\/\"},\"wordCount\":163,\"image\":{\"@id\":\"https:\\\/\\\/batijournal.com\\\/index.php\\\/le-pont-de-loire-de-nevers-enfin-mis-en-lumiere\\\/103860\\\/#primaryimage\"},\"thumbnailUrl\":\"https:\\\/\\\/batijournal.com\\\/wp-content\\\/uploads\\\/2020\\\/02\\\/Le-pont-de-Loire-de-Nevers-enfin-mis-en-lumiere.jpg\",\"keywords\":[\"\u00e9clairage\"],\"articleSection\":[\"Actualit\u00e9s\",\"Architecture &amp; Conception\",\"zz_Actualit\u00e9s - Atrium\",\"zz_Atrium Patrimoine\"],\"inLanguage\":\"fr-FR\"},{\"@type\":\"WebPage\",\"@id\":\"https:\\\/\\\/batijournal.com\\\/index.php\\\/le-pont-de-loire-de-nevers-enfin-mis-en-lumiere\\\/103860\\\/\",\"url\":\"https:\\\/\\\/batijournal.com\\\/index.php\\\/le-pont-de-loire-de-nevers-enfin-mis-en-lumiere\\\/103860\\\/\",\"name\":\"Le pont de Loire de Nevers enfin mis en lumi\u00e8re\",\"isPartOf\":{\"@id\":\"https:\\\/\\\/batijournal.com\\\/#website\"},\"primaryImageOfPage\":{\"@id\":\"https:\\\/\\\/batijournal.com\\\/index.php\\\/le-pont-de-loire-de-nevers-enfin-mis-en-lumiere\\\/103860\\\/#primaryimage\"},\"image\":{\"@id\":\"https:\\\/\\\/batijournal.com\\\/index.php\\\/le-pont-de-loire-de-nevers-enfin-mis-en-lumiere\\\/103860\\\/#primaryimage\"},\"thumbnailUrl\":\"https:\\\/\\\/batijournal.com\\\/wp-content\\\/uploads\\\/2020\\\/02\\\/Le-pont-de-Loire-de-Nevers-enfin-mis-en-lumiere.jpg\",\"datePublished\":\"2020-02-26T08:17:06+00:00\",\"dateModified\":\"2020-02-26T08:17:08+00:00\",\"author\":{\"@id\":\"https:\\\/\\\/batijournal.com\\\/#\\\/schema\\\/person\\\/1dc96ec6957aa1ccb25ebe78bb19f100\"},\"breadcrumb\":{\"@id\":\"https:\\\/\\\/batijournal.com\\\/index.php\\\/le-pont-de-loire-de-nevers-enfin-mis-en-lumiere\\\/103860\\\/#breadcrumb\"},\"inLanguage\":\"fr-FR\",\"potentialAction\":[{\"@type\":\"ReadAction\",\"target\":[\"https:\\\/\\\/batijournal.com\\\/index.php\\\/le-pont-de-loire-de-nevers-enfin-mis-en-lumiere\\\/103860\\\/\"]}]},{\"@type\":\"ImageObject\",\"inLanguage\":\"fr-FR\",\"@id\":\"https:\\\/\\\/batijournal.com\\\/index.php\\\/le-pont-de-loire-de-nevers-enfin-mis-en-lumiere\\\/103860\\\/#primaryimage\",\"url\":\"https:\\\/\\\/batijournal.com\\\/wp-content\\\/uploads\\\/2020\\\/02\\\/Le-pont-de-Loire-de-Nevers-enfin-mis-en-lumiere.jpg\",\"contentUrl\":\"https:\\\/\\\/batijournal.com\\\/wp-content\\\/uploads\\\/2020\\\/02\\\/Le-pont-de-Loire-de-Nevers-enfin-mis-en-lumiere.jpg\",\"width\":642,\"height\":428},{\"@type\":\"BreadcrumbList\",\"@id\":\"https:\\\/\\\/batijournal.com\\\/index.php\\\/le-pont-de-loire-de-nevers-enfin-mis-en-lumiere\\\/103860\\\/#breadcrumb\",\"itemListElement\":[{\"@type\":\"ListItem\",\"position\":1,\"name\":\"Accueil\",\"item\":\"https:\\\/\\\/batijournal.com\\\/\"},{\"@type\":\"ListItem\",\"position\":2,\"name\":\"Actualit\u00e9s\",\"item\":\"https:\\\/\\\/batijournal.com\\\/index.php\\\/category\\\/actualites\\\/\"},{\"@type\":\"ListItem\",\"position\":3,\"name\":\"Le pont de Loire de Nevers enfin mis en lumi\u00e8re\"}]},{\"@type\":\"WebSite\",\"@id\":\"https:\\\/\\\/batijournal.com\\\/#website\",\"url\":\"https:\\\/\\\/batijournal.com\\\/\",\"name\":\"Batijournal\",\"description\":\"L&#039;actualit\u00e9 du b\u00e2timent\",\"potentialAction\":[{\"@type\":\"SearchAction\",\"target\":{\"@type\":\"EntryPoint\",\"urlTemplate\":\"https:\\\/\\\/batijournal.com\\\/?s={search_term_string}\"},\"query-input\":{\"@type\":\"PropertyValueSpecification\",\"valueRequired\":true,\"valueName\":\"search_term_string\"}}],\"inLanguage\":\"fr-FR\"},{\"@type\":\"Person\",\"@id\":\"https:\\\/\\\/batijournal.com\\\/#\\\/schema\\\/person\\\/1dc96ec6957aa1ccb25ebe78bb19f100\",\"name\":\"St\u00e9phane Miget\",\"image\":{\"@type\":\"ImageObject\",\"inLanguage\":\"fr-FR\",\"@id\":\"https:\\\/\\\/secure.gravatar.com\\\/avatar\\\/89915563d925342126b8ef0281b93d9d7fc337043e8df017f780908eb9644451?s=96&d=mm&r=g\",\"url\":\"https:\\\/\\\/secure.gravatar.com\\\/avatar\\\/89915563d925342126b8ef0281b93d9d7fc337043e8df017f780908eb9644451?s=96&d=mm&r=g\",\"contentUrl\":\"https:\\\/\\\/secure.gravatar.com\\\/avatar\\\/89915563d925342126b8ef0281b93d9d7fc337043e8df017f780908eb9644451?s=96&d=mm&r=g\",\"caption\":\"St\u00e9phane Miget\"},\"url\":\"https:\\\/\\\/batijournal.com\\\/index.php\\\/author\\\/stephane\\\/\"}]}<\/script>\n<!-- \/ Yoast SEO plugin. -->","yoast_head_json":{"title":"Le pont de Loire de Nevers enfin mis en lumi\u00e8re","robots":{"index":"index","follow":"follow","max-snippet":"max-snippet:-1","max-image-preview":"max-image-preview:large","max-video-preview":"max-video-preview:-1"},"canonical":"https:\/\/batijournal.com\/index.php\/le-pont-de-loire-de-nevers-enfin-mis-en-lumiere\/103860\/","og_locale":"fr_FR","og_type":"article","og_title":"Le pont de Loire de Nevers enfin mis en lumi\u00e8re","og_description":"Les luminaires vieillissants du pont de Loire qui marque l&rsquo;entr\u00e9e sud de Nevers ont \u00e9t\u00e9 remplac\u00e9s par de nouveaux \u00e9clairages \u00e9quip\u00e9s de leds qui permettent une \u00e9conomie de 3 247 kWh \u00e0 l\u2019ann\u00e9e pour la collectivit\u00e9. La commune a profit\u00e9 de ces travaux pour changer radicalement la perception du pont de Loire la nuit . [&hellip;]","og_url":"https:\/\/batijournal.com\/index.php\/le-pont-de-loire-de-nevers-enfin-mis-en-lumiere\/103860\/","og_site_name":"Batijournal","article_published_time":"2020-02-26T08:17:06+00:00","article_modified_time":"2020-02-26T08:17:08+00:00","og_image":[{"width":642,"height":428,"url":"https:\/\/batijournal.com\/wp-content\/uploads\/2020\/02\/Le-pont-de-Loire-de-Nevers-enfin-mis-en-lumiere.jpg","type":"image\/jpeg"}],"author":"St\u00e9phane Miget","twitter_card":"summary_large_image","twitter_creator":"@bati_journal","twitter_site":"@bati_journal","twitter_misc":{"\u00c9crit par":"St\u00e9phane Miget","Dur\u00e9e de lecture estim\u00e9e":"1 minute"},"schema":{"@context":"https:\/\/schema.org","@graph":[{"@type":"Article","@id":"https:\/\/batijournal.com\/index.php\/le-pont-de-loire-de-nevers-enfin-mis-en-lumiere\/103860\/#article","isPartOf":{"@id":"https:\/\/batijournal.com\/index.php\/le-pont-de-loire-de-nevers-enfin-mis-en-lumiere\/103860\/"},"author":{"name":"St\u00e9phane Miget","@id":"https:\/\/batijournal.com\/#\/schema\/person\/1dc96ec6957aa1ccb25ebe78bb19f100"},"headline":"Le pont de Loire de Nevers enfin mis en lumi\u00e8re","datePublished":"2020-02-26T08:17:06+00:00","dateModified":"2020-02-26T08:17:08+00:00","mainEntityOfPage":{"@id":"https:\/\/batijournal.com\/index.php\/le-pont-de-loire-de-nevers-enfin-mis-en-lumiere\/103860\/"},"wordCount":163,"image":{"@id":"https:\/\/batijournal.com\/index.php\/le-pont-de-loire-de-nevers-enfin-mis-en-lumiere\/103860\/#primaryimage"},"thumbnailUrl":"https:\/\/batijournal.com\/wp-content\/uploads\/2020\/02\/Le-pont-de-Loire-de-Nevers-enfin-mis-en-lumiere.jpg","keywords":["\u00e9clairage"],"articleSection":["Actualit\u00e9s","Architecture &amp; Conception","zz_Actualit\u00e9s - Atrium","zz_Atrium Patrimoine"],"inLanguage":"fr-FR"},{"@type":"WebPage","@id":"https:\/\/batijournal.com\/index.php\/le-pont-de-loire-de-nevers-enfin-mis-en-lumiere\/103860\/","url":"https:\/\/batijournal.com\/index.php\/le-pont-de-loire-de-nevers-enfin-mis-en-lumiere\/103860\/","name":"Le pont de Loire de Nevers enfin mis en lumi\u00e8re","isPartOf":{"@id":"https:\/\/batijournal.com\/#website"},"primaryImageOfPage":{"@id":"https:\/\/batijournal.com\/index.php\/le-pont-de-loire-de-nevers-enfin-mis-en-lumiere\/103860\/#primaryimage"},"image":{"@id":"https:\/\/batijournal.com\/index.php\/le-pont-de-loire-de-nevers-enfin-mis-en-lumiere\/103860\/#primaryimage"},"thumbnailUrl":"https:\/\/batijournal.com\/wp-content\/uploads\/2020\/02\/Le-pont-de-Loire-de-Nevers-enfin-mis-en-lumiere.jpg","datePublished":"2020-02-26T08:17:06+00:00","dateModified":"2020-02-26T08:17:08+00:00","author":{"@id":"https:\/\/batijournal.com\/#\/schema\/person\/1dc96ec6957aa1ccb25ebe78bb19f100"},"breadcrumb":{"@id":"https:\/\/batijournal.com\/index.php\/le-pont-de-loire-de-nevers-enfin-mis-en-lumiere\/103860\/#breadcrumb"},"inLanguage":"fr-FR","potentialAction":[{"@type":"ReadAction","target":["https:\/\/batijournal.com\/index.php\/le-pont-de-loire-de-nevers-enfin-mis-en-lumiere\/103860\/"]}]},{"@type":"ImageObject","inLanguage":"fr-FR","@id":"https:\/\/batijournal.com\/index.php\/le-pont-de-loire-de-nevers-enfin-mis-en-lumiere\/103860\/#primaryimage","url":"https:\/\/batijournal.com\/wp-content\/uploads\/2020\/02\/Le-pont-de-Loire-de-Nevers-enfin-mis-en-lumiere.jpg","contentUrl":"https:\/\/batijournal.com\/wp-content\/uploads\/2020\/02\/Le-pont-de-Loire-de-Nevers-enfin-mis-en-lumiere.jpg","width":642,"height":428},{"@type":"BreadcrumbList","@id":"https:\/\/batijournal.com\/index.php\/le-pont-de-loire-de-nevers-enfin-mis-en-lumiere\/103860\/#breadcrumb","itemListElement":[{"@type":"ListItem","position":1,"name":"Accueil","item":"https:\/\/batijournal.com\/"},{"@type":"ListItem","position":2,"name":"Actualit\u00e9s","item":"https:\/\/batijournal.com\/index.php\/category\/actualites\/"},{"@type":"ListItem","position":3,"name":"Le pont de Loire de Nevers enfin mis en lumi\u00e8re"}]},{"@type":"WebSite","@id":"https:\/\/batijournal.com\/#website","url":"https:\/\/batijournal.com\/","name":"Batijournal","description":"L&#039;actualit\u00e9 du b\u00e2timent","potentialAction":[{"@type":"SearchAction","target":{"@type":"EntryPoint","urlTemplate":"https:\/\/batijournal.com\/?s={search_term_string}"},"query-input":{"@type":"PropertyValueSpecification","valueRequired":true,"valueName":"search_term_string"}}],"inLanguage":"fr-FR"},{"@type":"Person","@id":"https:\/\/batijournal.com\/#\/schema\/person\/1dc96ec6957aa1ccb25ebe78bb19f100","name":"St\u00e9phane Miget","image":{"@type":"ImageObject","inLanguage":"fr-FR","@id":"https:\/\/secure.gravatar.com\/avatar\/89915563d925342126b8ef0281b93d9d7fc337043e8df017f780908eb9644451?s=96&d=mm&r=g","url":"https:\/\/secure.gravatar.com\/avatar\/89915563d925342126b8ef0281b93d9d7fc337043e8df017f780908eb9644451?s=96&d=mm&r=g","contentUrl":"https:\/\/secure.gravatar.com\/avatar\/89915563d925342126b8ef0281b93d9d7fc337043e8df017f780908eb9644451?s=96&d=mm&r=g","caption":"St\u00e9phane Miget"},"url":"https:\/\/batijournal.com\/index.php\/author\/stephane\/"}]}},"_links":{"self":[{"href":"https:\/\/batijournal.com\/index.php\/wp-json\/wp\/v2\/posts\/103860","targetHints":{"allow":["GET"]}}],"collection":[{"href":"https:\/\/batijournal.com\/index.php\/wp-json\/wp\/v2\/posts"}],"about":[{"href":"https:\/\/batijournal.com\/index.php\/wp-json\/wp\/v2\/types\/post"}],"author":[{"embeddable":true,"href":"https:\/\/batijournal.com\/index.php\/wp-json\/wp\/v2\/users\/17"}],"replies":[{"embeddable":true,"href":"https:\/\/batijournal.com\/index.php\/wp-json\/wp\/v2\/comments?post=103860"}],"version-history":[{"count":0,"href":"https:\/\/batijournal.com\/index.php\/wp-json\/wp\/v2\/posts\/103860\/revisions"}],"wp:featuredmedia":[{"embeddable":true,"href":"https:\/\/batijournal.com\/index.php\/wp-json\/wp\/v2\/media\/103861"}],"wp:attachment":[{"href":"https:\/\/batijournal.com\/index.php\/wp-json\/wp\/v2\/media?parent=103860"}],"wp:term":[{"taxonomy":"category","embeddable":true,"href":"https:\/\/batijournal.com\/index.php\/wp-json\/wp\/v2\/categories?post=103860"},{"taxonomy":"post_tag","embeddable":true,"href":"https:\/\/batijournal.com\/index.php\/wp-json\/wp\/v2\/tags?post=103860"}],"curies":[{"name":"wp","href":"https:\/\/api.w.org\/{rel}","templated":true}]}}