{"id":103866,"date":"2020-02-26T09:52:12","date_gmt":"2020-02-26T08:52:12","guid":{"rendered":"https:\/\/batijournal.com\/?p=103866"},"modified":"2020-02-26T09:52:14","modified_gmt":"2020-02-26T08:52:14","slug":"record-historique-pour-lexposition-leonard-de-vinci-au-musee-du-louvre","status":"publish","type":"post","link":"https:\/\/batijournal.com\/index.php\/record-historique-pour-lexposition-leonard-de-vinci-au-musee-du-louvre\/103866\/","title":{"rendered":"Record historique pour l&rsquo;exposition \u00ab L\u00e9onard de Vinci \u00bb au mus\u00e9e du Louvre"},"content":{"rendered":"\n<p>A sa cl\u00f4ture lundi 24 f\u00e9vrier 2020 au soir, l\u2019exposition \u00ab L\u00e9onard de Vinci \u00bb a accueilli 1 071 840 million de visiteurs. Il s\u2019agit d\u2019un record absolu pour le mus\u00e9e du Louvre \u2013 le dernier \u00e9tant celui de la r\u00e9trospective consacr\u00e9e \u00e0 Delacroix en 2018, qui avait attir\u00e9 540 000 visiteurs. Sur les 104 jours d\u2019ouverture au public, la fr\u00e9quentation moyenne journali\u00e8re s\u2019est \u00e9tablie \u00e0 9 783 visiteurs.   Ce chiffre exceptionnel, pour une exposition ouverte pendant 4 mois, s\u2019explique par la mise en place de 46 nocturnes suppl\u00e9mentaires (soit 175 000 visiteurs) ainsi que par l\u2019ultime ajout des 3 derni\u00e8res nuits gratuites \u2013 une premi\u00e8re dans l\u2019histoire du mus\u00e9e \u2013 qui ont permis d\u2019\u00e9tendre les horaires afin que le public le plus large puisse visiter l\u2019exposition. Parmi ces visiteurs, 386 000 personnes ont b\u00e9n\u00e9fici\u00e9 de la gratuit\u00e9, soit 36 % d\u2019entre eux.  Pour prolonger l\u2019\u00e9v\u00e9nement, le mus\u00e9e du Louvre et Path\u00e9 Live annoncent la sortie mondiale, en exclusivit\u00e9 au cin\u00e9ma, d\u2019une visite priv\u00e9e film\u00e9e de l\u2019exposition : \u00ab Une Nuit au Louvre : L\u00e9onard de Vinci \u00bb en septembre 2020.<\/p>\n","protected":false},"excerpt":{"rendered":"<p>A sa cl\u00f4ture lundi 24 f\u00e9vrier 2020 au soir, l\u2019exposition \u00ab L\u00e9onard de Vinci \u00bb a accueilli 1 071 840 million de visiteurs. Il s\u2019agit d\u2019un record absolu pour le mus\u00e9e du Louvre \u2013 le dernier \u00e9tant celui de la r\u00e9trospective consacr\u00e9e \u00e0 Delacroix en 2018, qui avait attir\u00e9 540 000 visiteurs. Sur les 104 [&hellip;]<\/p>\n","protected":false},"author":17,"featured_media":103867,"comment_status":"closed","ping_status":"closed","sticky":false,"template":"","format":"standard","meta":{"_et_pb_use_builder":"","_et_pb_old_content":"","_et_gb_content_width":"","footnotes":""},"categories":[10530,6340,10789,10785],"tags":[3640],"class_list":["post-103866","post","type-post","status-publish","format-standard","has-post-thumbnail","hentry","category-actualites","category-architecture-conception","category-publications-atrium","category-atrium","tag-musee"],"yoast_head":"<!-- This site is optimized with the Yoast SEO plugin v27.4 - https:\/\/yoast.com\/product\/yoast-seo-wordpress\/ -->\n<title>Record historique pour l&#039;exposition \u00ab L\u00e9onard de Vinci \u00bb au mus\u00e9e du Louvre<\/title>\n<meta name=\"robots\" content=\"index, follow, max-snippet:-1, max-image-preview:large, max-video-preview:-1\" \/>\n<link rel=\"canonical\" href=\"https:\/\/batijournal.com\/index.php\/record-historique-pour-lexposition-leonard-de-vinci-au-musee-du-louvre\/103866\/\" \/>\n<meta property=\"og:locale\" content=\"fr_FR\" \/>\n<meta property=\"og:type\" content=\"article\" \/>\n<meta property=\"og:title\" content=\"Record historique pour l&#039;exposition \u00ab L\u00e9onard de Vinci \u00bb au mus\u00e9e du Louvre\" \/>\n<meta property=\"og:description\" content=\"A sa cl\u00f4ture lundi 24 f\u00e9vrier 2020 au soir, l\u2019exposition \u00ab L\u00e9onard de Vinci \u00bb a accueilli 1 071 840 million de visiteurs. Il s\u2019agit d\u2019un record absolu pour le mus\u00e9e du Louvre \u2013 le dernier \u00e9tant celui de la r\u00e9trospective consacr\u00e9e \u00e0 Delacroix en 2018, qui avait attir\u00e9 540 000 visiteurs. Sur les 104 [&hellip;]\" \/>\n<meta property=\"og:url\" content=\"https:\/\/batijournal.com\/index.php\/record-historique-pour-lexposition-leonard-de-vinci-au-musee-du-louvre\/103866\/\" \/>\n<meta property=\"og:site_name\" content=\"Batijournal\" \/>\n<meta property=\"article:published_time\" content=\"2020-02-26T08:52:12+00:00\" \/>\n<meta property=\"article:modified_time\" content=\"2020-02-26T08:52:14+00:00\" \/>\n<meta property=\"og:image\" content=\"https:\/\/batijournal.com\/wp-content\/uploads\/2020\/02\/Leonard-de-vinci-louvre-Belle-Ferronniere.jpg\" \/>\n\t<meta property=\"og:image:width\" content=\"800\" \/>\n\t<meta property=\"og:image:height\" content=\"1200\" \/>\n\t<meta property=\"og:image:type\" content=\"image\/jpeg\" \/>\n<meta name=\"author\" content=\"St\u00e9phane Miget\" \/>\n<meta name=\"twitter:card\" content=\"summary_large_image\" \/>\n<meta name=\"twitter:creator\" content=\"@bati_journal\" \/>\n<meta name=\"twitter:site\" content=\"@bati_journal\" \/>\n<meta name=\"twitter:label1\" content=\"\u00c9crit par\" \/>\n\t<meta name=\"twitter:data1\" content=\"St\u00e9phane Miget\" \/>\n\t<meta name=\"twitter:label2\" content=\"Dur\u00e9e de lecture estim\u00e9e\" \/>\n\t<meta name=\"twitter:data2\" content=\"1 minute\" \/>\n<script type=\"application\/ld+json\" class=\"yoast-schema-graph\">{\"@context\":\"https:\\\/\\\/schema.org\",\"@graph\":[{\"@type\":\"Article\",\"@id\":\"https:\\\/\\\/batijournal.com\\\/index.php\\\/record-historique-pour-lexposition-leonard-de-vinci-au-musee-du-louvre\\\/103866\\\/#article\",\"isPartOf\":{\"@id\":\"https:\\\/\\\/batijournal.com\\\/index.php\\\/record-historique-pour-lexposition-leonard-de-vinci-au-musee-du-louvre\\\/103866\\\/\"},\"author\":{\"name\":\"St\u00e9phane Miget\",\"@id\":\"https:\\\/\\\/batijournal.com\\\/#\\\/schema\\\/person\\\/1dc96ec6957aa1ccb25ebe78bb19f100\"},\"headline\":\"Record historique pour l&rsquo;exposition \u00ab L\u00e9onard de Vinci \u00bb au mus\u00e9e du Louvre\",\"datePublished\":\"2020-02-26T08:52:12+00:00\",\"dateModified\":\"2020-02-26T08:52:14+00:00\",\"mainEntityOfPage\":{\"@id\":\"https:\\\/\\\/batijournal.com\\\/index.php\\\/record-historique-pour-lexposition-leonard-de-vinci-au-musee-du-louvre\\\/103866\\\/\"},\"wordCount\":197,\"image\":{\"@id\":\"https:\\\/\\\/batijournal.com\\\/index.php\\\/record-historique-pour-lexposition-leonard-de-vinci-au-musee-du-louvre\\\/103866\\\/#primaryimage\"},\"thumbnailUrl\":\"https:\\\/\\\/batijournal.com\\\/wp-content\\\/uploads\\\/2020\\\/02\\\/Leonard-de-vinci-louvre-Belle-Ferronniere.jpg\",\"keywords\":[\"mus\u00e9e\"],\"articleSection\":[\"Actualit\u00e9s\",\"Architecture &amp; Conception\",\"zz_Actualit\u00e9s - Atrium\",\"zz_Atrium Patrimoine\"],\"inLanguage\":\"fr-FR\"},{\"@type\":\"WebPage\",\"@id\":\"https:\\\/\\\/batijournal.com\\\/index.php\\\/record-historique-pour-lexposition-leonard-de-vinci-au-musee-du-louvre\\\/103866\\\/\",\"url\":\"https:\\\/\\\/batijournal.com\\\/index.php\\\/record-historique-pour-lexposition-leonard-de-vinci-au-musee-du-louvre\\\/103866\\\/\",\"name\":\"Record historique pour l'exposition \u00ab L\u00e9onard de Vinci \u00bb au mus\u00e9e du Louvre\",\"isPartOf\":{\"@id\":\"https:\\\/\\\/batijournal.com\\\/#website\"},\"primaryImageOfPage\":{\"@id\":\"https:\\\/\\\/batijournal.com\\\/index.php\\\/record-historique-pour-lexposition-leonard-de-vinci-au-musee-du-louvre\\\/103866\\\/#primaryimage\"},\"image\":{\"@id\":\"https:\\\/\\\/batijournal.com\\\/index.php\\\/record-historique-pour-lexposition-leonard-de-vinci-au-musee-du-louvre\\\/103866\\\/#primaryimage\"},\"thumbnailUrl\":\"https:\\\/\\\/batijournal.com\\\/wp-content\\\/uploads\\\/2020\\\/02\\\/Leonard-de-vinci-louvre-Belle-Ferronniere.jpg\",\"datePublished\":\"2020-02-26T08:52:12+00:00\",\"dateModified\":\"2020-02-26T08:52:14+00:00\",\"author\":{\"@id\":\"https:\\\/\\\/batijournal.com\\\/#\\\/schema\\\/person\\\/1dc96ec6957aa1ccb25ebe78bb19f100\"},\"breadcrumb\":{\"@id\":\"https:\\\/\\\/batijournal.com\\\/index.php\\\/record-historique-pour-lexposition-leonard-de-vinci-au-musee-du-louvre\\\/103866\\\/#breadcrumb\"},\"inLanguage\":\"fr-FR\",\"potentialAction\":[{\"@type\":\"ReadAction\",\"target\":[\"https:\\\/\\\/batijournal.com\\\/index.php\\\/record-historique-pour-lexposition-leonard-de-vinci-au-musee-du-louvre\\\/103866\\\/\"]}]},{\"@type\":\"ImageObject\",\"inLanguage\":\"fr-FR\",\"@id\":\"https:\\\/\\\/batijournal.com\\\/index.php\\\/record-historique-pour-lexposition-leonard-de-vinci-au-musee-du-louvre\\\/103866\\\/#primaryimage\",\"url\":\"https:\\\/\\\/batijournal.com\\\/wp-content\\\/uploads\\\/2020\\\/02\\\/Leonard-de-vinci-louvre-Belle-Ferronniere.jpg\",\"contentUrl\":\"https:\\\/\\\/batijournal.com\\\/wp-content\\\/uploads\\\/2020\\\/02\\\/Leonard-de-vinci-louvre-Belle-Ferronniere.jpg\",\"width\":800,\"height\":1200},{\"@type\":\"BreadcrumbList\",\"@id\":\"https:\\\/\\\/batijournal.com\\\/index.php\\\/record-historique-pour-lexposition-leonard-de-vinci-au-musee-du-louvre\\\/103866\\\/#breadcrumb\",\"itemListElement\":[{\"@type\":\"ListItem\",\"position\":1,\"name\":\"Accueil\",\"item\":\"https:\\\/\\\/batijournal.com\\\/\"},{\"@type\":\"ListItem\",\"position\":2,\"name\":\"Actualit\u00e9s\",\"item\":\"https:\\\/\\\/batijournal.com\\\/index.php\\\/category\\\/actualites\\\/\"},{\"@type\":\"ListItem\",\"position\":3,\"name\":\"Record historique pour l&rsquo;exposition \u00ab L\u00e9onard de Vinci \u00bb au mus\u00e9e du Louvre\"}]},{\"@type\":\"WebSite\",\"@id\":\"https:\\\/\\\/batijournal.com\\\/#website\",\"url\":\"https:\\\/\\\/batijournal.com\\\/\",\"name\":\"Batijournal\",\"description\":\"L&#039;actualit\u00e9 du b\u00e2timent\",\"potentialAction\":[{\"@type\":\"SearchAction\",\"target\":{\"@type\":\"EntryPoint\",\"urlTemplate\":\"https:\\\/\\\/batijournal.com\\\/?s={search_term_string}\"},\"query-input\":{\"@type\":\"PropertyValueSpecification\",\"valueRequired\":true,\"valueName\":\"search_term_string\"}}],\"inLanguage\":\"fr-FR\"},{\"@type\":\"Person\",\"@id\":\"https:\\\/\\\/batijournal.com\\\/#\\\/schema\\\/person\\\/1dc96ec6957aa1ccb25ebe78bb19f100\",\"name\":\"St\u00e9phane Miget\",\"image\":{\"@type\":\"ImageObject\",\"inLanguage\":\"fr-FR\",\"@id\":\"https:\\\/\\\/secure.gravatar.com\\\/avatar\\\/89915563d925342126b8ef0281b93d9d7fc337043e8df017f780908eb9644451?s=96&d=mm&r=g\",\"url\":\"https:\\\/\\\/secure.gravatar.com\\\/avatar\\\/89915563d925342126b8ef0281b93d9d7fc337043e8df017f780908eb9644451?s=96&d=mm&r=g\",\"contentUrl\":\"https:\\\/\\\/secure.gravatar.com\\\/avatar\\\/89915563d925342126b8ef0281b93d9d7fc337043e8df017f780908eb9644451?s=96&d=mm&r=g\",\"caption\":\"St\u00e9phane Miget\"},\"url\":\"https:\\\/\\\/batijournal.com\\\/index.php\\\/author\\\/stephane\\\/\"}]}<\/script>\n<!-- \/ Yoast SEO plugin. -->","yoast_head_json":{"title":"Record historique pour l'exposition \u00ab L\u00e9onard de Vinci \u00bb au mus\u00e9e du Louvre","robots":{"index":"index","follow":"follow","max-snippet":"max-snippet:-1","max-image-preview":"max-image-preview:large","max-video-preview":"max-video-preview:-1"},"canonical":"https:\/\/batijournal.com\/index.php\/record-historique-pour-lexposition-leonard-de-vinci-au-musee-du-louvre\/103866\/","og_locale":"fr_FR","og_type":"article","og_title":"Record historique pour l'exposition \u00ab L\u00e9onard de Vinci \u00bb au mus\u00e9e du Louvre","og_description":"A sa cl\u00f4ture lundi 24 f\u00e9vrier 2020 au soir, l\u2019exposition \u00ab L\u00e9onard de Vinci \u00bb a accueilli 1 071 840 million de visiteurs. Il s\u2019agit d\u2019un record absolu pour le mus\u00e9e du Louvre \u2013 le dernier \u00e9tant celui de la r\u00e9trospective consacr\u00e9e \u00e0 Delacroix en 2018, qui avait attir\u00e9 540 000 visiteurs. Sur les 104 [&hellip;]","og_url":"https:\/\/batijournal.com\/index.php\/record-historique-pour-lexposition-leonard-de-vinci-au-musee-du-louvre\/103866\/","og_site_name":"Batijournal","article_published_time":"2020-02-26T08:52:12+00:00","article_modified_time":"2020-02-26T08:52:14+00:00","og_image":[{"width":800,"height":1200,"url":"https:\/\/batijournal.com\/wp-content\/uploads\/2020\/02\/Leonard-de-vinci-louvre-Belle-Ferronniere.jpg","type":"image\/jpeg"}],"author":"St\u00e9phane Miget","twitter_card":"summary_large_image","twitter_creator":"@bati_journal","twitter_site":"@bati_journal","twitter_misc":{"\u00c9crit par":"St\u00e9phane Miget","Dur\u00e9e de lecture estim\u00e9e":"1 minute"},"schema":{"@context":"https:\/\/schema.org","@graph":[{"@type":"Article","@id":"https:\/\/batijournal.com\/index.php\/record-historique-pour-lexposition-leonard-de-vinci-au-musee-du-louvre\/103866\/#article","isPartOf":{"@id":"https:\/\/batijournal.com\/index.php\/record-historique-pour-lexposition-leonard-de-vinci-au-musee-du-louvre\/103866\/"},"author":{"name":"St\u00e9phane Miget","@id":"https:\/\/batijournal.com\/#\/schema\/person\/1dc96ec6957aa1ccb25ebe78bb19f100"},"headline":"Record historique pour l&rsquo;exposition \u00ab L\u00e9onard de Vinci \u00bb au mus\u00e9e du Louvre","datePublished":"2020-02-26T08:52:12+00:00","dateModified":"2020-02-26T08:52:14+00:00","mainEntityOfPage":{"@id":"https:\/\/batijournal.com\/index.php\/record-historique-pour-lexposition-leonard-de-vinci-au-musee-du-louvre\/103866\/"},"wordCount":197,"image":{"@id":"https:\/\/batijournal.com\/index.php\/record-historique-pour-lexposition-leonard-de-vinci-au-musee-du-louvre\/103866\/#primaryimage"},"thumbnailUrl":"https:\/\/batijournal.com\/wp-content\/uploads\/2020\/02\/Leonard-de-vinci-louvre-Belle-Ferronniere.jpg","keywords":["mus\u00e9e"],"articleSection":["Actualit\u00e9s","Architecture &amp; Conception","zz_Actualit\u00e9s - Atrium","zz_Atrium Patrimoine"],"inLanguage":"fr-FR"},{"@type":"WebPage","@id":"https:\/\/batijournal.com\/index.php\/record-historique-pour-lexposition-leonard-de-vinci-au-musee-du-louvre\/103866\/","url":"https:\/\/batijournal.com\/index.php\/record-historique-pour-lexposition-leonard-de-vinci-au-musee-du-louvre\/103866\/","name":"Record historique pour l'exposition \u00ab L\u00e9onard de Vinci \u00bb au mus\u00e9e du Louvre","isPartOf":{"@id":"https:\/\/batijournal.com\/#website"},"primaryImageOfPage":{"@id":"https:\/\/batijournal.com\/index.php\/record-historique-pour-lexposition-leonard-de-vinci-au-musee-du-louvre\/103866\/#primaryimage"},"image":{"@id":"https:\/\/batijournal.com\/index.php\/record-historique-pour-lexposition-leonard-de-vinci-au-musee-du-louvre\/103866\/#primaryimage"},"thumbnailUrl":"https:\/\/batijournal.com\/wp-content\/uploads\/2020\/02\/Leonard-de-vinci-louvre-Belle-Ferronniere.jpg","datePublished":"2020-02-26T08:52:12+00:00","dateModified":"2020-02-26T08:52:14+00:00","author":{"@id":"https:\/\/batijournal.com\/#\/schema\/person\/1dc96ec6957aa1ccb25ebe78bb19f100"},"breadcrumb":{"@id":"https:\/\/batijournal.com\/index.php\/record-historique-pour-lexposition-leonard-de-vinci-au-musee-du-louvre\/103866\/#breadcrumb"},"inLanguage":"fr-FR","potentialAction":[{"@type":"ReadAction","target":["https:\/\/batijournal.com\/index.php\/record-historique-pour-lexposition-leonard-de-vinci-au-musee-du-louvre\/103866\/"]}]},{"@type":"ImageObject","inLanguage":"fr-FR","@id":"https:\/\/batijournal.com\/index.php\/record-historique-pour-lexposition-leonard-de-vinci-au-musee-du-louvre\/103866\/#primaryimage","url":"https:\/\/batijournal.com\/wp-content\/uploads\/2020\/02\/Leonard-de-vinci-louvre-Belle-Ferronniere.jpg","contentUrl":"https:\/\/batijournal.com\/wp-content\/uploads\/2020\/02\/Leonard-de-vinci-louvre-Belle-Ferronniere.jpg","width":800,"height":1200},{"@type":"BreadcrumbList","@id":"https:\/\/batijournal.com\/index.php\/record-historique-pour-lexposition-leonard-de-vinci-au-musee-du-louvre\/103866\/#breadcrumb","itemListElement":[{"@type":"ListItem","position":1,"name":"Accueil","item":"https:\/\/batijournal.com\/"},{"@type":"ListItem","position":2,"name":"Actualit\u00e9s","item":"https:\/\/batijournal.com\/index.php\/category\/actualites\/"},{"@type":"ListItem","position":3,"name":"Record historique pour l&rsquo;exposition \u00ab L\u00e9onard de Vinci \u00bb au mus\u00e9e du Louvre"}]},{"@type":"WebSite","@id":"https:\/\/batijournal.com\/#website","url":"https:\/\/batijournal.com\/","name":"Batijournal","description":"L&#039;actualit\u00e9 du b\u00e2timent","potentialAction":[{"@type":"SearchAction","target":{"@type":"EntryPoint","urlTemplate":"https:\/\/batijournal.com\/?s={search_term_string}"},"query-input":{"@type":"PropertyValueSpecification","valueRequired":true,"valueName":"search_term_string"}}],"inLanguage":"fr-FR"},{"@type":"Person","@id":"https:\/\/batijournal.com\/#\/schema\/person\/1dc96ec6957aa1ccb25ebe78bb19f100","name":"St\u00e9phane Miget","image":{"@type":"ImageObject","inLanguage":"fr-FR","@id":"https:\/\/secure.gravatar.com\/avatar\/89915563d925342126b8ef0281b93d9d7fc337043e8df017f780908eb9644451?s=96&d=mm&r=g","url":"https:\/\/secure.gravatar.com\/avatar\/89915563d925342126b8ef0281b93d9d7fc337043e8df017f780908eb9644451?s=96&d=mm&r=g","contentUrl":"https:\/\/secure.gravatar.com\/avatar\/89915563d925342126b8ef0281b93d9d7fc337043e8df017f780908eb9644451?s=96&d=mm&r=g","caption":"St\u00e9phane Miget"},"url":"https:\/\/batijournal.com\/index.php\/author\/stephane\/"}]}},"_links":{"self":[{"href":"https:\/\/batijournal.com\/index.php\/wp-json\/wp\/v2\/posts\/103866","targetHints":{"allow":["GET"]}}],"collection":[{"href":"https:\/\/batijournal.com\/index.php\/wp-json\/wp\/v2\/posts"}],"about":[{"href":"https:\/\/batijournal.com\/index.php\/wp-json\/wp\/v2\/types\/post"}],"author":[{"embeddable":true,"href":"https:\/\/batijournal.com\/index.php\/wp-json\/wp\/v2\/users\/17"}],"replies":[{"embeddable":true,"href":"https:\/\/batijournal.com\/index.php\/wp-json\/wp\/v2\/comments?post=103866"}],"version-history":[{"count":0,"href":"https:\/\/batijournal.com\/index.php\/wp-json\/wp\/v2\/posts\/103866\/revisions"}],"wp:featuredmedia":[{"embeddable":true,"href":"https:\/\/batijournal.com\/index.php\/wp-json\/wp\/v2\/media\/103867"}],"wp:attachment":[{"href":"https:\/\/batijournal.com\/index.php\/wp-json\/wp\/v2\/media?parent=103866"}],"wp:term":[{"taxonomy":"category","embeddable":true,"href":"https:\/\/batijournal.com\/index.php\/wp-json\/wp\/v2\/categories?post=103866"},{"taxonomy":"post_tag","embeddable":true,"href":"https:\/\/batijournal.com\/index.php\/wp-json\/wp\/v2\/tags?post=103866"}],"curies":[{"name":"wp","href":"https:\/\/api.w.org\/{rel}","templated":true}]}}