{"id":103878,"date":"2020-02-27T09:03:42","date_gmt":"2020-02-27T08:03:42","guid":{"rendered":"https:\/\/batijournal.com\/?p=103878"},"modified":"2020-02-27T09:03:44","modified_gmt":"2020-02-27T08:03:44","slug":"precadres-personnalises-pour-facade-a-renover-courbe","status":"publish","type":"post","link":"https:\/\/batijournal.com\/index.php\/precadres-personnalises-pour-facade-a-renover-courbe\/103878\/","title":{"rendered":"Pr\u00e9cadres personnalis\u00e9s pour fa\u00e7ade \u00e0 r\u00e9nover courbe"},"content":{"rendered":"\n<p>L\u2019agence GDV ARCHITECTES URBANISTES a imagin\u00e9 des fa\u00e7ades \u00e0 l\u2019esth\u00e9tique contemporaine r\u00e9fl\u00e9chissante et propos\u00e9 une Isolation Thermique par l\u2019Ext\u00e9rieur pour la r\u00e9novation de la r\u00e9sidence \u00e9tudiante Camille Gu\u00e9rin \u00e0 Limoges construite dans les ann\u00e9es 70. La structure en b\u00e9ton pr\u00e9fabriqu\u00e9 se caract\u00e9risait par une forme en biais, qui conf\u00e9rait du volume au niveau des menuiseries existantes. Cette peau singuli\u00e8re impliquait une r\u00e9flexion sur la mise en place des nouveaux ch\u00e2ssis en PVC. Les travaux devaient \u00e9galement s\u2019effectuer en quelques mois pour une livraison des b\u00e2timents \u00e0 la rentr\u00e9e des \u00e9tudiants en septembre. DELAGE MENUISERIES s&rsquo;est rapproch\u00e9 de LOUINEAU pour la conception et la fabrication de pr\u00e9cadres sur-mesure. La peau ext\u00e9rieure des b\u00e2timents et leurs lignes courbes, devaient \u00eatre recouvertes d\u2019un bardage plan. Les inclinaisons \u00e0 gauche, \u00e0 droite, en haut et en bas des menuiseries \u00e9taient toutes diff\u00e9rentes, n\u00e9cessitant une adaptation des pr\u00e9cadres. Chacun d\u2019eux \u00e9tait identifi\u00e9 par une \u00e9tiquette sp\u00e9cifique pour faciliter le rep\u00e9rage et l\u2019int\u00e9gration sur les menuiseries.<\/p>\n\n\n\n<p>Ma\u00eetre d\u2019ouvrage : Crous de Limoges<br \/>\nMa\u00eetre d\u2019\u0153uvre : GDV architectes urbanistes<br \/>\nEntreprise de pose : Delage menuiseries<br \/>\nPhoto : Cyril BADET &#8211; LOUINEAU<\/p>\n","protected":false},"excerpt":{"rendered":"<p>L\u2019agence GDV ARCHITECTES URBANISTES a imagin\u00e9 des fa\u00e7ades \u00e0 l\u2019esth\u00e9tique contemporaine r\u00e9fl\u00e9chissante et propos\u00e9 une Isolation Thermique par l\u2019Ext\u00e9rieur pour la r\u00e9novation de la r\u00e9sidence \u00e9tudiante Camille Gu\u00e9rin \u00e0 Limoges construite dans les ann\u00e9es 70. La structure en b\u00e9ton pr\u00e9fabriqu\u00e9 se caract\u00e9risait par une forme en biais, qui conf\u00e9rait du volume au niveau des menuiseries [&hellip;]<\/p>\n","protected":false},"author":17,"featured_media":103879,"comment_status":"closed","ping_status":"closed","sticky":false,"template":"","format":"standard","meta":{"_et_pb_use_builder":"","_et_pb_old_content":"","_et_gb_content_width":"","footnotes":""},"categories":[10530,6340,10771,10775],"tags":[70],"class_list":["post-103878","post","type-post","status-publish","format-standard","has-post-thumbnail","hentry","category-actualites","category-architecture-conception","category-5facades","category-actualites-5facades","tag-ite"],"yoast_head":"<!-- This site is optimized with the Yoast SEO plugin v27.4 - https:\/\/yoast.com\/product\/yoast-seo-wordpress\/ -->\n<title>Pr\u00e9cadres personnalis\u00e9s pour fa\u00e7ade \u00e0 r\u00e9nover courbe<\/title>\n<meta name=\"robots\" content=\"index, follow, max-snippet:-1, max-image-preview:large, max-video-preview:-1\" \/>\n<link rel=\"canonical\" href=\"https:\/\/batijournal.com\/index.php\/precadres-personnalises-pour-facade-a-renover-courbe\/103878\/\" \/>\n<meta property=\"og:locale\" content=\"fr_FR\" \/>\n<meta property=\"og:type\" content=\"article\" \/>\n<meta property=\"og:title\" content=\"Pr\u00e9cadres personnalis\u00e9s pour fa\u00e7ade \u00e0 r\u00e9nover courbe\" \/>\n<meta property=\"og:description\" content=\"L\u2019agence GDV ARCHITECTES URBANISTES a imagin\u00e9 des fa\u00e7ades \u00e0 l\u2019esth\u00e9tique contemporaine r\u00e9fl\u00e9chissante et propos\u00e9 une Isolation Thermique par l\u2019Ext\u00e9rieur pour la r\u00e9novation de la r\u00e9sidence \u00e9tudiante Camille Gu\u00e9rin \u00e0 Limoges construite dans les ann\u00e9es 70. La structure en b\u00e9ton pr\u00e9fabriqu\u00e9 se caract\u00e9risait par une forme en biais, qui conf\u00e9rait du volume au niveau des menuiseries [&hellip;]\" \/>\n<meta property=\"og:url\" content=\"https:\/\/batijournal.com\/index.php\/precadres-personnalises-pour-facade-a-renover-courbe\/103878\/\" \/>\n<meta property=\"og:site_name\" content=\"Batijournal\" \/>\n<meta property=\"article:published_time\" content=\"2020-02-27T08:03:42+00:00\" \/>\n<meta property=\"article:modified_time\" content=\"2020-02-27T08:03:44+00:00\" \/>\n<meta property=\"og:image\" content=\"https:\/\/batijournal.com\/wp-content\/uploads\/2020\/02\/precadres-louineau-ite-facade-crous-limoges.png\" \/>\n\t<meta property=\"og:image:width\" content=\"648\" \/>\n\t<meta property=\"og:image:height\" content=\"408\" \/>\n\t<meta property=\"og:image:type\" content=\"image\/png\" \/>\n<meta name=\"author\" content=\"St\u00e9phane Miget\" \/>\n<meta name=\"twitter:card\" content=\"summary_large_image\" \/>\n<meta name=\"twitter:creator\" content=\"@bati_journal\" \/>\n<meta name=\"twitter:site\" content=\"@bati_journal\" \/>\n<meta name=\"twitter:label1\" content=\"\u00c9crit par\" \/>\n\t<meta name=\"twitter:data1\" content=\"St\u00e9phane Miget\" \/>\n\t<meta name=\"twitter:label2\" content=\"Dur\u00e9e de lecture estim\u00e9e\" \/>\n\t<meta name=\"twitter:data2\" content=\"1 minute\" \/>\n<script type=\"application\/ld+json\" class=\"yoast-schema-graph\">{\"@context\":\"https:\\\/\\\/schema.org\",\"@graph\":[{\"@type\":\"Article\",\"@id\":\"https:\\\/\\\/batijournal.com\\\/index.php\\\/precadres-personnalises-pour-facade-a-renover-courbe\\\/103878\\\/#article\",\"isPartOf\":{\"@id\":\"https:\\\/\\\/batijournal.com\\\/index.php\\\/precadres-personnalises-pour-facade-a-renover-courbe\\\/103878\\\/\"},\"author\":{\"name\":\"St\u00e9phane Miget\",\"@id\":\"https:\\\/\\\/batijournal.com\\\/#\\\/schema\\\/person\\\/1dc96ec6957aa1ccb25ebe78bb19f100\"},\"headline\":\"Pr\u00e9cadres personnalis\u00e9s pour fa\u00e7ade \u00e0 r\u00e9nover courbe\",\"datePublished\":\"2020-02-27T08:03:42+00:00\",\"dateModified\":\"2020-02-27T08:03:44+00:00\",\"mainEntityOfPage\":{\"@id\":\"https:\\\/\\\/batijournal.com\\\/index.php\\\/precadres-personnalises-pour-facade-a-renover-courbe\\\/103878\\\/\"},\"wordCount\":223,\"image\":{\"@id\":\"https:\\\/\\\/batijournal.com\\\/index.php\\\/precadres-personnalises-pour-facade-a-renover-courbe\\\/103878\\\/#primaryimage\"},\"thumbnailUrl\":\"https:\\\/\\\/batijournal.com\\\/wp-content\\\/uploads\\\/2020\\\/02\\\/precadres-louineau-ite-facade-crous-limoges.png\",\"keywords\":[\"ITE\"],\"articleSection\":[\"Actualit\u00e9s\",\"Architecture &amp; Conception\",\"zz_5fa\u00e7ades\",\"zz_Actualit\u00e9s - 5fa\u00e7ades\"],\"inLanguage\":\"fr-FR\"},{\"@type\":\"WebPage\",\"@id\":\"https:\\\/\\\/batijournal.com\\\/index.php\\\/precadres-personnalises-pour-facade-a-renover-courbe\\\/103878\\\/\",\"url\":\"https:\\\/\\\/batijournal.com\\\/index.php\\\/precadres-personnalises-pour-facade-a-renover-courbe\\\/103878\\\/\",\"name\":\"Pr\u00e9cadres personnalis\u00e9s pour fa\u00e7ade \u00e0 r\u00e9nover courbe\",\"isPartOf\":{\"@id\":\"https:\\\/\\\/batijournal.com\\\/#website\"},\"primaryImageOfPage\":{\"@id\":\"https:\\\/\\\/batijournal.com\\\/index.php\\\/precadres-personnalises-pour-facade-a-renover-courbe\\\/103878\\\/#primaryimage\"},\"image\":{\"@id\":\"https:\\\/\\\/batijournal.com\\\/index.php\\\/precadres-personnalises-pour-facade-a-renover-courbe\\\/103878\\\/#primaryimage\"},\"thumbnailUrl\":\"https:\\\/\\\/batijournal.com\\\/wp-content\\\/uploads\\\/2020\\\/02\\\/precadres-louineau-ite-facade-crous-limoges.png\",\"datePublished\":\"2020-02-27T08:03:42+00:00\",\"dateModified\":\"2020-02-27T08:03:44+00:00\",\"author\":{\"@id\":\"https:\\\/\\\/batijournal.com\\\/#\\\/schema\\\/person\\\/1dc96ec6957aa1ccb25ebe78bb19f100\"},\"breadcrumb\":{\"@id\":\"https:\\\/\\\/batijournal.com\\\/index.php\\\/precadres-personnalises-pour-facade-a-renover-courbe\\\/103878\\\/#breadcrumb\"},\"inLanguage\":\"fr-FR\",\"potentialAction\":[{\"@type\":\"ReadAction\",\"target\":[\"https:\\\/\\\/batijournal.com\\\/index.php\\\/precadres-personnalises-pour-facade-a-renover-courbe\\\/103878\\\/\"]}]},{\"@type\":\"ImageObject\",\"inLanguage\":\"fr-FR\",\"@id\":\"https:\\\/\\\/batijournal.com\\\/index.php\\\/precadres-personnalises-pour-facade-a-renover-courbe\\\/103878\\\/#primaryimage\",\"url\":\"https:\\\/\\\/batijournal.com\\\/wp-content\\\/uploads\\\/2020\\\/02\\\/precadres-louineau-ite-facade-crous-limoges.png\",\"contentUrl\":\"https:\\\/\\\/batijournal.com\\\/wp-content\\\/uploads\\\/2020\\\/02\\\/precadres-louineau-ite-facade-crous-limoges.png\",\"width\":648,\"height\":408},{\"@type\":\"BreadcrumbList\",\"@id\":\"https:\\\/\\\/batijournal.com\\\/index.php\\\/precadres-personnalises-pour-facade-a-renover-courbe\\\/103878\\\/#breadcrumb\",\"itemListElement\":[{\"@type\":\"ListItem\",\"position\":1,\"name\":\"Accueil\",\"item\":\"https:\\\/\\\/batijournal.com\\\/\"},{\"@type\":\"ListItem\",\"position\":2,\"name\":\"Actualit\u00e9s\",\"item\":\"https:\\\/\\\/batijournal.com\\\/index.php\\\/category\\\/actualites\\\/\"},{\"@type\":\"ListItem\",\"position\":3,\"name\":\"Pr\u00e9cadres personnalis\u00e9s pour fa\u00e7ade \u00e0 r\u00e9nover courbe\"}]},{\"@type\":\"WebSite\",\"@id\":\"https:\\\/\\\/batijournal.com\\\/#website\",\"url\":\"https:\\\/\\\/batijournal.com\\\/\",\"name\":\"Batijournal\",\"description\":\"L&#039;actualit\u00e9 du b\u00e2timent\",\"potentialAction\":[{\"@type\":\"SearchAction\",\"target\":{\"@type\":\"EntryPoint\",\"urlTemplate\":\"https:\\\/\\\/batijournal.com\\\/?s={search_term_string}\"},\"query-input\":{\"@type\":\"PropertyValueSpecification\",\"valueRequired\":true,\"valueName\":\"search_term_string\"}}],\"inLanguage\":\"fr-FR\"},{\"@type\":\"Person\",\"@id\":\"https:\\\/\\\/batijournal.com\\\/#\\\/schema\\\/person\\\/1dc96ec6957aa1ccb25ebe78bb19f100\",\"name\":\"St\u00e9phane Miget\",\"image\":{\"@type\":\"ImageObject\",\"inLanguage\":\"fr-FR\",\"@id\":\"https:\\\/\\\/secure.gravatar.com\\\/avatar\\\/89915563d925342126b8ef0281b93d9d7fc337043e8df017f780908eb9644451?s=96&d=mm&r=g\",\"url\":\"https:\\\/\\\/secure.gravatar.com\\\/avatar\\\/89915563d925342126b8ef0281b93d9d7fc337043e8df017f780908eb9644451?s=96&d=mm&r=g\",\"contentUrl\":\"https:\\\/\\\/secure.gravatar.com\\\/avatar\\\/89915563d925342126b8ef0281b93d9d7fc337043e8df017f780908eb9644451?s=96&d=mm&r=g\",\"caption\":\"St\u00e9phane Miget\"},\"url\":\"https:\\\/\\\/batijournal.com\\\/index.php\\\/author\\\/stephane\\\/\"}]}<\/script>\n<!-- \/ Yoast SEO plugin. -->","yoast_head_json":{"title":"Pr\u00e9cadres personnalis\u00e9s pour fa\u00e7ade \u00e0 r\u00e9nover courbe","robots":{"index":"index","follow":"follow","max-snippet":"max-snippet:-1","max-image-preview":"max-image-preview:large","max-video-preview":"max-video-preview:-1"},"canonical":"https:\/\/batijournal.com\/index.php\/precadres-personnalises-pour-facade-a-renover-courbe\/103878\/","og_locale":"fr_FR","og_type":"article","og_title":"Pr\u00e9cadres personnalis\u00e9s pour fa\u00e7ade \u00e0 r\u00e9nover courbe","og_description":"L\u2019agence GDV ARCHITECTES URBANISTES a imagin\u00e9 des fa\u00e7ades \u00e0 l\u2019esth\u00e9tique contemporaine r\u00e9fl\u00e9chissante et propos\u00e9 une Isolation Thermique par l\u2019Ext\u00e9rieur pour la r\u00e9novation de la r\u00e9sidence \u00e9tudiante Camille Gu\u00e9rin \u00e0 Limoges construite dans les ann\u00e9es 70. La structure en b\u00e9ton pr\u00e9fabriqu\u00e9 se caract\u00e9risait par une forme en biais, qui conf\u00e9rait du volume au niveau des menuiseries [&hellip;]","og_url":"https:\/\/batijournal.com\/index.php\/precadres-personnalises-pour-facade-a-renover-courbe\/103878\/","og_site_name":"Batijournal","article_published_time":"2020-02-27T08:03:42+00:00","article_modified_time":"2020-02-27T08:03:44+00:00","og_image":[{"width":648,"height":408,"url":"https:\/\/batijournal.com\/wp-content\/uploads\/2020\/02\/precadres-louineau-ite-facade-crous-limoges.png","type":"image\/png"}],"author":"St\u00e9phane Miget","twitter_card":"summary_large_image","twitter_creator":"@bati_journal","twitter_site":"@bati_journal","twitter_misc":{"\u00c9crit par":"St\u00e9phane Miget","Dur\u00e9e de lecture estim\u00e9e":"1 minute"},"schema":{"@context":"https:\/\/schema.org","@graph":[{"@type":"Article","@id":"https:\/\/batijournal.com\/index.php\/precadres-personnalises-pour-facade-a-renover-courbe\/103878\/#article","isPartOf":{"@id":"https:\/\/batijournal.com\/index.php\/precadres-personnalises-pour-facade-a-renover-courbe\/103878\/"},"author":{"name":"St\u00e9phane Miget","@id":"https:\/\/batijournal.com\/#\/schema\/person\/1dc96ec6957aa1ccb25ebe78bb19f100"},"headline":"Pr\u00e9cadres personnalis\u00e9s pour fa\u00e7ade \u00e0 r\u00e9nover courbe","datePublished":"2020-02-27T08:03:42+00:00","dateModified":"2020-02-27T08:03:44+00:00","mainEntityOfPage":{"@id":"https:\/\/batijournal.com\/index.php\/precadres-personnalises-pour-facade-a-renover-courbe\/103878\/"},"wordCount":223,"image":{"@id":"https:\/\/batijournal.com\/index.php\/precadres-personnalises-pour-facade-a-renover-courbe\/103878\/#primaryimage"},"thumbnailUrl":"https:\/\/batijournal.com\/wp-content\/uploads\/2020\/02\/precadres-louineau-ite-facade-crous-limoges.png","keywords":["ITE"],"articleSection":["Actualit\u00e9s","Architecture &amp; Conception","zz_5fa\u00e7ades","zz_Actualit\u00e9s - 5fa\u00e7ades"],"inLanguage":"fr-FR"},{"@type":"WebPage","@id":"https:\/\/batijournal.com\/index.php\/precadres-personnalises-pour-facade-a-renover-courbe\/103878\/","url":"https:\/\/batijournal.com\/index.php\/precadres-personnalises-pour-facade-a-renover-courbe\/103878\/","name":"Pr\u00e9cadres personnalis\u00e9s pour fa\u00e7ade \u00e0 r\u00e9nover courbe","isPartOf":{"@id":"https:\/\/batijournal.com\/#website"},"primaryImageOfPage":{"@id":"https:\/\/batijournal.com\/index.php\/precadres-personnalises-pour-facade-a-renover-courbe\/103878\/#primaryimage"},"image":{"@id":"https:\/\/batijournal.com\/index.php\/precadres-personnalises-pour-facade-a-renover-courbe\/103878\/#primaryimage"},"thumbnailUrl":"https:\/\/batijournal.com\/wp-content\/uploads\/2020\/02\/precadres-louineau-ite-facade-crous-limoges.png","datePublished":"2020-02-27T08:03:42+00:00","dateModified":"2020-02-27T08:03:44+00:00","author":{"@id":"https:\/\/batijournal.com\/#\/schema\/person\/1dc96ec6957aa1ccb25ebe78bb19f100"},"breadcrumb":{"@id":"https:\/\/batijournal.com\/index.php\/precadres-personnalises-pour-facade-a-renover-courbe\/103878\/#breadcrumb"},"inLanguage":"fr-FR","potentialAction":[{"@type":"ReadAction","target":["https:\/\/batijournal.com\/index.php\/precadres-personnalises-pour-facade-a-renover-courbe\/103878\/"]}]},{"@type":"ImageObject","inLanguage":"fr-FR","@id":"https:\/\/batijournal.com\/index.php\/precadres-personnalises-pour-facade-a-renover-courbe\/103878\/#primaryimage","url":"https:\/\/batijournal.com\/wp-content\/uploads\/2020\/02\/precadres-louineau-ite-facade-crous-limoges.png","contentUrl":"https:\/\/batijournal.com\/wp-content\/uploads\/2020\/02\/precadres-louineau-ite-facade-crous-limoges.png","width":648,"height":408},{"@type":"BreadcrumbList","@id":"https:\/\/batijournal.com\/index.php\/precadres-personnalises-pour-facade-a-renover-courbe\/103878\/#breadcrumb","itemListElement":[{"@type":"ListItem","position":1,"name":"Accueil","item":"https:\/\/batijournal.com\/"},{"@type":"ListItem","position":2,"name":"Actualit\u00e9s","item":"https:\/\/batijournal.com\/index.php\/category\/actualites\/"},{"@type":"ListItem","position":3,"name":"Pr\u00e9cadres personnalis\u00e9s pour fa\u00e7ade \u00e0 r\u00e9nover courbe"}]},{"@type":"WebSite","@id":"https:\/\/batijournal.com\/#website","url":"https:\/\/batijournal.com\/","name":"Batijournal","description":"L&#039;actualit\u00e9 du b\u00e2timent","potentialAction":[{"@type":"SearchAction","target":{"@type":"EntryPoint","urlTemplate":"https:\/\/batijournal.com\/?s={search_term_string}"},"query-input":{"@type":"PropertyValueSpecification","valueRequired":true,"valueName":"search_term_string"}}],"inLanguage":"fr-FR"},{"@type":"Person","@id":"https:\/\/batijournal.com\/#\/schema\/person\/1dc96ec6957aa1ccb25ebe78bb19f100","name":"St\u00e9phane Miget","image":{"@type":"ImageObject","inLanguage":"fr-FR","@id":"https:\/\/secure.gravatar.com\/avatar\/89915563d925342126b8ef0281b93d9d7fc337043e8df017f780908eb9644451?s=96&d=mm&r=g","url":"https:\/\/secure.gravatar.com\/avatar\/89915563d925342126b8ef0281b93d9d7fc337043e8df017f780908eb9644451?s=96&d=mm&r=g","contentUrl":"https:\/\/secure.gravatar.com\/avatar\/89915563d925342126b8ef0281b93d9d7fc337043e8df017f780908eb9644451?s=96&d=mm&r=g","caption":"St\u00e9phane Miget"},"url":"https:\/\/batijournal.com\/index.php\/author\/stephane\/"}]}},"_links":{"self":[{"href":"https:\/\/batijournal.com\/index.php\/wp-json\/wp\/v2\/posts\/103878","targetHints":{"allow":["GET"]}}],"collection":[{"href":"https:\/\/batijournal.com\/index.php\/wp-json\/wp\/v2\/posts"}],"about":[{"href":"https:\/\/batijournal.com\/index.php\/wp-json\/wp\/v2\/types\/post"}],"author":[{"embeddable":true,"href":"https:\/\/batijournal.com\/index.php\/wp-json\/wp\/v2\/users\/17"}],"replies":[{"embeddable":true,"href":"https:\/\/batijournal.com\/index.php\/wp-json\/wp\/v2\/comments?post=103878"}],"version-history":[{"count":0,"href":"https:\/\/batijournal.com\/index.php\/wp-json\/wp\/v2\/posts\/103878\/revisions"}],"wp:featuredmedia":[{"embeddable":true,"href":"https:\/\/batijournal.com\/index.php\/wp-json\/wp\/v2\/media\/103879"}],"wp:attachment":[{"href":"https:\/\/batijournal.com\/index.php\/wp-json\/wp\/v2\/media?parent=103878"}],"wp:term":[{"taxonomy":"category","embeddable":true,"href":"https:\/\/batijournal.com\/index.php\/wp-json\/wp\/v2\/categories?post=103878"},{"taxonomy":"post_tag","embeddable":true,"href":"https:\/\/batijournal.com\/index.php\/wp-json\/wp\/v2\/tags?post=103878"}],"curies":[{"name":"wp","href":"https:\/\/api.w.org\/{rel}","templated":true}]}}