{"id":103891,"date":"2020-03-02T07:34:47","date_gmt":"2020-03-02T06:34:47","guid":{"rendered":"https:\/\/batijournal.com\/?p=103891"},"modified":"2020-03-02T07:34:49","modified_gmt":"2020-03-02T06:34:49","slug":"les-6-priorites-de-la-federation-francaise-du-batiment-grand-paris-pour-les-municipales","status":"publish","type":"post","link":"https:\/\/batijournal.com\/index.php\/les-6-priorites-de-la-federation-francaise-du-batiment-grand-paris-pour-les-municipales\/103891\/","title":{"rendered":"Les 6 priorit\u00e9s de la F\u00e9d\u00e9ration Fran\u00e7aise du B\u00e2timent Grand Paris pour les municipales"},"content":{"rendered":"\n<p>Avec pr\u00e8s de 75 000 entreprises du B\u00e2timent occupant le territoire du Grand Paris, les \u00e9lections municipales constituent un enjeu majeur pour la Profession. Le B\u00e2timent s\u2019est  fortement mobilis\u00e9 dans l\u2019\u00e9laboration de propositions port\u00e9es \u00e0 la connaissance des candidats :<\/p>\n\n\n\n<ul class=\"wp-block-list\"><li>La mobilit\u00e9 et le stationnement : harmonisation m\u00e9tropolitaine des conditions de stationnement, all\u00e8gement des restrictions de circulation des professionnels, d\u00e9veloppement des parkings relais \u00e0 tarif r\u00e9duit \u2026<\/li><li>La r\u00e9novation \u00e9nerg\u00e9tique des b\u00e2timents : lib\u00e9ralisation de la b\u00e2che publicitaire et exon\u00e9ration de la taxe fonci\u00e8re pour financer les travaux de r\u00e9novation \u00e9nerg\u00e9tique \u2026<\/li><li>La gestion des d\u00e9chets : r\u00e9servation dans les documents d\u2019urbanisme d\u2019emplacements d\u00e9di\u00e9s \u00e0 la gestion des d\u00e9chets, simplification de la d\u00e9livrance des autorisations d\u2019occupation du domaine public \u2026<\/li><li>Emploi et valorisation des m\u00e9tiers : lancement d\u2019une v\u00e9ritable campagne de valorisation des m\u00e9tiers \u00e0 l\u2019occasion des grands projets urbains, valorisation de l\u2019apprentissage dans le cadre de l\u2019attribution des march\u00e9s publics \u2026<\/li><li>Les march\u00e9s publics : lutte contre l\u2019attribution des march\u00e9s aux entreprises moins disantes, r\u00e9servation de 25% des march\u00e9s pour les TPE\/PME \u2026<\/li><li>Le logement : augmentation de la construction du nombre de logements en m\u00e9tropole notamment de logements interm\u00e9diaires et destin\u00e9s aux apprentis, lutte contre l\u2019encadrement des loyers qui nuit \u00e0 l\u2019investissement immobilier \u2026<\/li><\/ul>\n","protected":false},"excerpt":{"rendered":"<p>Avec pr\u00e8s de 75 000 entreprises du B\u00e2timent occupant le territoire du Grand Paris, les \u00e9lections municipales constituent un enjeu majeur pour la Profession. Le B\u00e2timent s\u2019est fortement mobilis\u00e9 dans l\u2019\u00e9laboration de propositions port\u00e9es \u00e0 la connaissance des candidats : La mobilit\u00e9 et le stationnement : harmonisation m\u00e9tropolitaine des conditions de stationnement, all\u00e8gement des restrictions [&hellip;]<\/p>\n","protected":false},"author":17,"featured_media":94860,"comment_status":"closed","ping_status":"closed","sticky":false,"template":"","format":"standard","meta":{"_et_pb_use_builder":"","_et_pb_old_content":"","_et_gb_content_width":"","footnotes":""},"categories":[10530,6345],"tags":[4922],"class_list":["post-103891","post","type-post","status-publish","format-standard","has-post-thumbnail","hentry","category-actualites","category-economie-marches","tag-grand-paris"],"yoast_head":"<!-- This site is optimized with the Yoast SEO plugin v27.4 - https:\/\/yoast.com\/product\/yoast-seo-wordpress\/ -->\n<title>Les 6 priorit\u00e9s de la F\u00e9d\u00e9ration Fran\u00e7aise du B\u00e2timent Grand Paris pour les municipales<\/title>\n<meta name=\"robots\" content=\"index, follow, max-snippet:-1, max-image-preview:large, max-video-preview:-1\" \/>\n<link rel=\"canonical\" href=\"https:\/\/batijournal.com\/index.php\/les-6-priorites-de-la-federation-francaise-du-batiment-grand-paris-pour-les-municipales\/103891\/\" \/>\n<meta property=\"og:locale\" content=\"fr_FR\" \/>\n<meta property=\"og:type\" content=\"article\" \/>\n<meta property=\"og:title\" content=\"Les 6 priorit\u00e9s de la F\u00e9d\u00e9ration Fran\u00e7aise du B\u00e2timent Grand Paris pour les municipales\" \/>\n<meta property=\"og:description\" content=\"Avec pr\u00e8s de 75 000 entreprises du B\u00e2timent occupant le territoire du Grand Paris, les \u00e9lections municipales constituent un enjeu majeur pour la Profession. Le B\u00e2timent s\u2019est fortement mobilis\u00e9 dans l\u2019\u00e9laboration de propositions port\u00e9es \u00e0 la connaissance des candidats : La mobilit\u00e9 et le stationnement : harmonisation m\u00e9tropolitaine des conditions de stationnement, all\u00e8gement des restrictions [&hellip;]\" \/>\n<meta property=\"og:url\" content=\"https:\/\/batijournal.com\/index.php\/les-6-priorites-de-la-federation-francaise-du-batiment-grand-paris-pour-les-municipales\/103891\/\" \/>\n<meta property=\"og:site_name\" content=\"Batijournal\" \/>\n<meta property=\"article:published_time\" content=\"2020-03-02T06:34:47+00:00\" \/>\n<meta property=\"article:modified_time\" content=\"2020-03-02T06:34:49+00:00\" \/>\n<meta property=\"og:image\" content=\"https:\/\/batijournal.com\/wp-content\/uploads\/2017\/01\/paris.jpg\" \/>\n\t<meta property=\"og:image:width\" content=\"600\" \/>\n\t<meta property=\"og:image:height\" content=\"400\" \/>\n\t<meta property=\"og:image:type\" content=\"image\/jpeg\" \/>\n<meta name=\"author\" content=\"St\u00e9phane Miget\" \/>\n<meta name=\"twitter:card\" content=\"summary_large_image\" \/>\n<meta name=\"twitter:creator\" content=\"@bati_journal\" \/>\n<meta name=\"twitter:site\" content=\"@bati_journal\" \/>\n<meta name=\"twitter:label1\" content=\"\u00c9crit par\" \/>\n\t<meta name=\"twitter:data1\" content=\"St\u00e9phane Miget\" \/>\n\t<meta name=\"twitter:label2\" content=\"Dur\u00e9e de lecture estim\u00e9e\" \/>\n\t<meta name=\"twitter:data2\" content=\"1 minute\" \/>\n<script type=\"application\/ld+json\" class=\"yoast-schema-graph\">{\"@context\":\"https:\\\/\\\/schema.org\",\"@graph\":[{\"@type\":\"Article\",\"@id\":\"https:\\\/\\\/batijournal.com\\\/index.php\\\/les-6-priorites-de-la-federation-francaise-du-batiment-grand-paris-pour-les-municipales\\\/103891\\\/#article\",\"isPartOf\":{\"@id\":\"https:\\\/\\\/batijournal.com\\\/index.php\\\/les-6-priorites-de-la-federation-francaise-du-batiment-grand-paris-pour-les-municipales\\\/103891\\\/\"},\"author\":{\"name\":\"St\u00e9phane Miget\",\"@id\":\"https:\\\/\\\/batijournal.com\\\/#\\\/schema\\\/person\\\/1dc96ec6957aa1ccb25ebe78bb19f100\"},\"headline\":\"Les 6 priorit\u00e9s de la F\u00e9d\u00e9ration Fran\u00e7aise du B\u00e2timent Grand Paris pour les municipales\",\"datePublished\":\"2020-03-02T06:34:47+00:00\",\"dateModified\":\"2020-03-02T06:34:49+00:00\",\"mainEntityOfPage\":{\"@id\":\"https:\\\/\\\/batijournal.com\\\/index.php\\\/les-6-priorites-de-la-federation-francaise-du-batiment-grand-paris-pour-les-municipales\\\/103891\\\/\"},\"wordCount\":250,\"image\":{\"@id\":\"https:\\\/\\\/batijournal.com\\\/index.php\\\/les-6-priorites-de-la-federation-francaise-du-batiment-grand-paris-pour-les-municipales\\\/103891\\\/#primaryimage\"},\"thumbnailUrl\":\"https:\\\/\\\/batijournal.com\\\/wp-content\\\/uploads\\\/2017\\\/01\\\/paris.jpg\",\"keywords\":[\"grand paris\"],\"articleSection\":[\"Actualit\u00e9s\",\"\u00c9conomie &amp; March\u00e9s\"],\"inLanguage\":\"fr-FR\"},{\"@type\":\"WebPage\",\"@id\":\"https:\\\/\\\/batijournal.com\\\/index.php\\\/les-6-priorites-de-la-federation-francaise-du-batiment-grand-paris-pour-les-municipales\\\/103891\\\/\",\"url\":\"https:\\\/\\\/batijournal.com\\\/index.php\\\/les-6-priorites-de-la-federation-francaise-du-batiment-grand-paris-pour-les-municipales\\\/103891\\\/\",\"name\":\"Les 6 priorit\u00e9s de la F\u00e9d\u00e9ration Fran\u00e7aise du B\u00e2timent Grand Paris pour les municipales\",\"isPartOf\":{\"@id\":\"https:\\\/\\\/batijournal.com\\\/#website\"},\"primaryImageOfPage\":{\"@id\":\"https:\\\/\\\/batijournal.com\\\/index.php\\\/les-6-priorites-de-la-federation-francaise-du-batiment-grand-paris-pour-les-municipales\\\/103891\\\/#primaryimage\"},\"image\":{\"@id\":\"https:\\\/\\\/batijournal.com\\\/index.php\\\/les-6-priorites-de-la-federation-francaise-du-batiment-grand-paris-pour-les-municipales\\\/103891\\\/#primaryimage\"},\"thumbnailUrl\":\"https:\\\/\\\/batijournal.com\\\/wp-content\\\/uploads\\\/2017\\\/01\\\/paris.jpg\",\"datePublished\":\"2020-03-02T06:34:47+00:00\",\"dateModified\":\"2020-03-02T06:34:49+00:00\",\"author\":{\"@id\":\"https:\\\/\\\/batijournal.com\\\/#\\\/schema\\\/person\\\/1dc96ec6957aa1ccb25ebe78bb19f100\"},\"breadcrumb\":{\"@id\":\"https:\\\/\\\/batijournal.com\\\/index.php\\\/les-6-priorites-de-la-federation-francaise-du-batiment-grand-paris-pour-les-municipales\\\/103891\\\/#breadcrumb\"},\"inLanguage\":\"fr-FR\",\"potentialAction\":[{\"@type\":\"ReadAction\",\"target\":[\"https:\\\/\\\/batijournal.com\\\/index.php\\\/les-6-priorites-de-la-federation-francaise-du-batiment-grand-paris-pour-les-municipales\\\/103891\\\/\"]}]},{\"@type\":\"ImageObject\",\"inLanguage\":\"fr-FR\",\"@id\":\"https:\\\/\\\/batijournal.com\\\/index.php\\\/les-6-priorites-de-la-federation-francaise-du-batiment-grand-paris-pour-les-municipales\\\/103891\\\/#primaryimage\",\"url\":\"https:\\\/\\\/batijournal.com\\\/wp-content\\\/uploads\\\/2017\\\/01\\\/paris.jpg\",\"contentUrl\":\"https:\\\/\\\/batijournal.com\\\/wp-content\\\/uploads\\\/2017\\\/01\\\/paris.jpg\",\"width\":600,\"height\":400},{\"@type\":\"BreadcrumbList\",\"@id\":\"https:\\\/\\\/batijournal.com\\\/index.php\\\/les-6-priorites-de-la-federation-francaise-du-batiment-grand-paris-pour-les-municipales\\\/103891\\\/#breadcrumb\",\"itemListElement\":[{\"@type\":\"ListItem\",\"position\":1,\"name\":\"Accueil\",\"item\":\"https:\\\/\\\/batijournal.com\\\/\"},{\"@type\":\"ListItem\",\"position\":2,\"name\":\"Actualit\u00e9s\",\"item\":\"https:\\\/\\\/batijournal.com\\\/index.php\\\/category\\\/actualites\\\/\"},{\"@type\":\"ListItem\",\"position\":3,\"name\":\"Les 6 priorit\u00e9s de la F\u00e9d\u00e9ration Fran\u00e7aise du B\u00e2timent Grand Paris pour les municipales\"}]},{\"@type\":\"WebSite\",\"@id\":\"https:\\\/\\\/batijournal.com\\\/#website\",\"url\":\"https:\\\/\\\/batijournal.com\\\/\",\"name\":\"Batijournal\",\"description\":\"L&#039;actualit\u00e9 du b\u00e2timent\",\"potentialAction\":[{\"@type\":\"SearchAction\",\"target\":{\"@type\":\"EntryPoint\",\"urlTemplate\":\"https:\\\/\\\/batijournal.com\\\/?s={search_term_string}\"},\"query-input\":{\"@type\":\"PropertyValueSpecification\",\"valueRequired\":true,\"valueName\":\"search_term_string\"}}],\"inLanguage\":\"fr-FR\"},{\"@type\":\"Person\",\"@id\":\"https:\\\/\\\/batijournal.com\\\/#\\\/schema\\\/person\\\/1dc96ec6957aa1ccb25ebe78bb19f100\",\"name\":\"St\u00e9phane Miget\",\"image\":{\"@type\":\"ImageObject\",\"inLanguage\":\"fr-FR\",\"@id\":\"https:\\\/\\\/secure.gravatar.com\\\/avatar\\\/89915563d925342126b8ef0281b93d9d7fc337043e8df017f780908eb9644451?s=96&d=mm&r=g\",\"url\":\"https:\\\/\\\/secure.gravatar.com\\\/avatar\\\/89915563d925342126b8ef0281b93d9d7fc337043e8df017f780908eb9644451?s=96&d=mm&r=g\",\"contentUrl\":\"https:\\\/\\\/secure.gravatar.com\\\/avatar\\\/89915563d925342126b8ef0281b93d9d7fc337043e8df017f780908eb9644451?s=96&d=mm&r=g\",\"caption\":\"St\u00e9phane Miget\"},\"url\":\"https:\\\/\\\/batijournal.com\\\/index.php\\\/author\\\/stephane\\\/\"}]}<\/script>\n<!-- \/ Yoast SEO plugin. -->","yoast_head_json":{"title":"Les 6 priorit\u00e9s de la F\u00e9d\u00e9ration Fran\u00e7aise du B\u00e2timent Grand Paris pour les municipales","robots":{"index":"index","follow":"follow","max-snippet":"max-snippet:-1","max-image-preview":"max-image-preview:large","max-video-preview":"max-video-preview:-1"},"canonical":"https:\/\/batijournal.com\/index.php\/les-6-priorites-de-la-federation-francaise-du-batiment-grand-paris-pour-les-municipales\/103891\/","og_locale":"fr_FR","og_type":"article","og_title":"Les 6 priorit\u00e9s de la F\u00e9d\u00e9ration Fran\u00e7aise du B\u00e2timent Grand Paris pour les municipales","og_description":"Avec pr\u00e8s de 75 000 entreprises du B\u00e2timent occupant le territoire du Grand Paris, les \u00e9lections municipales constituent un enjeu majeur pour la Profession. Le B\u00e2timent s\u2019est fortement mobilis\u00e9 dans l\u2019\u00e9laboration de propositions port\u00e9es \u00e0 la connaissance des candidats : La mobilit\u00e9 et le stationnement : harmonisation m\u00e9tropolitaine des conditions de stationnement, all\u00e8gement des restrictions [&hellip;]","og_url":"https:\/\/batijournal.com\/index.php\/les-6-priorites-de-la-federation-francaise-du-batiment-grand-paris-pour-les-municipales\/103891\/","og_site_name":"Batijournal","article_published_time":"2020-03-02T06:34:47+00:00","article_modified_time":"2020-03-02T06:34:49+00:00","og_image":[{"width":600,"height":400,"url":"https:\/\/batijournal.com\/wp-content\/uploads\/2017\/01\/paris.jpg","type":"image\/jpeg"}],"author":"St\u00e9phane Miget","twitter_card":"summary_large_image","twitter_creator":"@bati_journal","twitter_site":"@bati_journal","twitter_misc":{"\u00c9crit par":"St\u00e9phane Miget","Dur\u00e9e de lecture estim\u00e9e":"1 minute"},"schema":{"@context":"https:\/\/schema.org","@graph":[{"@type":"Article","@id":"https:\/\/batijournal.com\/index.php\/les-6-priorites-de-la-federation-francaise-du-batiment-grand-paris-pour-les-municipales\/103891\/#article","isPartOf":{"@id":"https:\/\/batijournal.com\/index.php\/les-6-priorites-de-la-federation-francaise-du-batiment-grand-paris-pour-les-municipales\/103891\/"},"author":{"name":"St\u00e9phane Miget","@id":"https:\/\/batijournal.com\/#\/schema\/person\/1dc96ec6957aa1ccb25ebe78bb19f100"},"headline":"Les 6 priorit\u00e9s de la F\u00e9d\u00e9ration Fran\u00e7aise du B\u00e2timent Grand Paris pour les municipales","datePublished":"2020-03-02T06:34:47+00:00","dateModified":"2020-03-02T06:34:49+00:00","mainEntityOfPage":{"@id":"https:\/\/batijournal.com\/index.php\/les-6-priorites-de-la-federation-francaise-du-batiment-grand-paris-pour-les-municipales\/103891\/"},"wordCount":250,"image":{"@id":"https:\/\/batijournal.com\/index.php\/les-6-priorites-de-la-federation-francaise-du-batiment-grand-paris-pour-les-municipales\/103891\/#primaryimage"},"thumbnailUrl":"https:\/\/batijournal.com\/wp-content\/uploads\/2017\/01\/paris.jpg","keywords":["grand paris"],"articleSection":["Actualit\u00e9s","\u00c9conomie &amp; March\u00e9s"],"inLanguage":"fr-FR"},{"@type":"WebPage","@id":"https:\/\/batijournal.com\/index.php\/les-6-priorites-de-la-federation-francaise-du-batiment-grand-paris-pour-les-municipales\/103891\/","url":"https:\/\/batijournal.com\/index.php\/les-6-priorites-de-la-federation-francaise-du-batiment-grand-paris-pour-les-municipales\/103891\/","name":"Les 6 priorit\u00e9s de la F\u00e9d\u00e9ration Fran\u00e7aise du B\u00e2timent Grand Paris pour les municipales","isPartOf":{"@id":"https:\/\/batijournal.com\/#website"},"primaryImageOfPage":{"@id":"https:\/\/batijournal.com\/index.php\/les-6-priorites-de-la-federation-francaise-du-batiment-grand-paris-pour-les-municipales\/103891\/#primaryimage"},"image":{"@id":"https:\/\/batijournal.com\/index.php\/les-6-priorites-de-la-federation-francaise-du-batiment-grand-paris-pour-les-municipales\/103891\/#primaryimage"},"thumbnailUrl":"https:\/\/batijournal.com\/wp-content\/uploads\/2017\/01\/paris.jpg","datePublished":"2020-03-02T06:34:47+00:00","dateModified":"2020-03-02T06:34:49+00:00","author":{"@id":"https:\/\/batijournal.com\/#\/schema\/person\/1dc96ec6957aa1ccb25ebe78bb19f100"},"breadcrumb":{"@id":"https:\/\/batijournal.com\/index.php\/les-6-priorites-de-la-federation-francaise-du-batiment-grand-paris-pour-les-municipales\/103891\/#breadcrumb"},"inLanguage":"fr-FR","potentialAction":[{"@type":"ReadAction","target":["https:\/\/batijournal.com\/index.php\/les-6-priorites-de-la-federation-francaise-du-batiment-grand-paris-pour-les-municipales\/103891\/"]}]},{"@type":"ImageObject","inLanguage":"fr-FR","@id":"https:\/\/batijournal.com\/index.php\/les-6-priorites-de-la-federation-francaise-du-batiment-grand-paris-pour-les-municipales\/103891\/#primaryimage","url":"https:\/\/batijournal.com\/wp-content\/uploads\/2017\/01\/paris.jpg","contentUrl":"https:\/\/batijournal.com\/wp-content\/uploads\/2017\/01\/paris.jpg","width":600,"height":400},{"@type":"BreadcrumbList","@id":"https:\/\/batijournal.com\/index.php\/les-6-priorites-de-la-federation-francaise-du-batiment-grand-paris-pour-les-municipales\/103891\/#breadcrumb","itemListElement":[{"@type":"ListItem","position":1,"name":"Accueil","item":"https:\/\/batijournal.com\/"},{"@type":"ListItem","position":2,"name":"Actualit\u00e9s","item":"https:\/\/batijournal.com\/index.php\/category\/actualites\/"},{"@type":"ListItem","position":3,"name":"Les 6 priorit\u00e9s de la F\u00e9d\u00e9ration Fran\u00e7aise du B\u00e2timent Grand Paris pour les municipales"}]},{"@type":"WebSite","@id":"https:\/\/batijournal.com\/#website","url":"https:\/\/batijournal.com\/","name":"Batijournal","description":"L&#039;actualit\u00e9 du b\u00e2timent","potentialAction":[{"@type":"SearchAction","target":{"@type":"EntryPoint","urlTemplate":"https:\/\/batijournal.com\/?s={search_term_string}"},"query-input":{"@type":"PropertyValueSpecification","valueRequired":true,"valueName":"search_term_string"}}],"inLanguage":"fr-FR"},{"@type":"Person","@id":"https:\/\/batijournal.com\/#\/schema\/person\/1dc96ec6957aa1ccb25ebe78bb19f100","name":"St\u00e9phane Miget","image":{"@type":"ImageObject","inLanguage":"fr-FR","@id":"https:\/\/secure.gravatar.com\/avatar\/89915563d925342126b8ef0281b93d9d7fc337043e8df017f780908eb9644451?s=96&d=mm&r=g","url":"https:\/\/secure.gravatar.com\/avatar\/89915563d925342126b8ef0281b93d9d7fc337043e8df017f780908eb9644451?s=96&d=mm&r=g","contentUrl":"https:\/\/secure.gravatar.com\/avatar\/89915563d925342126b8ef0281b93d9d7fc337043e8df017f780908eb9644451?s=96&d=mm&r=g","caption":"St\u00e9phane Miget"},"url":"https:\/\/batijournal.com\/index.php\/author\/stephane\/"}]}},"_links":{"self":[{"href":"https:\/\/batijournal.com\/index.php\/wp-json\/wp\/v2\/posts\/103891","targetHints":{"allow":["GET"]}}],"collection":[{"href":"https:\/\/batijournal.com\/index.php\/wp-json\/wp\/v2\/posts"}],"about":[{"href":"https:\/\/batijournal.com\/index.php\/wp-json\/wp\/v2\/types\/post"}],"author":[{"embeddable":true,"href":"https:\/\/batijournal.com\/index.php\/wp-json\/wp\/v2\/users\/17"}],"replies":[{"embeddable":true,"href":"https:\/\/batijournal.com\/index.php\/wp-json\/wp\/v2\/comments?post=103891"}],"version-history":[{"count":0,"href":"https:\/\/batijournal.com\/index.php\/wp-json\/wp\/v2\/posts\/103891\/revisions"}],"wp:featuredmedia":[{"embeddable":true,"href":"https:\/\/batijournal.com\/index.php\/wp-json\/wp\/v2\/media\/94860"}],"wp:attachment":[{"href":"https:\/\/batijournal.com\/index.php\/wp-json\/wp\/v2\/media?parent=103891"}],"wp:term":[{"taxonomy":"category","embeddable":true,"href":"https:\/\/batijournal.com\/index.php\/wp-json\/wp\/v2\/categories?post=103891"},{"taxonomy":"post_tag","embeddable":true,"href":"https:\/\/batijournal.com\/index.php\/wp-json\/wp\/v2\/tags?post=103891"}],"curies":[{"name":"wp","href":"https:\/\/api.w.org\/{rel}","templated":true}]}}