{"id":103897,"date":"2020-03-03T06:12:48","date_gmt":"2020-03-03T05:12:48","guid":{"rendered":"https:\/\/batijournal.com\/?p=103897"},"modified":"2020-03-03T06:12:50","modified_gmt":"2020-03-03T05:12:50","slug":"hausse-du-seuil-du-guichet-ouvert-photovoltaique-de-100-a-300-kwc","status":"publish","type":"post","link":"https:\/\/batijournal.com\/index.php\/hausse-du-seuil-du-guichet-ouvert-photovoltaique-de-100-a-300-kwc\/103897\/","title":{"rendered":"Hausse du seuil du guichet ouvert photovolta\u00efque de 100 \u00e0 300 kWc"},"content":{"rendered":"\n<p>Elisabeth BORNE, ministre de la Transition \u00e9cologique et solidaire, a annonc\u00e9 l\u2019augmentation de 100 \u00e0 300 kWc de la puissance maximale des installations photovolta\u00efques sur toitures pouvant b\u00e9n\u00e9ficier d&rsquo;un tarif d&rsquo;achat en guichet ouvert. Cette augmentation doit donner aux installations de 100 \u00e0 300 kWc un cadre de d\u00e9veloppement plus efficace que le dispositif d\u2019appel d\u2019offres actuel qui, apr\u00e8s plusieurs p\u00e9riodes de sous-souscription, a montr\u00e9 ses limites pour acc\u00e9l\u00e9rer la dynamique du march\u00e9. Le guichet ouvert est plus adapt\u00e9 aux projets de 100 \u00e0 300 kWc qui supportent, en proportion, une structure de co\u00fbts fixes plus importante que les plus grands projets. Ce dispositif offre la garantie d\u2019un niveau de r\u00e9mun\u00e9ration et de loyer aux d\u00e9veloppeurs et aux bailleurs, et permet de facto de r\u00e9duire les d\u00e9lais de d\u00e9veloppement et de r\u00e9alisation. Cette hausse du seuil de puissance du guichet va faciliter la r\u00e9alisation de projets, en particulier dans le monde agricole, le secteur industriel ou encore dans l\u2019\u00e9quipement des b\u00e2timents publics et permettre d\u2019acc\u00e9l\u00e9rer le d\u00e9veloppement du parc photovolta\u00efque fran\u00e7ais.<\/p>\n\n\n\n<p><em>\u00a0\u00bb La fili\u00e8re attendait cette annonce de longue date, d\u00e9clare Jean-Louis BAL, pr\u00e9sident du SER. Nous esp\u00e9rons d\u00e9sormais que les modalit\u00e9s de ce futur guichet ouvert, en particulier le niveau du tarif d\u2019achat, permettront une v\u00e9ritable acc\u00e9l\u00e9ration de la fili\u00e8re\u00a0\u00bb<\/em>. <em>\u00ab\u00a0Le m\u00e9canisme de r\u00e9mun\u00e9ration de ce futur guichet ouvert doit \u00eatre vertueux et inciter tous les acteurs \u00e0 privil\u00e9gier l&rsquo;excellence technologique et environnementale et nous y serons attentifs\u00a0\u00bb<\/em> indique Xavier DAVAL, pr\u00e9sident de la commission solaire du SER.<\/p>\n","protected":false},"excerpt":{"rendered":"<p>Elisabeth BORNE, ministre de la Transition \u00e9cologique et solidaire, a annonc\u00e9 l\u2019augmentation de 100 \u00e0 300 kWc de la puissance maximale des installations photovolta\u00efques sur toitures pouvant b\u00e9n\u00e9ficier d&rsquo;un tarif d&rsquo;achat en guichet ouvert. Cette augmentation doit donner aux installations de 100 \u00e0 300 kWc un cadre de d\u00e9veloppement plus efficace que le dispositif d\u2019appel [&hellip;]<\/p>\n","protected":false},"author":17,"featured_media":97910,"comment_status":"closed","ping_status":"closed","sticky":false,"template":"","format":"standard","meta":{"_et_pb_use_builder":"","_et_pb_old_content":"","_et_gb_content_width":"","footnotes":""},"categories":[10530,6351,10781,10778],"tags":[10733],"class_list":["post-103897","post","type-post","status-publish","format-standard","has-post-thumbnail","hentry","category-actualites","category-energie-environnement","category-publications-planete","category-planete","tag-electricite-photovoltaique"],"yoast_head":"<!-- This site is optimized with the Yoast SEO plugin v27.4 - https:\/\/yoast.com\/product\/yoast-seo-wordpress\/ -->\n<title>Hausse du seuil du guichet ouvert photovolta\u00efque de 100 \u00e0 300 kWc<\/title>\n<meta name=\"robots\" content=\"index, follow, max-snippet:-1, max-image-preview:large, max-video-preview:-1\" \/>\n<link rel=\"canonical\" href=\"https:\/\/batijournal.com\/index.php\/hausse-du-seuil-du-guichet-ouvert-photovoltaique-de-100-a-300-kwc\/103897\/\" \/>\n<meta property=\"og:locale\" content=\"fr_FR\" \/>\n<meta property=\"og:type\" content=\"article\" \/>\n<meta property=\"og:title\" content=\"Hausse du seuil du guichet ouvert photovolta\u00efque de 100 \u00e0 300 kWc\" \/>\n<meta property=\"og:description\" content=\"Elisabeth BORNE, ministre de la Transition \u00e9cologique et solidaire, a annonc\u00e9 l\u2019augmentation de 100 \u00e0 300 kWc de la puissance maximale des installations photovolta\u00efques sur toitures pouvant b\u00e9n\u00e9ficier d&rsquo;un tarif d&rsquo;achat en guichet ouvert. Cette augmentation doit donner aux installations de 100 \u00e0 300 kWc un cadre de d\u00e9veloppement plus efficace que le dispositif d\u2019appel [&hellip;]\" \/>\n<meta property=\"og:url\" content=\"https:\/\/batijournal.com\/index.php\/hausse-du-seuil-du-guichet-ouvert-photovoltaique-de-100-a-300-kwc\/103897\/\" \/>\n<meta property=\"og:site_name\" content=\"Batijournal\" \/>\n<meta property=\"article:published_time\" content=\"2020-03-03T05:12:48+00:00\" \/>\n<meta property=\"article:modified_time\" content=\"2020-03-03T05:12:50+00:00\" \/>\n<meta property=\"og:image\" content=\"https:\/\/batijournal.com\/wp-content\/uploads\/2017\/12\/centrale-photovoltaique-sur-toiture.png\" \/>\n\t<meta property=\"og:image:width\" content=\"732\" \/>\n\t<meta property=\"og:image:height\" content=\"489\" \/>\n\t<meta property=\"og:image:type\" content=\"image\/png\" \/>\n<meta name=\"author\" content=\"St\u00e9phane Miget\" \/>\n<meta name=\"twitter:card\" content=\"summary_large_image\" \/>\n<meta name=\"twitter:creator\" content=\"@bati_journal\" \/>\n<meta name=\"twitter:site\" content=\"@bati_journal\" \/>\n<meta name=\"twitter:label1\" content=\"\u00c9crit par\" \/>\n\t<meta name=\"twitter:data1\" content=\"St\u00e9phane Miget\" \/>\n\t<meta name=\"twitter:label2\" content=\"Dur\u00e9e de lecture estim\u00e9e\" \/>\n\t<meta name=\"twitter:data2\" content=\"1 minute\" \/>\n<script type=\"application\/ld+json\" class=\"yoast-schema-graph\">{\"@context\":\"https:\\\/\\\/schema.org\",\"@graph\":[{\"@type\":\"Article\",\"@id\":\"https:\\\/\\\/batijournal.com\\\/index.php\\\/hausse-du-seuil-du-guichet-ouvert-photovoltaique-de-100-a-300-kwc\\\/103897\\\/#article\",\"isPartOf\":{\"@id\":\"https:\\\/\\\/batijournal.com\\\/index.php\\\/hausse-du-seuil-du-guichet-ouvert-photovoltaique-de-100-a-300-kwc\\\/103897\\\/\"},\"author\":{\"name\":\"St\u00e9phane Miget\",\"@id\":\"https:\\\/\\\/batijournal.com\\\/#\\\/schema\\\/person\\\/1dc96ec6957aa1ccb25ebe78bb19f100\"},\"headline\":\"Hausse du seuil du guichet ouvert photovolta\u00efque de 100 \u00e0 300 kWc\",\"datePublished\":\"2020-03-03T05:12:48+00:00\",\"dateModified\":\"2020-03-03T05:12:50+00:00\",\"mainEntityOfPage\":{\"@id\":\"https:\\\/\\\/batijournal.com\\\/index.php\\\/hausse-du-seuil-du-guichet-ouvert-photovoltaique-de-100-a-300-kwc\\\/103897\\\/\"},\"wordCount\":296,\"image\":{\"@id\":\"https:\\\/\\\/batijournal.com\\\/index.php\\\/hausse-du-seuil-du-guichet-ouvert-photovoltaique-de-100-a-300-kwc\\\/103897\\\/#primaryimage\"},\"thumbnailUrl\":\"https:\\\/\\\/batijournal.com\\\/wp-content\\\/uploads\\\/2017\\\/12\\\/centrale-photovoltaique-sur-toiture.png\",\"keywords\":[\"\u00e9lectricit\u00e9 photovolta\u00efque\"],\"articleSection\":[\"Actualit\u00e9s\",\"\u00c9nergie &amp; Environnement\",\"zz_Actualit\u00e9s - Plan\u00e8te\",\"zz_Plan\u00e8te B\u00e2timent\"],\"inLanguage\":\"fr-FR\"},{\"@type\":\"WebPage\",\"@id\":\"https:\\\/\\\/batijournal.com\\\/index.php\\\/hausse-du-seuil-du-guichet-ouvert-photovoltaique-de-100-a-300-kwc\\\/103897\\\/\",\"url\":\"https:\\\/\\\/batijournal.com\\\/index.php\\\/hausse-du-seuil-du-guichet-ouvert-photovoltaique-de-100-a-300-kwc\\\/103897\\\/\",\"name\":\"Hausse du seuil du guichet ouvert photovolta\u00efque de 100 \u00e0 300 kWc\",\"isPartOf\":{\"@id\":\"https:\\\/\\\/batijournal.com\\\/#website\"},\"primaryImageOfPage\":{\"@id\":\"https:\\\/\\\/batijournal.com\\\/index.php\\\/hausse-du-seuil-du-guichet-ouvert-photovoltaique-de-100-a-300-kwc\\\/103897\\\/#primaryimage\"},\"image\":{\"@id\":\"https:\\\/\\\/batijournal.com\\\/index.php\\\/hausse-du-seuil-du-guichet-ouvert-photovoltaique-de-100-a-300-kwc\\\/103897\\\/#primaryimage\"},\"thumbnailUrl\":\"https:\\\/\\\/batijournal.com\\\/wp-content\\\/uploads\\\/2017\\\/12\\\/centrale-photovoltaique-sur-toiture.png\",\"datePublished\":\"2020-03-03T05:12:48+00:00\",\"dateModified\":\"2020-03-03T05:12:50+00:00\",\"author\":{\"@id\":\"https:\\\/\\\/batijournal.com\\\/#\\\/schema\\\/person\\\/1dc96ec6957aa1ccb25ebe78bb19f100\"},\"breadcrumb\":{\"@id\":\"https:\\\/\\\/batijournal.com\\\/index.php\\\/hausse-du-seuil-du-guichet-ouvert-photovoltaique-de-100-a-300-kwc\\\/103897\\\/#breadcrumb\"},\"inLanguage\":\"fr-FR\",\"potentialAction\":[{\"@type\":\"ReadAction\",\"target\":[\"https:\\\/\\\/batijournal.com\\\/index.php\\\/hausse-du-seuil-du-guichet-ouvert-photovoltaique-de-100-a-300-kwc\\\/103897\\\/\"]}]},{\"@type\":\"ImageObject\",\"inLanguage\":\"fr-FR\",\"@id\":\"https:\\\/\\\/batijournal.com\\\/index.php\\\/hausse-du-seuil-du-guichet-ouvert-photovoltaique-de-100-a-300-kwc\\\/103897\\\/#primaryimage\",\"url\":\"https:\\\/\\\/batijournal.com\\\/wp-content\\\/uploads\\\/2017\\\/12\\\/centrale-photovoltaique-sur-toiture.png\",\"contentUrl\":\"https:\\\/\\\/batijournal.com\\\/wp-content\\\/uploads\\\/2017\\\/12\\\/centrale-photovoltaique-sur-toiture.png\",\"width\":732,\"height\":489},{\"@type\":\"BreadcrumbList\",\"@id\":\"https:\\\/\\\/batijournal.com\\\/index.php\\\/hausse-du-seuil-du-guichet-ouvert-photovoltaique-de-100-a-300-kwc\\\/103897\\\/#breadcrumb\",\"itemListElement\":[{\"@type\":\"ListItem\",\"position\":1,\"name\":\"Accueil\",\"item\":\"https:\\\/\\\/batijournal.com\\\/\"},{\"@type\":\"ListItem\",\"position\":2,\"name\":\"Actualit\u00e9s\",\"item\":\"https:\\\/\\\/batijournal.com\\\/index.php\\\/category\\\/actualites\\\/\"},{\"@type\":\"ListItem\",\"position\":3,\"name\":\"Hausse du seuil du guichet ouvert photovolta\u00efque de 100 \u00e0 300 kWc\"}]},{\"@type\":\"WebSite\",\"@id\":\"https:\\\/\\\/batijournal.com\\\/#website\",\"url\":\"https:\\\/\\\/batijournal.com\\\/\",\"name\":\"Batijournal\",\"description\":\"L&#039;actualit\u00e9 du b\u00e2timent\",\"potentialAction\":[{\"@type\":\"SearchAction\",\"target\":{\"@type\":\"EntryPoint\",\"urlTemplate\":\"https:\\\/\\\/batijournal.com\\\/?s={search_term_string}\"},\"query-input\":{\"@type\":\"PropertyValueSpecification\",\"valueRequired\":true,\"valueName\":\"search_term_string\"}}],\"inLanguage\":\"fr-FR\"},{\"@type\":\"Person\",\"@id\":\"https:\\\/\\\/batijournal.com\\\/#\\\/schema\\\/person\\\/1dc96ec6957aa1ccb25ebe78bb19f100\",\"name\":\"St\u00e9phane Miget\",\"image\":{\"@type\":\"ImageObject\",\"inLanguage\":\"fr-FR\",\"@id\":\"https:\\\/\\\/secure.gravatar.com\\\/avatar\\\/89915563d925342126b8ef0281b93d9d7fc337043e8df017f780908eb9644451?s=96&d=mm&r=g\",\"url\":\"https:\\\/\\\/secure.gravatar.com\\\/avatar\\\/89915563d925342126b8ef0281b93d9d7fc337043e8df017f780908eb9644451?s=96&d=mm&r=g\",\"contentUrl\":\"https:\\\/\\\/secure.gravatar.com\\\/avatar\\\/89915563d925342126b8ef0281b93d9d7fc337043e8df017f780908eb9644451?s=96&d=mm&r=g\",\"caption\":\"St\u00e9phane Miget\"},\"url\":\"https:\\\/\\\/batijournal.com\\\/index.php\\\/author\\\/stephane\\\/\"}]}<\/script>\n<!-- \/ Yoast SEO plugin. -->","yoast_head_json":{"title":"Hausse du seuil du guichet ouvert photovolta\u00efque de 100 \u00e0 300 kWc","robots":{"index":"index","follow":"follow","max-snippet":"max-snippet:-1","max-image-preview":"max-image-preview:large","max-video-preview":"max-video-preview:-1"},"canonical":"https:\/\/batijournal.com\/index.php\/hausse-du-seuil-du-guichet-ouvert-photovoltaique-de-100-a-300-kwc\/103897\/","og_locale":"fr_FR","og_type":"article","og_title":"Hausse du seuil du guichet ouvert photovolta\u00efque de 100 \u00e0 300 kWc","og_description":"Elisabeth BORNE, ministre de la Transition \u00e9cologique et solidaire, a annonc\u00e9 l\u2019augmentation de 100 \u00e0 300 kWc de la puissance maximale des installations photovolta\u00efques sur toitures pouvant b\u00e9n\u00e9ficier d&rsquo;un tarif d&rsquo;achat en guichet ouvert. Cette augmentation doit donner aux installations de 100 \u00e0 300 kWc un cadre de d\u00e9veloppement plus efficace que le dispositif d\u2019appel [&hellip;]","og_url":"https:\/\/batijournal.com\/index.php\/hausse-du-seuil-du-guichet-ouvert-photovoltaique-de-100-a-300-kwc\/103897\/","og_site_name":"Batijournal","article_published_time":"2020-03-03T05:12:48+00:00","article_modified_time":"2020-03-03T05:12:50+00:00","og_image":[{"width":732,"height":489,"url":"https:\/\/batijournal.com\/wp-content\/uploads\/2017\/12\/centrale-photovoltaique-sur-toiture.png","type":"image\/png"}],"author":"St\u00e9phane Miget","twitter_card":"summary_large_image","twitter_creator":"@bati_journal","twitter_site":"@bati_journal","twitter_misc":{"\u00c9crit par":"St\u00e9phane Miget","Dur\u00e9e de lecture estim\u00e9e":"1 minute"},"schema":{"@context":"https:\/\/schema.org","@graph":[{"@type":"Article","@id":"https:\/\/batijournal.com\/index.php\/hausse-du-seuil-du-guichet-ouvert-photovoltaique-de-100-a-300-kwc\/103897\/#article","isPartOf":{"@id":"https:\/\/batijournal.com\/index.php\/hausse-du-seuil-du-guichet-ouvert-photovoltaique-de-100-a-300-kwc\/103897\/"},"author":{"name":"St\u00e9phane Miget","@id":"https:\/\/batijournal.com\/#\/schema\/person\/1dc96ec6957aa1ccb25ebe78bb19f100"},"headline":"Hausse du seuil du guichet ouvert photovolta\u00efque de 100 \u00e0 300 kWc","datePublished":"2020-03-03T05:12:48+00:00","dateModified":"2020-03-03T05:12:50+00:00","mainEntityOfPage":{"@id":"https:\/\/batijournal.com\/index.php\/hausse-du-seuil-du-guichet-ouvert-photovoltaique-de-100-a-300-kwc\/103897\/"},"wordCount":296,"image":{"@id":"https:\/\/batijournal.com\/index.php\/hausse-du-seuil-du-guichet-ouvert-photovoltaique-de-100-a-300-kwc\/103897\/#primaryimage"},"thumbnailUrl":"https:\/\/batijournal.com\/wp-content\/uploads\/2017\/12\/centrale-photovoltaique-sur-toiture.png","keywords":["\u00e9lectricit\u00e9 photovolta\u00efque"],"articleSection":["Actualit\u00e9s","\u00c9nergie &amp; Environnement","zz_Actualit\u00e9s - Plan\u00e8te","zz_Plan\u00e8te B\u00e2timent"],"inLanguage":"fr-FR"},{"@type":"WebPage","@id":"https:\/\/batijournal.com\/index.php\/hausse-du-seuil-du-guichet-ouvert-photovoltaique-de-100-a-300-kwc\/103897\/","url":"https:\/\/batijournal.com\/index.php\/hausse-du-seuil-du-guichet-ouvert-photovoltaique-de-100-a-300-kwc\/103897\/","name":"Hausse du seuil du guichet ouvert photovolta\u00efque de 100 \u00e0 300 kWc","isPartOf":{"@id":"https:\/\/batijournal.com\/#website"},"primaryImageOfPage":{"@id":"https:\/\/batijournal.com\/index.php\/hausse-du-seuil-du-guichet-ouvert-photovoltaique-de-100-a-300-kwc\/103897\/#primaryimage"},"image":{"@id":"https:\/\/batijournal.com\/index.php\/hausse-du-seuil-du-guichet-ouvert-photovoltaique-de-100-a-300-kwc\/103897\/#primaryimage"},"thumbnailUrl":"https:\/\/batijournal.com\/wp-content\/uploads\/2017\/12\/centrale-photovoltaique-sur-toiture.png","datePublished":"2020-03-03T05:12:48+00:00","dateModified":"2020-03-03T05:12:50+00:00","author":{"@id":"https:\/\/batijournal.com\/#\/schema\/person\/1dc96ec6957aa1ccb25ebe78bb19f100"},"breadcrumb":{"@id":"https:\/\/batijournal.com\/index.php\/hausse-du-seuil-du-guichet-ouvert-photovoltaique-de-100-a-300-kwc\/103897\/#breadcrumb"},"inLanguage":"fr-FR","potentialAction":[{"@type":"ReadAction","target":["https:\/\/batijournal.com\/index.php\/hausse-du-seuil-du-guichet-ouvert-photovoltaique-de-100-a-300-kwc\/103897\/"]}]},{"@type":"ImageObject","inLanguage":"fr-FR","@id":"https:\/\/batijournal.com\/index.php\/hausse-du-seuil-du-guichet-ouvert-photovoltaique-de-100-a-300-kwc\/103897\/#primaryimage","url":"https:\/\/batijournal.com\/wp-content\/uploads\/2017\/12\/centrale-photovoltaique-sur-toiture.png","contentUrl":"https:\/\/batijournal.com\/wp-content\/uploads\/2017\/12\/centrale-photovoltaique-sur-toiture.png","width":732,"height":489},{"@type":"BreadcrumbList","@id":"https:\/\/batijournal.com\/index.php\/hausse-du-seuil-du-guichet-ouvert-photovoltaique-de-100-a-300-kwc\/103897\/#breadcrumb","itemListElement":[{"@type":"ListItem","position":1,"name":"Accueil","item":"https:\/\/batijournal.com\/"},{"@type":"ListItem","position":2,"name":"Actualit\u00e9s","item":"https:\/\/batijournal.com\/index.php\/category\/actualites\/"},{"@type":"ListItem","position":3,"name":"Hausse du seuil du guichet ouvert photovolta\u00efque de 100 \u00e0 300 kWc"}]},{"@type":"WebSite","@id":"https:\/\/batijournal.com\/#website","url":"https:\/\/batijournal.com\/","name":"Batijournal","description":"L&#039;actualit\u00e9 du b\u00e2timent","potentialAction":[{"@type":"SearchAction","target":{"@type":"EntryPoint","urlTemplate":"https:\/\/batijournal.com\/?s={search_term_string}"},"query-input":{"@type":"PropertyValueSpecification","valueRequired":true,"valueName":"search_term_string"}}],"inLanguage":"fr-FR"},{"@type":"Person","@id":"https:\/\/batijournal.com\/#\/schema\/person\/1dc96ec6957aa1ccb25ebe78bb19f100","name":"St\u00e9phane Miget","image":{"@type":"ImageObject","inLanguage":"fr-FR","@id":"https:\/\/secure.gravatar.com\/avatar\/89915563d925342126b8ef0281b93d9d7fc337043e8df017f780908eb9644451?s=96&d=mm&r=g","url":"https:\/\/secure.gravatar.com\/avatar\/89915563d925342126b8ef0281b93d9d7fc337043e8df017f780908eb9644451?s=96&d=mm&r=g","contentUrl":"https:\/\/secure.gravatar.com\/avatar\/89915563d925342126b8ef0281b93d9d7fc337043e8df017f780908eb9644451?s=96&d=mm&r=g","caption":"St\u00e9phane Miget"},"url":"https:\/\/batijournal.com\/index.php\/author\/stephane\/"}]}},"_links":{"self":[{"href":"https:\/\/batijournal.com\/index.php\/wp-json\/wp\/v2\/posts\/103897","targetHints":{"allow":["GET"]}}],"collection":[{"href":"https:\/\/batijournal.com\/index.php\/wp-json\/wp\/v2\/posts"}],"about":[{"href":"https:\/\/batijournal.com\/index.php\/wp-json\/wp\/v2\/types\/post"}],"author":[{"embeddable":true,"href":"https:\/\/batijournal.com\/index.php\/wp-json\/wp\/v2\/users\/17"}],"replies":[{"embeddable":true,"href":"https:\/\/batijournal.com\/index.php\/wp-json\/wp\/v2\/comments?post=103897"}],"version-history":[{"count":0,"href":"https:\/\/batijournal.com\/index.php\/wp-json\/wp\/v2\/posts\/103897\/revisions"}],"wp:featuredmedia":[{"embeddable":true,"href":"https:\/\/batijournal.com\/index.php\/wp-json\/wp\/v2\/media\/97910"}],"wp:attachment":[{"href":"https:\/\/batijournal.com\/index.php\/wp-json\/wp\/v2\/media?parent=103897"}],"wp:term":[{"taxonomy":"category","embeddable":true,"href":"https:\/\/batijournal.com\/index.php\/wp-json\/wp\/v2\/categories?post=103897"},{"taxonomy":"post_tag","embeddable":true,"href":"https:\/\/batijournal.com\/index.php\/wp-json\/wp\/v2\/tags?post=103897"}],"curies":[{"name":"wp","href":"https:\/\/api.w.org\/{rel}","templated":true}]}}