{"id":103899,"date":"2020-03-03T06:15:35","date_gmt":"2020-03-03T05:15:35","guid":{"rendered":"https:\/\/batijournal.com\/?p=103899"},"modified":"2020-03-03T06:15:36","modified_gmt":"2020-03-03T05:15:36","slug":"securite-de-lapprovisionnement-electrique-377-mw-de-nouvelles-capacites","status":"publish","type":"post","link":"https:\/\/batijournal.com\/index.php\/securite-de-lapprovisionnement-electrique-377-mw-de-nouvelles-capacites\/103899\/","title":{"rendered":"S\u00e9curit\u00e9 de l&rsquo;approvisionnement \u00e9lectrique : 377 MW de nouvelles capacit\u00e9s"},"content":{"rendered":"\n<p>Le m\u00e9canisme de capacit\u00e9 contribue depuis 2017 \u00e0 assurer la pr\u00e9sence de capacit\u00e9s fiables et disponibles pendant les pointes de consommation hivernales. Le principe du m\u00e9canisme de capacit\u00e9 repose sur l\u2019obligation pour chaque fournisseur d\u2019\u00e9lectricit\u00e9 de couvrir, par des garanties de capacit\u00e9, la consommation de ses clients lors des pics de consommation \u00e9lectrique. Afin d\u2019assurer le d\u00e9veloppement des nouvelles capacit\u00e9s, n\u00e9cessaires pour couvrir la demande lors des p\u00e9riodes de tension, ce m\u00e9canisme pr\u00e9voit l\u2019organisation d\u2019appels d\u2019offres visant \u00e0 s\u00e9curiser un revenu pour ces capacit\u00e9s sur une p\u00e9riode de 7 ans, lorsque RTE (R\u00e9seau de transport d&rsquo;\u00e9lectricit\u00e9) identifie un besoin. Quatre premiers appels d\u2019offres couvrant respectivement les p\u00e9riodes 2020-2026, 2021-2027, 2022-2028 et 2023-2029 ont \u00e9t\u00e9 lanc\u00e9s le 12 juin 2019. \u00c9lisabeth Borne, ministre de la Transition \u00e9cologique et solidaire, vient de d\u00e9signer les laur\u00e9ats de ces appels d\u2019offres. Au total, ce sont 377 MW de nouvelles capacit\u00e9s qui seront soutenus, dont 253 MW de nouvelles capacit\u00e9s de stockage, et 124 MW de nouvelles capacit\u00e9s d\u2019effacement de consommation, contribuant ainsi \u00e0 la s\u00e9curit\u00e9 d\u2019approvisionnement et \u00e0 l\u2019atteinte des objectifs de la PPE en mati\u00e8re de d\u00e9veloppement du stockage et de la flexibilit\u00e9 de la demande \u00e9lectrique.<\/p>\n","protected":false},"excerpt":{"rendered":"<p>Le m\u00e9canisme de capacit\u00e9 contribue depuis 2017 \u00e0 assurer la pr\u00e9sence de capacit\u00e9s fiables et disponibles pendant les pointes de consommation hivernales. Le principe du m\u00e9canisme de capacit\u00e9 repose sur l\u2019obligation pour chaque fournisseur d\u2019\u00e9lectricit\u00e9 de couvrir, par des garanties de capacit\u00e9, la consommation de ses clients lors des pics de consommation \u00e9lectrique. Afin d\u2019assurer [&hellip;]<\/p>\n","protected":false},"author":17,"featured_media":102474,"comment_status":"closed","ping_status":"closed","sticky":false,"template":"","format":"standard","meta":{"_et_pb_use_builder":"","_et_pb_old_content":"","_et_gb_content_width":"","footnotes":""},"categories":[10530,6351,10781,10778],"tags":[382],"class_list":["post-103899","post","type-post","status-publish","format-standard","has-post-thumbnail","hentry","category-actualites","category-energie-environnement","category-publications-planete","category-planete","tag-electricite"],"yoast_head":"<!-- This site is optimized with the Yoast SEO plugin v27.4 - https:\/\/yoast.com\/product\/yoast-seo-wordpress\/ -->\n<title>S\u00e9curit\u00e9 de l&#039;approvisionnement \u00e9lectrique : 377 MW de nouvelles capacit\u00e9s<\/title>\n<meta name=\"robots\" content=\"index, follow, max-snippet:-1, max-image-preview:large, max-video-preview:-1\" \/>\n<link rel=\"canonical\" href=\"https:\/\/batijournal.com\/index.php\/securite-de-lapprovisionnement-electrique-377-mw-de-nouvelles-capacites\/103899\/\" \/>\n<meta property=\"og:locale\" content=\"fr_FR\" \/>\n<meta property=\"og:type\" content=\"article\" \/>\n<meta property=\"og:title\" content=\"S\u00e9curit\u00e9 de l&#039;approvisionnement \u00e9lectrique : 377 MW de nouvelles capacit\u00e9s\" \/>\n<meta property=\"og:description\" content=\"Le m\u00e9canisme de capacit\u00e9 contribue depuis 2017 \u00e0 assurer la pr\u00e9sence de capacit\u00e9s fiables et disponibles pendant les pointes de consommation hivernales. Le principe du m\u00e9canisme de capacit\u00e9 repose sur l\u2019obligation pour chaque fournisseur d\u2019\u00e9lectricit\u00e9 de couvrir, par des garanties de capacit\u00e9, la consommation de ses clients lors des pics de consommation \u00e9lectrique. Afin d\u2019assurer [&hellip;]\" \/>\n<meta property=\"og:url\" content=\"https:\/\/batijournal.com\/index.php\/securite-de-lapprovisionnement-electrique-377-mw-de-nouvelles-capacites\/103899\/\" \/>\n<meta property=\"og:site_name\" content=\"Batijournal\" \/>\n<meta property=\"article:published_time\" content=\"2020-03-03T05:15:35+00:00\" \/>\n<meta property=\"article:modified_time\" content=\"2020-03-03T05:15:36+00:00\" \/>\n<meta property=\"og:image\" content=\"https:\/\/batijournal.com\/wp-content\/uploads\/2019\/06\/pylone-electrique-reseau-electricite.jpg\" \/>\n\t<meta property=\"og:image:width\" content=\"1200\" \/>\n\t<meta property=\"og:image:height\" content=\"728\" \/>\n\t<meta property=\"og:image:type\" content=\"image\/jpeg\" \/>\n<meta name=\"author\" content=\"St\u00e9phane Miget\" \/>\n<meta name=\"twitter:card\" content=\"summary_large_image\" \/>\n<meta name=\"twitter:creator\" content=\"@bati_journal\" \/>\n<meta name=\"twitter:site\" content=\"@bati_journal\" \/>\n<meta name=\"twitter:label1\" content=\"\u00c9crit par\" \/>\n\t<meta name=\"twitter:data1\" content=\"St\u00e9phane Miget\" \/>\n\t<meta name=\"twitter:label2\" content=\"Dur\u00e9e de lecture estim\u00e9e\" \/>\n\t<meta name=\"twitter:data2\" content=\"1 minute\" \/>\n<script type=\"application\/ld+json\" class=\"yoast-schema-graph\">{\"@context\":\"https:\\\/\\\/schema.org\",\"@graph\":[{\"@type\":\"Article\",\"@id\":\"https:\\\/\\\/batijournal.com\\\/index.php\\\/securite-de-lapprovisionnement-electrique-377-mw-de-nouvelles-capacites\\\/103899\\\/#article\",\"isPartOf\":{\"@id\":\"https:\\\/\\\/batijournal.com\\\/index.php\\\/securite-de-lapprovisionnement-electrique-377-mw-de-nouvelles-capacites\\\/103899\\\/\"},\"author\":{\"name\":\"St\u00e9phane Miget\",\"@id\":\"https:\\\/\\\/batijournal.com\\\/#\\\/schema\\\/person\\\/1dc96ec6957aa1ccb25ebe78bb19f100\"},\"headline\":\"S\u00e9curit\u00e9 de l&rsquo;approvisionnement \u00e9lectrique : 377 MW de nouvelles capacit\u00e9s\",\"datePublished\":\"2020-03-03T05:15:35+00:00\",\"dateModified\":\"2020-03-03T05:15:36+00:00\",\"mainEntityOfPage\":{\"@id\":\"https:\\\/\\\/batijournal.com\\\/index.php\\\/securite-de-lapprovisionnement-electrique-377-mw-de-nouvelles-capacites\\\/103899\\\/\"},\"wordCount\":230,\"image\":{\"@id\":\"https:\\\/\\\/batijournal.com\\\/index.php\\\/securite-de-lapprovisionnement-electrique-377-mw-de-nouvelles-capacites\\\/103899\\\/#primaryimage\"},\"thumbnailUrl\":\"https:\\\/\\\/batijournal.com\\\/wp-content\\\/uploads\\\/2019\\\/06\\\/pylone-electrique-reseau-electricite.jpg\",\"keywords\":[\"\u00e9lectricit\u00e9\"],\"articleSection\":[\"Actualit\u00e9s\",\"\u00c9nergie &amp; Environnement\",\"zz_Actualit\u00e9s - Plan\u00e8te\",\"zz_Plan\u00e8te B\u00e2timent\"],\"inLanguage\":\"fr-FR\"},{\"@type\":\"WebPage\",\"@id\":\"https:\\\/\\\/batijournal.com\\\/index.php\\\/securite-de-lapprovisionnement-electrique-377-mw-de-nouvelles-capacites\\\/103899\\\/\",\"url\":\"https:\\\/\\\/batijournal.com\\\/index.php\\\/securite-de-lapprovisionnement-electrique-377-mw-de-nouvelles-capacites\\\/103899\\\/\",\"name\":\"S\u00e9curit\u00e9 de l'approvisionnement \u00e9lectrique : 377 MW de nouvelles capacit\u00e9s\",\"isPartOf\":{\"@id\":\"https:\\\/\\\/batijournal.com\\\/#website\"},\"primaryImageOfPage\":{\"@id\":\"https:\\\/\\\/batijournal.com\\\/index.php\\\/securite-de-lapprovisionnement-electrique-377-mw-de-nouvelles-capacites\\\/103899\\\/#primaryimage\"},\"image\":{\"@id\":\"https:\\\/\\\/batijournal.com\\\/index.php\\\/securite-de-lapprovisionnement-electrique-377-mw-de-nouvelles-capacites\\\/103899\\\/#primaryimage\"},\"thumbnailUrl\":\"https:\\\/\\\/batijournal.com\\\/wp-content\\\/uploads\\\/2019\\\/06\\\/pylone-electrique-reseau-electricite.jpg\",\"datePublished\":\"2020-03-03T05:15:35+00:00\",\"dateModified\":\"2020-03-03T05:15:36+00:00\",\"author\":{\"@id\":\"https:\\\/\\\/batijournal.com\\\/#\\\/schema\\\/person\\\/1dc96ec6957aa1ccb25ebe78bb19f100\"},\"breadcrumb\":{\"@id\":\"https:\\\/\\\/batijournal.com\\\/index.php\\\/securite-de-lapprovisionnement-electrique-377-mw-de-nouvelles-capacites\\\/103899\\\/#breadcrumb\"},\"inLanguage\":\"fr-FR\",\"potentialAction\":[{\"@type\":\"ReadAction\",\"target\":[\"https:\\\/\\\/batijournal.com\\\/index.php\\\/securite-de-lapprovisionnement-electrique-377-mw-de-nouvelles-capacites\\\/103899\\\/\"]}]},{\"@type\":\"ImageObject\",\"inLanguage\":\"fr-FR\",\"@id\":\"https:\\\/\\\/batijournal.com\\\/index.php\\\/securite-de-lapprovisionnement-electrique-377-mw-de-nouvelles-capacites\\\/103899\\\/#primaryimage\",\"url\":\"https:\\\/\\\/batijournal.com\\\/wp-content\\\/uploads\\\/2019\\\/06\\\/pylone-electrique-reseau-electricite.jpg\",\"contentUrl\":\"https:\\\/\\\/batijournal.com\\\/wp-content\\\/uploads\\\/2019\\\/06\\\/pylone-electrique-reseau-electricite.jpg\",\"width\":1200,\"height\":728},{\"@type\":\"BreadcrumbList\",\"@id\":\"https:\\\/\\\/batijournal.com\\\/index.php\\\/securite-de-lapprovisionnement-electrique-377-mw-de-nouvelles-capacites\\\/103899\\\/#breadcrumb\",\"itemListElement\":[{\"@type\":\"ListItem\",\"position\":1,\"name\":\"Accueil\",\"item\":\"https:\\\/\\\/batijournal.com\\\/\"},{\"@type\":\"ListItem\",\"position\":2,\"name\":\"Actualit\u00e9s\",\"item\":\"https:\\\/\\\/batijournal.com\\\/index.php\\\/category\\\/actualites\\\/\"},{\"@type\":\"ListItem\",\"position\":3,\"name\":\"S\u00e9curit\u00e9 de l&rsquo;approvisionnement \u00e9lectrique : 377 MW de nouvelles capacit\u00e9s\"}]},{\"@type\":\"WebSite\",\"@id\":\"https:\\\/\\\/batijournal.com\\\/#website\",\"url\":\"https:\\\/\\\/batijournal.com\\\/\",\"name\":\"Batijournal\",\"description\":\"L&#039;actualit\u00e9 du b\u00e2timent\",\"potentialAction\":[{\"@type\":\"SearchAction\",\"target\":{\"@type\":\"EntryPoint\",\"urlTemplate\":\"https:\\\/\\\/batijournal.com\\\/?s={search_term_string}\"},\"query-input\":{\"@type\":\"PropertyValueSpecification\",\"valueRequired\":true,\"valueName\":\"search_term_string\"}}],\"inLanguage\":\"fr-FR\"},{\"@type\":\"Person\",\"@id\":\"https:\\\/\\\/batijournal.com\\\/#\\\/schema\\\/person\\\/1dc96ec6957aa1ccb25ebe78bb19f100\",\"name\":\"St\u00e9phane Miget\",\"image\":{\"@type\":\"ImageObject\",\"inLanguage\":\"fr-FR\",\"@id\":\"https:\\\/\\\/secure.gravatar.com\\\/avatar\\\/89915563d925342126b8ef0281b93d9d7fc337043e8df017f780908eb9644451?s=96&d=mm&r=g\",\"url\":\"https:\\\/\\\/secure.gravatar.com\\\/avatar\\\/89915563d925342126b8ef0281b93d9d7fc337043e8df017f780908eb9644451?s=96&d=mm&r=g\",\"contentUrl\":\"https:\\\/\\\/secure.gravatar.com\\\/avatar\\\/89915563d925342126b8ef0281b93d9d7fc337043e8df017f780908eb9644451?s=96&d=mm&r=g\",\"caption\":\"St\u00e9phane Miget\"},\"url\":\"https:\\\/\\\/batijournal.com\\\/index.php\\\/author\\\/stephane\\\/\"}]}<\/script>\n<!-- \/ Yoast SEO plugin. -->","yoast_head_json":{"title":"S\u00e9curit\u00e9 de l'approvisionnement \u00e9lectrique : 377 MW de nouvelles capacit\u00e9s","robots":{"index":"index","follow":"follow","max-snippet":"max-snippet:-1","max-image-preview":"max-image-preview:large","max-video-preview":"max-video-preview:-1"},"canonical":"https:\/\/batijournal.com\/index.php\/securite-de-lapprovisionnement-electrique-377-mw-de-nouvelles-capacites\/103899\/","og_locale":"fr_FR","og_type":"article","og_title":"S\u00e9curit\u00e9 de l'approvisionnement \u00e9lectrique : 377 MW de nouvelles capacit\u00e9s","og_description":"Le m\u00e9canisme de capacit\u00e9 contribue depuis 2017 \u00e0 assurer la pr\u00e9sence de capacit\u00e9s fiables et disponibles pendant les pointes de consommation hivernales. Le principe du m\u00e9canisme de capacit\u00e9 repose sur l\u2019obligation pour chaque fournisseur d\u2019\u00e9lectricit\u00e9 de couvrir, par des garanties de capacit\u00e9, la consommation de ses clients lors des pics de consommation \u00e9lectrique. Afin d\u2019assurer [&hellip;]","og_url":"https:\/\/batijournal.com\/index.php\/securite-de-lapprovisionnement-electrique-377-mw-de-nouvelles-capacites\/103899\/","og_site_name":"Batijournal","article_published_time":"2020-03-03T05:15:35+00:00","article_modified_time":"2020-03-03T05:15:36+00:00","og_image":[{"width":1200,"height":728,"url":"https:\/\/batijournal.com\/wp-content\/uploads\/2019\/06\/pylone-electrique-reseau-electricite.jpg","type":"image\/jpeg"}],"author":"St\u00e9phane Miget","twitter_card":"summary_large_image","twitter_creator":"@bati_journal","twitter_site":"@bati_journal","twitter_misc":{"\u00c9crit par":"St\u00e9phane Miget","Dur\u00e9e de lecture estim\u00e9e":"1 minute"},"schema":{"@context":"https:\/\/schema.org","@graph":[{"@type":"Article","@id":"https:\/\/batijournal.com\/index.php\/securite-de-lapprovisionnement-electrique-377-mw-de-nouvelles-capacites\/103899\/#article","isPartOf":{"@id":"https:\/\/batijournal.com\/index.php\/securite-de-lapprovisionnement-electrique-377-mw-de-nouvelles-capacites\/103899\/"},"author":{"name":"St\u00e9phane Miget","@id":"https:\/\/batijournal.com\/#\/schema\/person\/1dc96ec6957aa1ccb25ebe78bb19f100"},"headline":"S\u00e9curit\u00e9 de l&rsquo;approvisionnement \u00e9lectrique : 377 MW de nouvelles capacit\u00e9s","datePublished":"2020-03-03T05:15:35+00:00","dateModified":"2020-03-03T05:15:36+00:00","mainEntityOfPage":{"@id":"https:\/\/batijournal.com\/index.php\/securite-de-lapprovisionnement-electrique-377-mw-de-nouvelles-capacites\/103899\/"},"wordCount":230,"image":{"@id":"https:\/\/batijournal.com\/index.php\/securite-de-lapprovisionnement-electrique-377-mw-de-nouvelles-capacites\/103899\/#primaryimage"},"thumbnailUrl":"https:\/\/batijournal.com\/wp-content\/uploads\/2019\/06\/pylone-electrique-reseau-electricite.jpg","keywords":["\u00e9lectricit\u00e9"],"articleSection":["Actualit\u00e9s","\u00c9nergie &amp; Environnement","zz_Actualit\u00e9s - Plan\u00e8te","zz_Plan\u00e8te B\u00e2timent"],"inLanguage":"fr-FR"},{"@type":"WebPage","@id":"https:\/\/batijournal.com\/index.php\/securite-de-lapprovisionnement-electrique-377-mw-de-nouvelles-capacites\/103899\/","url":"https:\/\/batijournal.com\/index.php\/securite-de-lapprovisionnement-electrique-377-mw-de-nouvelles-capacites\/103899\/","name":"S\u00e9curit\u00e9 de l'approvisionnement \u00e9lectrique : 377 MW de nouvelles capacit\u00e9s","isPartOf":{"@id":"https:\/\/batijournal.com\/#website"},"primaryImageOfPage":{"@id":"https:\/\/batijournal.com\/index.php\/securite-de-lapprovisionnement-electrique-377-mw-de-nouvelles-capacites\/103899\/#primaryimage"},"image":{"@id":"https:\/\/batijournal.com\/index.php\/securite-de-lapprovisionnement-electrique-377-mw-de-nouvelles-capacites\/103899\/#primaryimage"},"thumbnailUrl":"https:\/\/batijournal.com\/wp-content\/uploads\/2019\/06\/pylone-electrique-reseau-electricite.jpg","datePublished":"2020-03-03T05:15:35+00:00","dateModified":"2020-03-03T05:15:36+00:00","author":{"@id":"https:\/\/batijournal.com\/#\/schema\/person\/1dc96ec6957aa1ccb25ebe78bb19f100"},"breadcrumb":{"@id":"https:\/\/batijournal.com\/index.php\/securite-de-lapprovisionnement-electrique-377-mw-de-nouvelles-capacites\/103899\/#breadcrumb"},"inLanguage":"fr-FR","potentialAction":[{"@type":"ReadAction","target":["https:\/\/batijournal.com\/index.php\/securite-de-lapprovisionnement-electrique-377-mw-de-nouvelles-capacites\/103899\/"]}]},{"@type":"ImageObject","inLanguage":"fr-FR","@id":"https:\/\/batijournal.com\/index.php\/securite-de-lapprovisionnement-electrique-377-mw-de-nouvelles-capacites\/103899\/#primaryimage","url":"https:\/\/batijournal.com\/wp-content\/uploads\/2019\/06\/pylone-electrique-reseau-electricite.jpg","contentUrl":"https:\/\/batijournal.com\/wp-content\/uploads\/2019\/06\/pylone-electrique-reseau-electricite.jpg","width":1200,"height":728},{"@type":"BreadcrumbList","@id":"https:\/\/batijournal.com\/index.php\/securite-de-lapprovisionnement-electrique-377-mw-de-nouvelles-capacites\/103899\/#breadcrumb","itemListElement":[{"@type":"ListItem","position":1,"name":"Accueil","item":"https:\/\/batijournal.com\/"},{"@type":"ListItem","position":2,"name":"Actualit\u00e9s","item":"https:\/\/batijournal.com\/index.php\/category\/actualites\/"},{"@type":"ListItem","position":3,"name":"S\u00e9curit\u00e9 de l&rsquo;approvisionnement \u00e9lectrique : 377 MW de nouvelles capacit\u00e9s"}]},{"@type":"WebSite","@id":"https:\/\/batijournal.com\/#website","url":"https:\/\/batijournal.com\/","name":"Batijournal","description":"L&#039;actualit\u00e9 du b\u00e2timent","potentialAction":[{"@type":"SearchAction","target":{"@type":"EntryPoint","urlTemplate":"https:\/\/batijournal.com\/?s={search_term_string}"},"query-input":{"@type":"PropertyValueSpecification","valueRequired":true,"valueName":"search_term_string"}}],"inLanguage":"fr-FR"},{"@type":"Person","@id":"https:\/\/batijournal.com\/#\/schema\/person\/1dc96ec6957aa1ccb25ebe78bb19f100","name":"St\u00e9phane Miget","image":{"@type":"ImageObject","inLanguage":"fr-FR","@id":"https:\/\/secure.gravatar.com\/avatar\/89915563d925342126b8ef0281b93d9d7fc337043e8df017f780908eb9644451?s=96&d=mm&r=g","url":"https:\/\/secure.gravatar.com\/avatar\/89915563d925342126b8ef0281b93d9d7fc337043e8df017f780908eb9644451?s=96&d=mm&r=g","contentUrl":"https:\/\/secure.gravatar.com\/avatar\/89915563d925342126b8ef0281b93d9d7fc337043e8df017f780908eb9644451?s=96&d=mm&r=g","caption":"St\u00e9phane Miget"},"url":"https:\/\/batijournal.com\/index.php\/author\/stephane\/"}]}},"_links":{"self":[{"href":"https:\/\/batijournal.com\/index.php\/wp-json\/wp\/v2\/posts\/103899","targetHints":{"allow":["GET"]}}],"collection":[{"href":"https:\/\/batijournal.com\/index.php\/wp-json\/wp\/v2\/posts"}],"about":[{"href":"https:\/\/batijournal.com\/index.php\/wp-json\/wp\/v2\/types\/post"}],"author":[{"embeddable":true,"href":"https:\/\/batijournal.com\/index.php\/wp-json\/wp\/v2\/users\/17"}],"replies":[{"embeddable":true,"href":"https:\/\/batijournal.com\/index.php\/wp-json\/wp\/v2\/comments?post=103899"}],"version-history":[{"count":0,"href":"https:\/\/batijournal.com\/index.php\/wp-json\/wp\/v2\/posts\/103899\/revisions"}],"wp:featuredmedia":[{"embeddable":true,"href":"https:\/\/batijournal.com\/index.php\/wp-json\/wp\/v2\/media\/102474"}],"wp:attachment":[{"href":"https:\/\/batijournal.com\/index.php\/wp-json\/wp\/v2\/media?parent=103899"}],"wp:term":[{"taxonomy":"category","embeddable":true,"href":"https:\/\/batijournal.com\/index.php\/wp-json\/wp\/v2\/categories?post=103899"},{"taxonomy":"post_tag","embeddable":true,"href":"https:\/\/batijournal.com\/index.php\/wp-json\/wp\/v2\/tags?post=103899"}],"curies":[{"name":"wp","href":"https:\/\/api.w.org\/{rel}","templated":true}]}}