{"id":103900,"date":"2020-03-04T07:34:31","date_gmt":"2020-03-04T06:34:31","guid":{"rendered":"https:\/\/batijournal.com\/?p=103900"},"modified":"2020-03-04T07:34:33","modified_gmt":"2020-03-04T06:34:33","slug":"la-transmission-des-savoirs-theme-de-18e-edition-des-rendez-vous-aux-jardins","status":"publish","type":"post","link":"https:\/\/batijournal.com\/index.php\/la-transmission-des-savoirs-theme-de-18e-edition-des-rendez-vous-aux-jardins\/103900\/","title":{"rendered":"La transmission des savoirs : th\u00e8me de 18e \u00e9dition des Rendez-vous aux jardins"},"content":{"rendered":"\n<p>Rendez-vous aux jardins, manifestation initi\u00e9e par le minist\u00e8re de la Culture, il y a 18 ans, soutient et valorise l\u2019art du jardin sous toutes ses formes, de la plus petite \u00e0 la plus grande \u00e9chelle, de tous les styles et \u00e0 travers toutes les \u00e9poques. Des milliers d&rsquo;acteurs, jardiniers, botanistes, paysagistes, propri\u00e9taires\u2026 se mobilisent pour ce rendez-vous annuel de r\u00e9f\u00e9rence, devenu europ\u00e9en depuis 2018, et qui f\u00e9d\u00e8re d\u00e9j\u00e0 une vingtaine de pays. La transmission des savoirs, th\u00e8me de cette nouvelle \u00e9dition, recouvre des formes tr\u00e8s diverses qui se d\u00e9clinent naturellement dans tous les jardins. Depuis la Renaissance, les trait\u00e9s d\u2019art des jardins, les plans, les mod\u00e8les de parterres, les gravures, les archives publiques et priv\u00e9es circulent dans toute l\u2019Europe et assurent ainsi la transmission des savoirs \u00e9crits. 5, 6 et 7 juin 2020 dans toute la France.<\/p>\n","protected":false},"excerpt":{"rendered":"<p>Rendez-vous aux jardins, manifestation initi\u00e9e par le minist\u00e8re de la Culture, il y a 18 ans, soutient et valorise l\u2019art du jardin sous toutes ses formes, de la plus petite \u00e0 la plus grande \u00e9chelle, de tous les styles et \u00e0 travers toutes les \u00e9poques. Des milliers d&rsquo;acteurs, jardiniers, botanistes, paysagistes, propri\u00e9taires\u2026 se mobilisent pour [&hellip;]<\/p>\n","protected":false},"author":17,"featured_media":94814,"comment_status":"closed","ping_status":"closed","sticky":false,"template":"","format":"standard","meta":{"_et_pb_use_builder":"","_et_pb_old_content":"","_et_gb_content_width":"","footnotes":""},"categories":[10530,6340,10781,10778],"tags":[6819],"class_list":["post-103900","post","type-post","status-publish","format-standard","has-post-thumbnail","hentry","category-actualites","category-architecture-conception","category-publications-planete","category-planete","tag-jardins"],"yoast_head":"<!-- This site is optimized with the Yoast SEO plugin v27.4 - https:\/\/yoast.com\/product\/yoast-seo-wordpress\/ -->\n<title>La transmission des savoirs : th\u00e8me de 18e \u00e9dition des Rendez-vous aux jardins<\/title>\n<meta name=\"robots\" content=\"index, follow, max-snippet:-1, max-image-preview:large, max-video-preview:-1\" \/>\n<link rel=\"canonical\" href=\"https:\/\/batijournal.com\/index.php\/la-transmission-des-savoirs-theme-de-18e-edition-des-rendez-vous-aux-jardins\/103900\/\" \/>\n<meta property=\"og:locale\" content=\"fr_FR\" \/>\n<meta property=\"og:type\" content=\"article\" \/>\n<meta property=\"og:title\" content=\"La transmission des savoirs : th\u00e8me de 18e \u00e9dition des Rendez-vous aux jardins\" \/>\n<meta property=\"og:description\" content=\"Rendez-vous aux jardins, manifestation initi\u00e9e par le minist\u00e8re de la Culture, il y a 18 ans, soutient et valorise l\u2019art du jardin sous toutes ses formes, de la plus petite \u00e0 la plus grande \u00e9chelle, de tous les styles et \u00e0 travers toutes les \u00e9poques. Des milliers d&rsquo;acteurs, jardiniers, botanistes, paysagistes, propri\u00e9taires\u2026 se mobilisent pour [&hellip;]\" \/>\n<meta property=\"og:url\" content=\"https:\/\/batijournal.com\/index.php\/la-transmission-des-savoirs-theme-de-18e-edition-des-rendez-vous-aux-jardins\/103900\/\" \/>\n<meta property=\"og:site_name\" content=\"Batijournal\" \/>\n<meta property=\"article:published_time\" content=\"2020-03-04T06:34:31+00:00\" \/>\n<meta property=\"article:modified_time\" content=\"2020-03-04T06:34:33+00:00\" \/>\n<meta property=\"og:image\" content=\"https:\/\/batijournal.com\/wp-content\/uploads\/2017\/01\/journees-des-jardins-2017.jpg\" \/>\n\t<meta property=\"og:image:width\" content=\"1200\" \/>\n\t<meta property=\"og:image:height\" content=\"714\" \/>\n\t<meta property=\"og:image:type\" content=\"image\/jpeg\" \/>\n<meta name=\"author\" content=\"St\u00e9phane Miget\" \/>\n<meta name=\"twitter:card\" content=\"summary_large_image\" \/>\n<meta name=\"twitter:creator\" content=\"@bati_journal\" \/>\n<meta name=\"twitter:site\" content=\"@bati_journal\" \/>\n<meta name=\"twitter:label1\" content=\"\u00c9crit par\" \/>\n\t<meta name=\"twitter:data1\" content=\"St\u00e9phane Miget\" \/>\n\t<meta name=\"twitter:label2\" content=\"Dur\u00e9e de lecture estim\u00e9e\" \/>\n\t<meta name=\"twitter:data2\" content=\"1 minute\" \/>\n<script type=\"application\/ld+json\" class=\"yoast-schema-graph\">{\"@context\":\"https:\\\/\\\/schema.org\",\"@graph\":[{\"@type\":\"Article\",\"@id\":\"https:\\\/\\\/batijournal.com\\\/index.php\\\/la-transmission-des-savoirs-theme-de-18e-edition-des-rendez-vous-aux-jardins\\\/103900\\\/#article\",\"isPartOf\":{\"@id\":\"https:\\\/\\\/batijournal.com\\\/index.php\\\/la-transmission-des-savoirs-theme-de-18e-edition-des-rendez-vous-aux-jardins\\\/103900\\\/\"},\"author\":{\"name\":\"St\u00e9phane Miget\",\"@id\":\"https:\\\/\\\/batijournal.com\\\/#\\\/schema\\\/person\\\/1dc96ec6957aa1ccb25ebe78bb19f100\"},\"headline\":\"La transmission des savoirs : th\u00e8me de 18e \u00e9dition des Rendez-vous aux jardins\",\"datePublished\":\"2020-03-04T06:34:31+00:00\",\"dateModified\":\"2020-03-04T06:34:33+00:00\",\"mainEntityOfPage\":{\"@id\":\"https:\\\/\\\/batijournal.com\\\/index.php\\\/la-transmission-des-savoirs-theme-de-18e-edition-des-rendez-vous-aux-jardins\\\/103900\\\/\"},\"wordCount\":161,\"image\":{\"@id\":\"https:\\\/\\\/batijournal.com\\\/index.php\\\/la-transmission-des-savoirs-theme-de-18e-edition-des-rendez-vous-aux-jardins\\\/103900\\\/#primaryimage\"},\"thumbnailUrl\":\"https:\\\/\\\/batijournal.com\\\/wp-content\\\/uploads\\\/2017\\\/01\\\/journees-des-jardins-2017.jpg\",\"keywords\":[\"jardins\"],\"articleSection\":[\"Actualit\u00e9s\",\"Architecture &amp; Conception\",\"zz_Actualit\u00e9s - Plan\u00e8te\",\"zz_Plan\u00e8te B\u00e2timent\"],\"inLanguage\":\"fr-FR\"},{\"@type\":\"WebPage\",\"@id\":\"https:\\\/\\\/batijournal.com\\\/index.php\\\/la-transmission-des-savoirs-theme-de-18e-edition-des-rendez-vous-aux-jardins\\\/103900\\\/\",\"url\":\"https:\\\/\\\/batijournal.com\\\/index.php\\\/la-transmission-des-savoirs-theme-de-18e-edition-des-rendez-vous-aux-jardins\\\/103900\\\/\",\"name\":\"La transmission des savoirs : th\u00e8me de 18e \u00e9dition des Rendez-vous aux jardins\",\"isPartOf\":{\"@id\":\"https:\\\/\\\/batijournal.com\\\/#website\"},\"primaryImageOfPage\":{\"@id\":\"https:\\\/\\\/batijournal.com\\\/index.php\\\/la-transmission-des-savoirs-theme-de-18e-edition-des-rendez-vous-aux-jardins\\\/103900\\\/#primaryimage\"},\"image\":{\"@id\":\"https:\\\/\\\/batijournal.com\\\/index.php\\\/la-transmission-des-savoirs-theme-de-18e-edition-des-rendez-vous-aux-jardins\\\/103900\\\/#primaryimage\"},\"thumbnailUrl\":\"https:\\\/\\\/batijournal.com\\\/wp-content\\\/uploads\\\/2017\\\/01\\\/journees-des-jardins-2017.jpg\",\"datePublished\":\"2020-03-04T06:34:31+00:00\",\"dateModified\":\"2020-03-04T06:34:33+00:00\",\"author\":{\"@id\":\"https:\\\/\\\/batijournal.com\\\/#\\\/schema\\\/person\\\/1dc96ec6957aa1ccb25ebe78bb19f100\"},\"breadcrumb\":{\"@id\":\"https:\\\/\\\/batijournal.com\\\/index.php\\\/la-transmission-des-savoirs-theme-de-18e-edition-des-rendez-vous-aux-jardins\\\/103900\\\/#breadcrumb\"},\"inLanguage\":\"fr-FR\",\"potentialAction\":[{\"@type\":\"ReadAction\",\"target\":[\"https:\\\/\\\/batijournal.com\\\/index.php\\\/la-transmission-des-savoirs-theme-de-18e-edition-des-rendez-vous-aux-jardins\\\/103900\\\/\"]}]},{\"@type\":\"ImageObject\",\"inLanguage\":\"fr-FR\",\"@id\":\"https:\\\/\\\/batijournal.com\\\/index.php\\\/la-transmission-des-savoirs-theme-de-18e-edition-des-rendez-vous-aux-jardins\\\/103900\\\/#primaryimage\",\"url\":\"https:\\\/\\\/batijournal.com\\\/wp-content\\\/uploads\\\/2017\\\/01\\\/journees-des-jardins-2017.jpg\",\"contentUrl\":\"https:\\\/\\\/batijournal.com\\\/wp-content\\\/uploads\\\/2017\\\/01\\\/journees-des-jardins-2017.jpg\",\"width\":1200,\"height\":714},{\"@type\":\"BreadcrumbList\",\"@id\":\"https:\\\/\\\/batijournal.com\\\/index.php\\\/la-transmission-des-savoirs-theme-de-18e-edition-des-rendez-vous-aux-jardins\\\/103900\\\/#breadcrumb\",\"itemListElement\":[{\"@type\":\"ListItem\",\"position\":1,\"name\":\"Accueil\",\"item\":\"https:\\\/\\\/batijournal.com\\\/\"},{\"@type\":\"ListItem\",\"position\":2,\"name\":\"Actualit\u00e9s\",\"item\":\"https:\\\/\\\/batijournal.com\\\/index.php\\\/category\\\/actualites\\\/\"},{\"@type\":\"ListItem\",\"position\":3,\"name\":\"La transmission des savoirs : th\u00e8me de 18e \u00e9dition des Rendez-vous aux jardins\"}]},{\"@type\":\"WebSite\",\"@id\":\"https:\\\/\\\/batijournal.com\\\/#website\",\"url\":\"https:\\\/\\\/batijournal.com\\\/\",\"name\":\"Batijournal\",\"description\":\"L&#039;actualit\u00e9 du b\u00e2timent\",\"potentialAction\":[{\"@type\":\"SearchAction\",\"target\":{\"@type\":\"EntryPoint\",\"urlTemplate\":\"https:\\\/\\\/batijournal.com\\\/?s={search_term_string}\"},\"query-input\":{\"@type\":\"PropertyValueSpecification\",\"valueRequired\":true,\"valueName\":\"search_term_string\"}}],\"inLanguage\":\"fr-FR\"},{\"@type\":\"Person\",\"@id\":\"https:\\\/\\\/batijournal.com\\\/#\\\/schema\\\/person\\\/1dc96ec6957aa1ccb25ebe78bb19f100\",\"name\":\"St\u00e9phane Miget\",\"image\":{\"@type\":\"ImageObject\",\"inLanguage\":\"fr-FR\",\"@id\":\"https:\\\/\\\/secure.gravatar.com\\\/avatar\\\/89915563d925342126b8ef0281b93d9d7fc337043e8df017f780908eb9644451?s=96&d=mm&r=g\",\"url\":\"https:\\\/\\\/secure.gravatar.com\\\/avatar\\\/89915563d925342126b8ef0281b93d9d7fc337043e8df017f780908eb9644451?s=96&d=mm&r=g\",\"contentUrl\":\"https:\\\/\\\/secure.gravatar.com\\\/avatar\\\/89915563d925342126b8ef0281b93d9d7fc337043e8df017f780908eb9644451?s=96&d=mm&r=g\",\"caption\":\"St\u00e9phane Miget\"},\"url\":\"https:\\\/\\\/batijournal.com\\\/index.php\\\/author\\\/stephane\\\/\"}]}<\/script>\n<!-- \/ Yoast SEO plugin. -->","yoast_head_json":{"title":"La transmission des savoirs : th\u00e8me de 18e \u00e9dition des Rendez-vous aux jardins","robots":{"index":"index","follow":"follow","max-snippet":"max-snippet:-1","max-image-preview":"max-image-preview:large","max-video-preview":"max-video-preview:-1"},"canonical":"https:\/\/batijournal.com\/index.php\/la-transmission-des-savoirs-theme-de-18e-edition-des-rendez-vous-aux-jardins\/103900\/","og_locale":"fr_FR","og_type":"article","og_title":"La transmission des savoirs : th\u00e8me de 18e \u00e9dition des Rendez-vous aux jardins","og_description":"Rendez-vous aux jardins, manifestation initi\u00e9e par le minist\u00e8re de la Culture, il y a 18 ans, soutient et valorise l\u2019art du jardin sous toutes ses formes, de la plus petite \u00e0 la plus grande \u00e9chelle, de tous les styles et \u00e0 travers toutes les \u00e9poques. Des milliers d&rsquo;acteurs, jardiniers, botanistes, paysagistes, propri\u00e9taires\u2026 se mobilisent pour [&hellip;]","og_url":"https:\/\/batijournal.com\/index.php\/la-transmission-des-savoirs-theme-de-18e-edition-des-rendez-vous-aux-jardins\/103900\/","og_site_name":"Batijournal","article_published_time":"2020-03-04T06:34:31+00:00","article_modified_time":"2020-03-04T06:34:33+00:00","og_image":[{"width":1200,"height":714,"url":"https:\/\/batijournal.com\/wp-content\/uploads\/2017\/01\/journees-des-jardins-2017.jpg","type":"image\/jpeg"}],"author":"St\u00e9phane Miget","twitter_card":"summary_large_image","twitter_creator":"@bati_journal","twitter_site":"@bati_journal","twitter_misc":{"\u00c9crit par":"St\u00e9phane Miget","Dur\u00e9e de lecture estim\u00e9e":"1 minute"},"schema":{"@context":"https:\/\/schema.org","@graph":[{"@type":"Article","@id":"https:\/\/batijournal.com\/index.php\/la-transmission-des-savoirs-theme-de-18e-edition-des-rendez-vous-aux-jardins\/103900\/#article","isPartOf":{"@id":"https:\/\/batijournal.com\/index.php\/la-transmission-des-savoirs-theme-de-18e-edition-des-rendez-vous-aux-jardins\/103900\/"},"author":{"name":"St\u00e9phane Miget","@id":"https:\/\/batijournal.com\/#\/schema\/person\/1dc96ec6957aa1ccb25ebe78bb19f100"},"headline":"La transmission des savoirs : th\u00e8me de 18e \u00e9dition des Rendez-vous aux jardins","datePublished":"2020-03-04T06:34:31+00:00","dateModified":"2020-03-04T06:34:33+00:00","mainEntityOfPage":{"@id":"https:\/\/batijournal.com\/index.php\/la-transmission-des-savoirs-theme-de-18e-edition-des-rendez-vous-aux-jardins\/103900\/"},"wordCount":161,"image":{"@id":"https:\/\/batijournal.com\/index.php\/la-transmission-des-savoirs-theme-de-18e-edition-des-rendez-vous-aux-jardins\/103900\/#primaryimage"},"thumbnailUrl":"https:\/\/batijournal.com\/wp-content\/uploads\/2017\/01\/journees-des-jardins-2017.jpg","keywords":["jardins"],"articleSection":["Actualit\u00e9s","Architecture &amp; Conception","zz_Actualit\u00e9s - Plan\u00e8te","zz_Plan\u00e8te B\u00e2timent"],"inLanguage":"fr-FR"},{"@type":"WebPage","@id":"https:\/\/batijournal.com\/index.php\/la-transmission-des-savoirs-theme-de-18e-edition-des-rendez-vous-aux-jardins\/103900\/","url":"https:\/\/batijournal.com\/index.php\/la-transmission-des-savoirs-theme-de-18e-edition-des-rendez-vous-aux-jardins\/103900\/","name":"La transmission des savoirs : th\u00e8me de 18e \u00e9dition des Rendez-vous aux jardins","isPartOf":{"@id":"https:\/\/batijournal.com\/#website"},"primaryImageOfPage":{"@id":"https:\/\/batijournal.com\/index.php\/la-transmission-des-savoirs-theme-de-18e-edition-des-rendez-vous-aux-jardins\/103900\/#primaryimage"},"image":{"@id":"https:\/\/batijournal.com\/index.php\/la-transmission-des-savoirs-theme-de-18e-edition-des-rendez-vous-aux-jardins\/103900\/#primaryimage"},"thumbnailUrl":"https:\/\/batijournal.com\/wp-content\/uploads\/2017\/01\/journees-des-jardins-2017.jpg","datePublished":"2020-03-04T06:34:31+00:00","dateModified":"2020-03-04T06:34:33+00:00","author":{"@id":"https:\/\/batijournal.com\/#\/schema\/person\/1dc96ec6957aa1ccb25ebe78bb19f100"},"breadcrumb":{"@id":"https:\/\/batijournal.com\/index.php\/la-transmission-des-savoirs-theme-de-18e-edition-des-rendez-vous-aux-jardins\/103900\/#breadcrumb"},"inLanguage":"fr-FR","potentialAction":[{"@type":"ReadAction","target":["https:\/\/batijournal.com\/index.php\/la-transmission-des-savoirs-theme-de-18e-edition-des-rendez-vous-aux-jardins\/103900\/"]}]},{"@type":"ImageObject","inLanguage":"fr-FR","@id":"https:\/\/batijournal.com\/index.php\/la-transmission-des-savoirs-theme-de-18e-edition-des-rendez-vous-aux-jardins\/103900\/#primaryimage","url":"https:\/\/batijournal.com\/wp-content\/uploads\/2017\/01\/journees-des-jardins-2017.jpg","contentUrl":"https:\/\/batijournal.com\/wp-content\/uploads\/2017\/01\/journees-des-jardins-2017.jpg","width":1200,"height":714},{"@type":"BreadcrumbList","@id":"https:\/\/batijournal.com\/index.php\/la-transmission-des-savoirs-theme-de-18e-edition-des-rendez-vous-aux-jardins\/103900\/#breadcrumb","itemListElement":[{"@type":"ListItem","position":1,"name":"Accueil","item":"https:\/\/batijournal.com\/"},{"@type":"ListItem","position":2,"name":"Actualit\u00e9s","item":"https:\/\/batijournal.com\/index.php\/category\/actualites\/"},{"@type":"ListItem","position":3,"name":"La transmission des savoirs : th\u00e8me de 18e \u00e9dition des Rendez-vous aux jardins"}]},{"@type":"WebSite","@id":"https:\/\/batijournal.com\/#website","url":"https:\/\/batijournal.com\/","name":"Batijournal","description":"L&#039;actualit\u00e9 du b\u00e2timent","potentialAction":[{"@type":"SearchAction","target":{"@type":"EntryPoint","urlTemplate":"https:\/\/batijournal.com\/?s={search_term_string}"},"query-input":{"@type":"PropertyValueSpecification","valueRequired":true,"valueName":"search_term_string"}}],"inLanguage":"fr-FR"},{"@type":"Person","@id":"https:\/\/batijournal.com\/#\/schema\/person\/1dc96ec6957aa1ccb25ebe78bb19f100","name":"St\u00e9phane Miget","image":{"@type":"ImageObject","inLanguage":"fr-FR","@id":"https:\/\/secure.gravatar.com\/avatar\/89915563d925342126b8ef0281b93d9d7fc337043e8df017f780908eb9644451?s=96&d=mm&r=g","url":"https:\/\/secure.gravatar.com\/avatar\/89915563d925342126b8ef0281b93d9d7fc337043e8df017f780908eb9644451?s=96&d=mm&r=g","contentUrl":"https:\/\/secure.gravatar.com\/avatar\/89915563d925342126b8ef0281b93d9d7fc337043e8df017f780908eb9644451?s=96&d=mm&r=g","caption":"St\u00e9phane Miget"},"url":"https:\/\/batijournal.com\/index.php\/author\/stephane\/"}]}},"_links":{"self":[{"href":"https:\/\/batijournal.com\/index.php\/wp-json\/wp\/v2\/posts\/103900","targetHints":{"allow":["GET"]}}],"collection":[{"href":"https:\/\/batijournal.com\/index.php\/wp-json\/wp\/v2\/posts"}],"about":[{"href":"https:\/\/batijournal.com\/index.php\/wp-json\/wp\/v2\/types\/post"}],"author":[{"embeddable":true,"href":"https:\/\/batijournal.com\/index.php\/wp-json\/wp\/v2\/users\/17"}],"replies":[{"embeddable":true,"href":"https:\/\/batijournal.com\/index.php\/wp-json\/wp\/v2\/comments?post=103900"}],"version-history":[{"count":0,"href":"https:\/\/batijournal.com\/index.php\/wp-json\/wp\/v2\/posts\/103900\/revisions"}],"wp:featuredmedia":[{"embeddable":true,"href":"https:\/\/batijournal.com\/index.php\/wp-json\/wp\/v2\/media\/94814"}],"wp:attachment":[{"href":"https:\/\/batijournal.com\/index.php\/wp-json\/wp\/v2\/media?parent=103900"}],"wp:term":[{"taxonomy":"category","embeddable":true,"href":"https:\/\/batijournal.com\/index.php\/wp-json\/wp\/v2\/categories?post=103900"},{"taxonomy":"post_tag","embeddable":true,"href":"https:\/\/batijournal.com\/index.php\/wp-json\/wp\/v2\/tags?post=103900"}],"curies":[{"name":"wp","href":"https:\/\/api.w.org\/{rel}","templated":true}]}}