{"id":103901,"date":"2020-03-04T07:43:04","date_gmt":"2020-03-04T06:43:04","guid":{"rendered":"https:\/\/batijournal.com\/?p=103901"},"modified":"2020-03-04T07:43:06","modified_gmt":"2020-03-04T06:43:06","slug":"decouverte-dun-quartier-artisanal-antique-dans-le-nord","status":"publish","type":"post","link":"https:\/\/batijournal.com\/index.php\/decouverte-dun-quartier-artisanal-antique-dans-le-nord\/103901\/","title":{"rendered":"D\u00e9couverte d&rsquo;un quartier artisanal antique dans le Nord"},"content":{"rendered":"\n<p><strong>\u00c0\u200b Famars (Nord), une nouvelle campagne de fouilles de l&rsquo;Inrap a r\u00e9v\u00e9l\u00e9 l&rsquo;existence du quartier artisanal de Fanum Martis, \u00e0 l\u2019emplacement du futur Technop\u00f4le Transalley., habit\u00e9 du Ier au IVe si\u00e8cles puis utilis\u00e9 aux XVIIe et XVIIIe si\u00e8cles. Alors que de nombreux artefacts pr\u00e9historiques ont \u00e9t\u00e9 d\u00e9couverts au cours des premi\u00e8res campagnes de fouilles r\u00e9alis\u00e9es sur le Technop\u00f4le, aucun lieu d\u2019occupation n\u2019a \u00e9t\u00e9 explor\u00e9. Cependant, la partie basse du terrain rec\u00e8le des traces d\u2019un habitat datable d\u2019entre 30000 et 14000 avant notre \u00e8re. La Protohistoire n\u2019est repr\u00e9sent\u00e9e que par quelques structures attribuables \u00e0 l\u2019\u00c2ge du Bronze moyen (1435-1290 avant notre \u00e8re) et final (1005-840 avant notre \u00e8re). <\/strong><\/p>\n\n\n\n<p><br \/>Les premi\u00e8res traces d\u2019occupations de Fanum Martis remontent aux ann\u00e9es 40 de notre \u00e8re. Les vestiges de cette premi\u00e8re installation sont dispers\u00e9s et plac\u00e9s \u00e0 distance d\u2019un foss\u00e9 ceignant mares ou flaques. Les lambeaux d\u2019un chemin de terre sont \u00e0 associer \u00e0 cette p\u00e9riode, tout comme quatre inhumations r\u00e9parties sans ordre apparent et caract\u00e9ris\u00e9es par un manque de soin au d\u00e9funt. Alors que l\u2019incin\u00e9ration pr\u00e9vaut \u00e0 cette p\u00e9riode, ces inhumations semblent plus \u00eatre des rejets que de v\u00e9ritables s\u00e9pultures.<br \/>D\u00e8s la seconde moiti\u00e9 du Ier si\u00e8cle, la localit\u00e9 se d\u00e9veloppe. En plusieurs endroits, un habitat associ\u00e9 \u00e0 de nombreuses activit\u00e9s de production est install\u00e9 en p\u00e9riph\u00e9rie du c\u0153ur urbain implant\u00e9 sous l\u2019actuel centre de Famars. Dans le secteur du Mont Houy, un parcellaire norm\u00e9 est \u00e9tabli tandis que les infrastructures et monuments publics (aqueduc, thermes, th\u00e9\u00e2tre) s\u2019\u00e9l\u00e8vent dans l\u2019agglom\u00e9ration. Les potiers, mais aussi, les forgerons, les vanniers, les tanneurs sont \u00e9tablis dans diff\u00e9rents quartiers. La ville va conna\u00eetre son apog\u00e9e \u00e0 la fin du IIIe si\u00e8cle &#8211; d\u00e9but du IVe si\u00e8cle de notre \u00e8re, p\u00e9riode \u00e0 laquelle elle est le p\u00f4le \u00e9conomique de la r\u00e9gion et couvre environ 200 hectares. <br \/>Vers 320, la fonction de Fanum Martis change : elle devient le si\u00e8ge des troupes militaires et du pr\u00e9fet des l\u00e8tes nerviens (praefectus laetorum Nerviorum (in) \u200bFanomantis Belgicae secundae). La ville se r\u00e9duit alors \u00e0 un castellum (place forte). <br \/>Tout au long de l&rsquo;Antiquit\u00e9, la plupart des constructions sont b\u00e2ties en bois et en torchis, parfois fond\u00e9es sur solin de gr\u00e8s, mat\u00e9riau provenant des carri\u00e8res voisines. Si elles disposent g\u00e9n\u00e9ralement d\u2019un cellier, trois sont pourvues de caves ma\u00e7onn\u00e9es en opus mixtum (appareil combinant lits de moellons de pierres et lits de brique). L&rsquo;\u00e9dification ult\u00e9rieure du castellum (vers 320) ayant n\u00e9cessit\u00e9 \u00e9norm\u00e9ment de mat\u00e9riaux de r\u00e9emploi dont les \u00e9l\u00e9vations explique qu&rsquo;aucune \u00e9l\u00e9vation n\u2019a \u00e9t\u00e9 reconnue sur ces fondations de blocs de gr\u00e8s ou de craie dam\u00e9e. La pr\u00e9sence de fragments de suspensura (sol suspendu), de pilettes et de rejets de b\u00e9ton de tuileau atteste la pr\u00e9sence d\u2019hypocaustes (syst\u00e8me de chauffage par le sol) dans les demeures les plus vastes. Toutefois, seules les bases de l\u2019un d\u2019entre eux ont \u00e9t\u00e9 d\u00e9couvertes lors des op\u00e9rations pr\u00e9c\u00e9dentes dans le secteur du Technopole. <br \/>Les fouilles men\u00e9es en 2019 ont permis d\u2019identifier une zone de tannerie, l\u2019atelier d\u2019un glutinarius (fabricant de colle) et la pr\u00e9sence d&rsquo;une bourrellerie\/cordonnerie, attest\u00e9e par des al\u00e8nes (poin\u00e7on servant \u00e0 percer le cuir) et un lissoir. L\u2019utilisation de l\u2019os de b\u0153uf pour la fabrication de colle par extraction du collag\u00e8ne s\u2019av\u00e8re \u00eatre une activit\u00e9 importante sur ce site du IIIe au d\u00e9but du IVe si\u00e8cle. La campagne de 2019 a \u00e9galement livr\u00e9 onze fours \u00e0 c\u00e9ramique venus compl\u00e9ter la s\u00e9rie des quinze d\u00e9j\u00e0 connus. Les ateliers produisent majoritairement des cruches et des amphores, mais aussi des pots lustr\u00e9s destin\u00e9s \u00e0 la pr\u00e9sentation ou encore des vases \u00e0 visages moul\u00e9s.<br \/>La p\u00e9riode moderne est repr\u00e9sent\u00e9e par quelques foyers t\u00e9moignant de la pr\u00e9sence de troupes de Louis XIV en cantonnement lors des si\u00e8ges de Valenciennes de 1656, 1677, et de celles du g\u00e9n\u00e9ral Dampierre lors de la guerre de la Premi\u00e8re Coalition en 1793.<\/p>\n\n\n\n<p>Source : Inrap<br \/>Photo : Statuette en c\u00e9ramique repr\u00e9sentant Mercure &#8211; S. Lancelot, Inrap<\/p>\n","protected":false},"excerpt":{"rendered":"<p>\u00c0\u200b Famars (Nord), une nouvelle campagne de fouilles de l&rsquo;Inrap a r\u00e9v\u00e9l\u00e9 l&rsquo;existence du quartier artisanal de Fanum Martis, \u00e0 l\u2019emplacement du futur Technop\u00f4le Transalley., habit\u00e9 du Ier au IVe si\u00e8cles puis utilis\u00e9 aux XVIIe et XVIIIe si\u00e8cles. Alors que de nombreux artefacts pr\u00e9historiques ont \u00e9t\u00e9 d\u00e9couverts au cours des premi\u00e8res campagnes de fouilles r\u00e9alis\u00e9es [&hellip;]<\/p>\n","protected":false},"author":17,"featured_media":103902,"comment_status":"closed","ping_status":"closed","sticky":false,"template":"","format":"standard","meta":{"_et_pb_use_builder":"","_et_pb_old_content":"","_et_gb_content_width":"","footnotes":""},"categories":[10530,6340,10789,10785],"tags":[12875,6454],"class_list":["post-103901","post","type-post","status-publish","format-standard","has-post-thumbnail","hentry","category-actualites","category-architecture-conception","category-publications-atrium","category-atrium","tag-archeologie","tag-inrap"],"yoast_head":"<!-- This site is optimized with the Yoast SEO plugin v27.4 - https:\/\/yoast.com\/product\/yoast-seo-wordpress\/ -->\n<title>D\u00e9couverte d&#039;un quartier artisanal antique dans le Nord<\/title>\n<meta name=\"robots\" content=\"index, follow, max-snippet:-1, max-image-preview:large, max-video-preview:-1\" \/>\n<link rel=\"canonical\" href=\"https:\/\/batijournal.com\/index.php\/decouverte-dun-quartier-artisanal-antique-dans-le-nord\/103901\/\" \/>\n<meta property=\"og:locale\" content=\"fr_FR\" \/>\n<meta property=\"og:type\" content=\"article\" \/>\n<meta property=\"og:title\" content=\"D\u00e9couverte d&#039;un quartier artisanal antique dans le Nord\" \/>\n<meta property=\"og:description\" content=\"\u00c0\u200b Famars (Nord), une nouvelle campagne de fouilles de l&rsquo;Inrap a r\u00e9v\u00e9l\u00e9 l&rsquo;existence du quartier artisanal de Fanum Martis, \u00e0 l\u2019emplacement du futur Technop\u00f4le Transalley., habit\u00e9 du Ier au IVe si\u00e8cles puis utilis\u00e9 aux XVIIe et XVIIIe si\u00e8cles. Alors que de nombreux artefacts pr\u00e9historiques ont \u00e9t\u00e9 d\u00e9couverts au cours des premi\u00e8res campagnes de fouilles r\u00e9alis\u00e9es [&hellip;]\" \/>\n<meta property=\"og:url\" content=\"https:\/\/batijournal.com\/index.php\/decouverte-dun-quartier-artisanal-antique-dans-le-nord\/103901\/\" \/>\n<meta property=\"og:site_name\" content=\"Batijournal\" \/>\n<meta property=\"article:published_time\" content=\"2020-03-04T06:43:04+00:00\" \/>\n<meta property=\"article:modified_time\" content=\"2020-03-04T06:43:06+00:00\" \/>\n<meta property=\"og:image\" content=\"https:\/\/batijournal.com\/wp-content\/uploads\/2020\/03\/mercure.png\" \/>\n\t<meta property=\"og:image:width\" content=\"1215\" \/>\n\t<meta property=\"og:image:height\" content=\"923\" \/>\n\t<meta property=\"og:image:type\" content=\"image\/png\" \/>\n<meta name=\"author\" content=\"St\u00e9phane Miget\" \/>\n<meta name=\"twitter:card\" content=\"summary_large_image\" \/>\n<meta name=\"twitter:creator\" content=\"@bati_journal\" \/>\n<meta name=\"twitter:site\" content=\"@bati_journal\" \/>\n<meta name=\"twitter:label1\" content=\"\u00c9crit par\" \/>\n\t<meta name=\"twitter:data1\" content=\"St\u00e9phane Miget\" \/>\n\t<meta name=\"twitter:label2\" content=\"Dur\u00e9e de lecture estim\u00e9e\" \/>\n\t<meta name=\"twitter:data2\" content=\"4 minutes\" \/>\n<script type=\"application\/ld+json\" class=\"yoast-schema-graph\">{\"@context\":\"https:\\\/\\\/schema.org\",\"@graph\":[{\"@type\":\"Article\",\"@id\":\"https:\\\/\\\/batijournal.com\\\/index.php\\\/decouverte-dun-quartier-artisanal-antique-dans-le-nord\\\/103901\\\/#article\",\"isPartOf\":{\"@id\":\"https:\\\/\\\/batijournal.com\\\/index.php\\\/decouverte-dun-quartier-artisanal-antique-dans-le-nord\\\/103901\\\/\"},\"author\":{\"name\":\"St\u00e9phane Miget\",\"@id\":\"https:\\\/\\\/batijournal.com\\\/#\\\/schema\\\/person\\\/1dc96ec6957aa1ccb25ebe78bb19f100\"},\"headline\":\"D\u00e9couverte d&rsquo;un quartier artisanal antique dans le Nord\",\"datePublished\":\"2020-03-04T06:43:04+00:00\",\"dateModified\":\"2020-03-04T06:43:06+00:00\",\"mainEntityOfPage\":{\"@id\":\"https:\\\/\\\/batijournal.com\\\/index.php\\\/decouverte-dun-quartier-artisanal-antique-dans-le-nord\\\/103901\\\/\"},\"wordCount\":760,\"image\":{\"@id\":\"https:\\\/\\\/batijournal.com\\\/index.php\\\/decouverte-dun-quartier-artisanal-antique-dans-le-nord\\\/103901\\\/#primaryimage\"},\"thumbnailUrl\":\"https:\\\/\\\/batijournal.com\\\/wp-content\\\/uploads\\\/2020\\\/03\\\/mercure.png\",\"keywords\":[\"arch\u00e9ologie\",\"inrap\"],\"articleSection\":[\"Actualit\u00e9s\",\"Architecture &amp; Conception\",\"zz_Actualit\u00e9s - Atrium\",\"zz_Atrium Patrimoine\"],\"inLanguage\":\"fr-FR\"},{\"@type\":\"WebPage\",\"@id\":\"https:\\\/\\\/batijournal.com\\\/index.php\\\/decouverte-dun-quartier-artisanal-antique-dans-le-nord\\\/103901\\\/\",\"url\":\"https:\\\/\\\/batijournal.com\\\/index.php\\\/decouverte-dun-quartier-artisanal-antique-dans-le-nord\\\/103901\\\/\",\"name\":\"D\u00e9couverte d'un quartier artisanal antique dans le Nord\",\"isPartOf\":{\"@id\":\"https:\\\/\\\/batijournal.com\\\/#website\"},\"primaryImageOfPage\":{\"@id\":\"https:\\\/\\\/batijournal.com\\\/index.php\\\/decouverte-dun-quartier-artisanal-antique-dans-le-nord\\\/103901\\\/#primaryimage\"},\"image\":{\"@id\":\"https:\\\/\\\/batijournal.com\\\/index.php\\\/decouverte-dun-quartier-artisanal-antique-dans-le-nord\\\/103901\\\/#primaryimage\"},\"thumbnailUrl\":\"https:\\\/\\\/batijournal.com\\\/wp-content\\\/uploads\\\/2020\\\/03\\\/mercure.png\",\"datePublished\":\"2020-03-04T06:43:04+00:00\",\"dateModified\":\"2020-03-04T06:43:06+00:00\",\"author\":{\"@id\":\"https:\\\/\\\/batijournal.com\\\/#\\\/schema\\\/person\\\/1dc96ec6957aa1ccb25ebe78bb19f100\"},\"breadcrumb\":{\"@id\":\"https:\\\/\\\/batijournal.com\\\/index.php\\\/decouverte-dun-quartier-artisanal-antique-dans-le-nord\\\/103901\\\/#breadcrumb\"},\"inLanguage\":\"fr-FR\",\"potentialAction\":[{\"@type\":\"ReadAction\",\"target\":[\"https:\\\/\\\/batijournal.com\\\/index.php\\\/decouverte-dun-quartier-artisanal-antique-dans-le-nord\\\/103901\\\/\"]}]},{\"@type\":\"ImageObject\",\"inLanguage\":\"fr-FR\",\"@id\":\"https:\\\/\\\/batijournal.com\\\/index.php\\\/decouverte-dun-quartier-artisanal-antique-dans-le-nord\\\/103901\\\/#primaryimage\",\"url\":\"https:\\\/\\\/batijournal.com\\\/wp-content\\\/uploads\\\/2020\\\/03\\\/mercure.png\",\"contentUrl\":\"https:\\\/\\\/batijournal.com\\\/wp-content\\\/uploads\\\/2020\\\/03\\\/mercure.png\",\"width\":1215,\"height\":923},{\"@type\":\"BreadcrumbList\",\"@id\":\"https:\\\/\\\/batijournal.com\\\/index.php\\\/decouverte-dun-quartier-artisanal-antique-dans-le-nord\\\/103901\\\/#breadcrumb\",\"itemListElement\":[{\"@type\":\"ListItem\",\"position\":1,\"name\":\"Accueil\",\"item\":\"https:\\\/\\\/batijournal.com\\\/\"},{\"@type\":\"ListItem\",\"position\":2,\"name\":\"Actualit\u00e9s\",\"item\":\"https:\\\/\\\/batijournal.com\\\/index.php\\\/category\\\/actualites\\\/\"},{\"@type\":\"ListItem\",\"position\":3,\"name\":\"D\u00e9couverte d&rsquo;un quartier artisanal antique dans le Nord\"}]},{\"@type\":\"WebSite\",\"@id\":\"https:\\\/\\\/batijournal.com\\\/#website\",\"url\":\"https:\\\/\\\/batijournal.com\\\/\",\"name\":\"Batijournal\",\"description\":\"L&#039;actualit\u00e9 du b\u00e2timent\",\"potentialAction\":[{\"@type\":\"SearchAction\",\"target\":{\"@type\":\"EntryPoint\",\"urlTemplate\":\"https:\\\/\\\/batijournal.com\\\/?s={search_term_string}\"},\"query-input\":{\"@type\":\"PropertyValueSpecification\",\"valueRequired\":true,\"valueName\":\"search_term_string\"}}],\"inLanguage\":\"fr-FR\"},{\"@type\":\"Person\",\"@id\":\"https:\\\/\\\/batijournal.com\\\/#\\\/schema\\\/person\\\/1dc96ec6957aa1ccb25ebe78bb19f100\",\"name\":\"St\u00e9phane Miget\",\"image\":{\"@type\":\"ImageObject\",\"inLanguage\":\"fr-FR\",\"@id\":\"https:\\\/\\\/secure.gravatar.com\\\/avatar\\\/89915563d925342126b8ef0281b93d9d7fc337043e8df017f780908eb9644451?s=96&d=mm&r=g\",\"url\":\"https:\\\/\\\/secure.gravatar.com\\\/avatar\\\/89915563d925342126b8ef0281b93d9d7fc337043e8df017f780908eb9644451?s=96&d=mm&r=g\",\"contentUrl\":\"https:\\\/\\\/secure.gravatar.com\\\/avatar\\\/89915563d925342126b8ef0281b93d9d7fc337043e8df017f780908eb9644451?s=96&d=mm&r=g\",\"caption\":\"St\u00e9phane Miget\"},\"url\":\"https:\\\/\\\/batijournal.com\\\/index.php\\\/author\\\/stephane\\\/\"}]}<\/script>\n<!-- \/ Yoast SEO plugin. -->","yoast_head_json":{"title":"D\u00e9couverte d'un quartier artisanal antique dans le Nord","robots":{"index":"index","follow":"follow","max-snippet":"max-snippet:-1","max-image-preview":"max-image-preview:large","max-video-preview":"max-video-preview:-1"},"canonical":"https:\/\/batijournal.com\/index.php\/decouverte-dun-quartier-artisanal-antique-dans-le-nord\/103901\/","og_locale":"fr_FR","og_type":"article","og_title":"D\u00e9couverte d'un quartier artisanal antique dans le Nord","og_description":"\u00c0\u200b Famars (Nord), une nouvelle campagne de fouilles de l&rsquo;Inrap a r\u00e9v\u00e9l\u00e9 l&rsquo;existence du quartier artisanal de Fanum Martis, \u00e0 l\u2019emplacement du futur Technop\u00f4le Transalley., habit\u00e9 du Ier au IVe si\u00e8cles puis utilis\u00e9 aux XVIIe et XVIIIe si\u00e8cles. Alors que de nombreux artefacts pr\u00e9historiques ont \u00e9t\u00e9 d\u00e9couverts au cours des premi\u00e8res campagnes de fouilles r\u00e9alis\u00e9es [&hellip;]","og_url":"https:\/\/batijournal.com\/index.php\/decouverte-dun-quartier-artisanal-antique-dans-le-nord\/103901\/","og_site_name":"Batijournal","article_published_time":"2020-03-04T06:43:04+00:00","article_modified_time":"2020-03-04T06:43:06+00:00","og_image":[{"width":1215,"height":923,"url":"https:\/\/batijournal.com\/wp-content\/uploads\/2020\/03\/mercure.png","type":"image\/png"}],"author":"St\u00e9phane Miget","twitter_card":"summary_large_image","twitter_creator":"@bati_journal","twitter_site":"@bati_journal","twitter_misc":{"\u00c9crit par":"St\u00e9phane Miget","Dur\u00e9e de lecture estim\u00e9e":"4 minutes"},"schema":{"@context":"https:\/\/schema.org","@graph":[{"@type":"Article","@id":"https:\/\/batijournal.com\/index.php\/decouverte-dun-quartier-artisanal-antique-dans-le-nord\/103901\/#article","isPartOf":{"@id":"https:\/\/batijournal.com\/index.php\/decouverte-dun-quartier-artisanal-antique-dans-le-nord\/103901\/"},"author":{"name":"St\u00e9phane Miget","@id":"https:\/\/batijournal.com\/#\/schema\/person\/1dc96ec6957aa1ccb25ebe78bb19f100"},"headline":"D\u00e9couverte d&rsquo;un quartier artisanal antique dans le Nord","datePublished":"2020-03-04T06:43:04+00:00","dateModified":"2020-03-04T06:43:06+00:00","mainEntityOfPage":{"@id":"https:\/\/batijournal.com\/index.php\/decouverte-dun-quartier-artisanal-antique-dans-le-nord\/103901\/"},"wordCount":760,"image":{"@id":"https:\/\/batijournal.com\/index.php\/decouverte-dun-quartier-artisanal-antique-dans-le-nord\/103901\/#primaryimage"},"thumbnailUrl":"https:\/\/batijournal.com\/wp-content\/uploads\/2020\/03\/mercure.png","keywords":["arch\u00e9ologie","inrap"],"articleSection":["Actualit\u00e9s","Architecture &amp; Conception","zz_Actualit\u00e9s - Atrium","zz_Atrium Patrimoine"],"inLanguage":"fr-FR"},{"@type":"WebPage","@id":"https:\/\/batijournal.com\/index.php\/decouverte-dun-quartier-artisanal-antique-dans-le-nord\/103901\/","url":"https:\/\/batijournal.com\/index.php\/decouverte-dun-quartier-artisanal-antique-dans-le-nord\/103901\/","name":"D\u00e9couverte d'un quartier artisanal antique dans le Nord","isPartOf":{"@id":"https:\/\/batijournal.com\/#website"},"primaryImageOfPage":{"@id":"https:\/\/batijournal.com\/index.php\/decouverte-dun-quartier-artisanal-antique-dans-le-nord\/103901\/#primaryimage"},"image":{"@id":"https:\/\/batijournal.com\/index.php\/decouverte-dun-quartier-artisanal-antique-dans-le-nord\/103901\/#primaryimage"},"thumbnailUrl":"https:\/\/batijournal.com\/wp-content\/uploads\/2020\/03\/mercure.png","datePublished":"2020-03-04T06:43:04+00:00","dateModified":"2020-03-04T06:43:06+00:00","author":{"@id":"https:\/\/batijournal.com\/#\/schema\/person\/1dc96ec6957aa1ccb25ebe78bb19f100"},"breadcrumb":{"@id":"https:\/\/batijournal.com\/index.php\/decouverte-dun-quartier-artisanal-antique-dans-le-nord\/103901\/#breadcrumb"},"inLanguage":"fr-FR","potentialAction":[{"@type":"ReadAction","target":["https:\/\/batijournal.com\/index.php\/decouverte-dun-quartier-artisanal-antique-dans-le-nord\/103901\/"]}]},{"@type":"ImageObject","inLanguage":"fr-FR","@id":"https:\/\/batijournal.com\/index.php\/decouverte-dun-quartier-artisanal-antique-dans-le-nord\/103901\/#primaryimage","url":"https:\/\/batijournal.com\/wp-content\/uploads\/2020\/03\/mercure.png","contentUrl":"https:\/\/batijournal.com\/wp-content\/uploads\/2020\/03\/mercure.png","width":1215,"height":923},{"@type":"BreadcrumbList","@id":"https:\/\/batijournal.com\/index.php\/decouverte-dun-quartier-artisanal-antique-dans-le-nord\/103901\/#breadcrumb","itemListElement":[{"@type":"ListItem","position":1,"name":"Accueil","item":"https:\/\/batijournal.com\/"},{"@type":"ListItem","position":2,"name":"Actualit\u00e9s","item":"https:\/\/batijournal.com\/index.php\/category\/actualites\/"},{"@type":"ListItem","position":3,"name":"D\u00e9couverte d&rsquo;un quartier artisanal antique dans le Nord"}]},{"@type":"WebSite","@id":"https:\/\/batijournal.com\/#website","url":"https:\/\/batijournal.com\/","name":"Batijournal","description":"L&#039;actualit\u00e9 du b\u00e2timent","potentialAction":[{"@type":"SearchAction","target":{"@type":"EntryPoint","urlTemplate":"https:\/\/batijournal.com\/?s={search_term_string}"},"query-input":{"@type":"PropertyValueSpecification","valueRequired":true,"valueName":"search_term_string"}}],"inLanguage":"fr-FR"},{"@type":"Person","@id":"https:\/\/batijournal.com\/#\/schema\/person\/1dc96ec6957aa1ccb25ebe78bb19f100","name":"St\u00e9phane Miget","image":{"@type":"ImageObject","inLanguage":"fr-FR","@id":"https:\/\/secure.gravatar.com\/avatar\/89915563d925342126b8ef0281b93d9d7fc337043e8df017f780908eb9644451?s=96&d=mm&r=g","url":"https:\/\/secure.gravatar.com\/avatar\/89915563d925342126b8ef0281b93d9d7fc337043e8df017f780908eb9644451?s=96&d=mm&r=g","contentUrl":"https:\/\/secure.gravatar.com\/avatar\/89915563d925342126b8ef0281b93d9d7fc337043e8df017f780908eb9644451?s=96&d=mm&r=g","caption":"St\u00e9phane Miget"},"url":"https:\/\/batijournal.com\/index.php\/author\/stephane\/"}]}},"_links":{"self":[{"href":"https:\/\/batijournal.com\/index.php\/wp-json\/wp\/v2\/posts\/103901","targetHints":{"allow":["GET"]}}],"collection":[{"href":"https:\/\/batijournal.com\/index.php\/wp-json\/wp\/v2\/posts"}],"about":[{"href":"https:\/\/batijournal.com\/index.php\/wp-json\/wp\/v2\/types\/post"}],"author":[{"embeddable":true,"href":"https:\/\/batijournal.com\/index.php\/wp-json\/wp\/v2\/users\/17"}],"replies":[{"embeddable":true,"href":"https:\/\/batijournal.com\/index.php\/wp-json\/wp\/v2\/comments?post=103901"}],"version-history":[{"count":0,"href":"https:\/\/batijournal.com\/index.php\/wp-json\/wp\/v2\/posts\/103901\/revisions"}],"wp:featuredmedia":[{"embeddable":true,"href":"https:\/\/batijournal.com\/index.php\/wp-json\/wp\/v2\/media\/103902"}],"wp:attachment":[{"href":"https:\/\/batijournal.com\/index.php\/wp-json\/wp\/v2\/media?parent=103901"}],"wp:term":[{"taxonomy":"category","embeddable":true,"href":"https:\/\/batijournal.com\/index.php\/wp-json\/wp\/v2\/categories?post=103901"},{"taxonomy":"post_tag","embeddable":true,"href":"https:\/\/batijournal.com\/index.php\/wp-json\/wp\/v2\/tags?post=103901"}],"curies":[{"name":"wp","href":"https:\/\/api.w.org\/{rel}","templated":true}]}}