{"id":103909,"date":"2020-03-05T13:04:34","date_gmt":"2020-03-05T12:04:34","guid":{"rendered":"https:\/\/batijournal.com\/?p=103909"},"modified":"2020-03-05T13:04:35","modified_gmt":"2020-03-05T12:04:35","slug":"embellir-paris-avec-une-fresque-en-bardage-stoventec-glass","status":"publish","type":"post","link":"https:\/\/batijournal.com\/index.php\/embellir-paris-avec-une-fresque-en-bardage-stoventec-glass\/103909\/","title":{"rendered":"Embellir Paris avec une fresque en bardage StoVentec Glass"},"content":{"rendered":"\n<p><strong>Sto participe \u00e0 l\u2019appel \u00e0 projets \u00ab Embellir Paris \u00bb en fournissant, dans le cadre d\u2019une op\u00e9ration de m\u00e9c\u00e9nat, les produits n\u00e9cessaires \u00e0 la r\u00e9alisation d\u2019une fresque sur un long mur du boulevard Raspail. Cette fresque color\u00e9e est l&rsquo;\u0153uvre de l\u2019architecte plasticien Aldric Beckmann, c\u2019est l\u2019un des vingt projets s\u00e9lectionn\u00e9s dans le cadre de l\u2019appel \u00e0 projets lanc\u00e9 en novembre 2018 par la Ville de Paris.<\/strong><\/p>\n\n\n\n<p>L&rsquo;architecte con\u00e7oit une fresque en panneaux de verre \u00e9maill\u00e9s compos\u00e9e selon une gamme color\u00e9e inspir\u00e9e des \u00e9l\u00e9ments paysagers pr\u00e9sents autour du site. A partir d\u2019une s\u00e9rie de photos du boulevard Raspail pix\u00e9lis\u00e9es, il d\u00e9compose le paysage en diff\u00e9rentes gammes d\u2019\u00e9l\u00e9ments g\u00e9om\u00e9triques color\u00e9s o\u00f9 l\u2019on reconna\u00eet le bleu du ciel, le blanc des nuages, le vert des arbres ou le beige des immeubles. \u00ab Le r\u00e9sultat est une fresque abstraite qui, via une trame g\u00e9om\u00e9trique d\u00e9finie, donne a\u2002 voir depuis le boulevard Raspail une r\u00e9interpr\u00e9tation paysag\u00e8re de l\u2019environnement selon un principe de reflet et de miroitement \u00bb, expose Aldric Beckmann qui donne \u00e0 cette fresque compos\u00e9e de triangles color\u00e9s le nom de Tangram, en r\u00e9f\u00e9rence au jeu chinois compos\u00e9 de plaques g\u00e9om\u00e9triques.<\/p>\n\n\n\n<p>La Ville de Paris alloue \u00e0 chaque projet laur\u00e9at une subvention de 50 000 euros maximum et incite les artistes \u00e0 trouver des partenaires pour financer la production de leur oeuvre. Aldric Beckmann s\u2019associe au fonds de dotation Proarti, premier acteur du m\u00e9c\u00e9nat culturel et du financement participatif enti\u00e8rement vou\u00e9 \u00e0 la cr\u00e9ation artistique et \u00e0 la d\u00e9couverte culturelle, qui aide les artistes \u00e0 diversifier leurs sources de financement.<br \/>\nEnsemble, ils envisagent un partenariat avec un industriel, Sto en l\u2019occurrence, qui produit pr\u00e9cis\u00e9ment les panneaux de verre \u00e9maill\u00e9 StoVentec Glass n\u00e9cessaires \u00e0 l\u2019oeuvre et leur syst\u00e8me d\u2019accrochage.<\/p>\n\n\n\n<p>Les \u00e9quipes techniques de Sto r\u00e9alisent l\u2019\u00e9tude de faisabilit\u00e9 de la fresque, optimisent le calepinage \u00e9labor\u00e9 par l\u2019architecte et coordonnent la production des panneaux pr\u00e9fabriqu\u00e9s avec l\u2019usine Verotec du groupe Sto. Le bardage rapport\u00e9 StoVentec Glass, a\u2002 base de grands panneaux de verre coll\u00e9s sur une plaque en mortier de granulats de verre expans\u00e9 avec liant \u00e9poxy, est mis en oeuvre par l\u2019embo\u00eetement de rails agrafes en aluminium, int\u00e9gr\u00e9s \u00e0 l\u2019arri\u00e8re des panneaux, sur un r\u00e9seau de rails horizontaux en aluminium fix\u00e9s directement sur le support.<\/p>\n\n\n\n<p>C\u2019est l\u2019entreprise d\u2019\u00e9tanch\u00e9it\u00e9 et fa\u00e7ade Sietech, partenaire de Sto depuis plus de quinze ans et d\u00e9j\u00e0 familiaris\u00e9e avec le produit StoVentec Glass, qui se voit confier l\u2019installation de l\u2019oeuvre. Les panneaux rectangulaires pr\u00e9fabriqu\u00e9s en usine r\u00e9unissent six triangles de couleurs toujours diff\u00e9rentes. Livr\u00e9s sur le chantier, ils sont mis en oeuvre en deux semaines, du 9 au 21 d\u00e9cembre 2019.<\/p>\n","protected":false},"excerpt":{"rendered":"<p>Sto participe \u00e0 l\u2019appel \u00e0 projets \u00ab Embellir Paris \u00bb en fournissant, dans le cadre d\u2019une op\u00e9ration de m\u00e9c\u00e9nat, les produits n\u00e9cessaires \u00e0 la r\u00e9alisation d\u2019une fresque sur un long mur du boulevard Raspail. Cette fresque color\u00e9e est l&rsquo;\u0153uvre de l\u2019architecte plasticien Aldric Beckmann, c\u2019est l\u2019un des vingt projets s\u00e9lectionn\u00e9s dans le cadre de l\u2019appel [&hellip;]<\/p>\n","protected":false},"author":17,"featured_media":103910,"comment_status":"closed","ping_status":"closed","sticky":false,"template":"","format":"standard","meta":{"_et_pb_use_builder":"","_et_pb_old_content":"","_et_gb_content_width":"","footnotes":""},"categories":[10530,6340,10771,10775],"tags":[12885],"class_list":["post-103909","post","type-post","status-publish","format-standard","has-post-thumbnail","hentry","category-actualites","category-architecture-conception","category-5facades","category-actualites-5facades","tag-bardage"],"yoast_head":"<!-- This site is optimized with the Yoast SEO plugin v27.4 - https:\/\/yoast.com\/product\/yoast-seo-wordpress\/ -->\n<title>Embellir Paris avec une fresque en bardage StoVentec Glass<\/title>\n<meta name=\"robots\" content=\"index, follow, max-snippet:-1, max-image-preview:large, max-video-preview:-1\" \/>\n<link rel=\"canonical\" href=\"https:\/\/batijournal.com\/index.php\/embellir-paris-avec-une-fresque-en-bardage-stoventec-glass\/103909\/\" \/>\n<meta property=\"og:locale\" content=\"fr_FR\" \/>\n<meta property=\"og:type\" content=\"article\" \/>\n<meta property=\"og:title\" content=\"Embellir Paris avec une fresque en bardage StoVentec Glass\" \/>\n<meta property=\"og:description\" content=\"Sto participe \u00e0 l\u2019appel \u00e0 projets \u00ab Embellir Paris \u00bb en fournissant, dans le cadre d\u2019une op\u00e9ration de m\u00e9c\u00e9nat, les produits n\u00e9cessaires \u00e0 la r\u00e9alisation d\u2019une fresque sur un long mur du boulevard Raspail. Cette fresque color\u00e9e est l&rsquo;\u0153uvre de l\u2019architecte plasticien Aldric Beckmann, c\u2019est l\u2019un des vingt projets s\u00e9lectionn\u00e9s dans le cadre de l\u2019appel [&hellip;]\" \/>\n<meta property=\"og:url\" content=\"https:\/\/batijournal.com\/index.php\/embellir-paris-avec-une-fresque-en-bardage-stoventec-glass\/103909\/\" \/>\n<meta property=\"og:site_name\" content=\"Batijournal\" \/>\n<meta property=\"article:published_time\" content=\"2020-03-05T12:04:34+00:00\" \/>\n<meta property=\"article:modified_time\" content=\"2020-03-05T12:04:35+00:00\" \/>\n<meta property=\"og:image\" content=\"https:\/\/batijournal.com\/wp-content\/uploads\/2020\/03\/Sto-Raspail-fresque.jpg\" \/>\n\t<meta property=\"og:image:width\" content=\"1200\" \/>\n\t<meta property=\"og:image:height\" content=\"675\" \/>\n\t<meta property=\"og:image:type\" content=\"image\/jpeg\" \/>\n<meta name=\"author\" content=\"St\u00e9phane Miget\" \/>\n<meta name=\"twitter:card\" content=\"summary_large_image\" \/>\n<meta name=\"twitter:creator\" content=\"@bati_journal\" \/>\n<meta name=\"twitter:site\" content=\"@bati_journal\" \/>\n<meta name=\"twitter:label1\" content=\"\u00c9crit par\" \/>\n\t<meta name=\"twitter:data1\" content=\"St\u00e9phane Miget\" \/>\n\t<meta name=\"twitter:label2\" content=\"Dur\u00e9e de lecture estim\u00e9e\" \/>\n\t<meta name=\"twitter:data2\" content=\"3 minutes\" \/>\n<script type=\"application\/ld+json\" class=\"yoast-schema-graph\">{\"@context\":\"https:\\\/\\\/schema.org\",\"@graph\":[{\"@type\":\"Article\",\"@id\":\"https:\\\/\\\/batijournal.com\\\/index.php\\\/embellir-paris-avec-une-fresque-en-bardage-stoventec-glass\\\/103909\\\/#article\",\"isPartOf\":{\"@id\":\"https:\\\/\\\/batijournal.com\\\/index.php\\\/embellir-paris-avec-une-fresque-en-bardage-stoventec-glass\\\/103909\\\/\"},\"author\":{\"name\":\"St\u00e9phane Miget\",\"@id\":\"https:\\\/\\\/batijournal.com\\\/#\\\/schema\\\/person\\\/1dc96ec6957aa1ccb25ebe78bb19f100\"},\"headline\":\"Embellir Paris avec une fresque en bardage StoVentec Glass\",\"datePublished\":\"2020-03-05T12:04:34+00:00\",\"dateModified\":\"2020-03-05T12:04:35+00:00\",\"mainEntityOfPage\":{\"@id\":\"https:\\\/\\\/batijournal.com\\\/index.php\\\/embellir-paris-avec-une-fresque-en-bardage-stoventec-glass\\\/103909\\\/\"},\"wordCount\":512,\"image\":{\"@id\":\"https:\\\/\\\/batijournal.com\\\/index.php\\\/embellir-paris-avec-une-fresque-en-bardage-stoventec-glass\\\/103909\\\/#primaryimage\"},\"thumbnailUrl\":\"https:\\\/\\\/batijournal.com\\\/wp-content\\\/uploads\\\/2020\\\/03\\\/Sto-Raspail-fresque.jpg\",\"keywords\":[\"bardage\"],\"articleSection\":[\"Actualit\u00e9s\",\"Architecture &amp; Conception\",\"zz_5fa\u00e7ades\",\"zz_Actualit\u00e9s - 5fa\u00e7ades\"],\"inLanguage\":\"fr-FR\"},{\"@type\":\"WebPage\",\"@id\":\"https:\\\/\\\/batijournal.com\\\/index.php\\\/embellir-paris-avec-une-fresque-en-bardage-stoventec-glass\\\/103909\\\/\",\"url\":\"https:\\\/\\\/batijournal.com\\\/index.php\\\/embellir-paris-avec-une-fresque-en-bardage-stoventec-glass\\\/103909\\\/\",\"name\":\"Embellir Paris avec une fresque en bardage StoVentec Glass\",\"isPartOf\":{\"@id\":\"https:\\\/\\\/batijournal.com\\\/#website\"},\"primaryImageOfPage\":{\"@id\":\"https:\\\/\\\/batijournal.com\\\/index.php\\\/embellir-paris-avec-une-fresque-en-bardage-stoventec-glass\\\/103909\\\/#primaryimage\"},\"image\":{\"@id\":\"https:\\\/\\\/batijournal.com\\\/index.php\\\/embellir-paris-avec-une-fresque-en-bardage-stoventec-glass\\\/103909\\\/#primaryimage\"},\"thumbnailUrl\":\"https:\\\/\\\/batijournal.com\\\/wp-content\\\/uploads\\\/2020\\\/03\\\/Sto-Raspail-fresque.jpg\",\"datePublished\":\"2020-03-05T12:04:34+00:00\",\"dateModified\":\"2020-03-05T12:04:35+00:00\",\"author\":{\"@id\":\"https:\\\/\\\/batijournal.com\\\/#\\\/schema\\\/person\\\/1dc96ec6957aa1ccb25ebe78bb19f100\"},\"breadcrumb\":{\"@id\":\"https:\\\/\\\/batijournal.com\\\/index.php\\\/embellir-paris-avec-une-fresque-en-bardage-stoventec-glass\\\/103909\\\/#breadcrumb\"},\"inLanguage\":\"fr-FR\",\"potentialAction\":[{\"@type\":\"ReadAction\",\"target\":[\"https:\\\/\\\/batijournal.com\\\/index.php\\\/embellir-paris-avec-une-fresque-en-bardage-stoventec-glass\\\/103909\\\/\"]}]},{\"@type\":\"ImageObject\",\"inLanguage\":\"fr-FR\",\"@id\":\"https:\\\/\\\/batijournal.com\\\/index.php\\\/embellir-paris-avec-une-fresque-en-bardage-stoventec-glass\\\/103909\\\/#primaryimage\",\"url\":\"https:\\\/\\\/batijournal.com\\\/wp-content\\\/uploads\\\/2020\\\/03\\\/Sto-Raspail-fresque.jpg\",\"contentUrl\":\"https:\\\/\\\/batijournal.com\\\/wp-content\\\/uploads\\\/2020\\\/03\\\/Sto-Raspail-fresque.jpg\",\"width\":1200,\"height\":675},{\"@type\":\"BreadcrumbList\",\"@id\":\"https:\\\/\\\/batijournal.com\\\/index.php\\\/embellir-paris-avec-une-fresque-en-bardage-stoventec-glass\\\/103909\\\/#breadcrumb\",\"itemListElement\":[{\"@type\":\"ListItem\",\"position\":1,\"name\":\"Accueil\",\"item\":\"https:\\\/\\\/batijournal.com\\\/\"},{\"@type\":\"ListItem\",\"position\":2,\"name\":\"Actualit\u00e9s\",\"item\":\"https:\\\/\\\/batijournal.com\\\/index.php\\\/category\\\/actualites\\\/\"},{\"@type\":\"ListItem\",\"position\":3,\"name\":\"Embellir Paris avec une fresque en bardage StoVentec Glass\"}]},{\"@type\":\"WebSite\",\"@id\":\"https:\\\/\\\/batijournal.com\\\/#website\",\"url\":\"https:\\\/\\\/batijournal.com\\\/\",\"name\":\"Batijournal\",\"description\":\"L&#039;actualit\u00e9 du b\u00e2timent\",\"potentialAction\":[{\"@type\":\"SearchAction\",\"target\":{\"@type\":\"EntryPoint\",\"urlTemplate\":\"https:\\\/\\\/batijournal.com\\\/?s={search_term_string}\"},\"query-input\":{\"@type\":\"PropertyValueSpecification\",\"valueRequired\":true,\"valueName\":\"search_term_string\"}}],\"inLanguage\":\"fr-FR\"},{\"@type\":\"Person\",\"@id\":\"https:\\\/\\\/batijournal.com\\\/#\\\/schema\\\/person\\\/1dc96ec6957aa1ccb25ebe78bb19f100\",\"name\":\"St\u00e9phane Miget\",\"image\":{\"@type\":\"ImageObject\",\"inLanguage\":\"fr-FR\",\"@id\":\"https:\\\/\\\/secure.gravatar.com\\\/avatar\\\/89915563d925342126b8ef0281b93d9d7fc337043e8df017f780908eb9644451?s=96&d=mm&r=g\",\"url\":\"https:\\\/\\\/secure.gravatar.com\\\/avatar\\\/89915563d925342126b8ef0281b93d9d7fc337043e8df017f780908eb9644451?s=96&d=mm&r=g\",\"contentUrl\":\"https:\\\/\\\/secure.gravatar.com\\\/avatar\\\/89915563d925342126b8ef0281b93d9d7fc337043e8df017f780908eb9644451?s=96&d=mm&r=g\",\"caption\":\"St\u00e9phane Miget\"},\"url\":\"https:\\\/\\\/batijournal.com\\\/index.php\\\/author\\\/stephane\\\/\"}]}<\/script>\n<!-- \/ Yoast SEO plugin. -->","yoast_head_json":{"title":"Embellir Paris avec une fresque en bardage StoVentec Glass","robots":{"index":"index","follow":"follow","max-snippet":"max-snippet:-1","max-image-preview":"max-image-preview:large","max-video-preview":"max-video-preview:-1"},"canonical":"https:\/\/batijournal.com\/index.php\/embellir-paris-avec-une-fresque-en-bardage-stoventec-glass\/103909\/","og_locale":"fr_FR","og_type":"article","og_title":"Embellir Paris avec une fresque en bardage StoVentec Glass","og_description":"Sto participe \u00e0 l\u2019appel \u00e0 projets \u00ab Embellir Paris \u00bb en fournissant, dans le cadre d\u2019une op\u00e9ration de m\u00e9c\u00e9nat, les produits n\u00e9cessaires \u00e0 la r\u00e9alisation d\u2019une fresque sur un long mur du boulevard Raspail. Cette fresque color\u00e9e est l&rsquo;\u0153uvre de l\u2019architecte plasticien Aldric Beckmann, c\u2019est l\u2019un des vingt projets s\u00e9lectionn\u00e9s dans le cadre de l\u2019appel [&hellip;]","og_url":"https:\/\/batijournal.com\/index.php\/embellir-paris-avec-une-fresque-en-bardage-stoventec-glass\/103909\/","og_site_name":"Batijournal","article_published_time":"2020-03-05T12:04:34+00:00","article_modified_time":"2020-03-05T12:04:35+00:00","og_image":[{"width":1200,"height":675,"url":"https:\/\/batijournal.com\/wp-content\/uploads\/2020\/03\/Sto-Raspail-fresque.jpg","type":"image\/jpeg"}],"author":"St\u00e9phane Miget","twitter_card":"summary_large_image","twitter_creator":"@bati_journal","twitter_site":"@bati_journal","twitter_misc":{"\u00c9crit par":"St\u00e9phane Miget","Dur\u00e9e de lecture estim\u00e9e":"3 minutes"},"schema":{"@context":"https:\/\/schema.org","@graph":[{"@type":"Article","@id":"https:\/\/batijournal.com\/index.php\/embellir-paris-avec-une-fresque-en-bardage-stoventec-glass\/103909\/#article","isPartOf":{"@id":"https:\/\/batijournal.com\/index.php\/embellir-paris-avec-une-fresque-en-bardage-stoventec-glass\/103909\/"},"author":{"name":"St\u00e9phane Miget","@id":"https:\/\/batijournal.com\/#\/schema\/person\/1dc96ec6957aa1ccb25ebe78bb19f100"},"headline":"Embellir Paris avec une fresque en bardage StoVentec Glass","datePublished":"2020-03-05T12:04:34+00:00","dateModified":"2020-03-05T12:04:35+00:00","mainEntityOfPage":{"@id":"https:\/\/batijournal.com\/index.php\/embellir-paris-avec-une-fresque-en-bardage-stoventec-glass\/103909\/"},"wordCount":512,"image":{"@id":"https:\/\/batijournal.com\/index.php\/embellir-paris-avec-une-fresque-en-bardage-stoventec-glass\/103909\/#primaryimage"},"thumbnailUrl":"https:\/\/batijournal.com\/wp-content\/uploads\/2020\/03\/Sto-Raspail-fresque.jpg","keywords":["bardage"],"articleSection":["Actualit\u00e9s","Architecture &amp; Conception","zz_5fa\u00e7ades","zz_Actualit\u00e9s - 5fa\u00e7ades"],"inLanguage":"fr-FR"},{"@type":"WebPage","@id":"https:\/\/batijournal.com\/index.php\/embellir-paris-avec-une-fresque-en-bardage-stoventec-glass\/103909\/","url":"https:\/\/batijournal.com\/index.php\/embellir-paris-avec-une-fresque-en-bardage-stoventec-glass\/103909\/","name":"Embellir Paris avec une fresque en bardage StoVentec Glass","isPartOf":{"@id":"https:\/\/batijournal.com\/#website"},"primaryImageOfPage":{"@id":"https:\/\/batijournal.com\/index.php\/embellir-paris-avec-une-fresque-en-bardage-stoventec-glass\/103909\/#primaryimage"},"image":{"@id":"https:\/\/batijournal.com\/index.php\/embellir-paris-avec-une-fresque-en-bardage-stoventec-glass\/103909\/#primaryimage"},"thumbnailUrl":"https:\/\/batijournal.com\/wp-content\/uploads\/2020\/03\/Sto-Raspail-fresque.jpg","datePublished":"2020-03-05T12:04:34+00:00","dateModified":"2020-03-05T12:04:35+00:00","author":{"@id":"https:\/\/batijournal.com\/#\/schema\/person\/1dc96ec6957aa1ccb25ebe78bb19f100"},"breadcrumb":{"@id":"https:\/\/batijournal.com\/index.php\/embellir-paris-avec-une-fresque-en-bardage-stoventec-glass\/103909\/#breadcrumb"},"inLanguage":"fr-FR","potentialAction":[{"@type":"ReadAction","target":["https:\/\/batijournal.com\/index.php\/embellir-paris-avec-une-fresque-en-bardage-stoventec-glass\/103909\/"]}]},{"@type":"ImageObject","inLanguage":"fr-FR","@id":"https:\/\/batijournal.com\/index.php\/embellir-paris-avec-une-fresque-en-bardage-stoventec-glass\/103909\/#primaryimage","url":"https:\/\/batijournal.com\/wp-content\/uploads\/2020\/03\/Sto-Raspail-fresque.jpg","contentUrl":"https:\/\/batijournal.com\/wp-content\/uploads\/2020\/03\/Sto-Raspail-fresque.jpg","width":1200,"height":675},{"@type":"BreadcrumbList","@id":"https:\/\/batijournal.com\/index.php\/embellir-paris-avec-une-fresque-en-bardage-stoventec-glass\/103909\/#breadcrumb","itemListElement":[{"@type":"ListItem","position":1,"name":"Accueil","item":"https:\/\/batijournal.com\/"},{"@type":"ListItem","position":2,"name":"Actualit\u00e9s","item":"https:\/\/batijournal.com\/index.php\/category\/actualites\/"},{"@type":"ListItem","position":3,"name":"Embellir Paris avec une fresque en bardage StoVentec Glass"}]},{"@type":"WebSite","@id":"https:\/\/batijournal.com\/#website","url":"https:\/\/batijournal.com\/","name":"Batijournal","description":"L&#039;actualit\u00e9 du b\u00e2timent","potentialAction":[{"@type":"SearchAction","target":{"@type":"EntryPoint","urlTemplate":"https:\/\/batijournal.com\/?s={search_term_string}"},"query-input":{"@type":"PropertyValueSpecification","valueRequired":true,"valueName":"search_term_string"}}],"inLanguage":"fr-FR"},{"@type":"Person","@id":"https:\/\/batijournal.com\/#\/schema\/person\/1dc96ec6957aa1ccb25ebe78bb19f100","name":"St\u00e9phane Miget","image":{"@type":"ImageObject","inLanguage":"fr-FR","@id":"https:\/\/secure.gravatar.com\/avatar\/89915563d925342126b8ef0281b93d9d7fc337043e8df017f780908eb9644451?s=96&d=mm&r=g","url":"https:\/\/secure.gravatar.com\/avatar\/89915563d925342126b8ef0281b93d9d7fc337043e8df017f780908eb9644451?s=96&d=mm&r=g","contentUrl":"https:\/\/secure.gravatar.com\/avatar\/89915563d925342126b8ef0281b93d9d7fc337043e8df017f780908eb9644451?s=96&d=mm&r=g","caption":"St\u00e9phane Miget"},"url":"https:\/\/batijournal.com\/index.php\/author\/stephane\/"}]}},"_links":{"self":[{"href":"https:\/\/batijournal.com\/index.php\/wp-json\/wp\/v2\/posts\/103909","targetHints":{"allow":["GET"]}}],"collection":[{"href":"https:\/\/batijournal.com\/index.php\/wp-json\/wp\/v2\/posts"}],"about":[{"href":"https:\/\/batijournal.com\/index.php\/wp-json\/wp\/v2\/types\/post"}],"author":[{"embeddable":true,"href":"https:\/\/batijournal.com\/index.php\/wp-json\/wp\/v2\/users\/17"}],"replies":[{"embeddable":true,"href":"https:\/\/batijournal.com\/index.php\/wp-json\/wp\/v2\/comments?post=103909"}],"version-history":[{"count":0,"href":"https:\/\/batijournal.com\/index.php\/wp-json\/wp\/v2\/posts\/103909\/revisions"}],"wp:featuredmedia":[{"embeddable":true,"href":"https:\/\/batijournal.com\/index.php\/wp-json\/wp\/v2\/media\/103910"}],"wp:attachment":[{"href":"https:\/\/batijournal.com\/index.php\/wp-json\/wp\/v2\/media?parent=103909"}],"wp:term":[{"taxonomy":"category","embeddable":true,"href":"https:\/\/batijournal.com\/index.php\/wp-json\/wp\/v2\/categories?post=103909"},{"taxonomy":"post_tag","embeddable":true,"href":"https:\/\/batijournal.com\/index.php\/wp-json\/wp\/v2\/tags?post=103909"}],"curies":[{"name":"wp","href":"https:\/\/api.w.org\/{rel}","templated":true}]}}