{"id":103911,"date":"2020-03-05T13:14:38","date_gmt":"2020-03-05T12:14:38","guid":{"rendered":"https:\/\/batijournal.com\/?p=103911"},"modified":"2020-03-05T13:14:40","modified_gmt":"2020-03-05T12:14:40","slug":"le-nouveau-palais-des-congres-du-touquet","status":"publish","type":"post","link":"https:\/\/batijournal.com\/index.php\/le-nouveau-palais-des-congres-du-touquet\/103911\/","title":{"rendered":"Le nouveau Palais des Congr\u00e8s du Touquet"},"content":{"rendered":"\n<p><strong>La Mairie du Touquet vient d&rsquo;inaugurer son nouveau Palais des Congr\u00e8s, qui ouvre ses portes au public apr\u00e8s 20 mois de travaux importants d\u2019extension et de r\u00e9habilitation.<\/strong><\/p>\n\n\n\n<p>Pour ce chantier, le cabinet d\u2019architecture Wilmotte &amp; Associ\u00e9s, accompagn\u00e9 du sc\u00e9nographe Changement \u00e0 vue, se sont attach\u00e9s \u00e0 proposer une architecture contemporaine, en coh\u00e9rence avec le lieu et l\u2019architecture du Palais de l\u2019Europe, nom d\u2019origine du b\u00e2timent. Tous les salons historiques ont \u00e9t\u00e9 conserv\u00e9s, les ajouts du temps ont \u00e9t\u00e9 retir\u00e9s pour mettre en valeur une architecture d\u2019origine sobre et \u00e9l\u00e9gante. Des transformations majeures ont \u00e9t\u00e9 apport\u00e9es au b\u00e2timent, notamment la nouvelle toiture de la salle Moli\u00e8re qui comporte deux verri\u00e8res, la mise \u00e0 plat du hall Duhamel et de la salle Boucher, ainsi que le percement de tr\u00e9mies pour loger les ascenseurs. Une attention particuli\u00e8re a \u00e9t\u00e9 port\u00e9e au bien-\u00eatre et au confort, par la qualit\u00e9 des espaces, leur organisation et le choix des mat\u00e9riaux.<\/p>\n\n\n\n<p>L\u2019extension propos\u00e9e dans le cadre du concours remport\u00e9 par les \u00e9quipes de Spie batignolles, ses partenaires BPCE Lease pour le financement et Engie Cofely pour la maintenance, a permis la construction d\u2019une toute nouvelle salle de spectacle de 1 200 places assises comportant une tribune de si\u00e8ges compl\u00e8tement r\u00e9tractables pour permettre l\u2019adaptation de l\u2019espace \u00e0 d\u2019autres \u00e9v\u00e8nements tels que des expositions ou des salons professionnels. Baptis\u00e9e \u00ab Maurice Ravel \u00bb, cette salle a \u00e9t\u00e9 b\u00e2tie en terre cuite et dot\u00e9e de grands vitrages pour assurer une circulation lumineuse entre l\u2019extension et le b\u00e2timent initial.<\/p>\n","protected":false},"excerpt":{"rendered":"<p>La Mairie du Touquet vient d&rsquo;inaugurer son nouveau Palais des Congr\u00e8s, qui ouvre ses portes au public apr\u00e8s 20 mois de travaux importants d\u2019extension et de r\u00e9habilitation. Pour ce chantier, le cabinet d\u2019architecture Wilmotte &amp; Associ\u00e9s, accompagn\u00e9 du sc\u00e9nographe Changement \u00e0 vue, se sont attach\u00e9s \u00e0 proposer une architecture contemporaine, en coh\u00e9rence avec le lieu [&hellip;]<\/p>\n","protected":false},"author":17,"featured_media":103912,"comment_status":"closed","ping_status":"closed","sticky":false,"template":"","format":"standard","meta":{"_et_pb_use_builder":"","_et_pb_old_content":"","_et_gb_content_width":"","footnotes":""},"categories":[10530,6340,10771,10775],"tags":[2349],"class_list":["post-103911","post","type-post","status-publish","format-standard","has-post-thumbnail","hentry","category-actualites","category-architecture-conception","category-5facades","category-actualites-5facades","tag-facades"],"yoast_head":"<!-- This site is optimized with the Yoast SEO plugin v27.4 - https:\/\/yoast.com\/product\/yoast-seo-wordpress\/ -->\n<title>Le nouveau Palais des Congr\u00e8s du Touquet<\/title>\n<meta name=\"robots\" content=\"index, follow, max-snippet:-1, max-image-preview:large, max-video-preview:-1\" \/>\n<link rel=\"canonical\" href=\"https:\/\/batijournal.com\/index.php\/le-nouveau-palais-des-congres-du-touquet\/103911\/\" \/>\n<meta property=\"og:locale\" content=\"fr_FR\" \/>\n<meta property=\"og:type\" content=\"article\" \/>\n<meta property=\"og:title\" content=\"Le nouveau Palais des Congr\u00e8s du Touquet\" \/>\n<meta property=\"og:description\" content=\"La Mairie du Touquet vient d&rsquo;inaugurer son nouveau Palais des Congr\u00e8s, qui ouvre ses portes au public apr\u00e8s 20 mois de travaux importants d\u2019extension et de r\u00e9habilitation. Pour ce chantier, le cabinet d\u2019architecture Wilmotte &amp; Associ\u00e9s, accompagn\u00e9 du sc\u00e9nographe Changement \u00e0 vue, se sont attach\u00e9s \u00e0 proposer une architecture contemporaine, en coh\u00e9rence avec le lieu [&hellip;]\" \/>\n<meta property=\"og:url\" content=\"https:\/\/batijournal.com\/index.php\/le-nouveau-palais-des-congres-du-touquet\/103911\/\" \/>\n<meta property=\"og:site_name\" content=\"Batijournal\" \/>\n<meta property=\"article:published_time\" content=\"2020-03-05T12:14:38+00:00\" \/>\n<meta property=\"article:modified_time\" content=\"2020-03-05T12:14:40+00:00\" \/>\n<meta property=\"og:image\" content=\"https:\/\/batijournal.com\/wp-content\/uploads\/2020\/03\/Le-nouveau-Palais-des-Congres-du-Touquet.jpg\" \/>\n\t<meta property=\"og:image:width\" content=\"1200\" \/>\n\t<meta property=\"og:image:height\" content=\"800\" \/>\n\t<meta property=\"og:image:type\" content=\"image\/jpeg\" \/>\n<meta name=\"author\" content=\"St\u00e9phane Miget\" \/>\n<meta name=\"twitter:card\" content=\"summary_large_image\" \/>\n<meta name=\"twitter:creator\" content=\"@bati_journal\" \/>\n<meta name=\"twitter:site\" content=\"@bati_journal\" \/>\n<meta name=\"twitter:label1\" content=\"\u00c9crit par\" \/>\n\t<meta name=\"twitter:data1\" content=\"St\u00e9phane Miget\" \/>\n\t<meta name=\"twitter:label2\" content=\"Dur\u00e9e de lecture estim\u00e9e\" \/>\n\t<meta name=\"twitter:data2\" content=\"1 minute\" \/>\n<script type=\"application\/ld+json\" class=\"yoast-schema-graph\">{\"@context\":\"https:\\\/\\\/schema.org\",\"@graph\":[{\"@type\":\"Article\",\"@id\":\"https:\\\/\\\/batijournal.com\\\/index.php\\\/le-nouveau-palais-des-congres-du-touquet\\\/103911\\\/#article\",\"isPartOf\":{\"@id\":\"https:\\\/\\\/batijournal.com\\\/index.php\\\/le-nouveau-palais-des-congres-du-touquet\\\/103911\\\/\"},\"author\":{\"name\":\"St\u00e9phane Miget\",\"@id\":\"https:\\\/\\\/batijournal.com\\\/#\\\/schema\\\/person\\\/1dc96ec6957aa1ccb25ebe78bb19f100\"},\"headline\":\"Le nouveau Palais des Congr\u00e8s du Touquet\",\"datePublished\":\"2020-03-05T12:14:38+00:00\",\"dateModified\":\"2020-03-05T12:14:40+00:00\",\"mainEntityOfPage\":{\"@id\":\"https:\\\/\\\/batijournal.com\\\/index.php\\\/le-nouveau-palais-des-congres-du-touquet\\\/103911\\\/\"},\"wordCount\":289,\"image\":{\"@id\":\"https:\\\/\\\/batijournal.com\\\/index.php\\\/le-nouveau-palais-des-congres-du-touquet\\\/103911\\\/#primaryimage\"},\"thumbnailUrl\":\"https:\\\/\\\/batijournal.com\\\/wp-content\\\/uploads\\\/2020\\\/03\\\/Le-nouveau-Palais-des-Congres-du-Touquet.jpg\",\"keywords\":[\"fa\u00e7ades\"],\"articleSection\":[\"Actualit\u00e9s\",\"Architecture &amp; Conception\",\"zz_5fa\u00e7ades\",\"zz_Actualit\u00e9s - 5fa\u00e7ades\"],\"inLanguage\":\"fr-FR\"},{\"@type\":\"WebPage\",\"@id\":\"https:\\\/\\\/batijournal.com\\\/index.php\\\/le-nouveau-palais-des-congres-du-touquet\\\/103911\\\/\",\"url\":\"https:\\\/\\\/batijournal.com\\\/index.php\\\/le-nouveau-palais-des-congres-du-touquet\\\/103911\\\/\",\"name\":\"Le nouveau Palais des Congr\u00e8s du Touquet\",\"isPartOf\":{\"@id\":\"https:\\\/\\\/batijournal.com\\\/#website\"},\"primaryImageOfPage\":{\"@id\":\"https:\\\/\\\/batijournal.com\\\/index.php\\\/le-nouveau-palais-des-congres-du-touquet\\\/103911\\\/#primaryimage\"},\"image\":{\"@id\":\"https:\\\/\\\/batijournal.com\\\/index.php\\\/le-nouveau-palais-des-congres-du-touquet\\\/103911\\\/#primaryimage\"},\"thumbnailUrl\":\"https:\\\/\\\/batijournal.com\\\/wp-content\\\/uploads\\\/2020\\\/03\\\/Le-nouveau-Palais-des-Congres-du-Touquet.jpg\",\"datePublished\":\"2020-03-05T12:14:38+00:00\",\"dateModified\":\"2020-03-05T12:14:40+00:00\",\"author\":{\"@id\":\"https:\\\/\\\/batijournal.com\\\/#\\\/schema\\\/person\\\/1dc96ec6957aa1ccb25ebe78bb19f100\"},\"breadcrumb\":{\"@id\":\"https:\\\/\\\/batijournal.com\\\/index.php\\\/le-nouveau-palais-des-congres-du-touquet\\\/103911\\\/#breadcrumb\"},\"inLanguage\":\"fr-FR\",\"potentialAction\":[{\"@type\":\"ReadAction\",\"target\":[\"https:\\\/\\\/batijournal.com\\\/index.php\\\/le-nouveau-palais-des-congres-du-touquet\\\/103911\\\/\"]}]},{\"@type\":\"ImageObject\",\"inLanguage\":\"fr-FR\",\"@id\":\"https:\\\/\\\/batijournal.com\\\/index.php\\\/le-nouveau-palais-des-congres-du-touquet\\\/103911\\\/#primaryimage\",\"url\":\"https:\\\/\\\/batijournal.com\\\/wp-content\\\/uploads\\\/2020\\\/03\\\/Le-nouveau-Palais-des-Congres-du-Touquet.jpg\",\"contentUrl\":\"https:\\\/\\\/batijournal.com\\\/wp-content\\\/uploads\\\/2020\\\/03\\\/Le-nouveau-Palais-des-Congres-du-Touquet.jpg\",\"width\":1200,\"height\":800},{\"@type\":\"BreadcrumbList\",\"@id\":\"https:\\\/\\\/batijournal.com\\\/index.php\\\/le-nouveau-palais-des-congres-du-touquet\\\/103911\\\/#breadcrumb\",\"itemListElement\":[{\"@type\":\"ListItem\",\"position\":1,\"name\":\"Accueil\",\"item\":\"https:\\\/\\\/batijournal.com\\\/\"},{\"@type\":\"ListItem\",\"position\":2,\"name\":\"Actualit\u00e9s\",\"item\":\"https:\\\/\\\/batijournal.com\\\/index.php\\\/category\\\/actualites\\\/\"},{\"@type\":\"ListItem\",\"position\":3,\"name\":\"Le nouveau Palais des Congr\u00e8s du Touquet\"}]},{\"@type\":\"WebSite\",\"@id\":\"https:\\\/\\\/batijournal.com\\\/#website\",\"url\":\"https:\\\/\\\/batijournal.com\\\/\",\"name\":\"Batijournal\",\"description\":\"L&#039;actualit\u00e9 du b\u00e2timent\",\"potentialAction\":[{\"@type\":\"SearchAction\",\"target\":{\"@type\":\"EntryPoint\",\"urlTemplate\":\"https:\\\/\\\/batijournal.com\\\/?s={search_term_string}\"},\"query-input\":{\"@type\":\"PropertyValueSpecification\",\"valueRequired\":true,\"valueName\":\"search_term_string\"}}],\"inLanguage\":\"fr-FR\"},{\"@type\":\"Person\",\"@id\":\"https:\\\/\\\/batijournal.com\\\/#\\\/schema\\\/person\\\/1dc96ec6957aa1ccb25ebe78bb19f100\",\"name\":\"St\u00e9phane Miget\",\"image\":{\"@type\":\"ImageObject\",\"inLanguage\":\"fr-FR\",\"@id\":\"https:\\\/\\\/secure.gravatar.com\\\/avatar\\\/89915563d925342126b8ef0281b93d9d7fc337043e8df017f780908eb9644451?s=96&d=mm&r=g\",\"url\":\"https:\\\/\\\/secure.gravatar.com\\\/avatar\\\/89915563d925342126b8ef0281b93d9d7fc337043e8df017f780908eb9644451?s=96&d=mm&r=g\",\"contentUrl\":\"https:\\\/\\\/secure.gravatar.com\\\/avatar\\\/89915563d925342126b8ef0281b93d9d7fc337043e8df017f780908eb9644451?s=96&d=mm&r=g\",\"caption\":\"St\u00e9phane Miget\"},\"url\":\"https:\\\/\\\/batijournal.com\\\/index.php\\\/author\\\/stephane\\\/\"}]}<\/script>\n<!-- \/ Yoast SEO plugin. -->","yoast_head_json":{"title":"Le nouveau Palais des Congr\u00e8s du Touquet","robots":{"index":"index","follow":"follow","max-snippet":"max-snippet:-1","max-image-preview":"max-image-preview:large","max-video-preview":"max-video-preview:-1"},"canonical":"https:\/\/batijournal.com\/index.php\/le-nouveau-palais-des-congres-du-touquet\/103911\/","og_locale":"fr_FR","og_type":"article","og_title":"Le nouveau Palais des Congr\u00e8s du Touquet","og_description":"La Mairie du Touquet vient d&rsquo;inaugurer son nouveau Palais des Congr\u00e8s, qui ouvre ses portes au public apr\u00e8s 20 mois de travaux importants d\u2019extension et de r\u00e9habilitation. Pour ce chantier, le cabinet d\u2019architecture Wilmotte &amp; Associ\u00e9s, accompagn\u00e9 du sc\u00e9nographe Changement \u00e0 vue, se sont attach\u00e9s \u00e0 proposer une architecture contemporaine, en coh\u00e9rence avec le lieu [&hellip;]","og_url":"https:\/\/batijournal.com\/index.php\/le-nouveau-palais-des-congres-du-touquet\/103911\/","og_site_name":"Batijournal","article_published_time":"2020-03-05T12:14:38+00:00","article_modified_time":"2020-03-05T12:14:40+00:00","og_image":[{"width":1200,"height":800,"url":"https:\/\/batijournal.com\/wp-content\/uploads\/2020\/03\/Le-nouveau-Palais-des-Congres-du-Touquet.jpg","type":"image\/jpeg"}],"author":"St\u00e9phane Miget","twitter_card":"summary_large_image","twitter_creator":"@bati_journal","twitter_site":"@bati_journal","twitter_misc":{"\u00c9crit par":"St\u00e9phane Miget","Dur\u00e9e de lecture estim\u00e9e":"1 minute"},"schema":{"@context":"https:\/\/schema.org","@graph":[{"@type":"Article","@id":"https:\/\/batijournal.com\/index.php\/le-nouveau-palais-des-congres-du-touquet\/103911\/#article","isPartOf":{"@id":"https:\/\/batijournal.com\/index.php\/le-nouveau-palais-des-congres-du-touquet\/103911\/"},"author":{"name":"St\u00e9phane Miget","@id":"https:\/\/batijournal.com\/#\/schema\/person\/1dc96ec6957aa1ccb25ebe78bb19f100"},"headline":"Le nouveau Palais des Congr\u00e8s du Touquet","datePublished":"2020-03-05T12:14:38+00:00","dateModified":"2020-03-05T12:14:40+00:00","mainEntityOfPage":{"@id":"https:\/\/batijournal.com\/index.php\/le-nouveau-palais-des-congres-du-touquet\/103911\/"},"wordCount":289,"image":{"@id":"https:\/\/batijournal.com\/index.php\/le-nouveau-palais-des-congres-du-touquet\/103911\/#primaryimage"},"thumbnailUrl":"https:\/\/batijournal.com\/wp-content\/uploads\/2020\/03\/Le-nouveau-Palais-des-Congres-du-Touquet.jpg","keywords":["fa\u00e7ades"],"articleSection":["Actualit\u00e9s","Architecture &amp; Conception","zz_5fa\u00e7ades","zz_Actualit\u00e9s - 5fa\u00e7ades"],"inLanguage":"fr-FR"},{"@type":"WebPage","@id":"https:\/\/batijournal.com\/index.php\/le-nouveau-palais-des-congres-du-touquet\/103911\/","url":"https:\/\/batijournal.com\/index.php\/le-nouveau-palais-des-congres-du-touquet\/103911\/","name":"Le nouveau Palais des Congr\u00e8s du Touquet","isPartOf":{"@id":"https:\/\/batijournal.com\/#website"},"primaryImageOfPage":{"@id":"https:\/\/batijournal.com\/index.php\/le-nouveau-palais-des-congres-du-touquet\/103911\/#primaryimage"},"image":{"@id":"https:\/\/batijournal.com\/index.php\/le-nouveau-palais-des-congres-du-touquet\/103911\/#primaryimage"},"thumbnailUrl":"https:\/\/batijournal.com\/wp-content\/uploads\/2020\/03\/Le-nouveau-Palais-des-Congres-du-Touquet.jpg","datePublished":"2020-03-05T12:14:38+00:00","dateModified":"2020-03-05T12:14:40+00:00","author":{"@id":"https:\/\/batijournal.com\/#\/schema\/person\/1dc96ec6957aa1ccb25ebe78bb19f100"},"breadcrumb":{"@id":"https:\/\/batijournal.com\/index.php\/le-nouveau-palais-des-congres-du-touquet\/103911\/#breadcrumb"},"inLanguage":"fr-FR","potentialAction":[{"@type":"ReadAction","target":["https:\/\/batijournal.com\/index.php\/le-nouveau-palais-des-congres-du-touquet\/103911\/"]}]},{"@type":"ImageObject","inLanguage":"fr-FR","@id":"https:\/\/batijournal.com\/index.php\/le-nouveau-palais-des-congres-du-touquet\/103911\/#primaryimage","url":"https:\/\/batijournal.com\/wp-content\/uploads\/2020\/03\/Le-nouveau-Palais-des-Congres-du-Touquet.jpg","contentUrl":"https:\/\/batijournal.com\/wp-content\/uploads\/2020\/03\/Le-nouveau-Palais-des-Congres-du-Touquet.jpg","width":1200,"height":800},{"@type":"BreadcrumbList","@id":"https:\/\/batijournal.com\/index.php\/le-nouveau-palais-des-congres-du-touquet\/103911\/#breadcrumb","itemListElement":[{"@type":"ListItem","position":1,"name":"Accueil","item":"https:\/\/batijournal.com\/"},{"@type":"ListItem","position":2,"name":"Actualit\u00e9s","item":"https:\/\/batijournal.com\/index.php\/category\/actualites\/"},{"@type":"ListItem","position":3,"name":"Le nouveau Palais des Congr\u00e8s du Touquet"}]},{"@type":"WebSite","@id":"https:\/\/batijournal.com\/#website","url":"https:\/\/batijournal.com\/","name":"Batijournal","description":"L&#039;actualit\u00e9 du b\u00e2timent","potentialAction":[{"@type":"SearchAction","target":{"@type":"EntryPoint","urlTemplate":"https:\/\/batijournal.com\/?s={search_term_string}"},"query-input":{"@type":"PropertyValueSpecification","valueRequired":true,"valueName":"search_term_string"}}],"inLanguage":"fr-FR"},{"@type":"Person","@id":"https:\/\/batijournal.com\/#\/schema\/person\/1dc96ec6957aa1ccb25ebe78bb19f100","name":"St\u00e9phane Miget","image":{"@type":"ImageObject","inLanguage":"fr-FR","@id":"https:\/\/secure.gravatar.com\/avatar\/89915563d925342126b8ef0281b93d9d7fc337043e8df017f780908eb9644451?s=96&d=mm&r=g","url":"https:\/\/secure.gravatar.com\/avatar\/89915563d925342126b8ef0281b93d9d7fc337043e8df017f780908eb9644451?s=96&d=mm&r=g","contentUrl":"https:\/\/secure.gravatar.com\/avatar\/89915563d925342126b8ef0281b93d9d7fc337043e8df017f780908eb9644451?s=96&d=mm&r=g","caption":"St\u00e9phane Miget"},"url":"https:\/\/batijournal.com\/index.php\/author\/stephane\/"}]}},"_links":{"self":[{"href":"https:\/\/batijournal.com\/index.php\/wp-json\/wp\/v2\/posts\/103911","targetHints":{"allow":["GET"]}}],"collection":[{"href":"https:\/\/batijournal.com\/index.php\/wp-json\/wp\/v2\/posts"}],"about":[{"href":"https:\/\/batijournal.com\/index.php\/wp-json\/wp\/v2\/types\/post"}],"author":[{"embeddable":true,"href":"https:\/\/batijournal.com\/index.php\/wp-json\/wp\/v2\/users\/17"}],"replies":[{"embeddable":true,"href":"https:\/\/batijournal.com\/index.php\/wp-json\/wp\/v2\/comments?post=103911"}],"version-history":[{"count":0,"href":"https:\/\/batijournal.com\/index.php\/wp-json\/wp\/v2\/posts\/103911\/revisions"}],"wp:featuredmedia":[{"embeddable":true,"href":"https:\/\/batijournal.com\/index.php\/wp-json\/wp\/v2\/media\/103912"}],"wp:attachment":[{"href":"https:\/\/batijournal.com\/index.php\/wp-json\/wp\/v2\/media?parent=103911"}],"wp:term":[{"taxonomy":"category","embeddable":true,"href":"https:\/\/batijournal.com\/index.php\/wp-json\/wp\/v2\/categories?post=103911"},{"taxonomy":"post_tag","embeddable":true,"href":"https:\/\/batijournal.com\/index.php\/wp-json\/wp\/v2\/tags?post=103911"}],"curies":[{"name":"wp","href":"https:\/\/api.w.org\/{rel}","templated":true}]}}