{"id":103919,"date":"2020-03-09T07:51:03","date_gmt":"2020-03-09T06:51:03","guid":{"rendered":"https:\/\/batijournal.com\/?p=103919"},"modified":"2020-03-09T07:51:05","modified_gmt":"2020-03-09T06:51:05","slug":"coronavirus-un-cas-de-force-majeure","status":"publish","type":"post","link":"https:\/\/batijournal.com\/index.php\/coronavirus-un-cas-de-force-majeure\/103919\/","title":{"rendered":"Coronavirus : un cas de force majeure"},"content":{"rendered":"\n<p>Les rassemblements de plus 1 000 personnes seront d\u00e9sormais interdits en France pour freiner la propagation du coronavirus, a annonc\u00e9 le ministre de la Sant\u00e9 Olivier ce dimanche 8 mars 2020. Si le minist\u00e8re n&rsquo;a pas pr\u00e9cis\u00e9 s&rsquo;il s&rsquo;agissait uniquement dans un milieu confin\u00e9, il a indiqu\u00e9 que les pr\u00e9fets et les minist\u00e8res, feront remonter une liste d&rsquo;\u00e9v\u00e9nements consid\u00e9r\u00e9s comme utiles \u00e0 la vie de la nation (les manifestations, les concours ou le recours aux transports en commun en feront partie). L\u2019Etat consid\u00e8re le coronavirus COVID-19 comme un \u201ccas de force majeure\u201d ainsi les entreprises qui ont des march\u00e9s publics d\u2019Etat ne seront pas p\u00e9nalis\u00e9es en cas retard de livraison. Depuis le 2 mars la Banque publique d\u2019Investissement (BPI) se porte garante de l\u2019ensemble des pr\u00eats demand\u00e9s par les PME afin de les accompagner pendant cette p\u00e9riode difficile. Le minist\u00e8re de l\u2019Economie et des finances a \u00e9galement annonc\u00e9 l&rsquo;application de mesures de soutien au cas par cas aux entreprises qui rencontreraient des difficult\u00e9s s\u00e9rieuses, notamment le recours \u00e0 l\u2019activit\u00e9 partielle ou l\u2019\u00e9talement des charges sociales et fiscales. Il est aussi pr\u00e9vu d&rsquo;acc\u00e9l\u00e9rer les proc\u00e9dures d\u2019agr\u00e9ment dans certaines fili\u00e8res pour les nouvelles sources d\u2019approvisionnement, en particulier pour le secteur de la construction ou de la chimie afin de les aider \u00e0 diversifier leurs sources d\u2019approvisionnement tout en respectant les normes sociales, environnementales et europ\u00e9ennes. En lien avec le gouverneur de la Banque de France, il a \u00e9t\u00e9 d\u00e9cid\u00e9 de r\u00e9tablir la m\u00e9diation du cr\u00e9dit pour accompagner sur les territoires dans les d\u00e9partements toutes les PME qui auraient besoin de ren\u00e9gocier leurs contrats et de ren\u00e9gocier leurs cr\u00e9dits. Pour plus d\u2019information contacter le 0 800 130 000.<\/p>\n","protected":false},"excerpt":{"rendered":"<p>Les rassemblements de plus 1 000 personnes seront d\u00e9sormais interdits en France pour freiner la propagation du coronavirus, a annonc\u00e9 le ministre de la Sant\u00e9 Olivier ce dimanche 8 mars 2020. Si le minist\u00e8re n&rsquo;a pas pr\u00e9cis\u00e9 s&rsquo;il s&rsquo;agissait uniquement dans un milieu confin\u00e9, il a indiqu\u00e9 que les pr\u00e9fets et les minist\u00e8res, feront remonter [&hellip;]<\/p>\n","protected":false},"author":17,"featured_media":103894,"comment_status":"closed","ping_status":"closed","sticky":false,"template":"","format":"standard","meta":{"_et_pb_use_builder":"","_et_pb_old_content":"","_et_gb_content_width":"","footnotes":""},"categories":[10736,10530,6345],"tags":[],"class_list":["post-103919","post","type-post","status-publish","format-standard","has-post-thumbnail","hentry","category-a-la-une","category-actualites","category-economie-marches"],"yoast_head":"<!-- This site is optimized with the Yoast SEO plugin v27.4 - https:\/\/yoast.com\/product\/yoast-seo-wordpress\/ -->\n<title>Coronavirus : un cas de force majeure<\/title>\n<meta name=\"robots\" content=\"index, follow, max-snippet:-1, max-image-preview:large, max-video-preview:-1\" \/>\n<link rel=\"canonical\" href=\"https:\/\/batijournal.com\/index.php\/coronavirus-un-cas-de-force-majeure\/103919\/\" \/>\n<meta property=\"og:locale\" content=\"fr_FR\" \/>\n<meta property=\"og:type\" content=\"article\" \/>\n<meta property=\"og:title\" content=\"Coronavirus : un cas de force majeure\" \/>\n<meta property=\"og:description\" content=\"Les rassemblements de plus 1 000 personnes seront d\u00e9sormais interdits en France pour freiner la propagation du coronavirus, a annonc\u00e9 le ministre de la Sant\u00e9 Olivier ce dimanche 8 mars 2020. Si le minist\u00e8re n&rsquo;a pas pr\u00e9cis\u00e9 s&rsquo;il s&rsquo;agissait uniquement dans un milieu confin\u00e9, il a indiqu\u00e9 que les pr\u00e9fets et les minist\u00e8res, feront remonter [&hellip;]\" \/>\n<meta property=\"og:url\" content=\"https:\/\/batijournal.com\/index.php\/coronavirus-un-cas-de-force-majeure\/103919\/\" \/>\n<meta property=\"og:site_name\" content=\"Batijournal\" \/>\n<meta property=\"article:published_time\" content=\"2020-03-09T06:51:03+00:00\" \/>\n<meta property=\"article:modified_time\" content=\"2020-03-09T06:51:05+00:00\" \/>\n<meta property=\"og:image\" content=\"https:\/\/batijournal.com\/wp-content\/uploads\/2020\/03\/info_coronavirus_.jpg\" \/>\n\t<meta property=\"og:image:width\" content=\"1200\" \/>\n\t<meta property=\"og:image:height\" content=\"853\" \/>\n\t<meta property=\"og:image:type\" content=\"image\/jpeg\" \/>\n<meta name=\"author\" content=\"St\u00e9phane Miget\" \/>\n<meta name=\"twitter:card\" content=\"summary_large_image\" \/>\n<meta name=\"twitter:creator\" content=\"@bati_journal\" \/>\n<meta name=\"twitter:site\" content=\"@bati_journal\" \/>\n<meta name=\"twitter:label1\" content=\"\u00c9crit par\" \/>\n\t<meta name=\"twitter:data1\" content=\"St\u00e9phane Miget\" \/>\n\t<meta name=\"twitter:label2\" content=\"Dur\u00e9e de lecture estim\u00e9e\" \/>\n\t<meta name=\"twitter:data2\" content=\"2 minutes\" \/>\n<script type=\"application\/ld+json\" class=\"yoast-schema-graph\">{\"@context\":\"https:\\\/\\\/schema.org\",\"@graph\":[{\"@type\":\"Article\",\"@id\":\"https:\\\/\\\/batijournal.com\\\/index.php\\\/coronavirus-un-cas-de-force-majeure\\\/103919\\\/#article\",\"isPartOf\":{\"@id\":\"https:\\\/\\\/batijournal.com\\\/index.php\\\/coronavirus-un-cas-de-force-majeure\\\/103919\\\/\"},\"author\":{\"name\":\"St\u00e9phane Miget\",\"@id\":\"https:\\\/\\\/batijournal.com\\\/#\\\/schema\\\/person\\\/1dc96ec6957aa1ccb25ebe78bb19f100\"},\"headline\":\"Coronavirus : un cas de force majeure\",\"datePublished\":\"2020-03-09T06:51:03+00:00\",\"dateModified\":\"2020-03-09T06:51:05+00:00\",\"mainEntityOfPage\":{\"@id\":\"https:\\\/\\\/batijournal.com\\\/index.php\\\/coronavirus-un-cas-de-force-majeure\\\/103919\\\/\"},\"wordCount\":319,\"image\":{\"@id\":\"https:\\\/\\\/batijournal.com\\\/index.php\\\/coronavirus-un-cas-de-force-majeure\\\/103919\\\/#primaryimage\"},\"thumbnailUrl\":\"https:\\\/\\\/batijournal.com\\\/wp-content\\\/uploads\\\/2020\\\/03\\\/info_coronavirus_.jpg\",\"articleSection\":[\"A la Une\",\"Actualit\u00e9s\",\"\u00c9conomie &amp; March\u00e9s\"],\"inLanguage\":\"fr-FR\"},{\"@type\":\"WebPage\",\"@id\":\"https:\\\/\\\/batijournal.com\\\/index.php\\\/coronavirus-un-cas-de-force-majeure\\\/103919\\\/\",\"url\":\"https:\\\/\\\/batijournal.com\\\/index.php\\\/coronavirus-un-cas-de-force-majeure\\\/103919\\\/\",\"name\":\"Coronavirus : un cas de force majeure\",\"isPartOf\":{\"@id\":\"https:\\\/\\\/batijournal.com\\\/#website\"},\"primaryImageOfPage\":{\"@id\":\"https:\\\/\\\/batijournal.com\\\/index.php\\\/coronavirus-un-cas-de-force-majeure\\\/103919\\\/#primaryimage\"},\"image\":{\"@id\":\"https:\\\/\\\/batijournal.com\\\/index.php\\\/coronavirus-un-cas-de-force-majeure\\\/103919\\\/#primaryimage\"},\"thumbnailUrl\":\"https:\\\/\\\/batijournal.com\\\/wp-content\\\/uploads\\\/2020\\\/03\\\/info_coronavirus_.jpg\",\"datePublished\":\"2020-03-09T06:51:03+00:00\",\"dateModified\":\"2020-03-09T06:51:05+00:00\",\"author\":{\"@id\":\"https:\\\/\\\/batijournal.com\\\/#\\\/schema\\\/person\\\/1dc96ec6957aa1ccb25ebe78bb19f100\"},\"breadcrumb\":{\"@id\":\"https:\\\/\\\/batijournal.com\\\/index.php\\\/coronavirus-un-cas-de-force-majeure\\\/103919\\\/#breadcrumb\"},\"inLanguage\":\"fr-FR\",\"potentialAction\":[{\"@type\":\"ReadAction\",\"target\":[\"https:\\\/\\\/batijournal.com\\\/index.php\\\/coronavirus-un-cas-de-force-majeure\\\/103919\\\/\"]}]},{\"@type\":\"ImageObject\",\"inLanguage\":\"fr-FR\",\"@id\":\"https:\\\/\\\/batijournal.com\\\/index.php\\\/coronavirus-un-cas-de-force-majeure\\\/103919\\\/#primaryimage\",\"url\":\"https:\\\/\\\/batijournal.com\\\/wp-content\\\/uploads\\\/2020\\\/03\\\/info_coronavirus_.jpg\",\"contentUrl\":\"https:\\\/\\\/batijournal.com\\\/wp-content\\\/uploads\\\/2020\\\/03\\\/info_coronavirus_.jpg\",\"width\":1200,\"height\":853},{\"@type\":\"BreadcrumbList\",\"@id\":\"https:\\\/\\\/batijournal.com\\\/index.php\\\/coronavirus-un-cas-de-force-majeure\\\/103919\\\/#breadcrumb\",\"itemListElement\":[{\"@type\":\"ListItem\",\"position\":1,\"name\":\"Accueil\",\"item\":\"https:\\\/\\\/batijournal.com\\\/\"},{\"@type\":\"ListItem\",\"position\":2,\"name\":\"Actualit\u00e9s\",\"item\":\"https:\\\/\\\/batijournal.com\\\/index.php\\\/category\\\/actualites\\\/\"},{\"@type\":\"ListItem\",\"position\":3,\"name\":\"Coronavirus : un cas de force majeure\"}]},{\"@type\":\"WebSite\",\"@id\":\"https:\\\/\\\/batijournal.com\\\/#website\",\"url\":\"https:\\\/\\\/batijournal.com\\\/\",\"name\":\"Batijournal\",\"description\":\"L&#039;actualit\u00e9 du b\u00e2timent\",\"potentialAction\":[{\"@type\":\"SearchAction\",\"target\":{\"@type\":\"EntryPoint\",\"urlTemplate\":\"https:\\\/\\\/batijournal.com\\\/?s={search_term_string}\"},\"query-input\":{\"@type\":\"PropertyValueSpecification\",\"valueRequired\":true,\"valueName\":\"search_term_string\"}}],\"inLanguage\":\"fr-FR\"},{\"@type\":\"Person\",\"@id\":\"https:\\\/\\\/batijournal.com\\\/#\\\/schema\\\/person\\\/1dc96ec6957aa1ccb25ebe78bb19f100\",\"name\":\"St\u00e9phane Miget\",\"image\":{\"@type\":\"ImageObject\",\"inLanguage\":\"fr-FR\",\"@id\":\"https:\\\/\\\/secure.gravatar.com\\\/avatar\\\/89915563d925342126b8ef0281b93d9d7fc337043e8df017f780908eb9644451?s=96&d=mm&r=g\",\"url\":\"https:\\\/\\\/secure.gravatar.com\\\/avatar\\\/89915563d925342126b8ef0281b93d9d7fc337043e8df017f780908eb9644451?s=96&d=mm&r=g\",\"contentUrl\":\"https:\\\/\\\/secure.gravatar.com\\\/avatar\\\/89915563d925342126b8ef0281b93d9d7fc337043e8df017f780908eb9644451?s=96&d=mm&r=g\",\"caption\":\"St\u00e9phane Miget\"},\"url\":\"https:\\\/\\\/batijournal.com\\\/index.php\\\/author\\\/stephane\\\/\"}]}<\/script>\n<!-- \/ Yoast SEO plugin. -->","yoast_head_json":{"title":"Coronavirus : un cas de force majeure","robots":{"index":"index","follow":"follow","max-snippet":"max-snippet:-1","max-image-preview":"max-image-preview:large","max-video-preview":"max-video-preview:-1"},"canonical":"https:\/\/batijournal.com\/index.php\/coronavirus-un-cas-de-force-majeure\/103919\/","og_locale":"fr_FR","og_type":"article","og_title":"Coronavirus : un cas de force majeure","og_description":"Les rassemblements de plus 1 000 personnes seront d\u00e9sormais interdits en France pour freiner la propagation du coronavirus, a annonc\u00e9 le ministre de la Sant\u00e9 Olivier ce dimanche 8 mars 2020. Si le minist\u00e8re n&rsquo;a pas pr\u00e9cis\u00e9 s&rsquo;il s&rsquo;agissait uniquement dans un milieu confin\u00e9, il a indiqu\u00e9 que les pr\u00e9fets et les minist\u00e8res, feront remonter [&hellip;]","og_url":"https:\/\/batijournal.com\/index.php\/coronavirus-un-cas-de-force-majeure\/103919\/","og_site_name":"Batijournal","article_published_time":"2020-03-09T06:51:03+00:00","article_modified_time":"2020-03-09T06:51:05+00:00","og_image":[{"width":1200,"height":853,"url":"https:\/\/batijournal.com\/wp-content\/uploads\/2020\/03\/info_coronavirus_.jpg","type":"image\/jpeg"}],"author":"St\u00e9phane Miget","twitter_card":"summary_large_image","twitter_creator":"@bati_journal","twitter_site":"@bati_journal","twitter_misc":{"\u00c9crit par":"St\u00e9phane Miget","Dur\u00e9e de lecture estim\u00e9e":"2 minutes"},"schema":{"@context":"https:\/\/schema.org","@graph":[{"@type":"Article","@id":"https:\/\/batijournal.com\/index.php\/coronavirus-un-cas-de-force-majeure\/103919\/#article","isPartOf":{"@id":"https:\/\/batijournal.com\/index.php\/coronavirus-un-cas-de-force-majeure\/103919\/"},"author":{"name":"St\u00e9phane Miget","@id":"https:\/\/batijournal.com\/#\/schema\/person\/1dc96ec6957aa1ccb25ebe78bb19f100"},"headline":"Coronavirus : un cas de force majeure","datePublished":"2020-03-09T06:51:03+00:00","dateModified":"2020-03-09T06:51:05+00:00","mainEntityOfPage":{"@id":"https:\/\/batijournal.com\/index.php\/coronavirus-un-cas-de-force-majeure\/103919\/"},"wordCount":319,"image":{"@id":"https:\/\/batijournal.com\/index.php\/coronavirus-un-cas-de-force-majeure\/103919\/#primaryimage"},"thumbnailUrl":"https:\/\/batijournal.com\/wp-content\/uploads\/2020\/03\/info_coronavirus_.jpg","articleSection":["A la Une","Actualit\u00e9s","\u00c9conomie &amp; March\u00e9s"],"inLanguage":"fr-FR"},{"@type":"WebPage","@id":"https:\/\/batijournal.com\/index.php\/coronavirus-un-cas-de-force-majeure\/103919\/","url":"https:\/\/batijournal.com\/index.php\/coronavirus-un-cas-de-force-majeure\/103919\/","name":"Coronavirus : un cas de force majeure","isPartOf":{"@id":"https:\/\/batijournal.com\/#website"},"primaryImageOfPage":{"@id":"https:\/\/batijournal.com\/index.php\/coronavirus-un-cas-de-force-majeure\/103919\/#primaryimage"},"image":{"@id":"https:\/\/batijournal.com\/index.php\/coronavirus-un-cas-de-force-majeure\/103919\/#primaryimage"},"thumbnailUrl":"https:\/\/batijournal.com\/wp-content\/uploads\/2020\/03\/info_coronavirus_.jpg","datePublished":"2020-03-09T06:51:03+00:00","dateModified":"2020-03-09T06:51:05+00:00","author":{"@id":"https:\/\/batijournal.com\/#\/schema\/person\/1dc96ec6957aa1ccb25ebe78bb19f100"},"breadcrumb":{"@id":"https:\/\/batijournal.com\/index.php\/coronavirus-un-cas-de-force-majeure\/103919\/#breadcrumb"},"inLanguage":"fr-FR","potentialAction":[{"@type":"ReadAction","target":["https:\/\/batijournal.com\/index.php\/coronavirus-un-cas-de-force-majeure\/103919\/"]}]},{"@type":"ImageObject","inLanguage":"fr-FR","@id":"https:\/\/batijournal.com\/index.php\/coronavirus-un-cas-de-force-majeure\/103919\/#primaryimage","url":"https:\/\/batijournal.com\/wp-content\/uploads\/2020\/03\/info_coronavirus_.jpg","contentUrl":"https:\/\/batijournal.com\/wp-content\/uploads\/2020\/03\/info_coronavirus_.jpg","width":1200,"height":853},{"@type":"BreadcrumbList","@id":"https:\/\/batijournal.com\/index.php\/coronavirus-un-cas-de-force-majeure\/103919\/#breadcrumb","itemListElement":[{"@type":"ListItem","position":1,"name":"Accueil","item":"https:\/\/batijournal.com\/"},{"@type":"ListItem","position":2,"name":"Actualit\u00e9s","item":"https:\/\/batijournal.com\/index.php\/category\/actualites\/"},{"@type":"ListItem","position":3,"name":"Coronavirus : un cas de force majeure"}]},{"@type":"WebSite","@id":"https:\/\/batijournal.com\/#website","url":"https:\/\/batijournal.com\/","name":"Batijournal","description":"L&#039;actualit\u00e9 du b\u00e2timent","potentialAction":[{"@type":"SearchAction","target":{"@type":"EntryPoint","urlTemplate":"https:\/\/batijournal.com\/?s={search_term_string}"},"query-input":{"@type":"PropertyValueSpecification","valueRequired":true,"valueName":"search_term_string"}}],"inLanguage":"fr-FR"},{"@type":"Person","@id":"https:\/\/batijournal.com\/#\/schema\/person\/1dc96ec6957aa1ccb25ebe78bb19f100","name":"St\u00e9phane Miget","image":{"@type":"ImageObject","inLanguage":"fr-FR","@id":"https:\/\/secure.gravatar.com\/avatar\/89915563d925342126b8ef0281b93d9d7fc337043e8df017f780908eb9644451?s=96&d=mm&r=g","url":"https:\/\/secure.gravatar.com\/avatar\/89915563d925342126b8ef0281b93d9d7fc337043e8df017f780908eb9644451?s=96&d=mm&r=g","contentUrl":"https:\/\/secure.gravatar.com\/avatar\/89915563d925342126b8ef0281b93d9d7fc337043e8df017f780908eb9644451?s=96&d=mm&r=g","caption":"St\u00e9phane Miget"},"url":"https:\/\/batijournal.com\/index.php\/author\/stephane\/"}]}},"_links":{"self":[{"href":"https:\/\/batijournal.com\/index.php\/wp-json\/wp\/v2\/posts\/103919","targetHints":{"allow":["GET"]}}],"collection":[{"href":"https:\/\/batijournal.com\/index.php\/wp-json\/wp\/v2\/posts"}],"about":[{"href":"https:\/\/batijournal.com\/index.php\/wp-json\/wp\/v2\/types\/post"}],"author":[{"embeddable":true,"href":"https:\/\/batijournal.com\/index.php\/wp-json\/wp\/v2\/users\/17"}],"replies":[{"embeddable":true,"href":"https:\/\/batijournal.com\/index.php\/wp-json\/wp\/v2\/comments?post=103919"}],"version-history":[{"count":0,"href":"https:\/\/batijournal.com\/index.php\/wp-json\/wp\/v2\/posts\/103919\/revisions"}],"wp:featuredmedia":[{"embeddable":true,"href":"https:\/\/batijournal.com\/index.php\/wp-json\/wp\/v2\/media\/103894"}],"wp:attachment":[{"href":"https:\/\/batijournal.com\/index.php\/wp-json\/wp\/v2\/media?parent=103919"}],"wp:term":[{"taxonomy":"category","embeddable":true,"href":"https:\/\/batijournal.com\/index.php\/wp-json\/wp\/v2\/categories?post=103919"},{"taxonomy":"post_tag","embeddable":true,"href":"https:\/\/batijournal.com\/index.php\/wp-json\/wp\/v2\/tags?post=103919"}],"curies":[{"name":"wp","href":"https:\/\/api.w.org\/{rel}","templated":true}]}}