{"id":103922,"date":"2020-03-10T12:57:14","date_gmt":"2020-03-10T11:57:14","guid":{"rendered":"https:\/\/batijournal.com\/?p=103922"},"modified":"2020-03-10T12:57:17","modified_gmt":"2020-03-10T11:57:17","slug":"se-mefie-t-on-du-radon","status":"publish","type":"post","link":"https:\/\/batijournal.com\/index.php\/se-mefie-t-on-du-radon\/103922\/","title":{"rendered":"Se m\u00e9fie-t-on du radon ?"},"content":{"rendered":"\n<p>Le radon est un gaz radioactif, inodore et incolore, qui provient de la d\u00e9gradation de l&rsquo;uranium et du radium pr\u00e9sents dans la cro\u00fbte terrestre, principalement dans les sols granitiques et volcaniques. Il se diffuse ensuite dans l&rsquo;air, notamment dans les logements. Il constitue aujourd&rsquo;hui la 1\u00e8re source d&rsquo;exposition fran\u00e7aise aux rayonnements ionisants et la 2\u00e8me cause de cancer du poumon. Pourtant, ce gaz et les risques qu&rsquo;il induit sont encore peu connus par les professionnels intervenant dans la construction ou la r\u00e9novation. QUALITEL \u00e9dite un guide d\u00e9di\u00e9 : \u00ab Radon : g\u00e9rer le risque pour la construction et la r\u00e9novation de logements \u00bb. Mis gratuitement \u00e0 disposition de tous les acteurs intervenant dans la construction et la r\u00e9novation de l&rsquo;habitat, t\u00e9l\u00e9chargeable, ce guide technique est con\u00e7u comme une boite \u00e0 outils op\u00e9rationnelle : au-del\u00e0 d&rsquo;explications essentielles pour comprendre ce qu&rsquo;est le radon, il pr\u00e9cise les diff\u00e9rents proc\u00e9d\u00e9s constructifs et les solutions techniques permettant de prot\u00e9ger les habitants de ce polluant de l&rsquo;air int\u00e9rieur. Sch\u00e9mas et exemples de cas concrets viennent compl\u00e9ter les informations pour une compr\u00e9hension et une gestion optimale du risque radon.<\/p>\n\n\n\n<p><a href=\"https:\/\/www.qualitel.org\/professionnels\/uploads\/Guide_radon.pdf\">https:\/\/www.qualitel.org\/professionnels\/uploads\/Guide_radon.pdf<\/a><\/p>\n\n\n\n<p><\/p>\n","protected":false},"excerpt":{"rendered":"<p>Le radon est un gaz radioactif, inodore et incolore, qui provient de la d\u00e9gradation de l&rsquo;uranium et du radium pr\u00e9sents dans la cro\u00fbte terrestre, principalement dans les sols granitiques et volcaniques. Il se diffuse ensuite dans l&rsquo;air, notamment dans les logements. Il constitue aujourd&rsquo;hui la 1\u00e8re source d&rsquo;exposition fran\u00e7aise aux rayonnements ionisants et la 2\u00e8me [&hellip;]<\/p>\n","protected":false},"author":17,"featured_media":103923,"comment_status":"closed","ping_status":"closed","sticky":false,"template":"","format":"standard","meta":{"_et_pb_use_builder":"","_et_pb_old_content":"","_et_gb_content_width":"","footnotes":""},"categories":[10530,6351,10781,10778],"tags":[3905,7995],"class_list":["post-103922","post","type-post","status-publish","format-standard","has-post-thumbnail","hentry","category-actualites","category-energie-environnement","category-publications-planete","category-planete","tag-qualite-de-lair-interieur","tag-radon"],"yoast_head":"<!-- This site is optimized with the Yoast SEO plugin v27.4 - https:\/\/yoast.com\/product\/yoast-seo-wordpress\/ -->\n<title>Se m\u00e9fie-t-on du radon ?<\/title>\n<meta name=\"robots\" content=\"index, follow, max-snippet:-1, max-image-preview:large, max-video-preview:-1\" \/>\n<link rel=\"canonical\" href=\"https:\/\/batijournal.com\/index.php\/se-mefie-t-on-du-radon\/103922\/\" \/>\n<meta property=\"og:locale\" content=\"fr_FR\" \/>\n<meta property=\"og:type\" content=\"article\" \/>\n<meta property=\"og:title\" content=\"Se m\u00e9fie-t-on du radon ?\" \/>\n<meta property=\"og:description\" content=\"Le radon est un gaz radioactif, inodore et incolore, qui provient de la d\u00e9gradation de l&rsquo;uranium et du radium pr\u00e9sents dans la cro\u00fbte terrestre, principalement dans les sols granitiques et volcaniques. Il se diffuse ensuite dans l&rsquo;air, notamment dans les logements. Il constitue aujourd&rsquo;hui la 1\u00e8re source d&rsquo;exposition fran\u00e7aise aux rayonnements ionisants et la 2\u00e8me [&hellip;]\" \/>\n<meta property=\"og:url\" content=\"https:\/\/batijournal.com\/index.php\/se-mefie-t-on-du-radon\/103922\/\" \/>\n<meta property=\"og:site_name\" content=\"Batijournal\" \/>\n<meta property=\"article:published_time\" content=\"2020-03-10T11:57:14+00:00\" \/>\n<meta property=\"article:modified_time\" content=\"2020-03-10T11:57:17+00:00\" \/>\n<meta property=\"og:image\" content=\"https:\/\/batijournal.com\/wp-content\/uploads\/2020\/03\/radon-guide-qualitel.png\" \/>\n\t<meta property=\"og:image:width\" content=\"992\" \/>\n\t<meta property=\"og:image:height\" content=\"629\" \/>\n\t<meta property=\"og:image:type\" content=\"image\/png\" \/>\n<meta name=\"author\" content=\"St\u00e9phane Miget\" \/>\n<meta name=\"twitter:card\" content=\"summary_large_image\" \/>\n<meta name=\"twitter:creator\" content=\"@bati_journal\" \/>\n<meta name=\"twitter:site\" content=\"@bati_journal\" \/>\n<meta name=\"twitter:label1\" content=\"\u00c9crit par\" \/>\n\t<meta name=\"twitter:data1\" content=\"St\u00e9phane Miget\" \/>\n\t<meta name=\"twitter:label2\" content=\"Dur\u00e9e de lecture estim\u00e9e\" \/>\n\t<meta name=\"twitter:data2\" content=\"1 minute\" \/>\n<script type=\"application\/ld+json\" class=\"yoast-schema-graph\">{\"@context\":\"https:\\\/\\\/schema.org\",\"@graph\":[{\"@type\":\"Article\",\"@id\":\"https:\\\/\\\/batijournal.com\\\/index.php\\\/se-mefie-t-on-du-radon\\\/103922\\\/#article\",\"isPartOf\":{\"@id\":\"https:\\\/\\\/batijournal.com\\\/index.php\\\/se-mefie-t-on-du-radon\\\/103922\\\/\"},\"author\":{\"name\":\"St\u00e9phane Miget\",\"@id\":\"https:\\\/\\\/batijournal.com\\\/#\\\/schema\\\/person\\\/1dc96ec6957aa1ccb25ebe78bb19f100\"},\"headline\":\"Se m\u00e9fie-t-on du radon ?\",\"datePublished\":\"2020-03-10T11:57:14+00:00\",\"dateModified\":\"2020-03-10T11:57:17+00:00\",\"mainEntityOfPage\":{\"@id\":\"https:\\\/\\\/batijournal.com\\\/index.php\\\/se-mefie-t-on-du-radon\\\/103922\\\/\"},\"wordCount\":221,\"image\":{\"@id\":\"https:\\\/\\\/batijournal.com\\\/index.php\\\/se-mefie-t-on-du-radon\\\/103922\\\/#primaryimage\"},\"thumbnailUrl\":\"https:\\\/\\\/batijournal.com\\\/wp-content\\\/uploads\\\/2020\\\/03\\\/radon-guide-qualitel.png\",\"keywords\":[\"Qualit\u00e9 de l'air int\u00e9rieur\",\"radon\"],\"articleSection\":[\"Actualit\u00e9s\",\"\u00c9nergie &amp; Environnement\",\"zz_Actualit\u00e9s - Plan\u00e8te\",\"zz_Plan\u00e8te B\u00e2timent\"],\"inLanguage\":\"fr-FR\"},{\"@type\":\"WebPage\",\"@id\":\"https:\\\/\\\/batijournal.com\\\/index.php\\\/se-mefie-t-on-du-radon\\\/103922\\\/\",\"url\":\"https:\\\/\\\/batijournal.com\\\/index.php\\\/se-mefie-t-on-du-radon\\\/103922\\\/\",\"name\":\"Se m\u00e9fie-t-on du radon ?\",\"isPartOf\":{\"@id\":\"https:\\\/\\\/batijournal.com\\\/#website\"},\"primaryImageOfPage\":{\"@id\":\"https:\\\/\\\/batijournal.com\\\/index.php\\\/se-mefie-t-on-du-radon\\\/103922\\\/#primaryimage\"},\"image\":{\"@id\":\"https:\\\/\\\/batijournal.com\\\/index.php\\\/se-mefie-t-on-du-radon\\\/103922\\\/#primaryimage\"},\"thumbnailUrl\":\"https:\\\/\\\/batijournal.com\\\/wp-content\\\/uploads\\\/2020\\\/03\\\/radon-guide-qualitel.png\",\"datePublished\":\"2020-03-10T11:57:14+00:00\",\"dateModified\":\"2020-03-10T11:57:17+00:00\",\"author\":{\"@id\":\"https:\\\/\\\/batijournal.com\\\/#\\\/schema\\\/person\\\/1dc96ec6957aa1ccb25ebe78bb19f100\"},\"breadcrumb\":{\"@id\":\"https:\\\/\\\/batijournal.com\\\/index.php\\\/se-mefie-t-on-du-radon\\\/103922\\\/#breadcrumb\"},\"inLanguage\":\"fr-FR\",\"potentialAction\":[{\"@type\":\"ReadAction\",\"target\":[\"https:\\\/\\\/batijournal.com\\\/index.php\\\/se-mefie-t-on-du-radon\\\/103922\\\/\"]}]},{\"@type\":\"ImageObject\",\"inLanguage\":\"fr-FR\",\"@id\":\"https:\\\/\\\/batijournal.com\\\/index.php\\\/se-mefie-t-on-du-radon\\\/103922\\\/#primaryimage\",\"url\":\"https:\\\/\\\/batijournal.com\\\/wp-content\\\/uploads\\\/2020\\\/03\\\/radon-guide-qualitel.png\",\"contentUrl\":\"https:\\\/\\\/batijournal.com\\\/wp-content\\\/uploads\\\/2020\\\/03\\\/radon-guide-qualitel.png\",\"width\":992,\"height\":629},{\"@type\":\"BreadcrumbList\",\"@id\":\"https:\\\/\\\/batijournal.com\\\/index.php\\\/se-mefie-t-on-du-radon\\\/103922\\\/#breadcrumb\",\"itemListElement\":[{\"@type\":\"ListItem\",\"position\":1,\"name\":\"Accueil\",\"item\":\"https:\\\/\\\/batijournal.com\\\/\"},{\"@type\":\"ListItem\",\"position\":2,\"name\":\"Actualit\u00e9s\",\"item\":\"https:\\\/\\\/batijournal.com\\\/index.php\\\/category\\\/actualites\\\/\"},{\"@type\":\"ListItem\",\"position\":3,\"name\":\"Se m\u00e9fie-t-on du radon ?\"}]},{\"@type\":\"WebSite\",\"@id\":\"https:\\\/\\\/batijournal.com\\\/#website\",\"url\":\"https:\\\/\\\/batijournal.com\\\/\",\"name\":\"Batijournal\",\"description\":\"L&#039;actualit\u00e9 du b\u00e2timent\",\"potentialAction\":[{\"@type\":\"SearchAction\",\"target\":{\"@type\":\"EntryPoint\",\"urlTemplate\":\"https:\\\/\\\/batijournal.com\\\/?s={search_term_string}\"},\"query-input\":{\"@type\":\"PropertyValueSpecification\",\"valueRequired\":true,\"valueName\":\"search_term_string\"}}],\"inLanguage\":\"fr-FR\"},{\"@type\":\"Person\",\"@id\":\"https:\\\/\\\/batijournal.com\\\/#\\\/schema\\\/person\\\/1dc96ec6957aa1ccb25ebe78bb19f100\",\"name\":\"St\u00e9phane Miget\",\"image\":{\"@type\":\"ImageObject\",\"inLanguage\":\"fr-FR\",\"@id\":\"https:\\\/\\\/secure.gravatar.com\\\/avatar\\\/89915563d925342126b8ef0281b93d9d7fc337043e8df017f780908eb9644451?s=96&d=mm&r=g\",\"url\":\"https:\\\/\\\/secure.gravatar.com\\\/avatar\\\/89915563d925342126b8ef0281b93d9d7fc337043e8df017f780908eb9644451?s=96&d=mm&r=g\",\"contentUrl\":\"https:\\\/\\\/secure.gravatar.com\\\/avatar\\\/89915563d925342126b8ef0281b93d9d7fc337043e8df017f780908eb9644451?s=96&d=mm&r=g\",\"caption\":\"St\u00e9phane Miget\"},\"url\":\"https:\\\/\\\/batijournal.com\\\/index.php\\\/author\\\/stephane\\\/\"}]}<\/script>\n<!-- \/ Yoast SEO plugin. -->","yoast_head_json":{"title":"Se m\u00e9fie-t-on du radon ?","robots":{"index":"index","follow":"follow","max-snippet":"max-snippet:-1","max-image-preview":"max-image-preview:large","max-video-preview":"max-video-preview:-1"},"canonical":"https:\/\/batijournal.com\/index.php\/se-mefie-t-on-du-radon\/103922\/","og_locale":"fr_FR","og_type":"article","og_title":"Se m\u00e9fie-t-on du radon ?","og_description":"Le radon est un gaz radioactif, inodore et incolore, qui provient de la d\u00e9gradation de l&rsquo;uranium et du radium pr\u00e9sents dans la cro\u00fbte terrestre, principalement dans les sols granitiques et volcaniques. Il se diffuse ensuite dans l&rsquo;air, notamment dans les logements. Il constitue aujourd&rsquo;hui la 1\u00e8re source d&rsquo;exposition fran\u00e7aise aux rayonnements ionisants et la 2\u00e8me [&hellip;]","og_url":"https:\/\/batijournal.com\/index.php\/se-mefie-t-on-du-radon\/103922\/","og_site_name":"Batijournal","article_published_time":"2020-03-10T11:57:14+00:00","article_modified_time":"2020-03-10T11:57:17+00:00","og_image":[{"width":992,"height":629,"url":"https:\/\/batijournal.com\/wp-content\/uploads\/2020\/03\/radon-guide-qualitel.png","type":"image\/png"}],"author":"St\u00e9phane Miget","twitter_card":"summary_large_image","twitter_creator":"@bati_journal","twitter_site":"@bati_journal","twitter_misc":{"\u00c9crit par":"St\u00e9phane Miget","Dur\u00e9e de lecture estim\u00e9e":"1 minute"},"schema":{"@context":"https:\/\/schema.org","@graph":[{"@type":"Article","@id":"https:\/\/batijournal.com\/index.php\/se-mefie-t-on-du-radon\/103922\/#article","isPartOf":{"@id":"https:\/\/batijournal.com\/index.php\/se-mefie-t-on-du-radon\/103922\/"},"author":{"name":"St\u00e9phane Miget","@id":"https:\/\/batijournal.com\/#\/schema\/person\/1dc96ec6957aa1ccb25ebe78bb19f100"},"headline":"Se m\u00e9fie-t-on du radon ?","datePublished":"2020-03-10T11:57:14+00:00","dateModified":"2020-03-10T11:57:17+00:00","mainEntityOfPage":{"@id":"https:\/\/batijournal.com\/index.php\/se-mefie-t-on-du-radon\/103922\/"},"wordCount":221,"image":{"@id":"https:\/\/batijournal.com\/index.php\/se-mefie-t-on-du-radon\/103922\/#primaryimage"},"thumbnailUrl":"https:\/\/batijournal.com\/wp-content\/uploads\/2020\/03\/radon-guide-qualitel.png","keywords":["Qualit\u00e9 de l'air int\u00e9rieur","radon"],"articleSection":["Actualit\u00e9s","\u00c9nergie &amp; Environnement","zz_Actualit\u00e9s - Plan\u00e8te","zz_Plan\u00e8te B\u00e2timent"],"inLanguage":"fr-FR"},{"@type":"WebPage","@id":"https:\/\/batijournal.com\/index.php\/se-mefie-t-on-du-radon\/103922\/","url":"https:\/\/batijournal.com\/index.php\/se-mefie-t-on-du-radon\/103922\/","name":"Se m\u00e9fie-t-on du radon ?","isPartOf":{"@id":"https:\/\/batijournal.com\/#website"},"primaryImageOfPage":{"@id":"https:\/\/batijournal.com\/index.php\/se-mefie-t-on-du-radon\/103922\/#primaryimage"},"image":{"@id":"https:\/\/batijournal.com\/index.php\/se-mefie-t-on-du-radon\/103922\/#primaryimage"},"thumbnailUrl":"https:\/\/batijournal.com\/wp-content\/uploads\/2020\/03\/radon-guide-qualitel.png","datePublished":"2020-03-10T11:57:14+00:00","dateModified":"2020-03-10T11:57:17+00:00","author":{"@id":"https:\/\/batijournal.com\/#\/schema\/person\/1dc96ec6957aa1ccb25ebe78bb19f100"},"breadcrumb":{"@id":"https:\/\/batijournal.com\/index.php\/se-mefie-t-on-du-radon\/103922\/#breadcrumb"},"inLanguage":"fr-FR","potentialAction":[{"@type":"ReadAction","target":["https:\/\/batijournal.com\/index.php\/se-mefie-t-on-du-radon\/103922\/"]}]},{"@type":"ImageObject","inLanguage":"fr-FR","@id":"https:\/\/batijournal.com\/index.php\/se-mefie-t-on-du-radon\/103922\/#primaryimage","url":"https:\/\/batijournal.com\/wp-content\/uploads\/2020\/03\/radon-guide-qualitel.png","contentUrl":"https:\/\/batijournal.com\/wp-content\/uploads\/2020\/03\/radon-guide-qualitel.png","width":992,"height":629},{"@type":"BreadcrumbList","@id":"https:\/\/batijournal.com\/index.php\/se-mefie-t-on-du-radon\/103922\/#breadcrumb","itemListElement":[{"@type":"ListItem","position":1,"name":"Accueil","item":"https:\/\/batijournal.com\/"},{"@type":"ListItem","position":2,"name":"Actualit\u00e9s","item":"https:\/\/batijournal.com\/index.php\/category\/actualites\/"},{"@type":"ListItem","position":3,"name":"Se m\u00e9fie-t-on du radon ?"}]},{"@type":"WebSite","@id":"https:\/\/batijournal.com\/#website","url":"https:\/\/batijournal.com\/","name":"Batijournal","description":"L&#039;actualit\u00e9 du b\u00e2timent","potentialAction":[{"@type":"SearchAction","target":{"@type":"EntryPoint","urlTemplate":"https:\/\/batijournal.com\/?s={search_term_string}"},"query-input":{"@type":"PropertyValueSpecification","valueRequired":true,"valueName":"search_term_string"}}],"inLanguage":"fr-FR"},{"@type":"Person","@id":"https:\/\/batijournal.com\/#\/schema\/person\/1dc96ec6957aa1ccb25ebe78bb19f100","name":"St\u00e9phane Miget","image":{"@type":"ImageObject","inLanguage":"fr-FR","@id":"https:\/\/secure.gravatar.com\/avatar\/89915563d925342126b8ef0281b93d9d7fc337043e8df017f780908eb9644451?s=96&d=mm&r=g","url":"https:\/\/secure.gravatar.com\/avatar\/89915563d925342126b8ef0281b93d9d7fc337043e8df017f780908eb9644451?s=96&d=mm&r=g","contentUrl":"https:\/\/secure.gravatar.com\/avatar\/89915563d925342126b8ef0281b93d9d7fc337043e8df017f780908eb9644451?s=96&d=mm&r=g","caption":"St\u00e9phane Miget"},"url":"https:\/\/batijournal.com\/index.php\/author\/stephane\/"}]}},"_links":{"self":[{"href":"https:\/\/batijournal.com\/index.php\/wp-json\/wp\/v2\/posts\/103922","targetHints":{"allow":["GET"]}}],"collection":[{"href":"https:\/\/batijournal.com\/index.php\/wp-json\/wp\/v2\/posts"}],"about":[{"href":"https:\/\/batijournal.com\/index.php\/wp-json\/wp\/v2\/types\/post"}],"author":[{"embeddable":true,"href":"https:\/\/batijournal.com\/index.php\/wp-json\/wp\/v2\/users\/17"}],"replies":[{"embeddable":true,"href":"https:\/\/batijournal.com\/index.php\/wp-json\/wp\/v2\/comments?post=103922"}],"version-history":[{"count":0,"href":"https:\/\/batijournal.com\/index.php\/wp-json\/wp\/v2\/posts\/103922\/revisions"}],"wp:featuredmedia":[{"embeddable":true,"href":"https:\/\/batijournal.com\/index.php\/wp-json\/wp\/v2\/media\/103923"}],"wp:attachment":[{"href":"https:\/\/batijournal.com\/index.php\/wp-json\/wp\/v2\/media?parent=103922"}],"wp:term":[{"taxonomy":"category","embeddable":true,"href":"https:\/\/batijournal.com\/index.php\/wp-json\/wp\/v2\/categories?post=103922"},{"taxonomy":"post_tag","embeddable":true,"href":"https:\/\/batijournal.com\/index.php\/wp-json\/wp\/v2\/tags?post=103922"}],"curies":[{"name":"wp","href":"https:\/\/api.w.org\/{rel}","templated":true}]}}