{"id":103924,"date":"2020-03-10T13:04:42","date_gmt":"2020-03-10T12:04:42","guid":{"rendered":"https:\/\/batijournal.com\/?p=103924"},"modified":"2020-03-10T13:04:44","modified_gmt":"2020-03-10T12:04:44","slug":"municipales-les-francais-veulent-des-maires-attentifs-a-la-transition-energetique","status":"publish","type":"post","link":"https:\/\/batijournal.com\/index.php\/municipales-les-francais-veulent-des-maires-attentifs-a-la-transition-energetique\/103924\/","title":{"rendered":"Municipales : les fran\u00e7ais veulent des maires attentifs \u00e0 la transition \u00e9nerg\u00e9tique"},"content":{"rendered":"\n<p>GEO PLC, groupe expert dans les \u00e9conomies d&rsquo;\u00e9nergie, vient de publier un sondage exclusif sur \u00ab le regard des Fran\u00e7ais sur la r\u00e9novation \u00e9nerg\u00e9tique \u00bb r\u00e9alis\u00e9 par l&rsquo;Institut Harris Interactive. Elle r\u00e9v\u00e8le que les Fran\u00e7ais, et plus encore les jeunes et les habitants des villes moyennes, attendent de leur maire qu&rsquo;il affirme son leadership sur les questions d&rsquo;\u00e9conomies d&rsquo;\u00e9nergie et de r\u00e9novation des b\u00e2timents publics, pour sa commune comme pour les citoyens. Au-del\u00e0 de la r\u00e9novation des b\u00e2timents publics, pr\u00e8s de 9 Fran\u00e7ais sur 10 estiment que les maires ont un r\u00f4le important \u00e0 jouer pour inciter leurs administr\u00e9s \u00e0 r\u00e9duire leur propre consommation d&rsquo;\u00e9nergie. Les 18-24 ans sont encore plus nombreux \u00e0 partager cette opinion avec 92 %. Une tendance confirm\u00e9e par une \u00e9tude r\u00e9cente r\u00e9alis\u00e9e par le CREDOC pour l&rsquo;ADEME : l&rsquo;environnement est la pr\u00e9occupation n\u00b0 1 des jeunes, devant le ch\u00f4mage.<\/p>\n\n\n\n<p>Par ailleurs, ce sont les villes moyennes (de 20 000 \u00e0 100 000 habitants) qui cherchent le plus \u00e0 \u00eatre exemplaires dans la transition \u00e9nerg\u00e9tique : elles sont 93 % \u00e0 attendre de leur maire qu&rsquo;il endosse le r\u00f4le de prescripteur de solutions d&rsquo;efficacit\u00e9 \u00e9nerg\u00e9tique. Pour Marina Offel, responsable des affaires publiques et juridiques de GEO PLC : \u00ab Ces r\u00e9sultats attestent qu&rsquo;une tr\u00e8s large majorit\u00e9 des Fran\u00e7ais (surtout la jeune g\u00e9n\u00e9ration) attendent des prises de d\u00e9cision de leur maire. C&rsquo;est un signal tr\u00e8s positif d&rsquo;une prise de conscience collective ! \u00bb. Et c&rsquo;est d&rsquo;ailleurs dans les petites et moyennes villes que, bien souvent, les initiatives les plus innovantes ont \u00e9t\u00e9 men\u00e9es. Montm\u00e9lian, commune de 4 123 habitants, est connue en France et en Europe comme ville pilote dans le domaine de l&rsquo;\u00e9nergie solaire, politique qu&rsquo;elle d\u00e9veloppe depuis 1983. Elle est l&rsquo;une des quatre premi\u00e8res collectivit\u00e9s locales de France \u00e0 s&rsquo;\u00eatre vue attribuer en d\u00e9cembre 2007 le label europ\u00e9en Cit&rsquo;ergie pour l&rsquo;exemplarit\u00e9 de sa politique \u00ab\u00a0Energie-climat\u00a0\u00bb, un label renouvel\u00e9 en 2012 et en 2015.<\/p>\n\n\n\n<p>Dans une optique d&rsquo;\u00e9conomie d&rsquo;\u00e9nergie, alors que l&rsquo;Etat vient d&rsquo;annoncer qu&rsquo;il bannirait le fioul de son parc immobilier, la r\u00e9novation des b\u00e2timents municipaux fait partie des actions prioritaires attendues \u00e0 l&rsquo;\u00e9gard des mairies par au moins 9 Fran\u00e7ais sur 10, au m\u00eame titre que le d\u00e9veloppement des transports, les \u00e9nergies renouvelables ou les circuits courts. En phase avec la loi \u00c9lan qui impose aux b\u00e2timents tertiaires une obligation de r\u00e9duction de consommation d&rsquo;\u00e9nergie \u00e0 hauteur de 40 % d&rsquo;ici 2030, une \u00e9crasante majorit\u00e9 des sond\u00e9s (pr\u00e8s de 9 Fran\u00e7ais sur 10) estime que les h\u00f4pitaux (92 %) et les \u00e9coles (89 %) sont les b\u00e2timents \u00e0 r\u00e9nover en priorit\u00e9. La r\u00e9novation des \u00e9quipements sportifs et culturels (68 %), des b\u00e2timents administratifs (66 %) et des piscines (76 %) est aussi largement per\u00e7ue comme prioritaire.<\/p>\n","protected":false},"excerpt":{"rendered":"<p>GEO PLC, groupe expert dans les \u00e9conomies d&rsquo;\u00e9nergie, vient de publier un sondage exclusif sur \u00ab le regard des Fran\u00e7ais sur la r\u00e9novation \u00e9nerg\u00e9tique \u00bb r\u00e9alis\u00e9 par l&rsquo;Institut Harris Interactive. Elle r\u00e9v\u00e8le que les Fran\u00e7ais, et plus encore les jeunes et les habitants des villes moyennes, attendent de leur maire qu&rsquo;il affirme son leadership sur [&hellip;]<\/p>\n","protected":false},"author":17,"featured_media":103925,"comment_status":"closed","ping_status":"closed","sticky":false,"template":"","format":"standard","meta":{"_et_pb_use_builder":"","_et_pb_old_content":"","_et_gb_content_width":"","footnotes":""},"categories":[10736,10530,6351,10781,10778],"tags":[11059],"class_list":["post-103924","post","type-post","status-publish","format-standard","has-post-thumbnail","hentry","category-a-la-une","category-actualites","category-energie-environnement","category-publications-planete","category-planete","tag-transition-energetique"],"yoast_head":"<!-- This site is optimized with the Yoast SEO plugin v27.4 - https:\/\/yoast.com\/product\/yoast-seo-wordpress\/ -->\n<title>Municipales : les fran\u00e7ais veulent des maires attentifs \u00e0 la transition \u00e9nerg\u00e9tique<\/title>\n<meta name=\"robots\" content=\"index, follow, max-snippet:-1, max-image-preview:large, max-video-preview:-1\" \/>\n<link rel=\"canonical\" href=\"https:\/\/batijournal.com\/index.php\/municipales-les-francais-veulent-des-maires-attentifs-a-la-transition-energetique\/103924\/\" \/>\n<meta property=\"og:locale\" content=\"fr_FR\" \/>\n<meta property=\"og:type\" content=\"article\" \/>\n<meta property=\"og:title\" content=\"Municipales : les fran\u00e7ais veulent des maires attentifs \u00e0 la transition \u00e9nerg\u00e9tique\" \/>\n<meta property=\"og:description\" content=\"GEO PLC, groupe expert dans les \u00e9conomies d&rsquo;\u00e9nergie, vient de publier un sondage exclusif sur \u00ab le regard des Fran\u00e7ais sur la r\u00e9novation \u00e9nerg\u00e9tique \u00bb r\u00e9alis\u00e9 par l&rsquo;Institut Harris Interactive. Elle r\u00e9v\u00e8le que les Fran\u00e7ais, et plus encore les jeunes et les habitants des villes moyennes, attendent de leur maire qu&rsquo;il affirme son leadership sur [&hellip;]\" \/>\n<meta property=\"og:url\" content=\"https:\/\/batijournal.com\/index.php\/municipales-les-francais-veulent-des-maires-attentifs-a-la-transition-energetique\/103924\/\" \/>\n<meta property=\"og:site_name\" content=\"Batijournal\" \/>\n<meta property=\"article:published_time\" content=\"2020-03-10T12:04:42+00:00\" \/>\n<meta property=\"article:modified_time\" content=\"2020-03-10T12:04:44+00:00\" \/>\n<meta property=\"og:image\" content=\"https:\/\/batijournal.com\/wp-content\/uploads\/2020\/03\/municipale-et-economies-energie.jpg\" \/>\n\t<meta property=\"og:image:width\" content=\"984\" \/>\n\t<meta property=\"og:image:height\" content=\"568\" \/>\n\t<meta property=\"og:image:type\" content=\"image\/jpeg\" \/>\n<meta name=\"author\" content=\"St\u00e9phane Miget\" \/>\n<meta name=\"twitter:card\" content=\"summary_large_image\" \/>\n<meta name=\"twitter:creator\" content=\"@bati_journal\" \/>\n<meta name=\"twitter:site\" content=\"@bati_journal\" \/>\n<meta name=\"twitter:label1\" content=\"\u00c9crit par\" \/>\n\t<meta name=\"twitter:data1\" content=\"St\u00e9phane Miget\" \/>\n\t<meta name=\"twitter:label2\" content=\"Dur\u00e9e de lecture estim\u00e9e\" \/>\n\t<meta name=\"twitter:data2\" content=\"2 minutes\" \/>\n<script type=\"application\/ld+json\" class=\"yoast-schema-graph\">{\"@context\":\"https:\\\/\\\/schema.org\",\"@graph\":[{\"@type\":\"Article\",\"@id\":\"https:\\\/\\\/batijournal.com\\\/index.php\\\/municipales-les-francais-veulent-des-maires-attentifs-a-la-transition-energetique\\\/103924\\\/#article\",\"isPartOf\":{\"@id\":\"https:\\\/\\\/batijournal.com\\\/index.php\\\/municipales-les-francais-veulent-des-maires-attentifs-a-la-transition-energetique\\\/103924\\\/\"},\"author\":{\"name\":\"St\u00e9phane Miget\",\"@id\":\"https:\\\/\\\/batijournal.com\\\/#\\\/schema\\\/person\\\/1dc96ec6957aa1ccb25ebe78bb19f100\"},\"headline\":\"Municipales : les fran\u00e7ais veulent des maires attentifs \u00e0 la transition \u00e9nerg\u00e9tique\",\"datePublished\":\"2020-03-10T12:04:42+00:00\",\"dateModified\":\"2020-03-10T12:04:44+00:00\",\"mainEntityOfPage\":{\"@id\":\"https:\\\/\\\/batijournal.com\\\/index.php\\\/municipales-les-francais-veulent-des-maires-attentifs-a-la-transition-energetique\\\/103924\\\/\"},\"wordCount\":496,\"image\":{\"@id\":\"https:\\\/\\\/batijournal.com\\\/index.php\\\/municipales-les-francais-veulent-des-maires-attentifs-a-la-transition-energetique\\\/103924\\\/#primaryimage\"},\"thumbnailUrl\":\"https:\\\/\\\/batijournal.com\\\/wp-content\\\/uploads\\\/2020\\\/03\\\/municipale-et-economies-energie.jpg\",\"keywords\":[\"transition \u00e9nerg\u00e9tique\"],\"articleSection\":[\"A la Une\",\"Actualit\u00e9s\",\"\u00c9nergie &amp; Environnement\",\"zz_Actualit\u00e9s - Plan\u00e8te\",\"zz_Plan\u00e8te B\u00e2timent\"],\"inLanguage\":\"fr-FR\"},{\"@type\":\"WebPage\",\"@id\":\"https:\\\/\\\/batijournal.com\\\/index.php\\\/municipales-les-francais-veulent-des-maires-attentifs-a-la-transition-energetique\\\/103924\\\/\",\"url\":\"https:\\\/\\\/batijournal.com\\\/index.php\\\/municipales-les-francais-veulent-des-maires-attentifs-a-la-transition-energetique\\\/103924\\\/\",\"name\":\"Municipales : les fran\u00e7ais veulent des maires attentifs \u00e0 la transition \u00e9nerg\u00e9tique\",\"isPartOf\":{\"@id\":\"https:\\\/\\\/batijournal.com\\\/#website\"},\"primaryImageOfPage\":{\"@id\":\"https:\\\/\\\/batijournal.com\\\/index.php\\\/municipales-les-francais-veulent-des-maires-attentifs-a-la-transition-energetique\\\/103924\\\/#primaryimage\"},\"image\":{\"@id\":\"https:\\\/\\\/batijournal.com\\\/index.php\\\/municipales-les-francais-veulent-des-maires-attentifs-a-la-transition-energetique\\\/103924\\\/#primaryimage\"},\"thumbnailUrl\":\"https:\\\/\\\/batijournal.com\\\/wp-content\\\/uploads\\\/2020\\\/03\\\/municipale-et-economies-energie.jpg\",\"datePublished\":\"2020-03-10T12:04:42+00:00\",\"dateModified\":\"2020-03-10T12:04:44+00:00\",\"author\":{\"@id\":\"https:\\\/\\\/batijournal.com\\\/#\\\/schema\\\/person\\\/1dc96ec6957aa1ccb25ebe78bb19f100\"},\"breadcrumb\":{\"@id\":\"https:\\\/\\\/batijournal.com\\\/index.php\\\/municipales-les-francais-veulent-des-maires-attentifs-a-la-transition-energetique\\\/103924\\\/#breadcrumb\"},\"inLanguage\":\"fr-FR\",\"potentialAction\":[{\"@type\":\"ReadAction\",\"target\":[\"https:\\\/\\\/batijournal.com\\\/index.php\\\/municipales-les-francais-veulent-des-maires-attentifs-a-la-transition-energetique\\\/103924\\\/\"]}]},{\"@type\":\"ImageObject\",\"inLanguage\":\"fr-FR\",\"@id\":\"https:\\\/\\\/batijournal.com\\\/index.php\\\/municipales-les-francais-veulent-des-maires-attentifs-a-la-transition-energetique\\\/103924\\\/#primaryimage\",\"url\":\"https:\\\/\\\/batijournal.com\\\/wp-content\\\/uploads\\\/2020\\\/03\\\/municipale-et-economies-energie.jpg\",\"contentUrl\":\"https:\\\/\\\/batijournal.com\\\/wp-content\\\/uploads\\\/2020\\\/03\\\/municipale-et-economies-energie.jpg\",\"width\":984,\"height\":568},{\"@type\":\"BreadcrumbList\",\"@id\":\"https:\\\/\\\/batijournal.com\\\/index.php\\\/municipales-les-francais-veulent-des-maires-attentifs-a-la-transition-energetique\\\/103924\\\/#breadcrumb\",\"itemListElement\":[{\"@type\":\"ListItem\",\"position\":1,\"name\":\"Accueil\",\"item\":\"https:\\\/\\\/batijournal.com\\\/\"},{\"@type\":\"ListItem\",\"position\":2,\"name\":\"Actualit\u00e9s\",\"item\":\"https:\\\/\\\/batijournal.com\\\/index.php\\\/category\\\/actualites\\\/\"},{\"@type\":\"ListItem\",\"position\":3,\"name\":\"\u00c9nergie &amp; Environnement\",\"item\":\"https:\\\/\\\/batijournal.com\\\/index.php\\\/category\\\/actualites\\\/energie-environnement\\\/\"},{\"@type\":\"ListItem\",\"position\":4,\"name\":\"Municipales : les fran\u00e7ais veulent des maires attentifs \u00e0 la transition \u00e9nerg\u00e9tique\"}]},{\"@type\":\"WebSite\",\"@id\":\"https:\\\/\\\/batijournal.com\\\/#website\",\"url\":\"https:\\\/\\\/batijournal.com\\\/\",\"name\":\"Batijournal\",\"description\":\"L&#039;actualit\u00e9 du b\u00e2timent\",\"potentialAction\":[{\"@type\":\"SearchAction\",\"target\":{\"@type\":\"EntryPoint\",\"urlTemplate\":\"https:\\\/\\\/batijournal.com\\\/?s={search_term_string}\"},\"query-input\":{\"@type\":\"PropertyValueSpecification\",\"valueRequired\":true,\"valueName\":\"search_term_string\"}}],\"inLanguage\":\"fr-FR\"},{\"@type\":\"Person\",\"@id\":\"https:\\\/\\\/batijournal.com\\\/#\\\/schema\\\/person\\\/1dc96ec6957aa1ccb25ebe78bb19f100\",\"name\":\"St\u00e9phane Miget\",\"image\":{\"@type\":\"ImageObject\",\"inLanguage\":\"fr-FR\",\"@id\":\"https:\\\/\\\/secure.gravatar.com\\\/avatar\\\/89915563d925342126b8ef0281b93d9d7fc337043e8df017f780908eb9644451?s=96&d=mm&r=g\",\"url\":\"https:\\\/\\\/secure.gravatar.com\\\/avatar\\\/89915563d925342126b8ef0281b93d9d7fc337043e8df017f780908eb9644451?s=96&d=mm&r=g\",\"contentUrl\":\"https:\\\/\\\/secure.gravatar.com\\\/avatar\\\/89915563d925342126b8ef0281b93d9d7fc337043e8df017f780908eb9644451?s=96&d=mm&r=g\",\"caption\":\"St\u00e9phane Miget\"},\"url\":\"https:\\\/\\\/batijournal.com\\\/index.php\\\/author\\\/stephane\\\/\"}]}<\/script>\n<!-- \/ Yoast SEO plugin. -->","yoast_head_json":{"title":"Municipales : les fran\u00e7ais veulent des maires attentifs \u00e0 la transition \u00e9nerg\u00e9tique","robots":{"index":"index","follow":"follow","max-snippet":"max-snippet:-1","max-image-preview":"max-image-preview:large","max-video-preview":"max-video-preview:-1"},"canonical":"https:\/\/batijournal.com\/index.php\/municipales-les-francais-veulent-des-maires-attentifs-a-la-transition-energetique\/103924\/","og_locale":"fr_FR","og_type":"article","og_title":"Municipales : les fran\u00e7ais veulent des maires attentifs \u00e0 la transition \u00e9nerg\u00e9tique","og_description":"GEO PLC, groupe expert dans les \u00e9conomies d&rsquo;\u00e9nergie, vient de publier un sondage exclusif sur \u00ab le regard des Fran\u00e7ais sur la r\u00e9novation \u00e9nerg\u00e9tique \u00bb r\u00e9alis\u00e9 par l&rsquo;Institut Harris Interactive. Elle r\u00e9v\u00e8le que les Fran\u00e7ais, et plus encore les jeunes et les habitants des villes moyennes, attendent de leur maire qu&rsquo;il affirme son leadership sur [&hellip;]","og_url":"https:\/\/batijournal.com\/index.php\/municipales-les-francais-veulent-des-maires-attentifs-a-la-transition-energetique\/103924\/","og_site_name":"Batijournal","article_published_time":"2020-03-10T12:04:42+00:00","article_modified_time":"2020-03-10T12:04:44+00:00","og_image":[{"width":984,"height":568,"url":"https:\/\/batijournal.com\/wp-content\/uploads\/2020\/03\/municipale-et-economies-energie.jpg","type":"image\/jpeg"}],"author":"St\u00e9phane Miget","twitter_card":"summary_large_image","twitter_creator":"@bati_journal","twitter_site":"@bati_journal","twitter_misc":{"\u00c9crit par":"St\u00e9phane Miget","Dur\u00e9e de lecture estim\u00e9e":"2 minutes"},"schema":{"@context":"https:\/\/schema.org","@graph":[{"@type":"Article","@id":"https:\/\/batijournal.com\/index.php\/municipales-les-francais-veulent-des-maires-attentifs-a-la-transition-energetique\/103924\/#article","isPartOf":{"@id":"https:\/\/batijournal.com\/index.php\/municipales-les-francais-veulent-des-maires-attentifs-a-la-transition-energetique\/103924\/"},"author":{"name":"St\u00e9phane Miget","@id":"https:\/\/batijournal.com\/#\/schema\/person\/1dc96ec6957aa1ccb25ebe78bb19f100"},"headline":"Municipales : les fran\u00e7ais veulent des maires attentifs \u00e0 la transition \u00e9nerg\u00e9tique","datePublished":"2020-03-10T12:04:42+00:00","dateModified":"2020-03-10T12:04:44+00:00","mainEntityOfPage":{"@id":"https:\/\/batijournal.com\/index.php\/municipales-les-francais-veulent-des-maires-attentifs-a-la-transition-energetique\/103924\/"},"wordCount":496,"image":{"@id":"https:\/\/batijournal.com\/index.php\/municipales-les-francais-veulent-des-maires-attentifs-a-la-transition-energetique\/103924\/#primaryimage"},"thumbnailUrl":"https:\/\/batijournal.com\/wp-content\/uploads\/2020\/03\/municipale-et-economies-energie.jpg","keywords":["transition \u00e9nerg\u00e9tique"],"articleSection":["A la Une","Actualit\u00e9s","\u00c9nergie &amp; Environnement","zz_Actualit\u00e9s - Plan\u00e8te","zz_Plan\u00e8te B\u00e2timent"],"inLanguage":"fr-FR"},{"@type":"WebPage","@id":"https:\/\/batijournal.com\/index.php\/municipales-les-francais-veulent-des-maires-attentifs-a-la-transition-energetique\/103924\/","url":"https:\/\/batijournal.com\/index.php\/municipales-les-francais-veulent-des-maires-attentifs-a-la-transition-energetique\/103924\/","name":"Municipales : les fran\u00e7ais veulent des maires attentifs \u00e0 la transition \u00e9nerg\u00e9tique","isPartOf":{"@id":"https:\/\/batijournal.com\/#website"},"primaryImageOfPage":{"@id":"https:\/\/batijournal.com\/index.php\/municipales-les-francais-veulent-des-maires-attentifs-a-la-transition-energetique\/103924\/#primaryimage"},"image":{"@id":"https:\/\/batijournal.com\/index.php\/municipales-les-francais-veulent-des-maires-attentifs-a-la-transition-energetique\/103924\/#primaryimage"},"thumbnailUrl":"https:\/\/batijournal.com\/wp-content\/uploads\/2020\/03\/municipale-et-economies-energie.jpg","datePublished":"2020-03-10T12:04:42+00:00","dateModified":"2020-03-10T12:04:44+00:00","author":{"@id":"https:\/\/batijournal.com\/#\/schema\/person\/1dc96ec6957aa1ccb25ebe78bb19f100"},"breadcrumb":{"@id":"https:\/\/batijournal.com\/index.php\/municipales-les-francais-veulent-des-maires-attentifs-a-la-transition-energetique\/103924\/#breadcrumb"},"inLanguage":"fr-FR","potentialAction":[{"@type":"ReadAction","target":["https:\/\/batijournal.com\/index.php\/municipales-les-francais-veulent-des-maires-attentifs-a-la-transition-energetique\/103924\/"]}]},{"@type":"ImageObject","inLanguage":"fr-FR","@id":"https:\/\/batijournal.com\/index.php\/municipales-les-francais-veulent-des-maires-attentifs-a-la-transition-energetique\/103924\/#primaryimage","url":"https:\/\/batijournal.com\/wp-content\/uploads\/2020\/03\/municipale-et-economies-energie.jpg","contentUrl":"https:\/\/batijournal.com\/wp-content\/uploads\/2020\/03\/municipale-et-economies-energie.jpg","width":984,"height":568},{"@type":"BreadcrumbList","@id":"https:\/\/batijournal.com\/index.php\/municipales-les-francais-veulent-des-maires-attentifs-a-la-transition-energetique\/103924\/#breadcrumb","itemListElement":[{"@type":"ListItem","position":1,"name":"Accueil","item":"https:\/\/batijournal.com\/"},{"@type":"ListItem","position":2,"name":"Actualit\u00e9s","item":"https:\/\/batijournal.com\/index.php\/category\/actualites\/"},{"@type":"ListItem","position":3,"name":"\u00c9nergie &amp; Environnement","item":"https:\/\/batijournal.com\/index.php\/category\/actualites\/energie-environnement\/"},{"@type":"ListItem","position":4,"name":"Municipales : les fran\u00e7ais veulent des maires attentifs \u00e0 la transition \u00e9nerg\u00e9tique"}]},{"@type":"WebSite","@id":"https:\/\/batijournal.com\/#website","url":"https:\/\/batijournal.com\/","name":"Batijournal","description":"L&#039;actualit\u00e9 du b\u00e2timent","potentialAction":[{"@type":"SearchAction","target":{"@type":"EntryPoint","urlTemplate":"https:\/\/batijournal.com\/?s={search_term_string}"},"query-input":{"@type":"PropertyValueSpecification","valueRequired":true,"valueName":"search_term_string"}}],"inLanguage":"fr-FR"},{"@type":"Person","@id":"https:\/\/batijournal.com\/#\/schema\/person\/1dc96ec6957aa1ccb25ebe78bb19f100","name":"St\u00e9phane Miget","image":{"@type":"ImageObject","inLanguage":"fr-FR","@id":"https:\/\/secure.gravatar.com\/avatar\/89915563d925342126b8ef0281b93d9d7fc337043e8df017f780908eb9644451?s=96&d=mm&r=g","url":"https:\/\/secure.gravatar.com\/avatar\/89915563d925342126b8ef0281b93d9d7fc337043e8df017f780908eb9644451?s=96&d=mm&r=g","contentUrl":"https:\/\/secure.gravatar.com\/avatar\/89915563d925342126b8ef0281b93d9d7fc337043e8df017f780908eb9644451?s=96&d=mm&r=g","caption":"St\u00e9phane Miget"},"url":"https:\/\/batijournal.com\/index.php\/author\/stephane\/"}]}},"_links":{"self":[{"href":"https:\/\/batijournal.com\/index.php\/wp-json\/wp\/v2\/posts\/103924","targetHints":{"allow":["GET"]}}],"collection":[{"href":"https:\/\/batijournal.com\/index.php\/wp-json\/wp\/v2\/posts"}],"about":[{"href":"https:\/\/batijournal.com\/index.php\/wp-json\/wp\/v2\/types\/post"}],"author":[{"embeddable":true,"href":"https:\/\/batijournal.com\/index.php\/wp-json\/wp\/v2\/users\/17"}],"replies":[{"embeddable":true,"href":"https:\/\/batijournal.com\/index.php\/wp-json\/wp\/v2\/comments?post=103924"}],"version-history":[{"count":0,"href":"https:\/\/batijournal.com\/index.php\/wp-json\/wp\/v2\/posts\/103924\/revisions"}],"wp:featuredmedia":[{"embeddable":true,"href":"https:\/\/batijournal.com\/index.php\/wp-json\/wp\/v2\/media\/103925"}],"wp:attachment":[{"href":"https:\/\/batijournal.com\/index.php\/wp-json\/wp\/v2\/media?parent=103924"}],"wp:term":[{"taxonomy":"category","embeddable":true,"href":"https:\/\/batijournal.com\/index.php\/wp-json\/wp\/v2\/categories?post=103924"},{"taxonomy":"post_tag","embeddable":true,"href":"https:\/\/batijournal.com\/index.php\/wp-json\/wp\/v2\/tags?post=103924"}],"curies":[{"name":"wp","href":"https:\/\/api.w.org\/{rel}","templated":true}]}}