{"id":103947,"date":"2020-03-13T12:16:32","date_gmt":"2020-03-13T11:16:32","guid":{"rendered":"https:\/\/batijournal.com\/?p=103947"},"modified":"2020-03-13T12:16:34","modified_gmt":"2020-03-13T11:16:34","slug":"le-forum-bois-construction-est-reporte-aux-15-16-et-17-juillet-2020","status":"publish","type":"post","link":"https:\/\/batijournal.com\/index.php\/le-forum-bois-construction-est-reporte-aux-15-16-et-17-juillet-2020\/103947\/","title":{"rendered":"Le Forum Bois Construction est report\u00e9 aux 15, 16 et 17 juillet 2020"},"content":{"rendered":"\n<p>En raison du Coronavirus COVID-19 et des directives gouvernementales le Forum Bois Construction est report\u00e9 aux dates du 15, 16 et 17 juillet 2020, seules disponibilit\u00e9s pour l\u2019ann\u00e9e en cours. Ces dates permettent de maintenir ce temps fort pour toute la fili\u00e8re bois avant la pause d\u2019\u00e9t\u00e9. Compte tenu de la propagation rapide de l\u2019\u00e9pid\u00e9mie, l&rsquo;\u00e9quipe ne veut pas courir le risque de mettre en danger ses partenaires, exposants, participants, visiteurs, conf\u00e9renciers et collaborateurs. Toute l\u2019\u00e9quipe du Forum International Bois Construction est de tout coeur avec la fili\u00e8re pour surmonter cette \u00e9preuve. <\/p>\n","protected":false},"excerpt":{"rendered":"<p>En raison du Coronavirus COVID-19 et des directives gouvernementales le Forum Bois Construction est report\u00e9 aux dates du 15, 16 et 17 juillet 2020, seules disponibilit\u00e9s pour l\u2019ann\u00e9e en cours. Ces dates permettent de maintenir ce temps fort pour toute la fili\u00e8re bois avant la pause d\u2019\u00e9t\u00e9. Compte tenu de la propagation rapide de l\u2019\u00e9pid\u00e9mie, [&hellip;]<\/p>\n","protected":false},"author":17,"featured_media":103948,"comment_status":"closed","ping_status":"closed","sticky":false,"template":"","format":"standard","meta":{"_et_pb_use_builder":"","_et_pb_old_content":"","_et_gb_content_width":"","footnotes":""},"categories":[6345,10769,10764],"tags":[9312],"class_list":["post-103947","post","type-post","status-publish","format-standard","has-post-thumbnail","hentry","category-economie-marches","category-publications","category-woodsurfer","tag-forum-bois-construction"],"yoast_head":"<!-- This site is optimized with the Yoast SEO plugin v27.4 - https:\/\/yoast.com\/product\/yoast-seo-wordpress\/ -->\n<title>Le Forum Bois Construction est report\u00e9 aux 15, 16 et 17 juillet 2020<\/title>\n<meta name=\"robots\" content=\"index, follow, max-snippet:-1, max-image-preview:large, max-video-preview:-1\" \/>\n<link rel=\"canonical\" href=\"https:\/\/batijournal.com\/index.php\/le-forum-bois-construction-est-reporte-aux-15-16-et-17-juillet-2020\/103947\/\" \/>\n<meta property=\"og:locale\" content=\"fr_FR\" \/>\n<meta property=\"og:type\" content=\"article\" \/>\n<meta property=\"og:title\" content=\"Le Forum Bois Construction est report\u00e9 aux 15, 16 et 17 juillet 2020\" \/>\n<meta property=\"og:description\" content=\"En raison du Coronavirus COVID-19 et des directives gouvernementales le Forum Bois Construction est report\u00e9 aux dates du 15, 16 et 17 juillet 2020, seules disponibilit\u00e9s pour l\u2019ann\u00e9e en cours. Ces dates permettent de maintenir ce temps fort pour toute la fili\u00e8re bois avant la pause d\u2019\u00e9t\u00e9. Compte tenu de la propagation rapide de l\u2019\u00e9pid\u00e9mie, [&hellip;]\" \/>\n<meta property=\"og:url\" content=\"https:\/\/batijournal.com\/index.php\/le-forum-bois-construction-est-reporte-aux-15-16-et-17-juillet-2020\/103947\/\" \/>\n<meta property=\"og:site_name\" content=\"Batijournal\" \/>\n<meta property=\"article:published_time\" content=\"2020-03-13T11:16:32+00:00\" \/>\n<meta property=\"article:modified_time\" content=\"2020-03-13T11:16:34+00:00\" \/>\n<meta property=\"og:image\" content=\"https:\/\/batijournal.com\/wp-content\/uploads\/2020\/03\/logo_FBC-2.png\" \/>\n\t<meta property=\"og:image:width\" content=\"992\" \/>\n\t<meta property=\"og:image:height\" content=\"595\" \/>\n\t<meta property=\"og:image:type\" content=\"image\/png\" \/>\n<meta name=\"author\" content=\"St\u00e9phane Miget\" \/>\n<meta name=\"twitter:card\" content=\"summary_large_image\" \/>\n<meta name=\"twitter:creator\" content=\"@bati_journal\" \/>\n<meta name=\"twitter:site\" content=\"@bati_journal\" \/>\n<meta name=\"twitter:label1\" content=\"\u00c9crit par\" \/>\n\t<meta name=\"twitter:data1\" content=\"St\u00e9phane Miget\" \/>\n<script type=\"application\/ld+json\" class=\"yoast-schema-graph\">{\"@context\":\"https:\\\/\\\/schema.org\",\"@graph\":[{\"@type\":\"Article\",\"@id\":\"https:\\\/\\\/batijournal.com\\\/index.php\\\/le-forum-bois-construction-est-reporte-aux-15-16-et-17-juillet-2020\\\/103947\\\/#article\",\"isPartOf\":{\"@id\":\"https:\\\/\\\/batijournal.com\\\/index.php\\\/le-forum-bois-construction-est-reporte-aux-15-16-et-17-juillet-2020\\\/103947\\\/\"},\"author\":{\"name\":\"St\u00e9phane Miget\",\"@id\":\"https:\\\/\\\/batijournal.com\\\/#\\\/schema\\\/person\\\/1dc96ec6957aa1ccb25ebe78bb19f100\"},\"headline\":\"Le Forum Bois Construction est report\u00e9 aux 15, 16 et 17 juillet 2020\",\"datePublished\":\"2020-03-13T11:16:32+00:00\",\"dateModified\":\"2020-03-13T11:16:34+00:00\",\"mainEntityOfPage\":{\"@id\":\"https:\\\/\\\/batijournal.com\\\/index.php\\\/le-forum-bois-construction-est-reporte-aux-15-16-et-17-juillet-2020\\\/103947\\\/\"},\"wordCount\":108,\"image\":{\"@id\":\"https:\\\/\\\/batijournal.com\\\/index.php\\\/le-forum-bois-construction-est-reporte-aux-15-16-et-17-juillet-2020\\\/103947\\\/#primaryimage\"},\"thumbnailUrl\":\"https:\\\/\\\/batijournal.com\\\/wp-content\\\/uploads\\\/2020\\\/03\\\/logo_FBC-2.png\",\"keywords\":[\"forum bois construction\"],\"articleSection\":[\"\u00c9conomie &amp; March\u00e9s\",\"zz_Actualit\u00e9s - Woodsurfer\",\"zz_Woodsurfer\"],\"inLanguage\":\"fr-FR\"},{\"@type\":\"WebPage\",\"@id\":\"https:\\\/\\\/batijournal.com\\\/index.php\\\/le-forum-bois-construction-est-reporte-aux-15-16-et-17-juillet-2020\\\/103947\\\/\",\"url\":\"https:\\\/\\\/batijournal.com\\\/index.php\\\/le-forum-bois-construction-est-reporte-aux-15-16-et-17-juillet-2020\\\/103947\\\/\",\"name\":\"Le Forum Bois Construction est report\u00e9 aux 15, 16 et 17 juillet 2020\",\"isPartOf\":{\"@id\":\"https:\\\/\\\/batijournal.com\\\/#website\"},\"primaryImageOfPage\":{\"@id\":\"https:\\\/\\\/batijournal.com\\\/index.php\\\/le-forum-bois-construction-est-reporte-aux-15-16-et-17-juillet-2020\\\/103947\\\/#primaryimage\"},\"image\":{\"@id\":\"https:\\\/\\\/batijournal.com\\\/index.php\\\/le-forum-bois-construction-est-reporte-aux-15-16-et-17-juillet-2020\\\/103947\\\/#primaryimage\"},\"thumbnailUrl\":\"https:\\\/\\\/batijournal.com\\\/wp-content\\\/uploads\\\/2020\\\/03\\\/logo_FBC-2.png\",\"datePublished\":\"2020-03-13T11:16:32+00:00\",\"dateModified\":\"2020-03-13T11:16:34+00:00\",\"author\":{\"@id\":\"https:\\\/\\\/batijournal.com\\\/#\\\/schema\\\/person\\\/1dc96ec6957aa1ccb25ebe78bb19f100\"},\"breadcrumb\":{\"@id\":\"https:\\\/\\\/batijournal.com\\\/index.php\\\/le-forum-bois-construction-est-reporte-aux-15-16-et-17-juillet-2020\\\/103947\\\/#breadcrumb\"},\"inLanguage\":\"fr-FR\",\"potentialAction\":[{\"@type\":\"ReadAction\",\"target\":[\"https:\\\/\\\/batijournal.com\\\/index.php\\\/le-forum-bois-construction-est-reporte-aux-15-16-et-17-juillet-2020\\\/103947\\\/\"]}]},{\"@type\":\"ImageObject\",\"inLanguage\":\"fr-FR\",\"@id\":\"https:\\\/\\\/batijournal.com\\\/index.php\\\/le-forum-bois-construction-est-reporte-aux-15-16-et-17-juillet-2020\\\/103947\\\/#primaryimage\",\"url\":\"https:\\\/\\\/batijournal.com\\\/wp-content\\\/uploads\\\/2020\\\/03\\\/logo_FBC-2.png\",\"contentUrl\":\"https:\\\/\\\/batijournal.com\\\/wp-content\\\/uploads\\\/2020\\\/03\\\/logo_FBC-2.png\",\"width\":992,\"height\":595},{\"@type\":\"BreadcrumbList\",\"@id\":\"https:\\\/\\\/batijournal.com\\\/index.php\\\/le-forum-bois-construction-est-reporte-aux-15-16-et-17-juillet-2020\\\/103947\\\/#breadcrumb\",\"itemListElement\":[{\"@type\":\"ListItem\",\"position\":1,\"name\":\"Accueil\",\"item\":\"https:\\\/\\\/batijournal.com\\\/\"},{\"@type\":\"ListItem\",\"position\":2,\"name\":\"Actualit\u00e9s\",\"item\":\"https:\\\/\\\/batijournal.com\\\/index.php\\\/category\\\/actualites\\\/\"},{\"@type\":\"ListItem\",\"position\":3,\"name\":\"\u00c9conomie &amp; March\u00e9s\",\"item\":\"https:\\\/\\\/batijournal.com\\\/index.php\\\/category\\\/actualites\\\/economie-marches\\\/\"},{\"@type\":\"ListItem\",\"position\":4,\"name\":\"Le Forum Bois Construction est report\u00e9 aux 15, 16 et 17 juillet 2020\"}]},{\"@type\":\"WebSite\",\"@id\":\"https:\\\/\\\/batijournal.com\\\/#website\",\"url\":\"https:\\\/\\\/batijournal.com\\\/\",\"name\":\"Batijournal\",\"description\":\"L&#039;actualit\u00e9 du b\u00e2timent\",\"potentialAction\":[{\"@type\":\"SearchAction\",\"target\":{\"@type\":\"EntryPoint\",\"urlTemplate\":\"https:\\\/\\\/batijournal.com\\\/?s={search_term_string}\"},\"query-input\":{\"@type\":\"PropertyValueSpecification\",\"valueRequired\":true,\"valueName\":\"search_term_string\"}}],\"inLanguage\":\"fr-FR\"},{\"@type\":\"Person\",\"@id\":\"https:\\\/\\\/batijournal.com\\\/#\\\/schema\\\/person\\\/1dc96ec6957aa1ccb25ebe78bb19f100\",\"name\":\"St\u00e9phane Miget\",\"image\":{\"@type\":\"ImageObject\",\"inLanguage\":\"fr-FR\",\"@id\":\"https:\\\/\\\/secure.gravatar.com\\\/avatar\\\/89915563d925342126b8ef0281b93d9d7fc337043e8df017f780908eb9644451?s=96&d=mm&r=g\",\"url\":\"https:\\\/\\\/secure.gravatar.com\\\/avatar\\\/89915563d925342126b8ef0281b93d9d7fc337043e8df017f780908eb9644451?s=96&d=mm&r=g\",\"contentUrl\":\"https:\\\/\\\/secure.gravatar.com\\\/avatar\\\/89915563d925342126b8ef0281b93d9d7fc337043e8df017f780908eb9644451?s=96&d=mm&r=g\",\"caption\":\"St\u00e9phane Miget\"},\"url\":\"https:\\\/\\\/batijournal.com\\\/index.php\\\/author\\\/stephane\\\/\"}]}<\/script>\n<!-- \/ Yoast SEO plugin. -->","yoast_head_json":{"title":"Le Forum Bois Construction est report\u00e9 aux 15, 16 et 17 juillet 2020","robots":{"index":"index","follow":"follow","max-snippet":"max-snippet:-1","max-image-preview":"max-image-preview:large","max-video-preview":"max-video-preview:-1"},"canonical":"https:\/\/batijournal.com\/index.php\/le-forum-bois-construction-est-reporte-aux-15-16-et-17-juillet-2020\/103947\/","og_locale":"fr_FR","og_type":"article","og_title":"Le Forum Bois Construction est report\u00e9 aux 15, 16 et 17 juillet 2020","og_description":"En raison du Coronavirus COVID-19 et des directives gouvernementales le Forum Bois Construction est report\u00e9 aux dates du 15, 16 et 17 juillet 2020, seules disponibilit\u00e9s pour l\u2019ann\u00e9e en cours. Ces dates permettent de maintenir ce temps fort pour toute la fili\u00e8re bois avant la pause d\u2019\u00e9t\u00e9. Compte tenu de la propagation rapide de l\u2019\u00e9pid\u00e9mie, [&hellip;]","og_url":"https:\/\/batijournal.com\/index.php\/le-forum-bois-construction-est-reporte-aux-15-16-et-17-juillet-2020\/103947\/","og_site_name":"Batijournal","article_published_time":"2020-03-13T11:16:32+00:00","article_modified_time":"2020-03-13T11:16:34+00:00","og_image":[{"width":992,"height":595,"url":"https:\/\/batijournal.com\/wp-content\/uploads\/2020\/03\/logo_FBC-2.png","type":"image\/png"}],"author":"St\u00e9phane Miget","twitter_card":"summary_large_image","twitter_creator":"@bati_journal","twitter_site":"@bati_journal","twitter_misc":{"\u00c9crit par":"St\u00e9phane Miget"},"schema":{"@context":"https:\/\/schema.org","@graph":[{"@type":"Article","@id":"https:\/\/batijournal.com\/index.php\/le-forum-bois-construction-est-reporte-aux-15-16-et-17-juillet-2020\/103947\/#article","isPartOf":{"@id":"https:\/\/batijournal.com\/index.php\/le-forum-bois-construction-est-reporte-aux-15-16-et-17-juillet-2020\/103947\/"},"author":{"name":"St\u00e9phane Miget","@id":"https:\/\/batijournal.com\/#\/schema\/person\/1dc96ec6957aa1ccb25ebe78bb19f100"},"headline":"Le Forum Bois Construction est report\u00e9 aux 15, 16 et 17 juillet 2020","datePublished":"2020-03-13T11:16:32+00:00","dateModified":"2020-03-13T11:16:34+00:00","mainEntityOfPage":{"@id":"https:\/\/batijournal.com\/index.php\/le-forum-bois-construction-est-reporte-aux-15-16-et-17-juillet-2020\/103947\/"},"wordCount":108,"image":{"@id":"https:\/\/batijournal.com\/index.php\/le-forum-bois-construction-est-reporte-aux-15-16-et-17-juillet-2020\/103947\/#primaryimage"},"thumbnailUrl":"https:\/\/batijournal.com\/wp-content\/uploads\/2020\/03\/logo_FBC-2.png","keywords":["forum bois construction"],"articleSection":["\u00c9conomie &amp; March\u00e9s","zz_Actualit\u00e9s - Woodsurfer","zz_Woodsurfer"],"inLanguage":"fr-FR"},{"@type":"WebPage","@id":"https:\/\/batijournal.com\/index.php\/le-forum-bois-construction-est-reporte-aux-15-16-et-17-juillet-2020\/103947\/","url":"https:\/\/batijournal.com\/index.php\/le-forum-bois-construction-est-reporte-aux-15-16-et-17-juillet-2020\/103947\/","name":"Le Forum Bois Construction est report\u00e9 aux 15, 16 et 17 juillet 2020","isPartOf":{"@id":"https:\/\/batijournal.com\/#website"},"primaryImageOfPage":{"@id":"https:\/\/batijournal.com\/index.php\/le-forum-bois-construction-est-reporte-aux-15-16-et-17-juillet-2020\/103947\/#primaryimage"},"image":{"@id":"https:\/\/batijournal.com\/index.php\/le-forum-bois-construction-est-reporte-aux-15-16-et-17-juillet-2020\/103947\/#primaryimage"},"thumbnailUrl":"https:\/\/batijournal.com\/wp-content\/uploads\/2020\/03\/logo_FBC-2.png","datePublished":"2020-03-13T11:16:32+00:00","dateModified":"2020-03-13T11:16:34+00:00","author":{"@id":"https:\/\/batijournal.com\/#\/schema\/person\/1dc96ec6957aa1ccb25ebe78bb19f100"},"breadcrumb":{"@id":"https:\/\/batijournal.com\/index.php\/le-forum-bois-construction-est-reporte-aux-15-16-et-17-juillet-2020\/103947\/#breadcrumb"},"inLanguage":"fr-FR","potentialAction":[{"@type":"ReadAction","target":["https:\/\/batijournal.com\/index.php\/le-forum-bois-construction-est-reporte-aux-15-16-et-17-juillet-2020\/103947\/"]}]},{"@type":"ImageObject","inLanguage":"fr-FR","@id":"https:\/\/batijournal.com\/index.php\/le-forum-bois-construction-est-reporte-aux-15-16-et-17-juillet-2020\/103947\/#primaryimage","url":"https:\/\/batijournal.com\/wp-content\/uploads\/2020\/03\/logo_FBC-2.png","contentUrl":"https:\/\/batijournal.com\/wp-content\/uploads\/2020\/03\/logo_FBC-2.png","width":992,"height":595},{"@type":"BreadcrumbList","@id":"https:\/\/batijournal.com\/index.php\/le-forum-bois-construction-est-reporte-aux-15-16-et-17-juillet-2020\/103947\/#breadcrumb","itemListElement":[{"@type":"ListItem","position":1,"name":"Accueil","item":"https:\/\/batijournal.com\/"},{"@type":"ListItem","position":2,"name":"Actualit\u00e9s","item":"https:\/\/batijournal.com\/index.php\/category\/actualites\/"},{"@type":"ListItem","position":3,"name":"\u00c9conomie &amp; March\u00e9s","item":"https:\/\/batijournal.com\/index.php\/category\/actualites\/economie-marches\/"},{"@type":"ListItem","position":4,"name":"Le Forum Bois Construction est report\u00e9 aux 15, 16 et 17 juillet 2020"}]},{"@type":"WebSite","@id":"https:\/\/batijournal.com\/#website","url":"https:\/\/batijournal.com\/","name":"Batijournal","description":"L&#039;actualit\u00e9 du b\u00e2timent","potentialAction":[{"@type":"SearchAction","target":{"@type":"EntryPoint","urlTemplate":"https:\/\/batijournal.com\/?s={search_term_string}"},"query-input":{"@type":"PropertyValueSpecification","valueRequired":true,"valueName":"search_term_string"}}],"inLanguage":"fr-FR"},{"@type":"Person","@id":"https:\/\/batijournal.com\/#\/schema\/person\/1dc96ec6957aa1ccb25ebe78bb19f100","name":"St\u00e9phane Miget","image":{"@type":"ImageObject","inLanguage":"fr-FR","@id":"https:\/\/secure.gravatar.com\/avatar\/89915563d925342126b8ef0281b93d9d7fc337043e8df017f780908eb9644451?s=96&d=mm&r=g","url":"https:\/\/secure.gravatar.com\/avatar\/89915563d925342126b8ef0281b93d9d7fc337043e8df017f780908eb9644451?s=96&d=mm&r=g","contentUrl":"https:\/\/secure.gravatar.com\/avatar\/89915563d925342126b8ef0281b93d9d7fc337043e8df017f780908eb9644451?s=96&d=mm&r=g","caption":"St\u00e9phane Miget"},"url":"https:\/\/batijournal.com\/index.php\/author\/stephane\/"}]}},"_links":{"self":[{"href":"https:\/\/batijournal.com\/index.php\/wp-json\/wp\/v2\/posts\/103947","targetHints":{"allow":["GET"]}}],"collection":[{"href":"https:\/\/batijournal.com\/index.php\/wp-json\/wp\/v2\/posts"}],"about":[{"href":"https:\/\/batijournal.com\/index.php\/wp-json\/wp\/v2\/types\/post"}],"author":[{"embeddable":true,"href":"https:\/\/batijournal.com\/index.php\/wp-json\/wp\/v2\/users\/17"}],"replies":[{"embeddable":true,"href":"https:\/\/batijournal.com\/index.php\/wp-json\/wp\/v2\/comments?post=103947"}],"version-history":[{"count":0,"href":"https:\/\/batijournal.com\/index.php\/wp-json\/wp\/v2\/posts\/103947\/revisions"}],"wp:featuredmedia":[{"embeddable":true,"href":"https:\/\/batijournal.com\/index.php\/wp-json\/wp\/v2\/media\/103948"}],"wp:attachment":[{"href":"https:\/\/batijournal.com\/index.php\/wp-json\/wp\/v2\/media?parent=103947"}],"wp:term":[{"taxonomy":"category","embeddable":true,"href":"https:\/\/batijournal.com\/index.php\/wp-json\/wp\/v2\/categories?post=103947"},{"taxonomy":"post_tag","embeddable":true,"href":"https:\/\/batijournal.com\/index.php\/wp-json\/wp\/v2\/tags?post=103947"}],"curies":[{"name":"wp","href":"https:\/\/api.w.org\/{rel}","templated":true}]}}