{"id":103949,"date":"2020-03-16T07:55:03","date_gmt":"2020-03-16T06:55:03","guid":{"rendered":"https:\/\/batijournal.com\/?p=103949"},"modified":"2020-03-16T08:48:41","modified_gmt":"2020-03-16T07:48:41","slug":"corona-virus-et-continuite-de-lactivite-les-negoces-ouverts-seulement-aux-professionnels","status":"publish","type":"post","link":"https:\/\/batijournal.com\/index.php\/corona-virus-et-continuite-de-lactivite-les-negoces-ouverts-seulement-aux-professionnels\/103949\/","title":{"rendered":"Coronavirus et continuit\u00e9 de l&rsquo;activit\u00e9 : les n\u00e9goces ouverts seulement aux professionnels"},"content":{"rendered":"\n<p><strong>Le gouvernement a pass\u00e9, samedi 14 mars 2020, la France au stade trois de l&rsquo;\u00e9pid\u00e9mie de coronavirus Covid-19. L\u2019arr\u00eat\u00e9 publi\u00e9 pr\u00e9voit pour les \u00e9tablissements relevant des cat\u00e9gories mentionn\u00e9es \u00e0 l\u2019article GN1 de l\u2019article du 25 juin 1980 une interdiction d\u2019accueillir du public jusqu\u2019au 15 avril 2020.<\/strong><\/p>\n\n\n\n<p>D\u00e8s l\u2019annonce de cette mesure, les F\u00e9d\u00e9rations de n\u00e9goce se sont rapproch\u00e9es du Gouvernement, cabinet du Premier Ministre, Minist\u00e8re de l\u2019Economie et Minist\u00e8re du Logement et de la coh\u00e9sion des territoires. A l\u2019issue des contacts, qu\u2019elles ont eu ensemble avec le Gouvernement, et consid\u00e9rant que l\u2019activit\u00e9 des n\u00e9gociants et distributeurs de mat\u00e9riaux est indispensable pour assurer la continuit\u00e9 de l\u2019activit\u00e9 de la construction et de la r\u00e9novation sur le territoire, une demande d\u2019interpr\u00e9tation sp\u00e9cifique \u00e0 titre exclusif et temporaire a \u00e9t\u00e9 formul\u00e9e \u00e0 l\u2019attention des pouvoirs publics.<\/p>\n\n\n\n<p>Il s\u2019agit :<\/p>\n\n\n\n<ul class=\"wp-block-list\"><li>de r\u00e9server l\u2019enl\u00e8vement et la livraison aux seuls clients professionnels disposant d\u2019un compte, d\u2019une carte ou d\u2019un num\u00e9ro attestant de leur qualit\u00e9.<\/li><li>d\u2019inciter aux commandes par t\u00e9l\u00e9phone ou mail dans le but de les pr\u00e9parer en amont et de pr\u00e9voir des cr\u00e9neaux d\u2019enl\u00e8vements en pr\u00e9voyant un filtrage pr\u00e9alable lors de l\u2019arriv\u00e9e sur le site.<\/li><li>de ne pr\u00e9voir un acc\u00e8s que restreint et limit\u00e9 aux libres-services en respectant en toutes circonstances les distances pr\u00e9vues et en pr\u00e9voyant toutes les mesures d\u2019hygi\u00e8ne prescrites, que les adh\u00e9rents peuvent retrouver dans l\u2019espace d\u00e9di\u00e9 covid19 sur le site de la F\u00e9d\u00e9ration.<\/li><li>de s\u2019assurer en cas de livraison que le chantier est apte \u00e0 recevoir les mat\u00e9riaux dans les conditions de s\u00e9curit\u00e9 et de protection requises.<\/li><\/ul>\n\n\n\n<p>Ces propositions doivent \u00eatre l\u2019objet d\u2019un texte r\u00e8glementaire qui, de mani\u00e8re tr\u00e8s provisoire, garantirait une s\u00e9curit\u00e9 essentielle \u00e0 la profession.<\/p>\n","protected":false},"excerpt":{"rendered":"<p>Le gouvernement a pass\u00e9, samedi 14 mars 2020, la France au stade trois de l&rsquo;\u00e9pid\u00e9mie de coronavirus Covid-19. L\u2019arr\u00eat\u00e9 publi\u00e9 pr\u00e9voit pour les \u00e9tablissements relevant des cat\u00e9gories mentionn\u00e9es \u00e0 l\u2019article GN1 de l\u2019article du 25 juin 1980 une interdiction d\u2019accueillir du public jusqu\u2019au 15 avril 2020. D\u00e8s l\u2019annonce de cette mesure, les F\u00e9d\u00e9rations de n\u00e9goce [&hellip;]<\/p>\n","protected":false},"author":17,"featured_media":103950,"comment_status":"closed","ping_status":"closed","sticky":false,"template":"","format":"standard","meta":{"_et_pb_use_builder":"","_et_pb_old_content":"","_et_gb_content_width":"","footnotes":""},"categories":[10530,6345,10771,10775,10789,10769,10785,10764],"tags":[8244,3586],"class_list":["post-103949","post","type-post","status-publish","format-standard","has-post-thumbnail","hentry","category-actualites","category-economie-marches","category-5facades","category-actualites-5facades","category-publications-atrium","category-publications","category-atrium","category-woodsurfer","tag-commerce","tag-negoces"],"yoast_head":"<!-- This site is optimized with the Yoast SEO plugin v27.4 - https:\/\/yoast.com\/product\/yoast-seo-wordpress\/ -->\n<title>Coronavirus et continuit\u00e9 de l&#039;activit\u00e9 : les n\u00e9goces ouverts seulement aux professionnels<\/title>\n<meta name=\"robots\" content=\"index, follow, max-snippet:-1, max-image-preview:large, max-video-preview:-1\" \/>\n<link rel=\"canonical\" href=\"https:\/\/batijournal.com\/index.php\/corona-virus-et-continuite-de-lactivite-les-negoces-ouverts-seulement-aux-professionnels\/103949\/\" \/>\n<meta property=\"og:locale\" content=\"fr_FR\" \/>\n<meta property=\"og:type\" content=\"article\" \/>\n<meta property=\"og:title\" content=\"Coronavirus et continuit\u00e9 de l&#039;activit\u00e9 : les n\u00e9goces ouverts seulement aux professionnels\" \/>\n<meta property=\"og:description\" content=\"Le gouvernement a pass\u00e9, samedi 14 mars 2020, la France au stade trois de l&rsquo;\u00e9pid\u00e9mie de coronavirus Covid-19. L\u2019arr\u00eat\u00e9 publi\u00e9 pr\u00e9voit pour les \u00e9tablissements relevant des cat\u00e9gories mentionn\u00e9es \u00e0 l\u2019article GN1 de l\u2019article du 25 juin 1980 une interdiction d\u2019accueillir du public jusqu\u2019au 15 avril 2020. D\u00e8s l\u2019annonce de cette mesure, les F\u00e9d\u00e9rations de n\u00e9goce [&hellip;]\" \/>\n<meta property=\"og:url\" content=\"https:\/\/batijournal.com\/index.php\/corona-virus-et-continuite-de-lactivite-les-negoces-ouverts-seulement-aux-professionnels\/103949\/\" \/>\n<meta property=\"og:site_name\" content=\"Batijournal\" \/>\n<meta property=\"article:published_time\" content=\"2020-03-16T06:55:03+00:00\" \/>\n<meta property=\"article:modified_time\" content=\"2020-03-16T07:48:41+00:00\" \/>\n<meta property=\"og:image\" content=\"https:\/\/batijournal.com\/wp-content\/uploads\/2020\/03\/peinture-couleur-negoce.jpg\" \/>\n\t<meta property=\"og:image:width\" content=\"1200\" \/>\n\t<meta property=\"og:image:height\" content=\"571\" \/>\n\t<meta property=\"og:image:type\" content=\"image\/jpeg\" \/>\n<meta name=\"author\" content=\"St\u00e9phane Miget\" \/>\n<meta name=\"twitter:card\" content=\"summary_large_image\" \/>\n<meta name=\"twitter:creator\" content=\"@bati_journal\" \/>\n<meta name=\"twitter:site\" content=\"@bati_journal\" \/>\n<meta name=\"twitter:label1\" content=\"\u00c9crit par\" \/>\n\t<meta name=\"twitter:data1\" content=\"St\u00e9phane Miget\" \/>\n\t<meta name=\"twitter:label2\" content=\"Dur\u00e9e de lecture estim\u00e9e\" \/>\n\t<meta name=\"twitter:data2\" content=\"2 minutes\" \/>\n<script type=\"application\/ld+json\" class=\"yoast-schema-graph\">{\"@context\":\"https:\\\/\\\/schema.org\",\"@graph\":[{\"@type\":\"Article\",\"@id\":\"https:\\\/\\\/batijournal.com\\\/index.php\\\/corona-virus-et-continuite-de-lactivite-les-negoces-ouverts-seulement-aux-professionnels\\\/103949\\\/#article\",\"isPartOf\":{\"@id\":\"https:\\\/\\\/batijournal.com\\\/index.php\\\/corona-virus-et-continuite-de-lactivite-les-negoces-ouverts-seulement-aux-professionnels\\\/103949\\\/\"},\"author\":{\"name\":\"St\u00e9phane Miget\",\"@id\":\"https:\\\/\\\/batijournal.com\\\/#\\\/schema\\\/person\\\/1dc96ec6957aa1ccb25ebe78bb19f100\"},\"headline\":\"Coronavirus et continuit\u00e9 de l&rsquo;activit\u00e9 : les n\u00e9goces ouverts seulement aux professionnels\",\"datePublished\":\"2020-03-16T06:55:03+00:00\",\"dateModified\":\"2020-03-16T07:48:41+00:00\",\"mainEntityOfPage\":{\"@id\":\"https:\\\/\\\/batijournal.com\\\/index.php\\\/corona-virus-et-continuite-de-lactivite-les-negoces-ouverts-seulement-aux-professionnels\\\/103949\\\/\"},\"wordCount\":351,\"image\":{\"@id\":\"https:\\\/\\\/batijournal.com\\\/index.php\\\/corona-virus-et-continuite-de-lactivite-les-negoces-ouverts-seulement-aux-professionnels\\\/103949\\\/#primaryimage\"},\"thumbnailUrl\":\"https:\\\/\\\/batijournal.com\\\/wp-content\\\/uploads\\\/2020\\\/03\\\/peinture-couleur-negoce.jpg\",\"keywords\":[\"commerce\",\"n\u00e9goces\"],\"articleSection\":[\"Actualit\u00e9s\",\"\u00c9conomie &amp; March\u00e9s\",\"zz_5fa\u00e7ades\",\"zz_Actualit\u00e9s - 5fa\u00e7ades\",\"zz_Actualit\u00e9s - Atrium\",\"zz_Actualit\u00e9s - Woodsurfer\",\"zz_Atrium Patrimoine\",\"zz_Woodsurfer\"],\"inLanguage\":\"fr-FR\"},{\"@type\":\"WebPage\",\"@id\":\"https:\\\/\\\/batijournal.com\\\/index.php\\\/corona-virus-et-continuite-de-lactivite-les-negoces-ouverts-seulement-aux-professionnels\\\/103949\\\/\",\"url\":\"https:\\\/\\\/batijournal.com\\\/index.php\\\/corona-virus-et-continuite-de-lactivite-les-negoces-ouverts-seulement-aux-professionnels\\\/103949\\\/\",\"name\":\"Coronavirus et continuit\u00e9 de l'activit\u00e9 : les n\u00e9goces ouverts seulement aux professionnels\",\"isPartOf\":{\"@id\":\"https:\\\/\\\/batijournal.com\\\/#website\"},\"primaryImageOfPage\":{\"@id\":\"https:\\\/\\\/batijournal.com\\\/index.php\\\/corona-virus-et-continuite-de-lactivite-les-negoces-ouverts-seulement-aux-professionnels\\\/103949\\\/#primaryimage\"},\"image\":{\"@id\":\"https:\\\/\\\/batijournal.com\\\/index.php\\\/corona-virus-et-continuite-de-lactivite-les-negoces-ouverts-seulement-aux-professionnels\\\/103949\\\/#primaryimage\"},\"thumbnailUrl\":\"https:\\\/\\\/batijournal.com\\\/wp-content\\\/uploads\\\/2020\\\/03\\\/peinture-couleur-negoce.jpg\",\"datePublished\":\"2020-03-16T06:55:03+00:00\",\"dateModified\":\"2020-03-16T07:48:41+00:00\",\"author\":{\"@id\":\"https:\\\/\\\/batijournal.com\\\/#\\\/schema\\\/person\\\/1dc96ec6957aa1ccb25ebe78bb19f100\"},\"breadcrumb\":{\"@id\":\"https:\\\/\\\/batijournal.com\\\/index.php\\\/corona-virus-et-continuite-de-lactivite-les-negoces-ouverts-seulement-aux-professionnels\\\/103949\\\/#breadcrumb\"},\"inLanguage\":\"fr-FR\",\"potentialAction\":[{\"@type\":\"ReadAction\",\"target\":[\"https:\\\/\\\/batijournal.com\\\/index.php\\\/corona-virus-et-continuite-de-lactivite-les-negoces-ouverts-seulement-aux-professionnels\\\/103949\\\/\"]}]},{\"@type\":\"ImageObject\",\"inLanguage\":\"fr-FR\",\"@id\":\"https:\\\/\\\/batijournal.com\\\/index.php\\\/corona-virus-et-continuite-de-lactivite-les-negoces-ouverts-seulement-aux-professionnels\\\/103949\\\/#primaryimage\",\"url\":\"https:\\\/\\\/batijournal.com\\\/wp-content\\\/uploads\\\/2020\\\/03\\\/peinture-couleur-negoce.jpg\",\"contentUrl\":\"https:\\\/\\\/batijournal.com\\\/wp-content\\\/uploads\\\/2020\\\/03\\\/peinture-couleur-negoce.jpg\",\"width\":1200,\"height\":571},{\"@type\":\"BreadcrumbList\",\"@id\":\"https:\\\/\\\/batijournal.com\\\/index.php\\\/corona-virus-et-continuite-de-lactivite-les-negoces-ouverts-seulement-aux-professionnels\\\/103949\\\/#breadcrumb\",\"itemListElement\":[{\"@type\":\"ListItem\",\"position\":1,\"name\":\"Accueil\",\"item\":\"https:\\\/\\\/batijournal.com\\\/\"},{\"@type\":\"ListItem\",\"position\":2,\"name\":\"Actualit\u00e9s\",\"item\":\"https:\\\/\\\/batijournal.com\\\/index.php\\\/category\\\/actualites\\\/\"},{\"@type\":\"ListItem\",\"position\":3,\"name\":\"Coronavirus et continuit\u00e9 de l&rsquo;activit\u00e9 : les n\u00e9goces ouverts seulement aux professionnels\"}]},{\"@type\":\"WebSite\",\"@id\":\"https:\\\/\\\/batijournal.com\\\/#website\",\"url\":\"https:\\\/\\\/batijournal.com\\\/\",\"name\":\"Batijournal\",\"description\":\"L&#039;actualit\u00e9 du b\u00e2timent\",\"potentialAction\":[{\"@type\":\"SearchAction\",\"target\":{\"@type\":\"EntryPoint\",\"urlTemplate\":\"https:\\\/\\\/batijournal.com\\\/?s={search_term_string}\"},\"query-input\":{\"@type\":\"PropertyValueSpecification\",\"valueRequired\":true,\"valueName\":\"search_term_string\"}}],\"inLanguage\":\"fr-FR\"},{\"@type\":\"Person\",\"@id\":\"https:\\\/\\\/batijournal.com\\\/#\\\/schema\\\/person\\\/1dc96ec6957aa1ccb25ebe78bb19f100\",\"name\":\"St\u00e9phane Miget\",\"image\":{\"@type\":\"ImageObject\",\"inLanguage\":\"fr-FR\",\"@id\":\"https:\\\/\\\/secure.gravatar.com\\\/avatar\\\/89915563d925342126b8ef0281b93d9d7fc337043e8df017f780908eb9644451?s=96&d=mm&r=g\",\"url\":\"https:\\\/\\\/secure.gravatar.com\\\/avatar\\\/89915563d925342126b8ef0281b93d9d7fc337043e8df017f780908eb9644451?s=96&d=mm&r=g\",\"contentUrl\":\"https:\\\/\\\/secure.gravatar.com\\\/avatar\\\/89915563d925342126b8ef0281b93d9d7fc337043e8df017f780908eb9644451?s=96&d=mm&r=g\",\"caption\":\"St\u00e9phane Miget\"},\"url\":\"https:\\\/\\\/batijournal.com\\\/index.php\\\/author\\\/stephane\\\/\"}]}<\/script>\n<!-- \/ Yoast SEO plugin. -->","yoast_head_json":{"title":"Coronavirus et continuit\u00e9 de l'activit\u00e9 : les n\u00e9goces ouverts seulement aux professionnels","robots":{"index":"index","follow":"follow","max-snippet":"max-snippet:-1","max-image-preview":"max-image-preview:large","max-video-preview":"max-video-preview:-1"},"canonical":"https:\/\/batijournal.com\/index.php\/corona-virus-et-continuite-de-lactivite-les-negoces-ouverts-seulement-aux-professionnels\/103949\/","og_locale":"fr_FR","og_type":"article","og_title":"Coronavirus et continuit\u00e9 de l'activit\u00e9 : les n\u00e9goces ouverts seulement aux professionnels","og_description":"Le gouvernement a pass\u00e9, samedi 14 mars 2020, la France au stade trois de l&rsquo;\u00e9pid\u00e9mie de coronavirus Covid-19. L\u2019arr\u00eat\u00e9 publi\u00e9 pr\u00e9voit pour les \u00e9tablissements relevant des cat\u00e9gories mentionn\u00e9es \u00e0 l\u2019article GN1 de l\u2019article du 25 juin 1980 une interdiction d\u2019accueillir du public jusqu\u2019au 15 avril 2020. D\u00e8s l\u2019annonce de cette mesure, les F\u00e9d\u00e9rations de n\u00e9goce [&hellip;]","og_url":"https:\/\/batijournal.com\/index.php\/corona-virus-et-continuite-de-lactivite-les-negoces-ouverts-seulement-aux-professionnels\/103949\/","og_site_name":"Batijournal","article_published_time":"2020-03-16T06:55:03+00:00","article_modified_time":"2020-03-16T07:48:41+00:00","og_image":[{"width":1200,"height":571,"url":"https:\/\/batijournal.com\/wp-content\/uploads\/2020\/03\/peinture-couleur-negoce.jpg","type":"image\/jpeg"}],"author":"St\u00e9phane Miget","twitter_card":"summary_large_image","twitter_creator":"@bati_journal","twitter_site":"@bati_journal","twitter_misc":{"\u00c9crit par":"St\u00e9phane Miget","Dur\u00e9e de lecture estim\u00e9e":"2 minutes"},"schema":{"@context":"https:\/\/schema.org","@graph":[{"@type":"Article","@id":"https:\/\/batijournal.com\/index.php\/corona-virus-et-continuite-de-lactivite-les-negoces-ouverts-seulement-aux-professionnels\/103949\/#article","isPartOf":{"@id":"https:\/\/batijournal.com\/index.php\/corona-virus-et-continuite-de-lactivite-les-negoces-ouverts-seulement-aux-professionnels\/103949\/"},"author":{"name":"St\u00e9phane Miget","@id":"https:\/\/batijournal.com\/#\/schema\/person\/1dc96ec6957aa1ccb25ebe78bb19f100"},"headline":"Coronavirus et continuit\u00e9 de l&rsquo;activit\u00e9 : les n\u00e9goces ouverts seulement aux professionnels","datePublished":"2020-03-16T06:55:03+00:00","dateModified":"2020-03-16T07:48:41+00:00","mainEntityOfPage":{"@id":"https:\/\/batijournal.com\/index.php\/corona-virus-et-continuite-de-lactivite-les-negoces-ouverts-seulement-aux-professionnels\/103949\/"},"wordCount":351,"image":{"@id":"https:\/\/batijournal.com\/index.php\/corona-virus-et-continuite-de-lactivite-les-negoces-ouverts-seulement-aux-professionnels\/103949\/#primaryimage"},"thumbnailUrl":"https:\/\/batijournal.com\/wp-content\/uploads\/2020\/03\/peinture-couleur-negoce.jpg","keywords":["commerce","n\u00e9goces"],"articleSection":["Actualit\u00e9s","\u00c9conomie &amp; March\u00e9s","zz_5fa\u00e7ades","zz_Actualit\u00e9s - 5fa\u00e7ades","zz_Actualit\u00e9s - Atrium","zz_Actualit\u00e9s - Woodsurfer","zz_Atrium Patrimoine","zz_Woodsurfer"],"inLanguage":"fr-FR"},{"@type":"WebPage","@id":"https:\/\/batijournal.com\/index.php\/corona-virus-et-continuite-de-lactivite-les-negoces-ouverts-seulement-aux-professionnels\/103949\/","url":"https:\/\/batijournal.com\/index.php\/corona-virus-et-continuite-de-lactivite-les-negoces-ouverts-seulement-aux-professionnels\/103949\/","name":"Coronavirus et continuit\u00e9 de l'activit\u00e9 : les n\u00e9goces ouverts seulement aux professionnels","isPartOf":{"@id":"https:\/\/batijournal.com\/#website"},"primaryImageOfPage":{"@id":"https:\/\/batijournal.com\/index.php\/corona-virus-et-continuite-de-lactivite-les-negoces-ouverts-seulement-aux-professionnels\/103949\/#primaryimage"},"image":{"@id":"https:\/\/batijournal.com\/index.php\/corona-virus-et-continuite-de-lactivite-les-negoces-ouverts-seulement-aux-professionnels\/103949\/#primaryimage"},"thumbnailUrl":"https:\/\/batijournal.com\/wp-content\/uploads\/2020\/03\/peinture-couleur-negoce.jpg","datePublished":"2020-03-16T06:55:03+00:00","dateModified":"2020-03-16T07:48:41+00:00","author":{"@id":"https:\/\/batijournal.com\/#\/schema\/person\/1dc96ec6957aa1ccb25ebe78bb19f100"},"breadcrumb":{"@id":"https:\/\/batijournal.com\/index.php\/corona-virus-et-continuite-de-lactivite-les-negoces-ouverts-seulement-aux-professionnels\/103949\/#breadcrumb"},"inLanguage":"fr-FR","potentialAction":[{"@type":"ReadAction","target":["https:\/\/batijournal.com\/index.php\/corona-virus-et-continuite-de-lactivite-les-negoces-ouverts-seulement-aux-professionnels\/103949\/"]}]},{"@type":"ImageObject","inLanguage":"fr-FR","@id":"https:\/\/batijournal.com\/index.php\/corona-virus-et-continuite-de-lactivite-les-negoces-ouverts-seulement-aux-professionnels\/103949\/#primaryimage","url":"https:\/\/batijournal.com\/wp-content\/uploads\/2020\/03\/peinture-couleur-negoce.jpg","contentUrl":"https:\/\/batijournal.com\/wp-content\/uploads\/2020\/03\/peinture-couleur-negoce.jpg","width":1200,"height":571},{"@type":"BreadcrumbList","@id":"https:\/\/batijournal.com\/index.php\/corona-virus-et-continuite-de-lactivite-les-negoces-ouverts-seulement-aux-professionnels\/103949\/#breadcrumb","itemListElement":[{"@type":"ListItem","position":1,"name":"Accueil","item":"https:\/\/batijournal.com\/"},{"@type":"ListItem","position":2,"name":"Actualit\u00e9s","item":"https:\/\/batijournal.com\/index.php\/category\/actualites\/"},{"@type":"ListItem","position":3,"name":"Coronavirus et continuit\u00e9 de l&rsquo;activit\u00e9 : les n\u00e9goces ouverts seulement aux professionnels"}]},{"@type":"WebSite","@id":"https:\/\/batijournal.com\/#website","url":"https:\/\/batijournal.com\/","name":"Batijournal","description":"L&#039;actualit\u00e9 du b\u00e2timent","potentialAction":[{"@type":"SearchAction","target":{"@type":"EntryPoint","urlTemplate":"https:\/\/batijournal.com\/?s={search_term_string}"},"query-input":{"@type":"PropertyValueSpecification","valueRequired":true,"valueName":"search_term_string"}}],"inLanguage":"fr-FR"},{"@type":"Person","@id":"https:\/\/batijournal.com\/#\/schema\/person\/1dc96ec6957aa1ccb25ebe78bb19f100","name":"St\u00e9phane Miget","image":{"@type":"ImageObject","inLanguage":"fr-FR","@id":"https:\/\/secure.gravatar.com\/avatar\/89915563d925342126b8ef0281b93d9d7fc337043e8df017f780908eb9644451?s=96&d=mm&r=g","url":"https:\/\/secure.gravatar.com\/avatar\/89915563d925342126b8ef0281b93d9d7fc337043e8df017f780908eb9644451?s=96&d=mm&r=g","contentUrl":"https:\/\/secure.gravatar.com\/avatar\/89915563d925342126b8ef0281b93d9d7fc337043e8df017f780908eb9644451?s=96&d=mm&r=g","caption":"St\u00e9phane Miget"},"url":"https:\/\/batijournal.com\/index.php\/author\/stephane\/"}]}},"_links":{"self":[{"href":"https:\/\/batijournal.com\/index.php\/wp-json\/wp\/v2\/posts\/103949","targetHints":{"allow":["GET"]}}],"collection":[{"href":"https:\/\/batijournal.com\/index.php\/wp-json\/wp\/v2\/posts"}],"about":[{"href":"https:\/\/batijournal.com\/index.php\/wp-json\/wp\/v2\/types\/post"}],"author":[{"embeddable":true,"href":"https:\/\/batijournal.com\/index.php\/wp-json\/wp\/v2\/users\/17"}],"replies":[{"embeddable":true,"href":"https:\/\/batijournal.com\/index.php\/wp-json\/wp\/v2\/comments?post=103949"}],"version-history":[{"count":0,"href":"https:\/\/batijournal.com\/index.php\/wp-json\/wp\/v2\/posts\/103949\/revisions"}],"wp:featuredmedia":[{"embeddable":true,"href":"https:\/\/batijournal.com\/index.php\/wp-json\/wp\/v2\/media\/103950"}],"wp:attachment":[{"href":"https:\/\/batijournal.com\/index.php\/wp-json\/wp\/v2\/media?parent=103949"}],"wp:term":[{"taxonomy":"category","embeddable":true,"href":"https:\/\/batijournal.com\/index.php\/wp-json\/wp\/v2\/categories?post=103949"},{"taxonomy":"post_tag","embeddable":true,"href":"https:\/\/batijournal.com\/index.php\/wp-json\/wp\/v2\/tags?post=103949"}],"curies":[{"name":"wp","href":"https:\/\/api.w.org\/{rel}","templated":true}]}}